{"id":81071,"date":"2026-08-25T19:25:41","date_gmt":"2026-08-26T01:25:41","guid":{"rendered":"https:\/\/www.bbmnoticias.com\/labravaradiofm\/2026\/08\/25\/explota-polvorin-en-tultepec-se-registra-inmensa-columna-de-humo\/"},"modified":"2026-08-25T19:25:45","modified_gmt":"2026-08-26T01:25:45","slug":"explota-polvorin-en-tultepec-se-registra-inmensa-columna-de-humo","status":"publish","type":"post","link":"https:\/\/www.bbmnoticias.com\/labravaradiofm\/2026\/08\/25\/explota-polvorin-en-tultepec-se-registra-inmensa-columna-de-humo\/","title":{"rendered":"Explota polvor\u00edn en Tultepec: se registra inmensa columna de humo"},"content":{"rendered":"\n<p class=\"wp-block-paragraph\">En el <strong>municipio<\/strong> de <strong>Tultepec<\/strong>, <strong>Estado<\/strong> <strong>de<\/strong> <strong>M\u00e9xico<\/strong>, se registr\u00f3 una <strong>fuerte<\/strong> <strong>explosi\u00f3n<\/strong> de <strong>un<\/strong> <strong>taller<\/strong> de <strong>pirotecnia<\/strong> en el barrio de la Saucera, la tarde de este <strong>martes<\/strong> <strong>25<\/strong> <strong>de<\/strong> <strong>agosto<\/strong> <strong>de<\/strong> <strong>2026<\/strong>.<\/p>\n\n\n\n<p class=\"wp-block-paragraph\">En las <strong>im\u00e1genes<\/strong> <strong>difundidas<\/strong> a trav\u00e9s de <strong>redes<\/strong> <strong>sociales<\/strong>, se muestra un estallido acompa\u00f1ado de <strong>pirotecnia<\/strong> y una enorme columna de humo que se <strong>esparce<\/strong> por los cielos de Tultepec.<\/p>\n\n\n\n<p class=\"wp-block-paragraph\">Hasta el momento, se <strong>desconoce si hay personas afectadas<\/strong>. Sin embargo, los hechos habr\u00edan sido registrados alrededor de las <strong>17:20 horas (hora local)<\/strong>.<\/p>\n\n\n\n<p class=\"wp-block-paragraph\"><strong>Elementos de Seguridad P\u00fablica, Bomberos y Protecci\u00f3n Civil <\/strong>fueron trasladados a la zona para atender el incendio y llevar a cabo una revisi\u00f3n en el \u00e1rea donde ocurri\u00f3 la explosi\u00f3n.<\/p>\n\n\n\n<p class=\"wp-block-paragraph\">Adem\u00e1s, la columna de humo y el estruendo, pudieron visualizarse desde diferentes zonas aleda\u00f1as, una de ellas, desde el&nbsp;<strong>Circuito Exterior Mexiquense<\/strong>.<\/p>\n","protected":false},"excerpt":{"rendered":"<p>En el municipio de Tultepec, Estado de M\u00e9xico, se registr\u00f3 una fuerte explosi\u00f3n de un taller de pirotecnia en el barrio de la Saucera, la tarde de este martes 25 de agosto de 2026. En las im\u00e1genes difundidas a trav\u00e9s de redes sociales, se muestra un estallido acompa\u00f1ado de pirotecnia y una enorme columna de [&hellip;]<\/p>\n","protected":false},"author":15,"featured_media":81073,"comment_status":"closed","ping_status":"open","sticky":false,"template":"","format":"standard","meta":{"footnotes":""},"categories":[2,19],"tags":[],"class_list":["post-81071","post","type-post","status-publish","format-standard","has-post-thumbnail","hentry","category-oaxaca","category-nacional"],"yoast_head":"<!-- This site is optimized with the Yoast SEO plugin v28.1 - https:\/\/yoast.com\/product\/yoast-seo-wordpress\/ -->\n<title>Explota polvor\u00edn en Tultepec: se registra inmensa columna de humo - LA BRAVA RADIO<\/title>\n<meta name=\"robots\" content=\"index, follow, max-snippet:-1, max-image-preview:large, max-video-preview:-1\" \/>\n<link rel=\"canonical\" href=\"https:\/\/www.bbmnoticias.com\/explota-polvorin-en-tultepec-se-registra-inmensa-columna-de-humo\/\" \/>\n<meta property=\"og:locale\" content=\"es_MX\" \/>\n<meta property=\"og:type\" content=\"article\" \/>\n<meta property=\"og:title\" content=\"Explota polvor\u00edn en Tultepec: se registra inmensa columna de humo - LA BRAVA RADIO\" \/>\n<meta property=\"og:description\" content=\"En el municipio de Tultepec, Estado de M\u00e9xico, se registr\u00f3 una fuerte explosi\u00f3n de un taller de pirotecnia en el barrio de la Saucera, la tarde de este martes 25 de agosto de 2026. En las im\u00e1genes difundidas a trav\u00e9s de redes sociales, se muestra un estallido acompa\u00f1ado de pirotecnia y una enorme columna de [&hellip;]\" \/>\n<meta property=\"og:url\" content=\"https:\/\/www.bbmnoticias.com\/explota-polvorin-en-tultepec-se-registra-inmensa-columna-de-humo\/\" \/>\n<meta property=\"og:site_name\" content=\"LA BRAVA RADIO\" \/>\n<meta property=\"article:published_time\" content=\"2026-08-26T01:25:41+00:00\" \/>\n<meta property=\"article:modified_time\" content=\"2026-08-26T01:25:45+00:00\" \/>\n<meta property=\"og:image\" content=\"https:\/\/www.bbmnoticias.com\/labravaradiofm\/wp-content\/uploads\/sites\/5\/2026\/08\/HQnFT54WQAAkiJf.jpg\" \/>\n\t<meta property=\"og:image:width\" content=\"826\" \/>\n\t<meta property=\"og:image:height\" content=\"666\" \/>\n\t<meta property=\"og:image:type\" content=\"image\/jpeg\" \/>\n<meta name=\"author\" content=\"El Heraldo\" \/>\n<meta name=\"twitter:card\" content=\"summary_large_image\" \/>\n<meta name=\"twitter:label1\" content=\"Escrito por\" \/>\n\t<meta name=\"twitter:data1\" content=\"El Heraldo\" \/>\n\t<meta name=\"twitter:label2\" content=\"Tiempo de lectura\" \/>\n\t<meta name=\"twitter:data2\" content=\"1 minuto\" \/>\n<script type=\"application\/ld+json\" class=\"yoast-schema-graph\">{\"@context\":\"https:\\\/\\\/schema.org\",\"@graph\":[{\"@type\":\"Article\",\"@id\":\"https:\\\/\\\/www.bbmnoticias.com\\\/explota-polvorin-en-tultepec-se-registra-inmensa-columna-de-humo\\\/#article\",\"isPartOf\":{\"@id\":\"https:\\\/\\\/www.bbmnoticias.com\\\/labravaradiofm\\\/2026\\\/08\\\/25\\\/explota-polvorin-en-tultepec-se-registra-inmensa-columna-de-humo\\\/\"},\"author\":{\"name\":\"El Heraldo\",\"@id\":\"https:\\\/\\\/www.bbmnoticias.com\\\/labravaradiofm\\\/#\\\/schema\\\/person\\\/32f1fc7382033a43789e6a250ee81243\"},\"headline\":\"Explota polvor\u00edn en Tultepec: se registra inmensa columna de humo\",\"datePublished\":\"2026-08-26T01:25:41+00:00\",\"dateModified\":\"2026-08-26T01:25:45+00:00\",\"mainEntityOfPage\":{\"@id\":\"https:\\\/\\\/www.bbmnoticias.com\\\/labravaradiofm\\\/2026\\\/08\\\/25\\\/explota-polvorin-en-tultepec-se-registra-inmensa-columna-de-humo\\\/\"},\"wordCount\":160,\"image\":{\"@id\":\"https:\\\/\\\/www.bbmnoticias.com\\\/explota-polvorin-en-tultepec-se-registra-inmensa-columna-de-humo\\\/#primaryimage\"},\"thumbnailUrl\":\"https:\\\/\\\/www.bbmnoticias.com\\\/labravaradiofm\\\/wp-content\\\/uploads\\\/sites\\\/5\\\/2026\\\/08\\\/HQnFT54WQAAkiJf.jpg\",\"articleSection\":[\"LOCAL\",\"NACIONAL\"],\"inLanguage\":\"es\"},{\"@type\":\"WebPage\",\"@id\":\"https:\\\/\\\/www.bbmnoticias.com\\\/labravaradiofm\\\/2026\\\/08\\\/25\\\/explota-polvorin-en-tultepec-se-registra-inmensa-columna-de-humo\\\/\",\"url\":\"https:\\\/\\\/www.bbmnoticias.com\\\/explota-polvorin-en-tultepec-se-registra-inmensa-columna-de-humo\\\/\",\"name\":\"Explota polvor\u00edn en Tultepec: se registra inmensa columna de humo - LA BRAVA RADIO\",\"isPartOf\":{\"@id\":\"https:\\\/\\\/www.bbmnoticias.com\\\/labravaradiofm\\\/#website\"},\"primaryImageOfPage\":{\"@id\":\"https:\\\/\\\/www.bbmnoticias.com\\\/explota-polvorin-en-tultepec-se-registra-inmensa-columna-de-humo\\\/#primaryimage\"},\"image\":{\"@id\":\"https:\\\/\\\/www.bbmnoticias.com\\\/explota-polvorin-en-tultepec-se-registra-inmensa-columna-de-humo\\\/#primaryimage\"},\"thumbnailUrl\":\"https:\\\/\\\/www.bbmnoticias.com\\\/labravaradiofm\\\/wp-content\\\/uploads\\\/sites\\\/5\\\/2026\\\/08\\\/HQnFT54WQAAkiJf.jpg\",\"datePublished\":\"2026-08-26T01:25:41+00:00\",\"dateModified\":\"2026-08-26T01:25:45+00:00\",\"author\":{\"@id\":\"https:\\\/\\\/www.bbmnoticias.com\\\/labravaradiofm\\\/#\\\/schema\\\/person\\\/32f1fc7382033a43789e6a250ee81243\"},\"breadcrumb\":{\"@id\":\"https:\\\/\\\/www.bbmnoticias.com\\\/explota-polvorin-en-tultepec-se-registra-inmensa-columna-de-humo\\\/#breadcrumb\"},\"inLanguage\":\"es\",\"potentialAction\":[{\"@type\":\"ReadAction\",\"target\":[\"https:\\\/\\\/www.bbmnoticias.com\\\/explota-polvorin-en-tultepec-se-registra-inmensa-columna-de-humo\\\/\"]}]},{\"@type\":\"ImageObject\",\"inLanguage\":\"es\",\"@id\":\"https:\\\/\\\/www.bbmnoticias.com\\\/explota-polvorin-en-tultepec-se-registra-inmensa-columna-de-humo\\\/#primaryimage\",\"url\":\"https:\\\/\\\/www.bbmnoticias.com\\\/labravaradiofm\\\/wp-content\\\/uploads\\\/sites\\\/5\\\/2026\\\/08\\\/HQnFT54WQAAkiJf.jpg\",\"contentUrl\":\"https:\\\/\\\/www.bbmnoticias.com\\\/labravaradiofm\\\/wp-content\\\/uploads\\\/sites\\\/5\\\/2026\\\/08\\\/HQnFT54WQAAkiJf.jpg\",\"width\":826,\"height\":666},{\"@type\":\"BreadcrumbList\",\"@id\":\"https:\\\/\\\/www.bbmnoticias.com\\\/explota-polvorin-en-tultepec-se-registra-inmensa-columna-de-humo\\\/#breadcrumb\",\"itemListElement\":[{\"@type\":\"ListItem\",\"position\":1,\"name\":\"Inicio\",\"item\":\"https:\\\/\\\/www.bbmnoticias.com\\\/labravaradiofm\\\/\"},{\"@type\":\"ListItem\",\"position\":2,\"name\":\"Explota polvor\u00edn en Tultepec: se registra inmensa columna de humo\"}]},{\"@type\":\"WebSite\",\"@id\":\"https:\\\/\\\/www.bbmnoticias.com\\\/labravaradiofm\\\/#website\",\"url\":\"https:\\\/\\\/www.bbmnoticias.com\\\/labravaradiofm\\\/\",\"name\":\"LA BRAVA RADIO\",\"description\":\"Empresa productora de medios, Radiodifusi\u00f3n, Noticias, tendencias y todo lo que necesitas saber de la pol\u00edtica mexicana e internacional; entretenimiento, espect\u00e1culos, salud y mucho m\u00e1s.\",\"potentialAction\":[{\"@type\":\"SearchAction\",\"target\":{\"@type\":\"EntryPoint\",\"urlTemplate\":\"https:\\\/\\\/www.bbmnoticias.com\\\/labravaradiofm\\\/?s={search_term_string}\"},\"query-input\":{\"@type\":\"PropertyValueSpecification\",\"valueRequired\":true,\"valueName\":\"search_term_string\"}}],\"inLanguage\":\"es\"},{\"@type\":\"Person\",\"@id\":\"https:\\\/\\\/www.bbmnoticias.com\\\/labravaradiofm\\\/#\\\/schema\\\/person\\\/32f1fc7382033a43789e6a250ee81243\",\"name\":\"El Heraldo\",\"image\":{\"@type\":\"ImageObject\",\"inLanguage\":\"es\",\"@id\":\"https:\\\/\\\/secure.gravatar.com\\\/avatar\\\/463017be041288b5a196814ef7242bd62699b857f306e4b5b61b533e8a87f404?s=96&d=mm&r=g\",\"url\":\"https:\\\/\\\/secure.gravatar.com\\\/avatar\\\/463017be041288b5a196814ef7242bd62699b857f306e4b5b61b533e8a87f404?s=96&d=mm&r=g\",\"contentUrl\":\"https:\\\/\\\/secure.gravatar.com\\\/avatar\\\/463017be041288b5a196814ef7242bd62699b857f306e4b5b61b533e8a87f404?s=96&d=mm&r=g\",\"caption\":\"El Heraldo\"},\"url\":\"https:\\\/\\\/www.bbmnoticias.com\\\/labravaradiofm\\\/author\\\/heraldo\\\/\"}]}<\/script>\n<!-- \/ Yoast SEO plugin. -->","yoast_head_json":{"title":"Explota polvor\u00edn en Tultepec: se registra inmensa columna de humo - LA BRAVA RADIO","robots":{"index":"index","follow":"follow","max-snippet":"max-snippet:-1","max-image-preview":"max-image-preview:large","max-video-preview":"max-video-preview:-1"},"canonical":"https:\/\/www.bbmnoticias.com\/explota-polvorin-en-tultepec-se-registra-inmensa-columna-de-humo\/","og_locale":"es_MX","og_type":"article","og_title":"Explota polvor\u00edn en Tultepec: se registra inmensa columna de humo - LA BRAVA RADIO","og_description":"En el municipio de Tultepec, Estado de M\u00e9xico, se registr\u00f3 una fuerte explosi\u00f3n de un taller de pirotecnia en el barrio de la Saucera, la tarde de este martes 25 de agosto de 2026. En las im\u00e1genes difundidas a trav\u00e9s de redes sociales, se muestra un estallido acompa\u00f1ado de pirotecnia y una enorme columna de [&hellip;]","og_url":"https:\/\/www.bbmnoticias.com\/explota-polvorin-en-tultepec-se-registra-inmensa-columna-de-humo\/","og_site_name":"LA BRAVA RADIO","article_published_time":"2026-08-26T01:25:41+00:00","article_modified_time":"2026-08-26T01:25:45+00:00","og_image":[{"width":826,"height":666,"url":"https:\/\/www.bbmnoticias.com\/labravaradiofm\/wp-content\/uploads\/sites\/5\/2026\/08\/HQnFT54WQAAkiJf.jpg","type":"image\/jpeg"}],"author":"El Heraldo","twitter_card":"summary_large_image","twitter_misc":{"Escrito por":"El Heraldo","Tiempo de lectura":"1 minuto"},"schema":{"@context":"https:\/\/schema.org","@graph":[{"@type":"Article","@id":"https:\/\/www.bbmnoticias.com\/explota-polvorin-en-tultepec-se-registra-inmensa-columna-de-humo\/#article","isPartOf":{"@id":"https:\/\/www.bbmnoticias.com\/labravaradiofm\/2026\/08\/25\/explota-polvorin-en-tultepec-se-registra-inmensa-columna-de-humo\/"},"author":{"name":"El Heraldo","@id":"https:\/\/www.bbmnoticias.com\/labravaradiofm\/#\/schema\/person\/32f1fc7382033a43789e6a250ee81243"},"headline":"Explota polvor\u00edn en Tultepec: se registra inmensa columna de humo","datePublished":"2026-08-26T01:25:41+00:00","dateModified":"2026-08-26T01:25:45+00:00","mainEntityOfPage":{"@id":"https:\/\/www.bbmnoticias.com\/labravaradiofm\/2026\/08\/25\/explota-polvorin-en-tultepec-se-registra-inmensa-columna-de-humo\/"},"wordCount":160,"image":{"@id":"https:\/\/www.bbmnoticias.com\/explota-polvorin-en-tultepec-se-registra-inmensa-columna-de-humo\/#primaryimage"},"thumbnailUrl":"https:\/\/www.bbmnoticias.com\/labravaradiofm\/wp-content\/uploads\/sites\/5\/2026\/08\/HQnFT54WQAAkiJf.jpg","articleSection":["LOCAL","NACIONAL"],"inLanguage":"es"},{"@type":"WebPage","@id":"https:\/\/www.bbmnoticias.com\/labravaradiofm\/2026\/08\/25\/explota-polvorin-en-tultepec-se-registra-inmensa-columna-de-humo\/","url":"https:\/\/www.bbmnoticias.com\/explota-polvorin-en-tultepec-se-registra-inmensa-columna-de-humo\/","name":"Explota polvor\u00edn en Tultepec: se registra inmensa columna de humo - LA BRAVA RADIO","isPartOf":{"@id":"https:\/\/www.bbmnoticias.com\/labravaradiofm\/#website"},"primaryImageOfPage":{"@id":"https:\/\/www.bbmnoticias.com\/explota-polvorin-en-tultepec-se-registra-inmensa-columna-de-humo\/#primaryimage"},"image":{"@id":"https:\/\/www.bbmnoticias.com\/explota-polvorin-en-tultepec-se-registra-inmensa-columna-de-humo\/#primaryimage"},"thumbnailUrl":"https:\/\/www.bbmnoticias.com\/labravaradiofm\/wp-content\/uploads\/sites\/5\/2026\/08\/HQnFT54WQAAkiJf.jpg","datePublished":"2026-08-26T01:25:41+00:00","dateModified":"2026-08-26T01:25:45+00:00","author":{"@id":"https:\/\/www.bbmnoticias.com\/labravaradiofm\/#\/schema\/person\/32f1fc7382033a43789e6a250ee81243"},"breadcrumb":{"@id":"https:\/\/www.bbmnoticias.com\/explota-polvorin-en-tultepec-se-registra-inmensa-columna-de-humo\/#breadcrumb"},"inLanguage":"es","potentialAction":[{"@type":"ReadAction","target":["https:\/\/www.bbmnoticias.com\/explota-polvorin-en-tultepec-se-registra-inmensa-columna-de-humo\/"]}]},{"@type":"ImageObject","inLanguage":"es","@id":"https:\/\/www.bbmnoticias.com\/explota-polvorin-en-tultepec-se-registra-inmensa-columna-de-humo\/#primaryimage","url":"https:\/\/www.bbmnoticias.com\/labravaradiofm\/wp-content\/uploads\/sites\/5\/2026\/08\/HQnFT54WQAAkiJf.jpg","contentUrl":"https:\/\/www.bbmnoticias.com\/labravaradiofm\/wp-content\/uploads\/sites\/5\/2026\/08\/HQnFT54WQAAkiJf.jpg","width":826,"height":666},{"@type":"BreadcrumbList","@id":"https:\/\/www.bbmnoticias.com\/explota-polvorin-en-tultepec-se-registra-inmensa-columna-de-humo\/#breadcrumb","itemListElement":[{"@type":"ListItem","position":1,"name":"Inicio","item":"https:\/\/www.bbmnoticias.com\/labravaradiofm\/"},{"@type":"ListItem","position":2,"name":"Explota polvor\u00edn en Tultepec: se registra inmensa columna de humo"}]},{"@type":"WebSite","@id":"https:\/\/www.bbmnoticias.com\/labravaradiofm\/#website","url":"https:\/\/www.bbmnoticias.com\/labravaradiofm\/","name":"LA BRAVA RADIO","description":"Empresa productora de medios, Radiodifusi\u00f3n, Noticias, tendencias y todo lo que necesitas saber de la pol\u00edtica mexicana e internacional; entretenimiento, espect\u00e1culos, salud y mucho m\u00e1s.","potentialAction":[{"@type":"SearchAction","target":{"@type":"EntryPoint","urlTemplate":"https:\/\/www.bbmnoticias.com\/labravaradiofm\/?s={search_term_string}"},"query-input":{"@type":"PropertyValueSpecification","valueRequired":true,"valueName":"search_term_string"}}],"inLanguage":"es"},{"@type":"Person","@id":"https:\/\/www.bbmnoticias.com\/labravaradiofm\/#\/schema\/person\/32f1fc7382033a43789e6a250ee81243","name":"El Heraldo","image":{"@type":"ImageObject","inLanguage":"es","@id":"https:\/\/secure.gravatar.com\/avatar\/463017be041288b5a196814ef7242bd62699b857f306e4b5b61b533e8a87f404?s=96&d=mm&r=g","url":"https:\/\/secure.gravatar.com\/avatar\/463017be041288b5a196814ef7242bd62699b857f306e4b5b61b533e8a87f404?s=96&d=mm&r=g","contentUrl":"https:\/\/secure.gravatar.com\/avatar\/463017be041288b5a196814ef7242bd62699b857f306e4b5b61b533e8a87f404?s=96&d=mm&r=g","caption":"El Heraldo"},"url":"https:\/\/www.bbmnoticias.com\/labravaradiofm\/author\/heraldo\/"}]}},"_links":{"self":[{"href":"https:\/\/www.bbmnoticias.com\/labravaradiofm\/wp-json\/wp\/v2\/posts\/81071","targetHints":{"allow":["GET"]}}],"collection":[{"href":"https:\/\/www.bbmnoticias.com\/labravaradiofm\/wp-json\/wp\/v2\/posts"}],"about":[{"href":"https:\/\/www.bbmnoticias.com\/labravaradiofm\/wp-json\/wp\/v2\/types\/post"}],"author":[{"embeddable":true,"href":"https:\/\/www.bbmnoticias.com\/labravaradiofm\/wp-json\/wp\/v2\/users\/15"}],"replies":[{"embeddable":true,"href":"https:\/\/www.bbmnoticias.com\/labravaradiofm\/wp-json\/wp\/v2\/comments?post=81071"}],"version-history":[{"count":1,"href":"https:\/\/www.bbmnoticias.com\/labravaradiofm\/wp-json\/wp\/v2\/posts\/81071\/revisions"}],"predecessor-version":[{"id":81072,"href":"https:\/\/www.bbmnoticias.com\/labravaradiofm\/wp-json\/wp\/v2\/posts\/81071\/revisions\/81072"}],"wp:featuredmedia":[{"embeddable":true,"href":"https:\/\/www.bbmnoticias.com\/labravaradiofm\/wp-json\/wp\/v2\/media\/81073"}],"wp:attachment":[{"href":"https:\/\/www.bbmnoticias.com\/labravaradiofm\/wp-json\/wp\/v2\/media?parent=81071"}],"wp:term":[{"taxonomy":"category","embeddable":true,"href":"https:\/\/www.bbmnoticias.com\/labravaradiofm\/wp-json\/wp\/v2\/categories?post=81071"},{"taxonomy":"post_tag","embeddable":true,"href":"https:\/\/www.bbmnoticias.com\/labravaradiofm\/wp-json\/wp\/v2\/tags?post=81071"}],"curies":[{"name":"wp","href":"https:\/\/api.w.org\/{rel}","templated":true}]}}