{"id":81068,"date":"2026-08-25T19:20:06","date_gmt":"2026-08-26T01:20:06","guid":{"rendered":"https:\/\/www.bbmnoticias.com\/labravaradiofm\/2026\/08\/25\/citlalli-hernandez-morena-selecciona-a-sus-coordinadores-con-encuestas-y-filtros-de-integridad\/"},"modified":"2026-08-25T19:20:14","modified_gmt":"2026-08-26T01:20:14","slug":"citlalli-hernandez-morena-selecciona-a-sus-coordinadores-con-encuestas-y-filtros-de-integridad","status":"publish","type":"post","link":"https:\/\/www.bbmnoticias.com\/labravaradiofm\/2026\/08\/25\/citlalli-hernandez-morena-selecciona-a-sus-coordinadores-con-encuestas-y-filtros-de-integridad\/","title":{"rendered":"Citlalli Hern\u00e1ndez: Morena selecciona a sus coordinadores con encuestas y filtros de integridad"},"content":{"rendered":"\n<p class=\"wp-block-paragraph\"><strong>Morena<\/strong> se encuentra en la etapa final de la definici\u00f3n de sus <strong>coordinaciones<\/strong> <strong>estatales<\/strong> <strong>de defensa <\/strong>de la transformaci\u00f3n, un proceso clave para la organizaci\u00f3n del partido rumbo a la jornada electoral de 2027.<\/p>\n\n\n\n<p class=\"wp-block-paragraph\"><strong>Citlalli Hern\u00e1ndez<\/strong>, presidenta de la<strong> Comisi\u00f3n Nacional de Elecciones <\/strong>del<strong> partido pol\u00edtico<\/strong>, inform\u00f3 que tras haber presentado los resultados en <strong>Colima<\/strong>, <strong>Campeche<\/strong> y <strong>Aguascalientes<\/strong>, el partido continuar\u00e1 con la designaci\u00f3n de los perfiles en el resto de las entidades del pa\u00eds durante las <strong>pr\u00f3ximas semanas<\/strong>.<\/p>\n\n\n\n<p class=\"wp-block-paragraph\">En entrevista para el programa de<strong> Las Noticias de la Tarde con H\u00e9ctor Jim\u00e9nez Land\u00edn<\/strong>, en <strong>El Heraldo Televisi\u00f3n<\/strong>,&nbsp;Citlalli Hern\u00e1ndez coment\u00f3 que el m\u00e9todo de selecci\u00f3n ha priorizado el uso de encuestas, tanto telef\u00f3nicas como en vivienda, para identificar a los perfiles con mayor reconocimiento y atributos positivos entre la ciudadan\u00eda.<\/p>\n\n\n\n<p class=\"wp-block-paragraph\">Seg\u00fan la dirigente, este mecanismo busca garantizar la objetividad y evitar los conflictos internos que, a su juicio, suelen presentarse en otros partidos pol\u00edticos al realizar designaciones mediante acuerdos de escritorio o repartici\u00f3n de cuotas.<\/p>\n\n\n\n<p class=\"wp-block-paragraph\">Sobre el rigor en la elecci\u00f3n de los perfiles, la presidenta de la <strong>Comisi\u00f3n Nacional de Elecciones<\/strong> se\u00f1al\u00f3:<\/p>\n\n\n\n<blockquote class=\"wp-block-quote is-layout-flow wp-block-quote-is-layout-flow\">\n<p class=\"wp-block-paragraph\">Que sean militantes con una comprobada participaci\u00f3n en la transformaci\u00f3n, ya sea que sean afiliados o no, que no tengan ning\u00fan tema ante la justicia, nos dieron su aprobaci\u00f3n de poder investigarlo entre con las autoridades, que no sean deudores alimenticios, que tengan una trayectoria positiva&#8221;.<\/p>\n<\/blockquote>\n\n\n\n<p class=\"wp-block-paragraph\">En cuanto a la metodolog\u00eda aplicada para determinar qui\u00e9n encabezar\u00e1 los trabajos organizativos, la funcionaria explic\u00f3:<\/p>\n\n\n\n<blockquote class=\"wp-block-quote is-layout-flow wp-block-quote-is-layout-flow\">\n<p class=\"wp-block-paragraph\">Primero es una encuesta telef\u00f3nica que nos permite ubicar a los perfiles con mayor reconocimiento y finalmente una encuesta en vivienda donde preguntamos no solo si le conoce, sino sus atributos, honestidad, cercan\u00eda con el pueblo, que cumple lo que dice, que le vincula al movimiento&#8221;.<\/p>\n<\/blockquote>\n\n\n\n<p class=\"wp-block-paragraph\">El <strong>proceso de selecci\u00f3n <\/strong>contempla la participaci\u00f3n de los aliados estrat\u00e9gicos de <strong>Morena<\/strong>, el <strong>Partido<\/strong> del <strong>Trabajo<\/strong> y el <strong>Partido<\/strong> <strong>Verde<\/strong>. De acuerdo con la informaci\u00f3n proporcionada, existe un di\u00e1logo permanente con las dirigencias nacionales de estas fuerzas pol\u00edticas para construir la coalici\u00f3n de cara al pr\u00f3ximo a\u00f1o.<\/p>\n\n\n\n<p class=\"wp-block-paragraph\">En estados como Aguascalientes, el<strong> Partido Verde <\/strong>ya ha manifestado su respaldo a la propuesta morenista, mientras que en otras entidades se mantiene el an\u00e1lisis para determinar si se acompa\u00f1ar\u00e1 la definici\u00f3n de Morena o si se proceder\u00e1 a realizar encuestas conjuntas entre los tres institutos.<\/p>\n\n\n\n<p class=\"wp-block-paragraph\">Respecto a la coordinaci\u00f3n con los <strong>partidos aliados,<\/strong> la dirigente puntualiz\u00f3:<\/p>\n\n\n\n<blockquote class=\"wp-block-quote is-layout-flow wp-block-quote-is-layout-flow\">\n<p class=\"wp-block-paragraph\">El armado rumbo al 2027 es una construcci\u00f3n de di\u00e1logo, de encuentro de lo com\u00fan, pero cada partido tiene su proceso interno. Te puedo decir con mucha certeza que vamos juntos en la coalici\u00f3n y que trabajamos de manera permanente para cumplir con un objetivo el pr\u00f3ximo a\u00f1o y es que nuestra presidenta tenga el respaldo tanto en los gobiernos estatales, municipales, en las diputados en la C\u00e1mara de Diputados Federal, local&#8221;.<\/p>\n<\/blockquote>\n\n\n\n<p class=\"wp-block-paragraph\">El partido tiene previsto concluir la definici\u00f3n de las 17 coordinaciones estatales en el corto plazo, con el objetivo de consolidar la estructura organizativa necesaria para enfrentar los comicios de 2027.<\/p>\n","protected":false},"excerpt":{"rendered":"<p>Morena se encuentra en la etapa final de la definici\u00f3n de sus coordinaciones estatales de defensa de la transformaci\u00f3n, un proceso clave para la organizaci\u00f3n del partido rumbo a la jornada electoral de 2027. Citlalli Hern\u00e1ndez, presidenta de la Comisi\u00f3n Nacional de Elecciones del partido pol\u00edtico, inform\u00f3 que tras haber presentado los resultados en Colima, [&hellip;]<\/p>\n","protected":false},"author":15,"featured_media":81070,"comment_status":"closed","ping_status":"open","sticky":false,"template":"","format":"standard","meta":{"footnotes":""},"categories":[2,19],"tags":[],"class_list":["post-81068","post","type-post","status-publish","format-standard","has-post-thumbnail","hentry","category-oaxaca","category-nacional"],"yoast_head":"<!-- This site is optimized with the Yoast SEO plugin v28.1 - https:\/\/yoast.com\/product\/yoast-seo-wordpress\/ -->\n<title>Citlalli Hern\u00e1ndez: Morena selecciona a sus coordinadores con encuestas y filtros de integridad - LA BRAVA RADIO<\/title>\n<meta name=\"robots\" content=\"index, follow, max-snippet:-1, max-image-preview:large, max-video-preview:-1\" \/>\n<link rel=\"canonical\" href=\"https:\/\/www.bbmnoticias.com\/citlalli-hernandez-morena-selecciona-a-sus-coordinadores-con-encuestas-y-filtros-de-integridad\/\" \/>\n<meta property=\"og:locale\" content=\"es_MX\" \/>\n<meta property=\"og:type\" content=\"article\" \/>\n<meta property=\"og:title\" content=\"Citlalli Hern\u00e1ndez: Morena selecciona a sus coordinadores con encuestas y filtros de integridad - LA BRAVA RADIO\" \/>\n<meta property=\"og:description\" content=\"Morena se encuentra en la etapa final de la definici\u00f3n de sus coordinaciones estatales de defensa de la transformaci\u00f3n, un proceso clave para la organizaci\u00f3n del partido rumbo a la jornada electoral de 2027. Citlalli Hern\u00e1ndez, presidenta de la Comisi\u00f3n Nacional de Elecciones del partido pol\u00edtico, inform\u00f3 que tras haber presentado los resultados en Colima, [&hellip;]\" \/>\n<meta property=\"og:url\" content=\"https:\/\/www.bbmnoticias.com\/citlalli-hernandez-morena-selecciona-a-sus-coordinadores-con-encuestas-y-filtros-de-integridad\/\" \/>\n<meta property=\"og:site_name\" content=\"LA BRAVA RADIO\" \/>\n<meta property=\"article:published_time\" content=\"2026-08-26T01:20:06+00:00\" \/>\n<meta property=\"article:modified_time\" content=\"2026-08-26T01:20:14+00:00\" \/>\n<meta property=\"og:image\" content=\"https:\/\/www.bbmnoticias.com\/labravaradiofm\/wp-content\/uploads\/sites\/5\/2026\/08\/Citlalli-Hernandez.jpg\" \/>\n\t<meta property=\"og:image:width\" content=\"504\" \/>\n\t<meta property=\"og:image:height\" content=\"297\" \/>\n\t<meta property=\"og:image:type\" content=\"image\/jpeg\" \/>\n<meta name=\"author\" content=\"El Heraldo\" \/>\n<meta name=\"twitter:card\" content=\"summary_large_image\" \/>\n<meta name=\"twitter:label1\" content=\"Escrito por\" \/>\n\t<meta name=\"twitter:data1\" content=\"El Heraldo\" \/>\n\t<meta name=\"twitter:label2\" content=\"Tiempo de lectura\" \/>\n\t<meta name=\"twitter:data2\" content=\"3 minutos\" \/>\n<script type=\"application\/ld+json\" class=\"yoast-schema-graph\">{\"@context\":\"https:\\\/\\\/schema.org\",\"@graph\":[{\"@type\":\"Article\",\"@id\":\"https:\\\/\\\/www.bbmnoticias.com\\\/citlalli-hernandez-morena-selecciona-a-sus-coordinadores-con-encuestas-y-filtros-de-integridad\\\/#article\",\"isPartOf\":{\"@id\":\"https:\\\/\\\/www.bbmnoticias.com\\\/labravaradiofm\\\/2026\\\/08\\\/25\\\/citlalli-hernandez-morena-selecciona-a-sus-coordinadores-con-encuestas-y-filtros-de-integridad\\\/\"},\"author\":{\"name\":\"El Heraldo\",\"@id\":\"https:\\\/\\\/www.bbmnoticias.com\\\/labravaradiofm\\\/#\\\/schema\\\/person\\\/32f1fc7382033a43789e6a250ee81243\"},\"headline\":\"Citlalli Hern\u00e1ndez: Morena selecciona a sus coordinadores con encuestas y filtros de integridad\",\"datePublished\":\"2026-08-26T01:20:06+00:00\",\"dateModified\":\"2026-08-26T01:20:14+00:00\",\"mainEntityOfPage\":{\"@id\":\"https:\\\/\\\/www.bbmnoticias.com\\\/labravaradiofm\\\/2026\\\/08\\\/25\\\/citlalli-hernandez-morena-selecciona-a-sus-coordinadores-con-encuestas-y-filtros-de-integridad\\\/\"},\"wordCount\":564,\"image\":{\"@id\":\"https:\\\/\\\/www.bbmnoticias.com\\\/citlalli-hernandez-morena-selecciona-a-sus-coordinadores-con-encuestas-y-filtros-de-integridad\\\/#primaryimage\"},\"thumbnailUrl\":\"https:\\\/\\\/www.bbmnoticias.com\\\/labravaradiofm\\\/wp-content\\\/uploads\\\/sites\\\/5\\\/2026\\\/08\\\/Citlalli-Hernandez.jpg\",\"articleSection\":[\"LOCAL\",\"NACIONAL\"],\"inLanguage\":\"es\"},{\"@type\":\"WebPage\",\"@id\":\"https:\\\/\\\/www.bbmnoticias.com\\\/labravaradiofm\\\/2026\\\/08\\\/25\\\/citlalli-hernandez-morena-selecciona-a-sus-coordinadores-con-encuestas-y-filtros-de-integridad\\\/\",\"url\":\"https:\\\/\\\/www.bbmnoticias.com\\\/citlalli-hernandez-morena-selecciona-a-sus-coordinadores-con-encuestas-y-filtros-de-integridad\\\/\",\"name\":\"Citlalli Hern\u00e1ndez: Morena selecciona a sus coordinadores con encuestas y filtros de integridad - LA BRAVA RADIO\",\"isPartOf\":{\"@id\":\"https:\\\/\\\/www.bbmnoticias.com\\\/labravaradiofm\\\/#website\"},\"primaryImageOfPage\":{\"@id\":\"https:\\\/\\\/www.bbmnoticias.com\\\/citlalli-hernandez-morena-selecciona-a-sus-coordinadores-con-encuestas-y-filtros-de-integridad\\\/#primaryimage\"},\"image\":{\"@id\":\"https:\\\/\\\/www.bbmnoticias.com\\\/citlalli-hernandez-morena-selecciona-a-sus-coordinadores-con-encuestas-y-filtros-de-integridad\\\/#primaryimage\"},\"thumbnailUrl\":\"https:\\\/\\\/www.bbmnoticias.com\\\/labravaradiofm\\\/wp-content\\\/uploads\\\/sites\\\/5\\\/2026\\\/08\\\/Citlalli-Hernandez.jpg\",\"datePublished\":\"2026-08-26T01:20:06+00:00\",\"dateModified\":\"2026-08-26T01:20:14+00:00\",\"author\":{\"@id\":\"https:\\\/\\\/www.bbmnoticias.com\\\/labravaradiofm\\\/#\\\/schema\\\/person\\\/32f1fc7382033a43789e6a250ee81243\"},\"breadcrumb\":{\"@id\":\"https:\\\/\\\/www.bbmnoticias.com\\\/citlalli-hernandez-morena-selecciona-a-sus-coordinadores-con-encuestas-y-filtros-de-integridad\\\/#breadcrumb\"},\"inLanguage\":\"es\",\"potentialAction\":[{\"@type\":\"ReadAction\",\"target\":[\"https:\\\/\\\/www.bbmnoticias.com\\\/citlalli-hernandez-morena-selecciona-a-sus-coordinadores-con-encuestas-y-filtros-de-integridad\\\/\"]}]},{\"@type\":\"ImageObject\",\"inLanguage\":\"es\",\"@id\":\"https:\\\/\\\/www.bbmnoticias.com\\\/citlalli-hernandez-morena-selecciona-a-sus-coordinadores-con-encuestas-y-filtros-de-integridad\\\/#primaryimage\",\"url\":\"https:\\\/\\\/www.bbmnoticias.com\\\/labravaradiofm\\\/wp-content\\\/uploads\\\/sites\\\/5\\\/2026\\\/08\\\/Citlalli-Hernandez.jpg\",\"contentUrl\":\"https:\\\/\\\/www.bbmnoticias.com\\\/labravaradiofm\\\/wp-content\\\/uploads\\\/sites\\\/5\\\/2026\\\/08\\\/Citlalli-Hernandez.jpg\",\"width\":504,\"height\":297},{\"@type\":\"BreadcrumbList\",\"@id\":\"https:\\\/\\\/www.bbmnoticias.com\\\/citlalli-hernandez-morena-selecciona-a-sus-coordinadores-con-encuestas-y-filtros-de-integridad\\\/#breadcrumb\",\"itemListElement\":[{\"@type\":\"ListItem\",\"position\":1,\"name\":\"Inicio\",\"item\":\"https:\\\/\\\/www.bbmnoticias.com\\\/labravaradiofm\\\/\"},{\"@type\":\"ListItem\",\"position\":2,\"name\":\"Citlalli Hern\u00e1ndez: Morena selecciona a sus coordinadores con encuestas y filtros de integridad\"}]},{\"@type\":\"WebSite\",\"@id\":\"https:\\\/\\\/www.bbmnoticias.com\\\/labravaradiofm\\\/#website\",\"url\":\"https:\\\/\\\/www.bbmnoticias.com\\\/labravaradiofm\\\/\",\"name\":\"LA BRAVA RADIO\",\"description\":\"Empresa productora de medios, Radiodifusi\u00f3n, Noticias, tendencias y todo lo que necesitas saber de la pol\u00edtica mexicana e internacional; entretenimiento, espect\u00e1culos, salud y mucho m\u00e1s.\",\"potentialAction\":[{\"@type\":\"SearchAction\",\"target\":{\"@type\":\"EntryPoint\",\"urlTemplate\":\"https:\\\/\\\/www.bbmnoticias.com\\\/labravaradiofm\\\/?s={search_term_string}\"},\"query-input\":{\"@type\":\"PropertyValueSpecification\",\"valueRequired\":true,\"valueName\":\"search_term_string\"}}],\"inLanguage\":\"es\"},{\"@type\":\"Person\",\"@id\":\"https:\\\/\\\/www.bbmnoticias.com\\\/labravaradiofm\\\/#\\\/schema\\\/person\\\/32f1fc7382033a43789e6a250ee81243\",\"name\":\"El Heraldo\",\"image\":{\"@type\":\"ImageObject\",\"inLanguage\":\"es\",\"@id\":\"https:\\\/\\\/secure.gravatar.com\\\/avatar\\\/463017be041288b5a196814ef7242bd62699b857f306e4b5b61b533e8a87f404?s=96&d=mm&r=g\",\"url\":\"https:\\\/\\\/secure.gravatar.com\\\/avatar\\\/463017be041288b5a196814ef7242bd62699b857f306e4b5b61b533e8a87f404?s=96&d=mm&r=g\",\"contentUrl\":\"https:\\\/\\\/secure.gravatar.com\\\/avatar\\\/463017be041288b5a196814ef7242bd62699b857f306e4b5b61b533e8a87f404?s=96&d=mm&r=g\",\"caption\":\"El Heraldo\"},\"url\":\"https:\\\/\\\/www.bbmnoticias.com\\\/labravaradiofm\\\/author\\\/heraldo\\\/\"}]}<\/script>\n<!-- \/ Yoast SEO plugin. -->","yoast_head_json":{"title":"Citlalli Hern\u00e1ndez: Morena selecciona a sus coordinadores con encuestas y filtros de integridad - LA BRAVA RADIO","robots":{"index":"index","follow":"follow","max-snippet":"max-snippet:-1","max-image-preview":"max-image-preview:large","max-video-preview":"max-video-preview:-1"},"canonical":"https:\/\/www.bbmnoticias.com\/citlalli-hernandez-morena-selecciona-a-sus-coordinadores-con-encuestas-y-filtros-de-integridad\/","og_locale":"es_MX","og_type":"article","og_title":"Citlalli Hern\u00e1ndez: Morena selecciona a sus coordinadores con encuestas y filtros de integridad - LA BRAVA RADIO","og_description":"Morena se encuentra en la etapa final de la definici\u00f3n de sus coordinaciones estatales de defensa de la transformaci\u00f3n, un proceso clave para la organizaci\u00f3n del partido rumbo a la jornada electoral de 2027. Citlalli Hern\u00e1ndez, presidenta de la Comisi\u00f3n Nacional de Elecciones del partido pol\u00edtico, inform\u00f3 que tras haber presentado los resultados en Colima, [&hellip;]","og_url":"https:\/\/www.bbmnoticias.com\/citlalli-hernandez-morena-selecciona-a-sus-coordinadores-con-encuestas-y-filtros-de-integridad\/","og_site_name":"LA BRAVA RADIO","article_published_time":"2026-08-26T01:20:06+00:00","article_modified_time":"2026-08-26T01:20:14+00:00","og_image":[{"width":504,"height":297,"url":"https:\/\/www.bbmnoticias.com\/labravaradiofm\/wp-content\/uploads\/sites\/5\/2026\/08\/Citlalli-Hernandez.jpg","type":"image\/jpeg"}],"author":"El Heraldo","twitter_card":"summary_large_image","twitter_misc":{"Escrito por":"El Heraldo","Tiempo de lectura":"3 minutos"},"schema":{"@context":"https:\/\/schema.org","@graph":[{"@type":"Article","@id":"https:\/\/www.bbmnoticias.com\/citlalli-hernandez-morena-selecciona-a-sus-coordinadores-con-encuestas-y-filtros-de-integridad\/#article","isPartOf":{"@id":"https:\/\/www.bbmnoticias.com\/labravaradiofm\/2026\/08\/25\/citlalli-hernandez-morena-selecciona-a-sus-coordinadores-con-encuestas-y-filtros-de-integridad\/"},"author":{"name":"El Heraldo","@id":"https:\/\/www.bbmnoticias.com\/labravaradiofm\/#\/schema\/person\/32f1fc7382033a43789e6a250ee81243"},"headline":"Citlalli Hern\u00e1ndez: Morena selecciona a sus coordinadores con encuestas y filtros de integridad","datePublished":"2026-08-26T01:20:06+00:00","dateModified":"2026-08-26T01:20:14+00:00","mainEntityOfPage":{"@id":"https:\/\/www.bbmnoticias.com\/labravaradiofm\/2026\/08\/25\/citlalli-hernandez-morena-selecciona-a-sus-coordinadores-con-encuestas-y-filtros-de-integridad\/"},"wordCount":564,"image":{"@id":"https:\/\/www.bbmnoticias.com\/citlalli-hernandez-morena-selecciona-a-sus-coordinadores-con-encuestas-y-filtros-de-integridad\/#primaryimage"},"thumbnailUrl":"https:\/\/www.bbmnoticias.com\/labravaradiofm\/wp-content\/uploads\/sites\/5\/2026\/08\/Citlalli-Hernandez.jpg","articleSection":["LOCAL","NACIONAL"],"inLanguage":"es"},{"@type":"WebPage","@id":"https:\/\/www.bbmnoticias.com\/labravaradiofm\/2026\/08\/25\/citlalli-hernandez-morena-selecciona-a-sus-coordinadores-con-encuestas-y-filtros-de-integridad\/","url":"https:\/\/www.bbmnoticias.com\/citlalli-hernandez-morena-selecciona-a-sus-coordinadores-con-encuestas-y-filtros-de-integridad\/","name":"Citlalli Hern\u00e1ndez: Morena selecciona a sus coordinadores con encuestas y filtros de integridad - LA BRAVA RADIO","isPartOf":{"@id":"https:\/\/www.bbmnoticias.com\/labravaradiofm\/#website"},"primaryImageOfPage":{"@id":"https:\/\/www.bbmnoticias.com\/citlalli-hernandez-morena-selecciona-a-sus-coordinadores-con-encuestas-y-filtros-de-integridad\/#primaryimage"},"image":{"@id":"https:\/\/www.bbmnoticias.com\/citlalli-hernandez-morena-selecciona-a-sus-coordinadores-con-encuestas-y-filtros-de-integridad\/#primaryimage"},"thumbnailUrl":"https:\/\/www.bbmnoticias.com\/labravaradiofm\/wp-content\/uploads\/sites\/5\/2026\/08\/Citlalli-Hernandez.jpg","datePublished":"2026-08-26T01:20:06+00:00","dateModified":"2026-08-26T01:20:14+00:00","author":{"@id":"https:\/\/www.bbmnoticias.com\/labravaradiofm\/#\/schema\/person\/32f1fc7382033a43789e6a250ee81243"},"breadcrumb":{"@id":"https:\/\/www.bbmnoticias.com\/citlalli-hernandez-morena-selecciona-a-sus-coordinadores-con-encuestas-y-filtros-de-integridad\/#breadcrumb"},"inLanguage":"es","potentialAction":[{"@type":"ReadAction","target":["https:\/\/www.bbmnoticias.com\/citlalli-hernandez-morena-selecciona-a-sus-coordinadores-con-encuestas-y-filtros-de-integridad\/"]}]},{"@type":"ImageObject","inLanguage":"es","@id":"https:\/\/www.bbmnoticias.com\/citlalli-hernandez-morena-selecciona-a-sus-coordinadores-con-encuestas-y-filtros-de-integridad\/#primaryimage","url":"https:\/\/www.bbmnoticias.com\/labravaradiofm\/wp-content\/uploads\/sites\/5\/2026\/08\/Citlalli-Hernandez.jpg","contentUrl":"https:\/\/www.bbmnoticias.com\/labravaradiofm\/wp-content\/uploads\/sites\/5\/2026\/08\/Citlalli-Hernandez.jpg","width":504,"height":297},{"@type":"BreadcrumbList","@id":"https:\/\/www.bbmnoticias.com\/citlalli-hernandez-morena-selecciona-a-sus-coordinadores-con-encuestas-y-filtros-de-integridad\/#breadcrumb","itemListElement":[{"@type":"ListItem","position":1,"name":"Inicio","item":"https:\/\/www.bbmnoticias.com\/labravaradiofm\/"},{"@type":"ListItem","position":2,"name":"Citlalli Hern\u00e1ndez: Morena selecciona a sus coordinadores con encuestas y filtros de integridad"}]},{"@type":"WebSite","@id":"https:\/\/www.bbmnoticias.com\/labravaradiofm\/#website","url":"https:\/\/www.bbmnoticias.com\/labravaradiofm\/","name":"LA BRAVA RADIO","description":"Empresa productora de medios, Radiodifusi\u00f3n, Noticias, tendencias y todo lo que necesitas saber de la pol\u00edtica mexicana e internacional; entretenimiento, espect\u00e1culos, salud y mucho m\u00e1s.","potentialAction":[{"@type":"SearchAction","target":{"@type":"EntryPoint","urlTemplate":"https:\/\/www.bbmnoticias.com\/labravaradiofm\/?s={search_term_string}"},"query-input":{"@type":"PropertyValueSpecification","valueRequired":true,"valueName":"search_term_string"}}],"inLanguage":"es"},{"@type":"Person","@id":"https:\/\/www.bbmnoticias.com\/labravaradiofm\/#\/schema\/person\/32f1fc7382033a43789e6a250ee81243","name":"El Heraldo","image":{"@type":"ImageObject","inLanguage":"es","@id":"https:\/\/secure.gravatar.com\/avatar\/463017be041288b5a196814ef7242bd62699b857f306e4b5b61b533e8a87f404?s=96&d=mm&r=g","url":"https:\/\/secure.gravatar.com\/avatar\/463017be041288b5a196814ef7242bd62699b857f306e4b5b61b533e8a87f404?s=96&d=mm&r=g","contentUrl":"https:\/\/secure.gravatar.com\/avatar\/463017be041288b5a196814ef7242bd62699b857f306e4b5b61b533e8a87f404?s=96&d=mm&r=g","caption":"El Heraldo"},"url":"https:\/\/www.bbmnoticias.com\/labravaradiofm\/author\/heraldo\/"}]}},"_links":{"self":[{"href":"https:\/\/www.bbmnoticias.com\/labravaradiofm\/wp-json\/wp\/v2\/posts\/81068","targetHints":{"allow":["GET"]}}],"collection":[{"href":"https:\/\/www.bbmnoticias.com\/labravaradiofm\/wp-json\/wp\/v2\/posts"}],"about":[{"href":"https:\/\/www.bbmnoticias.com\/labravaradiofm\/wp-json\/wp\/v2\/types\/post"}],"author":[{"embeddable":true,"href":"https:\/\/www.bbmnoticias.com\/labravaradiofm\/wp-json\/wp\/v2\/users\/15"}],"replies":[{"embeddable":true,"href":"https:\/\/www.bbmnoticias.com\/labravaradiofm\/wp-json\/wp\/v2\/comments?post=81068"}],"version-history":[{"count":1,"href":"https:\/\/www.bbmnoticias.com\/labravaradiofm\/wp-json\/wp\/v2\/posts\/81068\/revisions"}],"predecessor-version":[{"id":81069,"href":"https:\/\/www.bbmnoticias.com\/labravaradiofm\/wp-json\/wp\/v2\/posts\/81068\/revisions\/81069"}],"wp:featuredmedia":[{"embeddable":true,"href":"https:\/\/www.bbmnoticias.com\/labravaradiofm\/wp-json\/wp\/v2\/media\/81070"}],"wp:attachment":[{"href":"https:\/\/www.bbmnoticias.com\/labravaradiofm\/wp-json\/wp\/v2\/media?parent=81068"}],"wp:term":[{"taxonomy":"category","embeddable":true,"href":"https:\/\/www.bbmnoticias.com\/labravaradiofm\/wp-json\/wp\/v2\/categories?post=81068"},{"taxonomy":"post_tag","embeddable":true,"href":"https:\/\/www.bbmnoticias.com\/labravaradiofm\/wp-json\/wp\/v2\/tags?post=81068"}],"curies":[{"name":"wp","href":"https:\/\/api.w.org\/{rel}","templated":true}]}}