{"id":81059,"date":"2026-08-25T18:37:17","date_gmt":"2026-08-26T00:37:17","guid":{"rendered":"https:\/\/www.bbmnoticias.com\/labravaradiofm\/2026\/08\/25\/fiscalia-de-oaxaca-detiene-a-dos-personas-por-homicidio-calificado-cometido-contra-conductor-de-transporte-urbano-en-salina-cruz\/"},"modified":"2026-08-25T18:37:20","modified_gmt":"2026-08-26T00:37:20","slug":"fiscalia-de-oaxaca-detiene-a-dos-personas-por-homicidio-calificado-cometido-contra-conductor-de-transporte-urbano-en-salina-cruz","status":"publish","type":"post","link":"https:\/\/www.bbmnoticias.com\/labravaradiofm\/2026\/08\/25\/fiscalia-de-oaxaca-detiene-a-dos-personas-por-homicidio-calificado-cometido-contra-conductor-de-transporte-urbano-en-salina-cruz\/","title":{"rendered":"Fiscal\u00eda de Oaxaca detiene a dos personas por homicidio calificado cometido contra conductor de transporte urbano en Salina Cruz"},"content":{"rendered":"\n<p class=\"wp-block-paragraph\">Oaxaca de Ju\u00e1rez, Oax.- Como resultado de los trabajos de investigaci\u00f3n realizados para esclarecer un homicidio cometido en la regi\u00f3n del Istmo de Tehuantepec, la Fiscal\u00eda General del Estado de Oaxaca (FGEO) ejecut\u00f3 una orden de aprehensi\u00f3n en contra de \u00c1.M.V.G. y A.A.C.G., por su probable responsabilidad en el delito de homicidio calificado con ventaja, cometido en agravio de quien en vida respondi\u00f3 al nombre de C.T.P.C.<\/p>\n\n\n\n<p class=\"wp-block-paragraph\">De acuerdo con la investigaci\u00f3n ministerial, los hechos ocurrieron el 5 de julio de 2023, cuando la v\u00edctima se encontraba al interior de un veh\u00edculo de transporte urbano estacionado en la base ubicada sobre la carretera Trans\u00edstmica, en el entronque con la carretera Monterrey, en Salina Cruz, Oaxaca.<\/p>\n\n\n\n<figure class=\"wp-block-image size-full\"><img decoding=\"async\" src=\"https:\/\/www.bbmnoticias.com\/wp-content\/uploads\/2026\/08\/AACG.jpg\" alt=\"\" class=\"wp-image-83450\"\/><\/figure>\n\n\n\n<p class=\"wp-block-paragraph\">Las investigaciones revelan que, una vez que descendieron los pasajeros, los ahora detenidos habr\u00edan abordado el veh\u00edculo y se dirigieron hacia el lugar donde se encontraba la v\u00edctima, quien se encontraba en el asiento del conductor.<\/p>\n\n\n\n<p class=\"wp-block-paragraph\">En el lugar, uno de los sujetos habr\u00eda realizado diversos disparos con un arma de fuego en contra de la v\u00edctima, mientras que el segundo habr\u00eda realizado expresiones relacionadas con los motivos de la agresi\u00f3n.<\/p>\n\n\n\n<p class=\"wp-block-paragraph\">Tras resultar lesionada, la v\u00edctima fue trasladada para recibir atenci\u00f3n m\u00e9dica, donde posteriormente perdi\u00f3 la vida.<\/p>\n\n\n\n<p class=\"wp-block-paragraph\">De acuerdo con los dict\u00e1menes correspondientes, la causa de muerte fue perforaci\u00f3n de hilio pulmonar derecho producida por proyectil disparado por arma de fuego.<\/p>\n\n\n\n<p class=\"wp-block-paragraph\">A partir del conocimiento de los hechos, la Fiscal\u00eda de Oaxaca, a trav\u00e9s de la Vicefiscal\u00eda Regional del Istmo, desarroll\u00f3 actos de investigaci\u00f3n que permitieron obtener los datos necesarios para que la autoridad judicial librara&nbsp;la orden de aprehensi\u00f3n correspondiente.<\/p>\n\n\n\n<p class=\"wp-block-paragraph\">Una vez cumplimentada, las personas detenidas fueron puestas a disposici\u00f3n de la autoridad competente para definir su situaci\u00f3n legal.<\/p>\n\n\n\n<p class=\"wp-block-paragraph\">La Fiscal\u00eda General del Estado de Oaxaca refrenda su compromiso de investigar los delitos que atentan contra la vida y la integridad de las personas, mediante acciones ministeriales y policiales que permitan esclarecer los hechos y garantizar el acceso a la justicia de las v\u00edctimas y sus familias.<\/p>\n\n\n\n<p class=\"wp-block-paragraph\"><\/p>\n","protected":false},"excerpt":{"rendered":"<p>Oaxaca de Ju\u00e1rez, Oax.- Como resultado de los trabajos de investigaci\u00f3n realizados para esclarecer un homicidio cometido en la regi\u00f3n del Istmo de Tehuantepec, la Fiscal\u00eda General del Estado de Oaxaca (FGEO) ejecut\u00f3 una orden de aprehensi\u00f3n en contra de \u00c1.M.V.G. y A.A.C.G., por su probable responsabilidad en el delito de homicidio calificado con ventaja, [&hellip;]<\/p>\n","protected":false},"author":2,"featured_media":81061,"comment_status":"closed","ping_status":"open","sticky":false,"template":"","format":"standard","meta":{"footnotes":""},"categories":[2,20],"tags":[],"class_list":["post-81059","post","type-post","status-publish","format-standard","has-post-thumbnail","hentry","category-oaxaca","category-policiaca"],"yoast_head":"<!-- This site is optimized with the Yoast SEO plugin v28.1 - https:\/\/yoast.com\/product\/yoast-seo-wordpress\/ -->\n<title>Fiscal\u00eda de Oaxaca detiene a dos personas por homicidio calificado cometido contra conductor de transporte urbano en Salina Cruz - LA BRAVA RADIO<\/title>\n<meta name=\"robots\" content=\"index, follow, max-snippet:-1, max-image-preview:large, max-video-preview:-1\" \/>\n<link rel=\"canonical\" href=\"https:\/\/www.bbmnoticias.com\/fiscalia-de-oaxaca-detiene-a-dos-personas-por-homicidio-calificado-cometido-contra-conductor-de-transporte-urbano-en-salina-cruz\/\" \/>\n<meta property=\"og:locale\" content=\"es_MX\" \/>\n<meta property=\"og:type\" content=\"article\" \/>\n<meta property=\"og:title\" content=\"Fiscal\u00eda de Oaxaca detiene a dos personas por homicidio calificado cometido contra conductor de transporte urbano en Salina Cruz - LA BRAVA RADIO\" \/>\n<meta property=\"og:description\" content=\"Oaxaca de Ju\u00e1rez, Oax.- Como resultado de los trabajos de investigaci\u00f3n realizados para esclarecer un homicidio cometido en la regi\u00f3n del Istmo de Tehuantepec, la Fiscal\u00eda General del Estado de Oaxaca (FGEO) ejecut\u00f3 una orden de aprehensi\u00f3n en contra de \u00c1.M.V.G. y A.A.C.G., por su probable responsabilidad en el delito de homicidio calificado con ventaja, [&hellip;]\" \/>\n<meta property=\"og:url\" content=\"https:\/\/www.bbmnoticias.com\/fiscalia-de-oaxaca-detiene-a-dos-personas-por-homicidio-calificado-cometido-contra-conductor-de-transporte-urbano-en-salina-cruz\/\" \/>\n<meta property=\"og:site_name\" content=\"LA BRAVA RADIO\" \/>\n<meta property=\"article:published_time\" content=\"2026-08-26T00:37:17+00:00\" \/>\n<meta property=\"article:modified_time\" content=\"2026-08-26T00:37:20+00:00\" \/>\n<meta property=\"og:image\" content=\"https:\/\/www.bbmnoticias.com\/labravaradiofm\/wp-content\/uploads\/sites\/5\/2026\/08\/AMVG.jpg\" \/>\n\t<meta property=\"og:image:width\" content=\"706\" \/>\n\t<meta property=\"og:image:height\" content=\"543\" \/>\n\t<meta property=\"og:image:type\" content=\"image\/jpeg\" \/>\n<meta name=\"author\" content=\"Staff\" \/>\n<meta name=\"twitter:card\" content=\"summary_large_image\" \/>\n<meta name=\"twitter:label1\" content=\"Escrito por\" \/>\n\t<meta name=\"twitter:data1\" content=\"Staff\" \/>\n\t<meta name=\"twitter:label2\" content=\"Tiempo de lectura\" \/>\n\t<meta name=\"twitter:data2\" content=\"2 minutos\" \/>\n<script type=\"application\/ld+json\" class=\"yoast-schema-graph\">{\"@context\":\"https:\\\/\\\/schema.org\",\"@graph\":[{\"@type\":\"Article\",\"@id\":\"https:\\\/\\\/www.bbmnoticias.com\\\/fiscalia-de-oaxaca-detiene-a-dos-personas-por-homicidio-calificado-cometido-contra-conductor-de-transporte-urbano-en-salina-cruz\\\/#article\",\"isPartOf\":{\"@id\":\"https:\\\/\\\/www.bbmnoticias.com\\\/labravaradiofm\\\/2026\\\/08\\\/25\\\/fiscalia-de-oaxaca-detiene-a-dos-personas-por-homicidio-calificado-cometido-contra-conductor-de-transporte-urbano-en-salina-cruz\\\/\"},\"author\":{\"name\":\"Staff\",\"@id\":\"https:\\\/\\\/www.bbmnoticias.com\\\/labravaradiofm\\\/#\\\/schema\\\/person\\\/9eb037257fc48a09cdf31d9a2f45619f\"},\"headline\":\"Fiscal\u00eda de Oaxaca detiene a dos personas por homicidio calificado cometido contra conductor de transporte urbano en Salina Cruz\",\"datePublished\":\"2026-08-26T00:37:17+00:00\",\"dateModified\":\"2026-08-26T00:37:20+00:00\",\"mainEntityOfPage\":{\"@id\":\"https:\\\/\\\/www.bbmnoticias.com\\\/labravaradiofm\\\/2026\\\/08\\\/25\\\/fiscalia-de-oaxaca-detiene-a-dos-personas-por-homicidio-calificado-cometido-contra-conductor-de-transporte-urbano-en-salina-cruz\\\/\"},\"wordCount\":391,\"image\":{\"@id\":\"https:\\\/\\\/www.bbmnoticias.com\\\/fiscalia-de-oaxaca-detiene-a-dos-personas-por-homicidio-calificado-cometido-contra-conductor-de-transporte-urbano-en-salina-cruz\\\/#primaryimage\"},\"thumbnailUrl\":\"https:\\\/\\\/www.bbmnoticias.com\\\/labravaradiofm\\\/wp-content\\\/uploads\\\/sites\\\/5\\\/2026\\\/08\\\/AMVG.jpg\",\"articleSection\":[\"LOCAL\",\"POLICIACA\"],\"inLanguage\":\"es\"},{\"@type\":\"WebPage\",\"@id\":\"https:\\\/\\\/www.bbmnoticias.com\\\/labravaradiofm\\\/2026\\\/08\\\/25\\\/fiscalia-de-oaxaca-detiene-a-dos-personas-por-homicidio-calificado-cometido-contra-conductor-de-transporte-urbano-en-salina-cruz\\\/\",\"url\":\"https:\\\/\\\/www.bbmnoticias.com\\\/fiscalia-de-oaxaca-detiene-a-dos-personas-por-homicidio-calificado-cometido-contra-conductor-de-transporte-urbano-en-salina-cruz\\\/\",\"name\":\"Fiscal\u00eda de Oaxaca detiene a dos personas por homicidio calificado cometido contra conductor de transporte urbano en Salina Cruz - LA BRAVA RADIO\",\"isPartOf\":{\"@id\":\"https:\\\/\\\/www.bbmnoticias.com\\\/labravaradiofm\\\/#website\"},\"primaryImageOfPage\":{\"@id\":\"https:\\\/\\\/www.bbmnoticias.com\\\/fiscalia-de-oaxaca-detiene-a-dos-personas-por-homicidio-calificado-cometido-contra-conductor-de-transporte-urbano-en-salina-cruz\\\/#primaryimage\"},\"image\":{\"@id\":\"https:\\\/\\\/www.bbmnoticias.com\\\/fiscalia-de-oaxaca-detiene-a-dos-personas-por-homicidio-calificado-cometido-contra-conductor-de-transporte-urbano-en-salina-cruz\\\/#primaryimage\"},\"thumbnailUrl\":\"https:\\\/\\\/www.bbmnoticias.com\\\/labravaradiofm\\\/wp-content\\\/uploads\\\/sites\\\/5\\\/2026\\\/08\\\/AMVG.jpg\",\"datePublished\":\"2026-08-26T00:37:17+00:00\",\"dateModified\":\"2026-08-26T00:37:20+00:00\",\"author\":{\"@id\":\"https:\\\/\\\/www.bbmnoticias.com\\\/labravaradiofm\\\/#\\\/schema\\\/person\\\/9eb037257fc48a09cdf31d9a2f45619f\"},\"breadcrumb\":{\"@id\":\"https:\\\/\\\/www.bbmnoticias.com\\\/fiscalia-de-oaxaca-detiene-a-dos-personas-por-homicidio-calificado-cometido-contra-conductor-de-transporte-urbano-en-salina-cruz\\\/#breadcrumb\"},\"inLanguage\":\"es\",\"potentialAction\":[{\"@type\":\"ReadAction\",\"target\":[\"https:\\\/\\\/www.bbmnoticias.com\\\/fiscalia-de-oaxaca-detiene-a-dos-personas-por-homicidio-calificado-cometido-contra-conductor-de-transporte-urbano-en-salina-cruz\\\/\"]}]},{\"@type\":\"ImageObject\",\"inLanguage\":\"es\",\"@id\":\"https:\\\/\\\/www.bbmnoticias.com\\\/fiscalia-de-oaxaca-detiene-a-dos-personas-por-homicidio-calificado-cometido-contra-conductor-de-transporte-urbano-en-salina-cruz\\\/#primaryimage\",\"url\":\"https:\\\/\\\/www.bbmnoticias.com\\\/labravaradiofm\\\/wp-content\\\/uploads\\\/sites\\\/5\\\/2026\\\/08\\\/AMVG.jpg\",\"contentUrl\":\"https:\\\/\\\/www.bbmnoticias.com\\\/labravaradiofm\\\/wp-content\\\/uploads\\\/sites\\\/5\\\/2026\\\/08\\\/AMVG.jpg\",\"width\":706,\"height\":543},{\"@type\":\"BreadcrumbList\",\"@id\":\"https:\\\/\\\/www.bbmnoticias.com\\\/fiscalia-de-oaxaca-detiene-a-dos-personas-por-homicidio-calificado-cometido-contra-conductor-de-transporte-urbano-en-salina-cruz\\\/#breadcrumb\",\"itemListElement\":[{\"@type\":\"ListItem\",\"position\":1,\"name\":\"Inicio\",\"item\":\"https:\\\/\\\/www.bbmnoticias.com\\\/labravaradiofm\\\/\"},{\"@type\":\"ListItem\",\"position\":2,\"name\":\"Fiscal\u00eda de Oaxaca detiene a dos personas por homicidio calificado cometido contra conductor de transporte urbano en Salina Cruz\"}]},{\"@type\":\"WebSite\",\"@id\":\"https:\\\/\\\/www.bbmnoticias.com\\\/labravaradiofm\\\/#website\",\"url\":\"https:\\\/\\\/www.bbmnoticias.com\\\/labravaradiofm\\\/\",\"name\":\"LA BRAVA RADIO\",\"description\":\"Empresa productora de medios, Radiodifusi\u00f3n, Noticias, tendencias y todo lo que necesitas saber de la pol\u00edtica mexicana e internacional; entretenimiento, espect\u00e1culos, salud y mucho m\u00e1s.\",\"potentialAction\":[{\"@type\":\"SearchAction\",\"target\":{\"@type\":\"EntryPoint\",\"urlTemplate\":\"https:\\\/\\\/www.bbmnoticias.com\\\/labravaradiofm\\\/?s={search_term_string}\"},\"query-input\":{\"@type\":\"PropertyValueSpecification\",\"valueRequired\":true,\"valueName\":\"search_term_string\"}}],\"inLanguage\":\"es\"},{\"@type\":\"Person\",\"@id\":\"https:\\\/\\\/www.bbmnoticias.com\\\/labravaradiofm\\\/#\\\/schema\\\/person\\\/9eb037257fc48a09cdf31d9a2f45619f\",\"name\":\"Staff\",\"image\":{\"@type\":\"ImageObject\",\"inLanguage\":\"es\",\"@id\":\"https:\\\/\\\/secure.gravatar.com\\\/avatar\\\/fdd21ad66fd8b98c407f9dee5b5e588cfe7f0d8579ec20fa6527cd59bab7f0f0?s=96&d=mm&r=g\",\"url\":\"https:\\\/\\\/secure.gravatar.com\\\/avatar\\\/fdd21ad66fd8b98c407f9dee5b5e588cfe7f0d8579ec20fa6527cd59bab7f0f0?s=96&d=mm&r=g\",\"contentUrl\":\"https:\\\/\\\/secure.gravatar.com\\\/avatar\\\/fdd21ad66fd8b98c407f9dee5b5e588cfe7f0d8579ec20fa6527cd59bab7f0f0?s=96&d=mm&r=g\",\"caption\":\"Staff\"},\"url\":\"https:\\\/\\\/www.bbmnoticias.com\\\/labravaradiofm\\\/author\\\/redaccion\\\/\"}]}<\/script>\n<!-- \/ Yoast SEO plugin. -->","yoast_head_json":{"title":"Fiscal\u00eda de Oaxaca detiene a dos personas por homicidio calificado cometido contra conductor de transporte urbano en Salina Cruz - LA BRAVA RADIO","robots":{"index":"index","follow":"follow","max-snippet":"max-snippet:-1","max-image-preview":"max-image-preview:large","max-video-preview":"max-video-preview:-1"},"canonical":"https:\/\/www.bbmnoticias.com\/fiscalia-de-oaxaca-detiene-a-dos-personas-por-homicidio-calificado-cometido-contra-conductor-de-transporte-urbano-en-salina-cruz\/","og_locale":"es_MX","og_type":"article","og_title":"Fiscal\u00eda de Oaxaca detiene a dos personas por homicidio calificado cometido contra conductor de transporte urbano en Salina Cruz - LA BRAVA RADIO","og_description":"Oaxaca de Ju\u00e1rez, Oax.- Como resultado de los trabajos de investigaci\u00f3n realizados para esclarecer un homicidio cometido en la regi\u00f3n del Istmo de Tehuantepec, la Fiscal\u00eda General del Estado de Oaxaca (FGEO) ejecut\u00f3 una orden de aprehensi\u00f3n en contra de \u00c1.M.V.G. y A.A.C.G., por su probable responsabilidad en el delito de homicidio calificado con ventaja, [&hellip;]","og_url":"https:\/\/www.bbmnoticias.com\/fiscalia-de-oaxaca-detiene-a-dos-personas-por-homicidio-calificado-cometido-contra-conductor-de-transporte-urbano-en-salina-cruz\/","og_site_name":"LA BRAVA RADIO","article_published_time":"2026-08-26T00:37:17+00:00","article_modified_time":"2026-08-26T00:37:20+00:00","og_image":[{"width":706,"height":543,"url":"https:\/\/www.bbmnoticias.com\/labravaradiofm\/wp-content\/uploads\/sites\/5\/2026\/08\/AMVG.jpg","type":"image\/jpeg"}],"author":"Staff","twitter_card":"summary_large_image","twitter_misc":{"Escrito por":"Staff","Tiempo de lectura":"2 minutos"},"schema":{"@context":"https:\/\/schema.org","@graph":[{"@type":"Article","@id":"https:\/\/www.bbmnoticias.com\/fiscalia-de-oaxaca-detiene-a-dos-personas-por-homicidio-calificado-cometido-contra-conductor-de-transporte-urbano-en-salina-cruz\/#article","isPartOf":{"@id":"https:\/\/www.bbmnoticias.com\/labravaradiofm\/2026\/08\/25\/fiscalia-de-oaxaca-detiene-a-dos-personas-por-homicidio-calificado-cometido-contra-conductor-de-transporte-urbano-en-salina-cruz\/"},"author":{"name":"Staff","@id":"https:\/\/www.bbmnoticias.com\/labravaradiofm\/#\/schema\/person\/9eb037257fc48a09cdf31d9a2f45619f"},"headline":"Fiscal\u00eda de Oaxaca detiene a dos personas por homicidio calificado cometido contra conductor de transporte urbano en Salina Cruz","datePublished":"2026-08-26T00:37:17+00:00","dateModified":"2026-08-26T00:37:20+00:00","mainEntityOfPage":{"@id":"https:\/\/www.bbmnoticias.com\/labravaradiofm\/2026\/08\/25\/fiscalia-de-oaxaca-detiene-a-dos-personas-por-homicidio-calificado-cometido-contra-conductor-de-transporte-urbano-en-salina-cruz\/"},"wordCount":391,"image":{"@id":"https:\/\/www.bbmnoticias.com\/fiscalia-de-oaxaca-detiene-a-dos-personas-por-homicidio-calificado-cometido-contra-conductor-de-transporte-urbano-en-salina-cruz\/#primaryimage"},"thumbnailUrl":"https:\/\/www.bbmnoticias.com\/labravaradiofm\/wp-content\/uploads\/sites\/5\/2026\/08\/AMVG.jpg","articleSection":["LOCAL","POLICIACA"],"inLanguage":"es"},{"@type":"WebPage","@id":"https:\/\/www.bbmnoticias.com\/labravaradiofm\/2026\/08\/25\/fiscalia-de-oaxaca-detiene-a-dos-personas-por-homicidio-calificado-cometido-contra-conductor-de-transporte-urbano-en-salina-cruz\/","url":"https:\/\/www.bbmnoticias.com\/fiscalia-de-oaxaca-detiene-a-dos-personas-por-homicidio-calificado-cometido-contra-conductor-de-transporte-urbano-en-salina-cruz\/","name":"Fiscal\u00eda de Oaxaca detiene a dos personas por homicidio calificado cometido contra conductor de transporte urbano en Salina Cruz - LA BRAVA RADIO","isPartOf":{"@id":"https:\/\/www.bbmnoticias.com\/labravaradiofm\/#website"},"primaryImageOfPage":{"@id":"https:\/\/www.bbmnoticias.com\/fiscalia-de-oaxaca-detiene-a-dos-personas-por-homicidio-calificado-cometido-contra-conductor-de-transporte-urbano-en-salina-cruz\/#primaryimage"},"image":{"@id":"https:\/\/www.bbmnoticias.com\/fiscalia-de-oaxaca-detiene-a-dos-personas-por-homicidio-calificado-cometido-contra-conductor-de-transporte-urbano-en-salina-cruz\/#primaryimage"},"thumbnailUrl":"https:\/\/www.bbmnoticias.com\/labravaradiofm\/wp-content\/uploads\/sites\/5\/2026\/08\/AMVG.jpg","datePublished":"2026-08-26T00:37:17+00:00","dateModified":"2026-08-26T00:37:20+00:00","author":{"@id":"https:\/\/www.bbmnoticias.com\/labravaradiofm\/#\/schema\/person\/9eb037257fc48a09cdf31d9a2f45619f"},"breadcrumb":{"@id":"https:\/\/www.bbmnoticias.com\/fiscalia-de-oaxaca-detiene-a-dos-personas-por-homicidio-calificado-cometido-contra-conductor-de-transporte-urbano-en-salina-cruz\/#breadcrumb"},"inLanguage":"es","potentialAction":[{"@type":"ReadAction","target":["https:\/\/www.bbmnoticias.com\/fiscalia-de-oaxaca-detiene-a-dos-personas-por-homicidio-calificado-cometido-contra-conductor-de-transporte-urbano-en-salina-cruz\/"]}]},{"@type":"ImageObject","inLanguage":"es","@id":"https:\/\/www.bbmnoticias.com\/fiscalia-de-oaxaca-detiene-a-dos-personas-por-homicidio-calificado-cometido-contra-conductor-de-transporte-urbano-en-salina-cruz\/#primaryimage","url":"https:\/\/www.bbmnoticias.com\/labravaradiofm\/wp-content\/uploads\/sites\/5\/2026\/08\/AMVG.jpg","contentUrl":"https:\/\/www.bbmnoticias.com\/labravaradiofm\/wp-content\/uploads\/sites\/5\/2026\/08\/AMVG.jpg","width":706,"height":543},{"@type":"BreadcrumbList","@id":"https:\/\/www.bbmnoticias.com\/fiscalia-de-oaxaca-detiene-a-dos-personas-por-homicidio-calificado-cometido-contra-conductor-de-transporte-urbano-en-salina-cruz\/#breadcrumb","itemListElement":[{"@type":"ListItem","position":1,"name":"Inicio","item":"https:\/\/www.bbmnoticias.com\/labravaradiofm\/"},{"@type":"ListItem","position":2,"name":"Fiscal\u00eda de Oaxaca detiene a dos personas por homicidio calificado cometido contra conductor de transporte urbano en Salina Cruz"}]},{"@type":"WebSite","@id":"https:\/\/www.bbmnoticias.com\/labravaradiofm\/#website","url":"https:\/\/www.bbmnoticias.com\/labravaradiofm\/","name":"LA BRAVA RADIO","description":"Empresa productora de medios, Radiodifusi\u00f3n, Noticias, tendencias y todo lo que necesitas saber de la pol\u00edtica mexicana e internacional; entretenimiento, espect\u00e1culos, salud y mucho m\u00e1s.","potentialAction":[{"@type":"SearchAction","target":{"@type":"EntryPoint","urlTemplate":"https:\/\/www.bbmnoticias.com\/labravaradiofm\/?s={search_term_string}"},"query-input":{"@type":"PropertyValueSpecification","valueRequired":true,"valueName":"search_term_string"}}],"inLanguage":"es"},{"@type":"Person","@id":"https:\/\/www.bbmnoticias.com\/labravaradiofm\/#\/schema\/person\/9eb037257fc48a09cdf31d9a2f45619f","name":"Staff","image":{"@type":"ImageObject","inLanguage":"es","@id":"https:\/\/secure.gravatar.com\/avatar\/fdd21ad66fd8b98c407f9dee5b5e588cfe7f0d8579ec20fa6527cd59bab7f0f0?s=96&d=mm&r=g","url":"https:\/\/secure.gravatar.com\/avatar\/fdd21ad66fd8b98c407f9dee5b5e588cfe7f0d8579ec20fa6527cd59bab7f0f0?s=96&d=mm&r=g","contentUrl":"https:\/\/secure.gravatar.com\/avatar\/fdd21ad66fd8b98c407f9dee5b5e588cfe7f0d8579ec20fa6527cd59bab7f0f0?s=96&d=mm&r=g","caption":"Staff"},"url":"https:\/\/www.bbmnoticias.com\/labravaradiofm\/author\/redaccion\/"}]}},"_links":{"self":[{"href":"https:\/\/www.bbmnoticias.com\/labravaradiofm\/wp-json\/wp\/v2\/posts\/81059","targetHints":{"allow":["GET"]}}],"collection":[{"href":"https:\/\/www.bbmnoticias.com\/labravaradiofm\/wp-json\/wp\/v2\/posts"}],"about":[{"href":"https:\/\/www.bbmnoticias.com\/labravaradiofm\/wp-json\/wp\/v2\/types\/post"}],"author":[{"embeddable":true,"href":"https:\/\/www.bbmnoticias.com\/labravaradiofm\/wp-json\/wp\/v2\/users\/2"}],"replies":[{"embeddable":true,"href":"https:\/\/www.bbmnoticias.com\/labravaradiofm\/wp-json\/wp\/v2\/comments?post=81059"}],"version-history":[{"count":1,"href":"https:\/\/www.bbmnoticias.com\/labravaradiofm\/wp-json\/wp\/v2\/posts\/81059\/revisions"}],"predecessor-version":[{"id":81060,"href":"https:\/\/www.bbmnoticias.com\/labravaradiofm\/wp-json\/wp\/v2\/posts\/81059\/revisions\/81060"}],"wp:featuredmedia":[{"embeddable":true,"href":"https:\/\/www.bbmnoticias.com\/labravaradiofm\/wp-json\/wp\/v2\/media\/81061"}],"wp:attachment":[{"href":"https:\/\/www.bbmnoticias.com\/labravaradiofm\/wp-json\/wp\/v2\/media?parent=81059"}],"wp:term":[{"taxonomy":"category","embeddable":true,"href":"https:\/\/www.bbmnoticias.com\/labravaradiofm\/wp-json\/wp\/v2\/categories?post=81059"},{"taxonomy":"post_tag","embeddable":true,"href":"https:\/\/www.bbmnoticias.com\/labravaradiofm\/wp-json\/wp\/v2\/tags?post=81059"}],"curies":[{"name":"wp","href":"https:\/\/api.w.org\/{rel}","templated":true}]}}