{"id":81050,"date":"2026-08-25T14:20:17","date_gmt":"2026-08-25T20:20:17","guid":{"rendered":"https:\/\/www.bbmnoticias.com\/labravaradiofm\/2026\/08\/25\/oaxaca-lider-nacional-en-crecimiento-de-transporte-publico-con-binnibus\/"},"modified":"2026-08-25T14:20:28","modified_gmt":"2026-08-25T20:20:28","slug":"oaxaca-lider-nacional-en-crecimiento-de-transporte-publico-con-binnibus","status":"publish","type":"post","link":"https:\/\/www.bbmnoticias.com\/labravaradiofm\/2026\/08\/25\/oaxaca-lider-nacional-en-crecimiento-de-transporte-publico-con-binnibus\/","title":{"rendered":"Oaxaca, l\u00edder nacional en crecimiento de transporte p\u00fablico con Binnibus"},"content":{"rendered":"\n<p class=\"wp-block-paragraph\"><strong>Oaxaca de Ju\u00e1rez, Oax.-<\/strong> El Sistema de Transporte Colectivo Metropolitano Binnibus Oaxaca, registr\u00f3 un incremento anual del 519 por ciento en el n\u00famero de personas usuarias, convirti\u00e9ndose en l\u00edder a nivel nacional en el crecimiento de este servicio.<\/p>\n\n\n\n<p class=\"wp-block-paragraph\">El sistema pas\u00f3 de trasladar a 240 mil 358 personas en junio del 2025, a movilizar a un mill\u00f3n 489 mil 599 en junio de 2026, de acuerdo con la Estad\u00edstica de Transporte Urbano de Pasajeros (ETUP) del Instituto Nacional de Estad\u00edstica y Geograf\u00eda (INEGI).<\/p>\n\n\n\n<p class=\"wp-block-paragraph\">Al respecto, el Gobernador de Oaxaca, Salom\u00f3n Jara Cruz afirm\u00f3 que este resultado refleja la favorable respuesta ciudadana hacia el proyecto de transporte p\u00fablico el cual, desde su implementaci\u00f3n, las personas usuarias han hecho suyo.<\/p>\n\n\n\n<p class=\"wp-block-paragraph\">\u201cPara nuestra administraci\u00f3n representa una satisfacci\u00f3n que este servicio sea utilizado y cuidado por la poblaci\u00f3n\u201d, dijo, al tiempo que refrend\u00f3 que se trata de una acci\u00f3n encaminada a mejorar la movilidad y la calidad de vida de las personas.<\/p>\n\n\n\n<p class=\"wp-block-paragraph\">En este periodo, el sistema Binnibus Oaxaca tambi\u00e9n fortaleci\u00f3 su operaci\u00f3n y ampli\u00f3 su cobertura metropolitanita: pas\u00f3 de seis a 35 rutas activas y de 30 a 275 unidades de servicio.<\/p>\n\n\n\n<p class=\"wp-block-paragraph\">La directora general del Sistema de Transporte Colectivo Metropolitano Binnibus Oaxaca, Karina G\u00f3mez Esteban inform\u00f3 que esta expansi\u00f3n permiti\u00f3 incrementar la cobertura y capacidad operativa del sistema, con acciones enfocadas al mejoramiento de las frecuencias de paso, los tiempos de traslado y la atenci\u00f3n a las personas usuarias, adem\u00e1s de mantener un seguimiento mensual de los indicadores de desempe\u00f1o y fortalecer la capacitaci\u00f3n del personal.<\/p>\n\n\n\n<p class=\"wp-block-paragraph\">Finalmente, el Gobierno del Estado refrend\u00f3 su compromiso de mantener el fortalecimiento del Binnibus para consolidarlo como uno de los sistemas de transporte p\u00fablico m\u00e1s importante del pa\u00eds, mediante la ampliaci\u00f3n de su cobertura, capacidad y el seguimiento de resultados.<\/p>\n","protected":false},"excerpt":{"rendered":"<p>Oaxaca de Ju\u00e1rez, Oax.- El Sistema de Transporte Colectivo Metropolitano Binnibus Oaxaca, registr\u00f3 un incremento anual del 519 por ciento en el n\u00famero de personas usuarias, convirti\u00e9ndose en l\u00edder a nivel nacional en el crecimiento de este servicio. El sistema pas\u00f3 de trasladar a 240 mil 358 personas en junio del 2025, a movilizar a [&hellip;]<\/p>\n","protected":false},"author":2,"featured_media":0,"comment_status":"closed","ping_status":"open","sticky":false,"template":"","format":"standard","meta":{"footnotes":""},"categories":[2],"tags":[],"class_list":["post-81050","post","type-post","status-publish","format-standard","hentry","category-oaxaca"],"yoast_head":"<!-- This site is optimized with the Yoast SEO plugin v28.1 - https:\/\/yoast.com\/product\/yoast-seo-wordpress\/ -->\n<title>Oaxaca, l\u00edder nacional en crecimiento de transporte p\u00fablico con Binnibus - LA BRAVA RADIO<\/title>\n<meta name=\"robots\" content=\"index, follow, max-snippet:-1, max-image-preview:large, max-video-preview:-1\" \/>\n<link rel=\"canonical\" href=\"https:\/\/www.bbmnoticias.com\/oaxaca-lider-nacional-en-crecimiento-de-transporte-publico-con-binnibus\/\" \/>\n<meta property=\"og:locale\" content=\"es_MX\" \/>\n<meta property=\"og:type\" content=\"article\" \/>\n<meta property=\"og:title\" content=\"Oaxaca, l\u00edder nacional en crecimiento de transporte p\u00fablico con Binnibus - LA BRAVA RADIO\" \/>\n<meta property=\"og:description\" content=\"Oaxaca de Ju\u00e1rez, Oax.- El Sistema de Transporte Colectivo Metropolitano Binnibus Oaxaca, registr\u00f3 un incremento anual del 519 por ciento en el n\u00famero de personas usuarias, convirti\u00e9ndose en l\u00edder a nivel nacional en el crecimiento de este servicio. El sistema pas\u00f3 de trasladar a 240 mil 358 personas en junio del 2025, a movilizar a [&hellip;]\" \/>\n<meta property=\"og:url\" content=\"https:\/\/www.bbmnoticias.com\/oaxaca-lider-nacional-en-crecimiento-de-transporte-publico-con-binnibus\/\" \/>\n<meta property=\"og:site_name\" content=\"LA BRAVA RADIO\" \/>\n<meta property=\"article:published_time\" content=\"2026-08-25T20:20:17+00:00\" \/>\n<meta property=\"article:modified_time\" content=\"2026-08-25T20:20:28+00:00\" \/>\n<meta name=\"author\" content=\"Staff\" \/>\n<meta name=\"twitter:card\" content=\"summary_large_image\" \/>\n<meta name=\"twitter:label1\" content=\"Escrito por\" \/>\n\t<meta name=\"twitter:data1\" content=\"Staff\" \/>\n\t<meta name=\"twitter:label2\" content=\"Tiempo de lectura\" \/>\n\t<meta name=\"twitter:data2\" content=\"2 minutos\" \/>\n<script type=\"application\/ld+json\" class=\"yoast-schema-graph\">{\"@context\":\"https:\\\/\\\/schema.org\",\"@graph\":[{\"@type\":\"Article\",\"@id\":\"https:\\\/\\\/www.bbmnoticias.com\\\/oaxaca-lider-nacional-en-crecimiento-de-transporte-publico-con-binnibus\\\/#article\",\"isPartOf\":{\"@id\":\"https:\\\/\\\/www.bbmnoticias.com\\\/labravaradiofm\\\/2026\\\/08\\\/25\\\/oaxaca-lider-nacional-en-crecimiento-de-transporte-publico-con-binnibus\\\/\"},\"author\":{\"name\":\"Staff\",\"@id\":\"https:\\\/\\\/www.bbmnoticias.com\\\/labravaradiofm\\\/#\\\/schema\\\/person\\\/9eb037257fc48a09cdf31d9a2f45619f\"},\"headline\":\"Oaxaca, l\u00edder nacional en crecimiento de transporte p\u00fablico con Binnibus\",\"datePublished\":\"2026-08-25T20:20:17+00:00\",\"dateModified\":\"2026-08-25T20:20:28+00:00\",\"mainEntityOfPage\":{\"@id\":\"https:\\\/\\\/www.bbmnoticias.com\\\/labravaradiofm\\\/2026\\\/08\\\/25\\\/oaxaca-lider-nacional-en-crecimiento-de-transporte-publico-con-binnibus\\\/\"},\"wordCount\":324,\"articleSection\":[\"LOCAL\"],\"inLanguage\":\"es\"},{\"@type\":\"WebPage\",\"@id\":\"https:\\\/\\\/www.bbmnoticias.com\\\/labravaradiofm\\\/2026\\\/08\\\/25\\\/oaxaca-lider-nacional-en-crecimiento-de-transporte-publico-con-binnibus\\\/\",\"url\":\"https:\\\/\\\/www.bbmnoticias.com\\\/oaxaca-lider-nacional-en-crecimiento-de-transporte-publico-con-binnibus\\\/\",\"name\":\"Oaxaca, l\u00edder nacional en crecimiento de transporte p\u00fablico con Binnibus - LA BRAVA RADIO\",\"isPartOf\":{\"@id\":\"https:\\\/\\\/www.bbmnoticias.com\\\/labravaradiofm\\\/#website\"},\"datePublished\":\"2026-08-25T20:20:17+00:00\",\"dateModified\":\"2026-08-25T20:20:28+00:00\",\"author\":{\"@id\":\"https:\\\/\\\/www.bbmnoticias.com\\\/labravaradiofm\\\/#\\\/schema\\\/person\\\/9eb037257fc48a09cdf31d9a2f45619f\"},\"breadcrumb\":{\"@id\":\"https:\\\/\\\/www.bbmnoticias.com\\\/oaxaca-lider-nacional-en-crecimiento-de-transporte-publico-con-binnibus\\\/#breadcrumb\"},\"inLanguage\":\"es\",\"potentialAction\":[{\"@type\":\"ReadAction\",\"target\":[\"https:\\\/\\\/www.bbmnoticias.com\\\/oaxaca-lider-nacional-en-crecimiento-de-transporte-publico-con-binnibus\\\/\"]}]},{\"@type\":\"BreadcrumbList\",\"@id\":\"https:\\\/\\\/www.bbmnoticias.com\\\/oaxaca-lider-nacional-en-crecimiento-de-transporte-publico-con-binnibus\\\/#breadcrumb\",\"itemListElement\":[{\"@type\":\"ListItem\",\"position\":1,\"name\":\"Inicio\",\"item\":\"https:\\\/\\\/www.bbmnoticias.com\\\/labravaradiofm\\\/\"},{\"@type\":\"ListItem\",\"position\":2,\"name\":\"Oaxaca, l\u00edder nacional en crecimiento de transporte p\u00fablico con Binnibus\"}]},{\"@type\":\"WebSite\",\"@id\":\"https:\\\/\\\/www.bbmnoticias.com\\\/labravaradiofm\\\/#website\",\"url\":\"https:\\\/\\\/www.bbmnoticias.com\\\/labravaradiofm\\\/\",\"name\":\"LA BRAVA RADIO\",\"description\":\"Empresa productora de medios, Radiodifusi\u00f3n, Noticias, tendencias y todo lo que necesitas saber de la pol\u00edtica mexicana e internacional; entretenimiento, espect\u00e1culos, salud y mucho m\u00e1s.\",\"potentialAction\":[{\"@type\":\"SearchAction\",\"target\":{\"@type\":\"EntryPoint\",\"urlTemplate\":\"https:\\\/\\\/www.bbmnoticias.com\\\/labravaradiofm\\\/?s={search_term_string}\"},\"query-input\":{\"@type\":\"PropertyValueSpecification\",\"valueRequired\":true,\"valueName\":\"search_term_string\"}}],\"inLanguage\":\"es\"},{\"@type\":\"Person\",\"@id\":\"https:\\\/\\\/www.bbmnoticias.com\\\/labravaradiofm\\\/#\\\/schema\\\/person\\\/9eb037257fc48a09cdf31d9a2f45619f\",\"name\":\"Staff\",\"image\":{\"@type\":\"ImageObject\",\"inLanguage\":\"es\",\"@id\":\"https:\\\/\\\/secure.gravatar.com\\\/avatar\\\/fdd21ad66fd8b98c407f9dee5b5e588cfe7f0d8579ec20fa6527cd59bab7f0f0?s=96&d=mm&r=g\",\"url\":\"https:\\\/\\\/secure.gravatar.com\\\/avatar\\\/fdd21ad66fd8b98c407f9dee5b5e588cfe7f0d8579ec20fa6527cd59bab7f0f0?s=96&d=mm&r=g\",\"contentUrl\":\"https:\\\/\\\/secure.gravatar.com\\\/avatar\\\/fdd21ad66fd8b98c407f9dee5b5e588cfe7f0d8579ec20fa6527cd59bab7f0f0?s=96&d=mm&r=g\",\"caption\":\"Staff\"},\"url\":\"https:\\\/\\\/www.bbmnoticias.com\\\/labravaradiofm\\\/author\\\/redaccion\\\/\"}]}<\/script>\n<!-- \/ Yoast SEO plugin. -->","yoast_head_json":{"title":"Oaxaca, l\u00edder nacional en crecimiento de transporte p\u00fablico con Binnibus - LA BRAVA RADIO","robots":{"index":"index","follow":"follow","max-snippet":"max-snippet:-1","max-image-preview":"max-image-preview:large","max-video-preview":"max-video-preview:-1"},"canonical":"https:\/\/www.bbmnoticias.com\/oaxaca-lider-nacional-en-crecimiento-de-transporte-publico-con-binnibus\/","og_locale":"es_MX","og_type":"article","og_title":"Oaxaca, l\u00edder nacional en crecimiento de transporte p\u00fablico con Binnibus - LA BRAVA RADIO","og_description":"Oaxaca de Ju\u00e1rez, Oax.- El Sistema de Transporte Colectivo Metropolitano Binnibus Oaxaca, registr\u00f3 un incremento anual del 519 por ciento en el n\u00famero de personas usuarias, convirti\u00e9ndose en l\u00edder a nivel nacional en el crecimiento de este servicio. El sistema pas\u00f3 de trasladar a 240 mil 358 personas en junio del 2025, a movilizar a [&hellip;]","og_url":"https:\/\/www.bbmnoticias.com\/oaxaca-lider-nacional-en-crecimiento-de-transporte-publico-con-binnibus\/","og_site_name":"LA BRAVA RADIO","article_published_time":"2026-08-25T20:20:17+00:00","article_modified_time":"2026-08-25T20:20:28+00:00","author":"Staff","twitter_card":"summary_large_image","twitter_misc":{"Escrito por":"Staff","Tiempo de lectura":"2 minutos"},"schema":{"@context":"https:\/\/schema.org","@graph":[{"@type":"Article","@id":"https:\/\/www.bbmnoticias.com\/oaxaca-lider-nacional-en-crecimiento-de-transporte-publico-con-binnibus\/#article","isPartOf":{"@id":"https:\/\/www.bbmnoticias.com\/labravaradiofm\/2026\/08\/25\/oaxaca-lider-nacional-en-crecimiento-de-transporte-publico-con-binnibus\/"},"author":{"name":"Staff","@id":"https:\/\/www.bbmnoticias.com\/labravaradiofm\/#\/schema\/person\/9eb037257fc48a09cdf31d9a2f45619f"},"headline":"Oaxaca, l\u00edder nacional en crecimiento de transporte p\u00fablico con Binnibus","datePublished":"2026-08-25T20:20:17+00:00","dateModified":"2026-08-25T20:20:28+00:00","mainEntityOfPage":{"@id":"https:\/\/www.bbmnoticias.com\/labravaradiofm\/2026\/08\/25\/oaxaca-lider-nacional-en-crecimiento-de-transporte-publico-con-binnibus\/"},"wordCount":324,"articleSection":["LOCAL"],"inLanguage":"es"},{"@type":"WebPage","@id":"https:\/\/www.bbmnoticias.com\/labravaradiofm\/2026\/08\/25\/oaxaca-lider-nacional-en-crecimiento-de-transporte-publico-con-binnibus\/","url":"https:\/\/www.bbmnoticias.com\/oaxaca-lider-nacional-en-crecimiento-de-transporte-publico-con-binnibus\/","name":"Oaxaca, l\u00edder nacional en crecimiento de transporte p\u00fablico con Binnibus - LA BRAVA RADIO","isPartOf":{"@id":"https:\/\/www.bbmnoticias.com\/labravaradiofm\/#website"},"datePublished":"2026-08-25T20:20:17+00:00","dateModified":"2026-08-25T20:20:28+00:00","author":{"@id":"https:\/\/www.bbmnoticias.com\/labravaradiofm\/#\/schema\/person\/9eb037257fc48a09cdf31d9a2f45619f"},"breadcrumb":{"@id":"https:\/\/www.bbmnoticias.com\/oaxaca-lider-nacional-en-crecimiento-de-transporte-publico-con-binnibus\/#breadcrumb"},"inLanguage":"es","potentialAction":[{"@type":"ReadAction","target":["https:\/\/www.bbmnoticias.com\/oaxaca-lider-nacional-en-crecimiento-de-transporte-publico-con-binnibus\/"]}]},{"@type":"BreadcrumbList","@id":"https:\/\/www.bbmnoticias.com\/oaxaca-lider-nacional-en-crecimiento-de-transporte-publico-con-binnibus\/#breadcrumb","itemListElement":[{"@type":"ListItem","position":1,"name":"Inicio","item":"https:\/\/www.bbmnoticias.com\/labravaradiofm\/"},{"@type":"ListItem","position":2,"name":"Oaxaca, l\u00edder nacional en crecimiento de transporte p\u00fablico con Binnibus"}]},{"@type":"WebSite","@id":"https:\/\/www.bbmnoticias.com\/labravaradiofm\/#website","url":"https:\/\/www.bbmnoticias.com\/labravaradiofm\/","name":"LA BRAVA RADIO","description":"Empresa productora de medios, Radiodifusi\u00f3n, Noticias, tendencias y todo lo que necesitas saber de la pol\u00edtica mexicana e internacional; entretenimiento, espect\u00e1culos, salud y mucho m\u00e1s.","potentialAction":[{"@type":"SearchAction","target":{"@type":"EntryPoint","urlTemplate":"https:\/\/www.bbmnoticias.com\/labravaradiofm\/?s={search_term_string}"},"query-input":{"@type":"PropertyValueSpecification","valueRequired":true,"valueName":"search_term_string"}}],"inLanguage":"es"},{"@type":"Person","@id":"https:\/\/www.bbmnoticias.com\/labravaradiofm\/#\/schema\/person\/9eb037257fc48a09cdf31d9a2f45619f","name":"Staff","image":{"@type":"ImageObject","inLanguage":"es","@id":"https:\/\/secure.gravatar.com\/avatar\/fdd21ad66fd8b98c407f9dee5b5e588cfe7f0d8579ec20fa6527cd59bab7f0f0?s=96&d=mm&r=g","url":"https:\/\/secure.gravatar.com\/avatar\/fdd21ad66fd8b98c407f9dee5b5e588cfe7f0d8579ec20fa6527cd59bab7f0f0?s=96&d=mm&r=g","contentUrl":"https:\/\/secure.gravatar.com\/avatar\/fdd21ad66fd8b98c407f9dee5b5e588cfe7f0d8579ec20fa6527cd59bab7f0f0?s=96&d=mm&r=g","caption":"Staff"},"url":"https:\/\/www.bbmnoticias.com\/labravaradiofm\/author\/redaccion\/"}]}},"_links":{"self":[{"href":"https:\/\/www.bbmnoticias.com\/labravaradiofm\/wp-json\/wp\/v2\/posts\/81050","targetHints":{"allow":["GET"]}}],"collection":[{"href":"https:\/\/www.bbmnoticias.com\/labravaradiofm\/wp-json\/wp\/v2\/posts"}],"about":[{"href":"https:\/\/www.bbmnoticias.com\/labravaradiofm\/wp-json\/wp\/v2\/types\/post"}],"author":[{"embeddable":true,"href":"https:\/\/www.bbmnoticias.com\/labravaradiofm\/wp-json\/wp\/v2\/users\/2"}],"replies":[{"embeddable":true,"href":"https:\/\/www.bbmnoticias.com\/labravaradiofm\/wp-json\/wp\/v2\/comments?post=81050"}],"version-history":[{"count":1,"href":"https:\/\/www.bbmnoticias.com\/labravaradiofm\/wp-json\/wp\/v2\/posts\/81050\/revisions"}],"predecessor-version":[{"id":81051,"href":"https:\/\/www.bbmnoticias.com\/labravaradiofm\/wp-json\/wp\/v2\/posts\/81050\/revisions\/81051"}],"wp:attachment":[{"href":"https:\/\/www.bbmnoticias.com\/labravaradiofm\/wp-json\/wp\/v2\/media?parent=81050"}],"wp:term":[{"taxonomy":"category","embeddable":true,"href":"https:\/\/www.bbmnoticias.com\/labravaradiofm\/wp-json\/wp\/v2\/categories?post=81050"},{"taxonomy":"post_tag","embeddable":true,"href":"https:\/\/www.bbmnoticias.com\/labravaradiofm\/wp-json\/wp\/v2\/tags?post=81050"}],"curies":[{"name":"wp","href":"https:\/\/api.w.org\/{rel}","templated":true}]}}