{"id":81047,"date":"2026-08-25T11:10:58","date_gmt":"2026-08-25T17:10:58","guid":{"rendered":"https:\/\/www.bbmnoticias.com\/labravaradiofm\/2026\/08\/25\/congreso-de-sinaloa-designa-a-graciela-dominguez-como-gobernadora-interina\/"},"modified":"2026-08-25T11:11:01","modified_gmt":"2026-08-25T17:11:01","slug":"congreso-de-sinaloa-designa-a-graciela-dominguez-como-gobernadora-interina","status":"publish","type":"post","link":"https:\/\/www.bbmnoticias.com\/labravaradiofm\/2026\/08\/25\/congreso-de-sinaloa-designa-a-graciela-dominguez-como-gobernadora-interina\/","title":{"rendered":"Congreso de Sinaloa designa a Graciela Dom\u00ednguez como gobernadora interina"},"content":{"rendered":"\n<p class=\"wp-block-paragraph\"><strong>La legisladora de Morena asumir\u00e1 temporalmente el cargo tras la aprobaci\u00f3n de una nueva licencia para Rub\u00e9n Rocha Moya.<\/strong><\/p>\n\n\n\n<p class=\"wp-block-paragraph\"><strong>Culiac\u00e1n, Sinaloa.\u2014<\/strong> El Congreso del Estado de Sinaloa design\u00f3 este martes a Graciela Dom\u00ednguez Nava como gobernadora interina, luego de aprobar una nueva licencia temporal para Rub\u00e9n Rocha Moya, quien se mantiene alejado del cargo en medio de se\u00f1alamientos sobre presuntos v\u00ednculos con el C\u00e1rtel de Sinaloa.<\/p>\n\n\n\n<p class=\"wp-block-paragraph\">Dom\u00ednguez Nava, de 50 a\u00f1os, cuenta con una trayectoria de varios a\u00f1os en la pol\u00edtica y actualmente forma parte de Morena, el partido oficialista.<\/p>\n\n\n\n<p class=\"wp-block-paragraph\">La designaci\u00f3n se produjo despu\u00e9s de que el Congreso estatal avalara la solicitud de licencia presentada nuevamente por Rocha Moya, quien hab\u00eda dejado temporalmente la gubernatura el pasado 1 de mayo.<\/p>\n\n\n\n<h2 class=\"wp-block-heading\">Rocha Moya hab\u00eda anunciado su regreso<\/h2>\n\n\n\n<p class=\"wp-block-paragraph\">La semana pasada, Rub\u00e9n Rocha Moya hab\u00eda anunciado su intenci\u00f3n de regresar a la gubernatura de Sinaloa, despu\u00e9s de permanecer separado del cargo durante varios meses.<\/p>\n\n\n\n<p class=\"wp-block-paragraph\">Su anuncio gener\u00f3 una nueva controversia pol\u00edtica debido a los se\u00f1alamientos provenientes de Estados Unidos y a versiones sobre una eventual solicitud de extradici\u00f3n relacionadas con investigaciones sobre presuntos v\u00ednculos con organizaciones delictivas.<\/p>\n\n\n\n<p class=\"wp-block-paragraph\">El caso provoc\u00f3 tambi\u00e9n un escenario de tensi\u00f3n pol\u00edtica al interior de Morena y entre autoridades estatales y federales.<\/p>\n\n\n\n<p class=\"wp-block-paragraph\">Con la nueva licencia aprobada por el Congreso sinaloense, Graciela Dom\u00ednguez Nava asumir\u00e1 de manera interina las funciones del Poder Ejecutivo estatal durante el periodo correspondiente.<\/p>\n\n\n\n<p class=\"wp-block-paragraph\">El nombramiento ocurre en medio de un complejo escenario pol\u00edtico para Sinaloa, marcado por las investigaciones y acusaciones contra Rocha Moya, as\u00ed como por las disputas pol\u00edticas derivadas de su permanencia y eventual retorno al cargo.<\/p>\n\n\n\n<p class=\"wp-block-paragraph\"><\/p>\n","protected":false},"excerpt":{"rendered":"<p>La legisladora de Morena asumir\u00e1 temporalmente el cargo tras la aprobaci\u00f3n de una nueva licencia para Rub\u00e9n Rocha Moya. Culiac\u00e1n, Sinaloa.\u2014 El Congreso del Estado de Sinaloa design\u00f3 este martes a Graciela Dom\u00ednguez Nava como gobernadora interina, luego de aprobar una nueva licencia temporal para Rub\u00e9n Rocha Moya, quien se mantiene alejado del cargo en [&hellip;]<\/p>\n","protected":false},"author":4,"featured_media":81049,"comment_status":"closed","ping_status":"open","sticky":false,"template":"","format":"standard","meta":{"footnotes":""},"categories":[2,19],"tags":[],"class_list":["post-81047","post","type-post","status-publish","format-standard","has-post-thumbnail","hentry","category-oaxaca","category-nacional"],"yoast_head":"<!-- This site is optimized with the Yoast SEO plugin v28.1 - https:\/\/yoast.com\/product\/yoast-seo-wordpress\/ -->\n<title>Congreso de Sinaloa designa a Graciela Dom\u00ednguez como gobernadora interina - LA BRAVA RADIO<\/title>\n<meta name=\"robots\" content=\"index, follow, max-snippet:-1, max-image-preview:large, max-video-preview:-1\" \/>\n<link rel=\"canonical\" href=\"https:\/\/www.bbmnoticias.com\/congreso-de-sinaloa-designa-a-graciela-dominguez-como-gobernadora-interina\/\" \/>\n<meta property=\"og:locale\" content=\"es_MX\" \/>\n<meta property=\"og:type\" content=\"article\" \/>\n<meta property=\"og:title\" content=\"Congreso de Sinaloa designa a Graciela Dom\u00ednguez como gobernadora interina - LA BRAVA RADIO\" \/>\n<meta property=\"og:description\" content=\"La legisladora de Morena asumir\u00e1 temporalmente el cargo tras la aprobaci\u00f3n de una nueva licencia para Rub\u00e9n Rocha Moya. Culiac\u00e1n, Sinaloa.\u2014 El Congreso del Estado de Sinaloa design\u00f3 este martes a Graciela Dom\u00ednguez Nava como gobernadora interina, luego de aprobar una nueva licencia temporal para Rub\u00e9n Rocha Moya, quien se mantiene alejado del cargo en [&hellip;]\" \/>\n<meta property=\"og:url\" content=\"https:\/\/www.bbmnoticias.com\/congreso-de-sinaloa-designa-a-graciela-dominguez-como-gobernadora-interina\/\" \/>\n<meta property=\"og:site_name\" content=\"LA BRAVA RADIO\" \/>\n<meta property=\"article:published_time\" content=\"2026-08-25T17:10:58+00:00\" \/>\n<meta property=\"article:modified_time\" content=\"2026-08-25T17:11:01+00:00\" \/>\n<meta property=\"og:image\" content=\"https:\/\/www.bbmnoticias.com\/labravaradiofm\/wp-content\/uploads\/sites\/5\/2026\/08\/gobernadora_sinaloa.jpg\" \/>\n\t<meta property=\"og:image:width\" content=\"750\" \/>\n\t<meta property=\"og:image:height\" content=\"450\" \/>\n\t<meta property=\"og:image:type\" content=\"image\/jpeg\" \/>\n<meta name=\"author\" content=\"Agencias\" \/>\n<meta name=\"twitter:card\" content=\"summary_large_image\" \/>\n<meta name=\"twitter:label1\" content=\"Escrito por\" \/>\n\t<meta name=\"twitter:data1\" content=\"Agencias\" \/>\n\t<meta name=\"twitter:label2\" content=\"Tiempo de lectura\" \/>\n\t<meta name=\"twitter:data2\" content=\"1 minuto\" \/>\n<script type=\"application\/ld+json\" class=\"yoast-schema-graph\">{\"@context\":\"https:\\\/\\\/schema.org\",\"@graph\":[{\"@type\":\"Article\",\"@id\":\"https:\\\/\\\/www.bbmnoticias.com\\\/congreso-de-sinaloa-designa-a-graciela-dominguez-como-gobernadora-interina\\\/#article\",\"isPartOf\":{\"@id\":\"https:\\\/\\\/www.bbmnoticias.com\\\/labravaradiofm\\\/2026\\\/08\\\/25\\\/congreso-de-sinaloa-designa-a-graciela-dominguez-como-gobernadora-interina\\\/\"},\"author\":{\"name\":\"Agencias\",\"@id\":\"https:\\\/\\\/www.bbmnoticias.com\\\/labravaradiofm\\\/#\\\/schema\\\/person\\\/9fbc5ce7940cac56d0ea1e2b03b6d30c\"},\"headline\":\"Congreso de Sinaloa designa a Graciela Dom\u00ednguez como gobernadora interina\",\"datePublished\":\"2026-08-25T17:10:58+00:00\",\"dateModified\":\"2026-08-25T17:11:01+00:00\",\"mainEntityOfPage\":{\"@id\":\"https:\\\/\\\/www.bbmnoticias.com\\\/labravaradiofm\\\/2026\\\/08\\\/25\\\/congreso-de-sinaloa-designa-a-graciela-dominguez-como-gobernadora-interina\\\/\"},\"wordCount\":306,\"image\":{\"@id\":\"https:\\\/\\\/www.bbmnoticias.com\\\/congreso-de-sinaloa-designa-a-graciela-dominguez-como-gobernadora-interina\\\/#primaryimage\"},\"thumbnailUrl\":\"https:\\\/\\\/www.bbmnoticias.com\\\/labravaradiofm\\\/wp-content\\\/uploads\\\/sites\\\/5\\\/2026\\\/08\\\/gobernadora_sinaloa.jpg\",\"articleSection\":[\"LOCAL\",\"NACIONAL\"],\"inLanguage\":\"es\"},{\"@type\":\"WebPage\",\"@id\":\"https:\\\/\\\/www.bbmnoticias.com\\\/labravaradiofm\\\/2026\\\/08\\\/25\\\/congreso-de-sinaloa-designa-a-graciela-dominguez-como-gobernadora-interina\\\/\",\"url\":\"https:\\\/\\\/www.bbmnoticias.com\\\/congreso-de-sinaloa-designa-a-graciela-dominguez-como-gobernadora-interina\\\/\",\"name\":\"Congreso de Sinaloa designa a Graciela Dom\u00ednguez como gobernadora interina - LA BRAVA RADIO\",\"isPartOf\":{\"@id\":\"https:\\\/\\\/www.bbmnoticias.com\\\/labravaradiofm\\\/#website\"},\"primaryImageOfPage\":{\"@id\":\"https:\\\/\\\/www.bbmnoticias.com\\\/congreso-de-sinaloa-designa-a-graciela-dominguez-como-gobernadora-interina\\\/#primaryimage\"},\"image\":{\"@id\":\"https:\\\/\\\/www.bbmnoticias.com\\\/congreso-de-sinaloa-designa-a-graciela-dominguez-como-gobernadora-interina\\\/#primaryimage\"},\"thumbnailUrl\":\"https:\\\/\\\/www.bbmnoticias.com\\\/labravaradiofm\\\/wp-content\\\/uploads\\\/sites\\\/5\\\/2026\\\/08\\\/gobernadora_sinaloa.jpg\",\"datePublished\":\"2026-08-25T17:10:58+00:00\",\"dateModified\":\"2026-08-25T17:11:01+00:00\",\"author\":{\"@id\":\"https:\\\/\\\/www.bbmnoticias.com\\\/labravaradiofm\\\/#\\\/schema\\\/person\\\/9fbc5ce7940cac56d0ea1e2b03b6d30c\"},\"breadcrumb\":{\"@id\":\"https:\\\/\\\/www.bbmnoticias.com\\\/congreso-de-sinaloa-designa-a-graciela-dominguez-como-gobernadora-interina\\\/#breadcrumb\"},\"inLanguage\":\"es\",\"potentialAction\":[{\"@type\":\"ReadAction\",\"target\":[\"https:\\\/\\\/www.bbmnoticias.com\\\/congreso-de-sinaloa-designa-a-graciela-dominguez-como-gobernadora-interina\\\/\"]}]},{\"@type\":\"ImageObject\",\"inLanguage\":\"es\",\"@id\":\"https:\\\/\\\/www.bbmnoticias.com\\\/congreso-de-sinaloa-designa-a-graciela-dominguez-como-gobernadora-interina\\\/#primaryimage\",\"url\":\"https:\\\/\\\/www.bbmnoticias.com\\\/labravaradiofm\\\/wp-content\\\/uploads\\\/sites\\\/5\\\/2026\\\/08\\\/gobernadora_sinaloa.jpg\",\"contentUrl\":\"https:\\\/\\\/www.bbmnoticias.com\\\/labravaradiofm\\\/wp-content\\\/uploads\\\/sites\\\/5\\\/2026\\\/08\\\/gobernadora_sinaloa.jpg\",\"width\":750,\"height\":450},{\"@type\":\"BreadcrumbList\",\"@id\":\"https:\\\/\\\/www.bbmnoticias.com\\\/congreso-de-sinaloa-designa-a-graciela-dominguez-como-gobernadora-interina\\\/#breadcrumb\",\"itemListElement\":[{\"@type\":\"ListItem\",\"position\":1,\"name\":\"Inicio\",\"item\":\"https:\\\/\\\/www.bbmnoticias.com\\\/labravaradiofm\\\/\"},{\"@type\":\"ListItem\",\"position\":2,\"name\":\"Congreso de Sinaloa designa a Graciela Dom\u00ednguez como gobernadora interina\"}]},{\"@type\":\"WebSite\",\"@id\":\"https:\\\/\\\/www.bbmnoticias.com\\\/labravaradiofm\\\/#website\",\"url\":\"https:\\\/\\\/www.bbmnoticias.com\\\/labravaradiofm\\\/\",\"name\":\"LA BRAVA RADIO\",\"description\":\"Empresa productora de medios, Radiodifusi\u00f3n, Noticias, tendencias y todo lo que necesitas saber de la pol\u00edtica mexicana e internacional; entretenimiento, espect\u00e1culos, salud y mucho m\u00e1s.\",\"potentialAction\":[{\"@type\":\"SearchAction\",\"target\":{\"@type\":\"EntryPoint\",\"urlTemplate\":\"https:\\\/\\\/www.bbmnoticias.com\\\/labravaradiofm\\\/?s={search_term_string}\"},\"query-input\":{\"@type\":\"PropertyValueSpecification\",\"valueRequired\":true,\"valueName\":\"search_term_string\"}}],\"inLanguage\":\"es\"},{\"@type\":\"Person\",\"@id\":\"https:\\\/\\\/www.bbmnoticias.com\\\/labravaradiofm\\\/#\\\/schema\\\/person\\\/9fbc5ce7940cac56d0ea1e2b03b6d30c\",\"name\":\"Agencias\",\"image\":{\"@type\":\"ImageObject\",\"inLanguage\":\"es\",\"@id\":\"https:\\\/\\\/secure.gravatar.com\\\/avatar\\\/739e0b61adf9e398b425c36718c8752286da0e8cd90f20ce9a86678abc26aa0d?s=96&d=mm&r=g\",\"url\":\"https:\\\/\\\/secure.gravatar.com\\\/avatar\\\/739e0b61adf9e398b425c36718c8752286da0e8cd90f20ce9a86678abc26aa0d?s=96&d=mm&r=g\",\"contentUrl\":\"https:\\\/\\\/secure.gravatar.com\\\/avatar\\\/739e0b61adf9e398b425c36718c8752286da0e8cd90f20ce9a86678abc26aa0d?s=96&d=mm&r=g\",\"caption\":\"Agencias\"},\"url\":\"https:\\\/\\\/www.bbmnoticias.com\\\/labravaradiofm\\\/author\\\/agencias\\\/\"}]}<\/script>\n<!-- \/ Yoast SEO plugin. -->","yoast_head_json":{"title":"Congreso de Sinaloa designa a Graciela Dom\u00ednguez como gobernadora interina - LA BRAVA RADIO","robots":{"index":"index","follow":"follow","max-snippet":"max-snippet:-1","max-image-preview":"max-image-preview:large","max-video-preview":"max-video-preview:-1"},"canonical":"https:\/\/www.bbmnoticias.com\/congreso-de-sinaloa-designa-a-graciela-dominguez-como-gobernadora-interina\/","og_locale":"es_MX","og_type":"article","og_title":"Congreso de Sinaloa designa a Graciela Dom\u00ednguez como gobernadora interina - LA BRAVA RADIO","og_description":"La legisladora de Morena asumir\u00e1 temporalmente el cargo tras la aprobaci\u00f3n de una nueva licencia para Rub\u00e9n Rocha Moya. Culiac\u00e1n, Sinaloa.\u2014 El Congreso del Estado de Sinaloa design\u00f3 este martes a Graciela Dom\u00ednguez Nava como gobernadora interina, luego de aprobar una nueva licencia temporal para Rub\u00e9n Rocha Moya, quien se mantiene alejado del cargo en [&hellip;]","og_url":"https:\/\/www.bbmnoticias.com\/congreso-de-sinaloa-designa-a-graciela-dominguez-como-gobernadora-interina\/","og_site_name":"LA BRAVA RADIO","article_published_time":"2026-08-25T17:10:58+00:00","article_modified_time":"2026-08-25T17:11:01+00:00","og_image":[{"width":750,"height":450,"url":"https:\/\/www.bbmnoticias.com\/labravaradiofm\/wp-content\/uploads\/sites\/5\/2026\/08\/gobernadora_sinaloa.jpg","type":"image\/jpeg"}],"author":"Agencias","twitter_card":"summary_large_image","twitter_misc":{"Escrito por":"Agencias","Tiempo de lectura":"1 minuto"},"schema":{"@context":"https:\/\/schema.org","@graph":[{"@type":"Article","@id":"https:\/\/www.bbmnoticias.com\/congreso-de-sinaloa-designa-a-graciela-dominguez-como-gobernadora-interina\/#article","isPartOf":{"@id":"https:\/\/www.bbmnoticias.com\/labravaradiofm\/2026\/08\/25\/congreso-de-sinaloa-designa-a-graciela-dominguez-como-gobernadora-interina\/"},"author":{"name":"Agencias","@id":"https:\/\/www.bbmnoticias.com\/labravaradiofm\/#\/schema\/person\/9fbc5ce7940cac56d0ea1e2b03b6d30c"},"headline":"Congreso de Sinaloa designa a Graciela Dom\u00ednguez como gobernadora interina","datePublished":"2026-08-25T17:10:58+00:00","dateModified":"2026-08-25T17:11:01+00:00","mainEntityOfPage":{"@id":"https:\/\/www.bbmnoticias.com\/labravaradiofm\/2026\/08\/25\/congreso-de-sinaloa-designa-a-graciela-dominguez-como-gobernadora-interina\/"},"wordCount":306,"image":{"@id":"https:\/\/www.bbmnoticias.com\/congreso-de-sinaloa-designa-a-graciela-dominguez-como-gobernadora-interina\/#primaryimage"},"thumbnailUrl":"https:\/\/www.bbmnoticias.com\/labravaradiofm\/wp-content\/uploads\/sites\/5\/2026\/08\/gobernadora_sinaloa.jpg","articleSection":["LOCAL","NACIONAL"],"inLanguage":"es"},{"@type":"WebPage","@id":"https:\/\/www.bbmnoticias.com\/labravaradiofm\/2026\/08\/25\/congreso-de-sinaloa-designa-a-graciela-dominguez-como-gobernadora-interina\/","url":"https:\/\/www.bbmnoticias.com\/congreso-de-sinaloa-designa-a-graciela-dominguez-como-gobernadora-interina\/","name":"Congreso de Sinaloa designa a Graciela Dom\u00ednguez como gobernadora interina - LA BRAVA RADIO","isPartOf":{"@id":"https:\/\/www.bbmnoticias.com\/labravaradiofm\/#website"},"primaryImageOfPage":{"@id":"https:\/\/www.bbmnoticias.com\/congreso-de-sinaloa-designa-a-graciela-dominguez-como-gobernadora-interina\/#primaryimage"},"image":{"@id":"https:\/\/www.bbmnoticias.com\/congreso-de-sinaloa-designa-a-graciela-dominguez-como-gobernadora-interina\/#primaryimage"},"thumbnailUrl":"https:\/\/www.bbmnoticias.com\/labravaradiofm\/wp-content\/uploads\/sites\/5\/2026\/08\/gobernadora_sinaloa.jpg","datePublished":"2026-08-25T17:10:58+00:00","dateModified":"2026-08-25T17:11:01+00:00","author":{"@id":"https:\/\/www.bbmnoticias.com\/labravaradiofm\/#\/schema\/person\/9fbc5ce7940cac56d0ea1e2b03b6d30c"},"breadcrumb":{"@id":"https:\/\/www.bbmnoticias.com\/congreso-de-sinaloa-designa-a-graciela-dominguez-como-gobernadora-interina\/#breadcrumb"},"inLanguage":"es","potentialAction":[{"@type":"ReadAction","target":["https:\/\/www.bbmnoticias.com\/congreso-de-sinaloa-designa-a-graciela-dominguez-como-gobernadora-interina\/"]}]},{"@type":"ImageObject","inLanguage":"es","@id":"https:\/\/www.bbmnoticias.com\/congreso-de-sinaloa-designa-a-graciela-dominguez-como-gobernadora-interina\/#primaryimage","url":"https:\/\/www.bbmnoticias.com\/labravaradiofm\/wp-content\/uploads\/sites\/5\/2026\/08\/gobernadora_sinaloa.jpg","contentUrl":"https:\/\/www.bbmnoticias.com\/labravaradiofm\/wp-content\/uploads\/sites\/5\/2026\/08\/gobernadora_sinaloa.jpg","width":750,"height":450},{"@type":"BreadcrumbList","@id":"https:\/\/www.bbmnoticias.com\/congreso-de-sinaloa-designa-a-graciela-dominguez-como-gobernadora-interina\/#breadcrumb","itemListElement":[{"@type":"ListItem","position":1,"name":"Inicio","item":"https:\/\/www.bbmnoticias.com\/labravaradiofm\/"},{"@type":"ListItem","position":2,"name":"Congreso de Sinaloa designa a Graciela Dom\u00ednguez como gobernadora interina"}]},{"@type":"WebSite","@id":"https:\/\/www.bbmnoticias.com\/labravaradiofm\/#website","url":"https:\/\/www.bbmnoticias.com\/labravaradiofm\/","name":"LA BRAVA RADIO","description":"Empresa productora de medios, Radiodifusi\u00f3n, Noticias, tendencias y todo lo que necesitas saber de la pol\u00edtica mexicana e internacional; entretenimiento, espect\u00e1culos, salud y mucho m\u00e1s.","potentialAction":[{"@type":"SearchAction","target":{"@type":"EntryPoint","urlTemplate":"https:\/\/www.bbmnoticias.com\/labravaradiofm\/?s={search_term_string}"},"query-input":{"@type":"PropertyValueSpecification","valueRequired":true,"valueName":"search_term_string"}}],"inLanguage":"es"},{"@type":"Person","@id":"https:\/\/www.bbmnoticias.com\/labravaradiofm\/#\/schema\/person\/9fbc5ce7940cac56d0ea1e2b03b6d30c","name":"Agencias","image":{"@type":"ImageObject","inLanguage":"es","@id":"https:\/\/secure.gravatar.com\/avatar\/739e0b61adf9e398b425c36718c8752286da0e8cd90f20ce9a86678abc26aa0d?s=96&d=mm&r=g","url":"https:\/\/secure.gravatar.com\/avatar\/739e0b61adf9e398b425c36718c8752286da0e8cd90f20ce9a86678abc26aa0d?s=96&d=mm&r=g","contentUrl":"https:\/\/secure.gravatar.com\/avatar\/739e0b61adf9e398b425c36718c8752286da0e8cd90f20ce9a86678abc26aa0d?s=96&d=mm&r=g","caption":"Agencias"},"url":"https:\/\/www.bbmnoticias.com\/labravaradiofm\/author\/agencias\/"}]}},"_links":{"self":[{"href":"https:\/\/www.bbmnoticias.com\/labravaradiofm\/wp-json\/wp\/v2\/posts\/81047","targetHints":{"allow":["GET"]}}],"collection":[{"href":"https:\/\/www.bbmnoticias.com\/labravaradiofm\/wp-json\/wp\/v2\/posts"}],"about":[{"href":"https:\/\/www.bbmnoticias.com\/labravaradiofm\/wp-json\/wp\/v2\/types\/post"}],"author":[{"embeddable":true,"href":"https:\/\/www.bbmnoticias.com\/labravaradiofm\/wp-json\/wp\/v2\/users\/4"}],"replies":[{"embeddable":true,"href":"https:\/\/www.bbmnoticias.com\/labravaradiofm\/wp-json\/wp\/v2\/comments?post=81047"}],"version-history":[{"count":1,"href":"https:\/\/www.bbmnoticias.com\/labravaradiofm\/wp-json\/wp\/v2\/posts\/81047\/revisions"}],"predecessor-version":[{"id":81048,"href":"https:\/\/www.bbmnoticias.com\/labravaradiofm\/wp-json\/wp\/v2\/posts\/81047\/revisions\/81048"}],"wp:featuredmedia":[{"embeddable":true,"href":"https:\/\/www.bbmnoticias.com\/labravaradiofm\/wp-json\/wp\/v2\/media\/81049"}],"wp:attachment":[{"href":"https:\/\/www.bbmnoticias.com\/labravaradiofm\/wp-json\/wp\/v2\/media?parent=81047"}],"wp:term":[{"taxonomy":"category","embeddable":true,"href":"https:\/\/www.bbmnoticias.com\/labravaradiofm\/wp-json\/wp\/v2\/categories?post=81047"},{"taxonomy":"post_tag","embeddable":true,"href":"https:\/\/www.bbmnoticias.com\/labravaradiofm\/wp-json\/wp\/v2\/tags?post=81047"}],"curies":[{"name":"wp","href":"https:\/\/api.w.org\/{rel}","templated":true}]}}