{"id":81044,"date":"2026-08-25T11:02:23","date_gmt":"2026-08-25T17:02:23","guid":{"rendered":"https:\/\/www.bbmnoticias.com\/labravaradiofm\/2026\/08\/25\/autobus-cae-a-barranco-en-veracruz-seis-pasajeros-resultan-heridos\/"},"modified":"2026-08-25T11:02:25","modified_gmt":"2026-08-25T17:02:25","slug":"autobus-cae-a-barranco-en-veracruz-seis-pasajeros-resultan-heridos","status":"publish","type":"post","link":"https:\/\/www.bbmnoticias.com\/labravaradiofm\/2026\/08\/25\/autobus-cae-a-barranco-en-veracruz-seis-pasajeros-resultan-heridos\/","title":{"rendered":"Autob\u00fas cae a barranco en Veracruz; seis pasajeros resultan heridos"},"content":{"rendered":"\n<p class=\"wp-block-paragraph\"><strong>La unidad de la l\u00ednea Nezahualc\u00f3yotl presuntamente se qued\u00f3 sin frenos cuando circulaba por la carretera San Marcos de Le\u00f3n-Teocelo; tres personas fueron trasladadas a un hospital.<\/strong><\/p>\n\n\n\n<p class=\"wp-block-paragraph\"><strong>Xalapa, Veracruz.\u2014<\/strong> Un autob\u00fas de pasajeros de la l\u00ednea Nezahualc\u00f3yotl cay\u00f3 a un barranco cuando circulaba por la carretera San Marcos de Le\u00f3n-Teocelo, en la zona central de Veracruz, dejando al menos seis personas lesionadas la noche del lunes.<\/p>\n\n\n\n<p class=\"wp-block-paragraph\">De acuerdo con testimonios recabados en el lugar, la unidad, identificada con el n\u00famero econ\u00f3mico 1, habr\u00eda presentado una falla en los frenos mientras transitaba por un tramo de curvas. El conductor perdi\u00f3 el control del veh\u00edculo, que termin\u00f3 fuera de la carretera.<\/p>\n\n\n\n<p class=\"wp-block-paragraph\">\u00c1rboles y vegetaci\u00f3n frenaron el avance del autob\u00fas y evitaron que cayera hacia una zona m\u00e1s profunda del barranco, lo que habr\u00eda reducido la magnitud del accidente.<\/p>\n\n\n\n<h2 class=\"wp-block-heading\">Tres pasajeros fueron hospitalizados<\/h2>\n\n\n\n<p class=\"wp-block-paragraph\">Tras recibir el reporte, cuerpos de emergencia de los municipios de Coatepec y Xalapa acudieron al sitio para auxiliar a las personas que viajaban en la unidad.<\/p>\n\n\n\n<p class=\"wp-block-paragraph\">Al momento del accidente se encontraban <strong>15 pasajeros<\/strong> a bordo. Al menos seis sufrieron golpes y lesiones, mientras que otras personas presentaron crisis de ansiedad y recibieron atenci\u00f3n de param\u00e9dicos.<\/p>\n\n\n\n<p class=\"wp-block-paragraph\">Tres pasajeros presentaron heridas de mayor consideraci\u00f3n y fueron trasladados de manera inmediata a un hospital cercano para recibir atenci\u00f3n m\u00e9dica.<\/p>\n\n\n\n<h2 class=\"wp-block-heading\">Investigan las causas del accidente<\/h2>\n\n\n\n<p class=\"wp-block-paragraph\">Peritos especializados realizar\u00e1n las investigaciones correspondientes para determinar las causas del percance y establecer si existe alguna responsabilidad por parte del conductor o de la empresa propietaria del autob\u00fas.<\/p>\n\n\n\n<p class=\"wp-block-paragraph\">El accidente vuelve a generar preocupaci\u00f3n entre habitantes de la regi\u00f3n, donde recientemente se han registrado otros percances similares.<\/p>\n\n\n\n<p class=\"wp-block-paragraph\">La ciudadan\u00eda ha se\u00f1alado las condiciones de algunos autobuses de pasajeros que prestan servicio entre municipios de la zona, particularmente en rutas que atraviesan carreteras con tramos sinuosos y curvas consideradas de riesgo.<\/p>\n\n\n\n<p class=\"wp-block-paragraph\"><\/p>\n","protected":false},"excerpt":{"rendered":"<p>La unidad de la l\u00ednea Nezahualc\u00f3yotl presuntamente se qued\u00f3 sin frenos cuando circulaba por la carretera San Marcos de Le\u00f3n-Teocelo; tres personas fueron trasladadas a un hospital. Xalapa, Veracruz.\u2014 Un autob\u00fas de pasajeros de la l\u00ednea Nezahualc\u00f3yotl cay\u00f3 a un barranco cuando circulaba por la carretera San Marcos de Le\u00f3n-Teocelo, en la zona central de [&hellip;]<\/p>\n","protected":false},"author":4,"featured_media":81046,"comment_status":"closed","ping_status":"open","sticky":false,"template":"","format":"standard","meta":{"footnotes":""},"categories":[2,19],"tags":[],"class_list":["post-81044","post","type-post","status-publish","format-standard","has-post-thumbnail","hentry","category-oaxaca","category-nacional"],"yoast_head":"<!-- This site is optimized with the Yoast SEO plugin v28.1 - https:\/\/yoast.com\/product\/yoast-seo-wordpress\/ -->\n<title>Autob\u00fas cae a barranco en Veracruz; seis pasajeros resultan heridos - LA BRAVA RADIO<\/title>\n<meta name=\"robots\" content=\"index, follow, max-snippet:-1, max-image-preview:large, max-video-preview:-1\" \/>\n<link rel=\"canonical\" href=\"https:\/\/www.bbmnoticias.com\/autobus-cae-a-barranco-en-veracruz-seis-pasajeros-resultan-heridos\/\" \/>\n<meta property=\"og:locale\" content=\"es_MX\" \/>\n<meta property=\"og:type\" content=\"article\" \/>\n<meta property=\"og:title\" content=\"Autob\u00fas cae a barranco en Veracruz; seis pasajeros resultan heridos - LA BRAVA RADIO\" \/>\n<meta property=\"og:description\" content=\"La unidad de la l\u00ednea Nezahualc\u00f3yotl presuntamente se qued\u00f3 sin frenos cuando circulaba por la carretera San Marcos de Le\u00f3n-Teocelo; tres personas fueron trasladadas a un hospital. Xalapa, Veracruz.\u2014 Un autob\u00fas de pasajeros de la l\u00ednea Nezahualc\u00f3yotl cay\u00f3 a un barranco cuando circulaba por la carretera San Marcos de Le\u00f3n-Teocelo, en la zona central de [&hellip;]\" \/>\n<meta property=\"og:url\" content=\"https:\/\/www.bbmnoticias.com\/autobus-cae-a-barranco-en-veracruz-seis-pasajeros-resultan-heridos\/\" \/>\n<meta property=\"og:site_name\" content=\"LA BRAVA RADIO\" \/>\n<meta property=\"article:published_time\" content=\"2026-08-25T17:02:23+00:00\" \/>\n<meta property=\"article:modified_time\" content=\"2026-08-25T17:02:25+00:00\" \/>\n<meta property=\"og:image\" content=\"https:\/\/www.bbmnoticias.com\/labravaradiofm\/wp-content\/uploads\/sites\/5\/2026\/08\/camion-cae-a-barranco-en-veracruz-reportan-seis-lesionados.webp\" \/>\n\t<meta property=\"og:image:width\" content=\"1200\" \/>\n\t<meta property=\"og:image:height\" content=\"741\" \/>\n\t<meta property=\"og:image:type\" content=\"image\/webp\" \/>\n<meta name=\"author\" content=\"Agencias\" \/>\n<meta name=\"twitter:card\" content=\"summary_large_image\" \/>\n<meta name=\"twitter:label1\" content=\"Escrito por\" \/>\n\t<meta name=\"twitter:data1\" content=\"Agencias\" \/>\n\t<meta name=\"twitter:label2\" content=\"Tiempo de lectura\" \/>\n\t<meta name=\"twitter:data2\" content=\"2 minutos\" \/>\n<script type=\"application\/ld+json\" class=\"yoast-schema-graph\">{\"@context\":\"https:\\\/\\\/schema.org\",\"@graph\":[{\"@type\":\"Article\",\"@id\":\"https:\\\/\\\/www.bbmnoticias.com\\\/autobus-cae-a-barranco-en-veracruz-seis-pasajeros-resultan-heridos\\\/#article\",\"isPartOf\":{\"@id\":\"https:\\\/\\\/www.bbmnoticias.com\\\/labravaradiofm\\\/2026\\\/08\\\/25\\\/autobus-cae-a-barranco-en-veracruz-seis-pasajeros-resultan-heridos\\\/\"},\"author\":{\"name\":\"Agencias\",\"@id\":\"https:\\\/\\\/www.bbmnoticias.com\\\/labravaradiofm\\\/#\\\/schema\\\/person\\\/9fbc5ce7940cac56d0ea1e2b03b6d30c\"},\"headline\":\"Autob\u00fas cae a barranco en Veracruz; seis pasajeros resultan heridos\",\"datePublished\":\"2026-08-25T17:02:23+00:00\",\"dateModified\":\"2026-08-25T17:02:25+00:00\",\"mainEntityOfPage\":{\"@id\":\"https:\\\/\\\/www.bbmnoticias.com\\\/labravaradiofm\\\/2026\\\/08\\\/25\\\/autobus-cae-a-barranco-en-veracruz-seis-pasajeros-resultan-heridos\\\/\"},\"wordCount\":339,\"image\":{\"@id\":\"https:\\\/\\\/www.bbmnoticias.com\\\/autobus-cae-a-barranco-en-veracruz-seis-pasajeros-resultan-heridos\\\/#primaryimage\"},\"thumbnailUrl\":\"https:\\\/\\\/www.bbmnoticias.com\\\/labravaradiofm\\\/wp-content\\\/uploads\\\/sites\\\/5\\\/2026\\\/08\\\/camion-cae-a-barranco-en-veracruz-reportan-seis-lesionados.webp\",\"articleSection\":[\"LOCAL\",\"NACIONAL\"],\"inLanguage\":\"es\"},{\"@type\":\"WebPage\",\"@id\":\"https:\\\/\\\/www.bbmnoticias.com\\\/labravaradiofm\\\/2026\\\/08\\\/25\\\/autobus-cae-a-barranco-en-veracruz-seis-pasajeros-resultan-heridos\\\/\",\"url\":\"https:\\\/\\\/www.bbmnoticias.com\\\/autobus-cae-a-barranco-en-veracruz-seis-pasajeros-resultan-heridos\\\/\",\"name\":\"Autob\u00fas cae a barranco en Veracruz; seis pasajeros resultan heridos - LA BRAVA RADIO\",\"isPartOf\":{\"@id\":\"https:\\\/\\\/www.bbmnoticias.com\\\/labravaradiofm\\\/#website\"},\"primaryImageOfPage\":{\"@id\":\"https:\\\/\\\/www.bbmnoticias.com\\\/autobus-cae-a-barranco-en-veracruz-seis-pasajeros-resultan-heridos\\\/#primaryimage\"},\"image\":{\"@id\":\"https:\\\/\\\/www.bbmnoticias.com\\\/autobus-cae-a-barranco-en-veracruz-seis-pasajeros-resultan-heridos\\\/#primaryimage\"},\"thumbnailUrl\":\"https:\\\/\\\/www.bbmnoticias.com\\\/labravaradiofm\\\/wp-content\\\/uploads\\\/sites\\\/5\\\/2026\\\/08\\\/camion-cae-a-barranco-en-veracruz-reportan-seis-lesionados.webp\",\"datePublished\":\"2026-08-25T17:02:23+00:00\",\"dateModified\":\"2026-08-25T17:02:25+00:00\",\"author\":{\"@id\":\"https:\\\/\\\/www.bbmnoticias.com\\\/labravaradiofm\\\/#\\\/schema\\\/person\\\/9fbc5ce7940cac56d0ea1e2b03b6d30c\"},\"breadcrumb\":{\"@id\":\"https:\\\/\\\/www.bbmnoticias.com\\\/autobus-cae-a-barranco-en-veracruz-seis-pasajeros-resultan-heridos\\\/#breadcrumb\"},\"inLanguage\":\"es\",\"potentialAction\":[{\"@type\":\"ReadAction\",\"target\":[\"https:\\\/\\\/www.bbmnoticias.com\\\/autobus-cae-a-barranco-en-veracruz-seis-pasajeros-resultan-heridos\\\/\"]}]},{\"@type\":\"ImageObject\",\"inLanguage\":\"es\",\"@id\":\"https:\\\/\\\/www.bbmnoticias.com\\\/autobus-cae-a-barranco-en-veracruz-seis-pasajeros-resultan-heridos\\\/#primaryimage\",\"url\":\"https:\\\/\\\/www.bbmnoticias.com\\\/labravaradiofm\\\/wp-content\\\/uploads\\\/sites\\\/5\\\/2026\\\/08\\\/camion-cae-a-barranco-en-veracruz-reportan-seis-lesionados.webp\",\"contentUrl\":\"https:\\\/\\\/www.bbmnoticias.com\\\/labravaradiofm\\\/wp-content\\\/uploads\\\/sites\\\/5\\\/2026\\\/08\\\/camion-cae-a-barranco-en-veracruz-reportan-seis-lesionados.webp\",\"width\":1200,\"height\":741},{\"@type\":\"BreadcrumbList\",\"@id\":\"https:\\\/\\\/www.bbmnoticias.com\\\/autobus-cae-a-barranco-en-veracruz-seis-pasajeros-resultan-heridos\\\/#breadcrumb\",\"itemListElement\":[{\"@type\":\"ListItem\",\"position\":1,\"name\":\"Inicio\",\"item\":\"https:\\\/\\\/www.bbmnoticias.com\\\/labravaradiofm\\\/\"},{\"@type\":\"ListItem\",\"position\":2,\"name\":\"Autob\u00fas cae a barranco en Veracruz; seis pasajeros resultan heridos\"}]},{\"@type\":\"WebSite\",\"@id\":\"https:\\\/\\\/www.bbmnoticias.com\\\/labravaradiofm\\\/#website\",\"url\":\"https:\\\/\\\/www.bbmnoticias.com\\\/labravaradiofm\\\/\",\"name\":\"LA BRAVA RADIO\",\"description\":\"Empresa productora de medios, Radiodifusi\u00f3n, Noticias, tendencias y todo lo que necesitas saber de la pol\u00edtica mexicana e internacional; entretenimiento, espect\u00e1culos, salud y mucho m\u00e1s.\",\"potentialAction\":[{\"@type\":\"SearchAction\",\"target\":{\"@type\":\"EntryPoint\",\"urlTemplate\":\"https:\\\/\\\/www.bbmnoticias.com\\\/labravaradiofm\\\/?s={search_term_string}\"},\"query-input\":{\"@type\":\"PropertyValueSpecification\",\"valueRequired\":true,\"valueName\":\"search_term_string\"}}],\"inLanguage\":\"es\"},{\"@type\":\"Person\",\"@id\":\"https:\\\/\\\/www.bbmnoticias.com\\\/labravaradiofm\\\/#\\\/schema\\\/person\\\/9fbc5ce7940cac56d0ea1e2b03b6d30c\",\"name\":\"Agencias\",\"image\":{\"@type\":\"ImageObject\",\"inLanguage\":\"es\",\"@id\":\"https:\\\/\\\/secure.gravatar.com\\\/avatar\\\/739e0b61adf9e398b425c36718c8752286da0e8cd90f20ce9a86678abc26aa0d?s=96&d=mm&r=g\",\"url\":\"https:\\\/\\\/secure.gravatar.com\\\/avatar\\\/739e0b61adf9e398b425c36718c8752286da0e8cd90f20ce9a86678abc26aa0d?s=96&d=mm&r=g\",\"contentUrl\":\"https:\\\/\\\/secure.gravatar.com\\\/avatar\\\/739e0b61adf9e398b425c36718c8752286da0e8cd90f20ce9a86678abc26aa0d?s=96&d=mm&r=g\",\"caption\":\"Agencias\"},\"url\":\"https:\\\/\\\/www.bbmnoticias.com\\\/labravaradiofm\\\/author\\\/agencias\\\/\"}]}<\/script>\n<!-- \/ Yoast SEO plugin. -->","yoast_head_json":{"title":"Autob\u00fas cae a barranco en Veracruz; seis pasajeros resultan heridos - LA BRAVA RADIO","robots":{"index":"index","follow":"follow","max-snippet":"max-snippet:-1","max-image-preview":"max-image-preview:large","max-video-preview":"max-video-preview:-1"},"canonical":"https:\/\/www.bbmnoticias.com\/autobus-cae-a-barranco-en-veracruz-seis-pasajeros-resultan-heridos\/","og_locale":"es_MX","og_type":"article","og_title":"Autob\u00fas cae a barranco en Veracruz; seis pasajeros resultan heridos - LA BRAVA RADIO","og_description":"La unidad de la l\u00ednea Nezahualc\u00f3yotl presuntamente se qued\u00f3 sin frenos cuando circulaba por la carretera San Marcos de Le\u00f3n-Teocelo; tres personas fueron trasladadas a un hospital. Xalapa, Veracruz.\u2014 Un autob\u00fas de pasajeros de la l\u00ednea Nezahualc\u00f3yotl cay\u00f3 a un barranco cuando circulaba por la carretera San Marcos de Le\u00f3n-Teocelo, en la zona central de [&hellip;]","og_url":"https:\/\/www.bbmnoticias.com\/autobus-cae-a-barranco-en-veracruz-seis-pasajeros-resultan-heridos\/","og_site_name":"LA BRAVA RADIO","article_published_time":"2026-08-25T17:02:23+00:00","article_modified_time":"2026-08-25T17:02:25+00:00","og_image":[{"width":1200,"height":741,"url":"https:\/\/www.bbmnoticias.com\/labravaradiofm\/wp-content\/uploads\/sites\/5\/2026\/08\/camion-cae-a-barranco-en-veracruz-reportan-seis-lesionados.webp","type":"image\/webp"}],"author":"Agencias","twitter_card":"summary_large_image","twitter_misc":{"Escrito por":"Agencias","Tiempo de lectura":"2 minutos"},"schema":{"@context":"https:\/\/schema.org","@graph":[{"@type":"Article","@id":"https:\/\/www.bbmnoticias.com\/autobus-cae-a-barranco-en-veracruz-seis-pasajeros-resultan-heridos\/#article","isPartOf":{"@id":"https:\/\/www.bbmnoticias.com\/labravaradiofm\/2026\/08\/25\/autobus-cae-a-barranco-en-veracruz-seis-pasajeros-resultan-heridos\/"},"author":{"name":"Agencias","@id":"https:\/\/www.bbmnoticias.com\/labravaradiofm\/#\/schema\/person\/9fbc5ce7940cac56d0ea1e2b03b6d30c"},"headline":"Autob\u00fas cae a barranco en Veracruz; seis pasajeros resultan heridos","datePublished":"2026-08-25T17:02:23+00:00","dateModified":"2026-08-25T17:02:25+00:00","mainEntityOfPage":{"@id":"https:\/\/www.bbmnoticias.com\/labravaradiofm\/2026\/08\/25\/autobus-cae-a-barranco-en-veracruz-seis-pasajeros-resultan-heridos\/"},"wordCount":339,"image":{"@id":"https:\/\/www.bbmnoticias.com\/autobus-cae-a-barranco-en-veracruz-seis-pasajeros-resultan-heridos\/#primaryimage"},"thumbnailUrl":"https:\/\/www.bbmnoticias.com\/labravaradiofm\/wp-content\/uploads\/sites\/5\/2026\/08\/camion-cae-a-barranco-en-veracruz-reportan-seis-lesionados.webp","articleSection":["LOCAL","NACIONAL"],"inLanguage":"es"},{"@type":"WebPage","@id":"https:\/\/www.bbmnoticias.com\/labravaradiofm\/2026\/08\/25\/autobus-cae-a-barranco-en-veracruz-seis-pasajeros-resultan-heridos\/","url":"https:\/\/www.bbmnoticias.com\/autobus-cae-a-barranco-en-veracruz-seis-pasajeros-resultan-heridos\/","name":"Autob\u00fas cae a barranco en Veracruz; seis pasajeros resultan heridos - LA BRAVA RADIO","isPartOf":{"@id":"https:\/\/www.bbmnoticias.com\/labravaradiofm\/#website"},"primaryImageOfPage":{"@id":"https:\/\/www.bbmnoticias.com\/autobus-cae-a-barranco-en-veracruz-seis-pasajeros-resultan-heridos\/#primaryimage"},"image":{"@id":"https:\/\/www.bbmnoticias.com\/autobus-cae-a-barranco-en-veracruz-seis-pasajeros-resultan-heridos\/#primaryimage"},"thumbnailUrl":"https:\/\/www.bbmnoticias.com\/labravaradiofm\/wp-content\/uploads\/sites\/5\/2026\/08\/camion-cae-a-barranco-en-veracruz-reportan-seis-lesionados.webp","datePublished":"2026-08-25T17:02:23+00:00","dateModified":"2026-08-25T17:02:25+00:00","author":{"@id":"https:\/\/www.bbmnoticias.com\/labravaradiofm\/#\/schema\/person\/9fbc5ce7940cac56d0ea1e2b03b6d30c"},"breadcrumb":{"@id":"https:\/\/www.bbmnoticias.com\/autobus-cae-a-barranco-en-veracruz-seis-pasajeros-resultan-heridos\/#breadcrumb"},"inLanguage":"es","potentialAction":[{"@type":"ReadAction","target":["https:\/\/www.bbmnoticias.com\/autobus-cae-a-barranco-en-veracruz-seis-pasajeros-resultan-heridos\/"]}]},{"@type":"ImageObject","inLanguage":"es","@id":"https:\/\/www.bbmnoticias.com\/autobus-cae-a-barranco-en-veracruz-seis-pasajeros-resultan-heridos\/#primaryimage","url":"https:\/\/www.bbmnoticias.com\/labravaradiofm\/wp-content\/uploads\/sites\/5\/2026\/08\/camion-cae-a-barranco-en-veracruz-reportan-seis-lesionados.webp","contentUrl":"https:\/\/www.bbmnoticias.com\/labravaradiofm\/wp-content\/uploads\/sites\/5\/2026\/08\/camion-cae-a-barranco-en-veracruz-reportan-seis-lesionados.webp","width":1200,"height":741},{"@type":"BreadcrumbList","@id":"https:\/\/www.bbmnoticias.com\/autobus-cae-a-barranco-en-veracruz-seis-pasajeros-resultan-heridos\/#breadcrumb","itemListElement":[{"@type":"ListItem","position":1,"name":"Inicio","item":"https:\/\/www.bbmnoticias.com\/labravaradiofm\/"},{"@type":"ListItem","position":2,"name":"Autob\u00fas cae a barranco en Veracruz; seis pasajeros resultan heridos"}]},{"@type":"WebSite","@id":"https:\/\/www.bbmnoticias.com\/labravaradiofm\/#website","url":"https:\/\/www.bbmnoticias.com\/labravaradiofm\/","name":"LA BRAVA RADIO","description":"Empresa productora de medios, Radiodifusi\u00f3n, Noticias, tendencias y todo lo que necesitas saber de la pol\u00edtica mexicana e internacional; entretenimiento, espect\u00e1culos, salud y mucho m\u00e1s.","potentialAction":[{"@type":"SearchAction","target":{"@type":"EntryPoint","urlTemplate":"https:\/\/www.bbmnoticias.com\/labravaradiofm\/?s={search_term_string}"},"query-input":{"@type":"PropertyValueSpecification","valueRequired":true,"valueName":"search_term_string"}}],"inLanguage":"es"},{"@type":"Person","@id":"https:\/\/www.bbmnoticias.com\/labravaradiofm\/#\/schema\/person\/9fbc5ce7940cac56d0ea1e2b03b6d30c","name":"Agencias","image":{"@type":"ImageObject","inLanguage":"es","@id":"https:\/\/secure.gravatar.com\/avatar\/739e0b61adf9e398b425c36718c8752286da0e8cd90f20ce9a86678abc26aa0d?s=96&d=mm&r=g","url":"https:\/\/secure.gravatar.com\/avatar\/739e0b61adf9e398b425c36718c8752286da0e8cd90f20ce9a86678abc26aa0d?s=96&d=mm&r=g","contentUrl":"https:\/\/secure.gravatar.com\/avatar\/739e0b61adf9e398b425c36718c8752286da0e8cd90f20ce9a86678abc26aa0d?s=96&d=mm&r=g","caption":"Agencias"},"url":"https:\/\/www.bbmnoticias.com\/labravaradiofm\/author\/agencias\/"}]}},"_links":{"self":[{"href":"https:\/\/www.bbmnoticias.com\/labravaradiofm\/wp-json\/wp\/v2\/posts\/81044","targetHints":{"allow":["GET"]}}],"collection":[{"href":"https:\/\/www.bbmnoticias.com\/labravaradiofm\/wp-json\/wp\/v2\/posts"}],"about":[{"href":"https:\/\/www.bbmnoticias.com\/labravaradiofm\/wp-json\/wp\/v2\/types\/post"}],"author":[{"embeddable":true,"href":"https:\/\/www.bbmnoticias.com\/labravaradiofm\/wp-json\/wp\/v2\/users\/4"}],"replies":[{"embeddable":true,"href":"https:\/\/www.bbmnoticias.com\/labravaradiofm\/wp-json\/wp\/v2\/comments?post=81044"}],"version-history":[{"count":1,"href":"https:\/\/www.bbmnoticias.com\/labravaradiofm\/wp-json\/wp\/v2\/posts\/81044\/revisions"}],"predecessor-version":[{"id":81045,"href":"https:\/\/www.bbmnoticias.com\/labravaradiofm\/wp-json\/wp\/v2\/posts\/81044\/revisions\/81045"}],"wp:featuredmedia":[{"embeddable":true,"href":"https:\/\/www.bbmnoticias.com\/labravaradiofm\/wp-json\/wp\/v2\/media\/81046"}],"wp:attachment":[{"href":"https:\/\/www.bbmnoticias.com\/labravaradiofm\/wp-json\/wp\/v2\/media?parent=81044"}],"wp:term":[{"taxonomy":"category","embeddable":true,"href":"https:\/\/www.bbmnoticias.com\/labravaradiofm\/wp-json\/wp\/v2\/categories?post=81044"},{"taxonomy":"post_tag","embeddable":true,"href":"https:\/\/www.bbmnoticias.com\/labravaradiofm\/wp-json\/wp\/v2\/tags?post=81044"}],"curies":[{"name":"wp","href":"https:\/\/api.w.org\/{rel}","templated":true}]}}