{"id":81041,"date":"2026-08-25T10:50:58","date_gmt":"2026-08-25T16:50:58","guid":{"rendered":"https:\/\/www.bbmnoticias.com\/labravaradiofm\/2026\/08\/25\/sheinbaum-plantea-limitar-uso-de-celulares-en-escuelas-y-deja-decision-a-consejos-tecnicos\/"},"modified":"2026-08-25T10:51:01","modified_gmt":"2026-08-25T16:51:01","slug":"sheinbaum-plantea-limitar-uso-de-celulares-en-escuelas-y-deja-decision-a-consejos-tecnicos","status":"publish","type":"post","link":"https:\/\/www.bbmnoticias.com\/labravaradiofm\/2026\/08\/25\/sheinbaum-plantea-limitar-uso-de-celulares-en-escuelas-y-deja-decision-a-consejos-tecnicos\/","title":{"rendered":"Sheinbaum plantea limitar uso de celulares en escuelas y deja decisi\u00f3n a consejos t\u00e9cnicos"},"content":{"rendered":"\n<p class=\"wp-block-paragraph\"><strong>La presidenta se\u00f1al\u00f3 que el uso excesivo de redes sociales puede generar problemas de aprendizaje, v\u00ednculos sociales, conducta y aspectos cognitivos; docentes de educaci\u00f3n b\u00e1sica participan en una consulta sobre el tema.<\/strong><\/p>\n\n\n\n<p class=\"wp-block-paragraph\"><strong>Ciudad de M\u00e9xico.\u2014<\/strong> La presidenta Claudia Sheinbaum Pardo consider\u00f3 que los tel\u00e9fonos celulares no deber\u00edan utilizarse en las escuelas, aunque se\u00f1al\u00f3 que la regulaci\u00f3n de estos dispositivos ser\u00e1 discutida por los consejos t\u00e9cnicos, con la participaci\u00f3n de maestras y maestros.<\/p>\n\n\n\n<p class=\"wp-block-paragraph\">\u201cMi opini\u00f3n es que no deber\u00edan usarse los tel\u00e9fonos celulares en las escuelas, pero lo vamos a dejar a los consejos t\u00e9cnicos para que tambi\u00e9n las maestras y los maestros opinen sobre este tema\u201d, afirm\u00f3 la mandataria.<\/p>\n\n\n\n<p class=\"wp-block-paragraph\">Durante sus declaraciones, Sheinbaum insisti\u00f3 tambi\u00e9n en la necesidad de avanzar en la regulaci\u00f3n de la inteligencia artificial y advirti\u00f3 que la adicci\u00f3n de ni\u00f1as, ni\u00f1os y j\u00f3venes a las redes sociales y plataformas digitales representa un problema de mayor gravedad.<\/p>\n\n\n\n<p class=\"wp-block-paragraph\">La presidenta sostuvo que el uso excesivo de estas plataformas puede generar dificultades en el aprendizaje, p\u00e9rdida de v\u00ednculos sociales y diversos problemas cognitivos y de conducta.<\/p>\n\n\n\n<h2 class=\"wp-block-heading\">Redes sociales y mecanismos de adicci\u00f3n<\/h2>\n\n\n\n<p class=\"wp-block-paragraph\">En este contexto, se ha se\u00f1alado que el dise\u00f1o de algunas plataformas digitales incorpora mecanismos destinados a mantener la atenci\u00f3n de los usuarios durante periodos prolongados.<\/p>\n\n\n\n<p class=\"wp-block-paragraph\">Entre estos elementos se encuentran el <strong>scroll infinito, la reproducci\u00f3n autom\u00e1tica de videos, las recomendaciones algor\u00edtmicas, las notificaciones constantes, los contadores de popularidad y los mecanismos de comparaci\u00f3n y presi\u00f3n social<\/strong>.<\/p>\n\n\n\n<p class=\"wp-block-paragraph\">Arturo B\u00e9jar, ingeniero y especialista en dise\u00f1o de sistemas de protecci\u00f3n para usuarios de plataformas digitales, ha cuestionado anteriormente la responsabilidad de las empresas tecnol\u00f3gicas frente a estos mecanismos. De acuerdo con su planteamiento, la industria suele negar el car\u00e1cter adictivo de sus productos y trasladar la responsabilidad principalmente a madres y padres de familia.<\/p>\n\n\n\n<h2 class=\"wp-block-heading\">Docentes definir\u00e1n criterios para las escuelas<\/h2>\n\n\n\n<p class=\"wp-block-paragraph\">Durante los d\u00edas 25 y 26 de agosto, maestras y maestros de educaci\u00f3n b\u00e1sica del pa\u00eds participan en una consulta para conocer su opini\u00f3n sobre el uso de tel\u00e9fonos celulares en las escuelas p\u00fablicas.<\/p>\n\n\n\n<p class=\"wp-block-paragraph\">La consulta se realiza a una semana del inicio del ciclo escolar y forma parte del proceso impulsado por el gobierno federal para establecer criterios sobre el uso de estos dispositivos en los planteles educativos.<\/p>\n\n\n\n<p class=\"wp-block-paragraph\">La presidenta ha se\u00f1alado que el objetivo es <strong>reglamentar el uso de celulares en las escuelas de todo el pa\u00eds<\/strong>, tomando en cuenta la opini\u00f3n del personal docente a trav\u00e9s de los consejos t\u00e9cnicos.<\/p>\n\n\n\n<p class=\"wp-block-paragraph\"><\/p>\n","protected":false},"excerpt":{"rendered":"<p>La presidenta se\u00f1al\u00f3 que el uso excesivo de redes sociales puede generar problemas de aprendizaje, v\u00ednculos sociales, conducta y aspectos cognitivos; docentes de educaci\u00f3n b\u00e1sica participan en una consulta sobre el tema. Ciudad de M\u00e9xico.\u2014 La presidenta Claudia Sheinbaum Pardo consider\u00f3 que los tel\u00e9fonos celulares no deber\u00edan utilizarse en las escuelas, aunque se\u00f1al\u00f3 que la [&hellip;]<\/p>\n","protected":false},"author":4,"featured_media":81043,"comment_status":"closed","ping_status":"open","sticky":false,"template":"","format":"standard","meta":{"footnotes":""},"categories":[2,19],"tags":[],"class_list":["post-81041","post","type-post","status-publish","format-standard","has-post-thumbnail","hentry","category-oaxaca","category-nacional"],"yoast_head":"<!-- This site is optimized with the Yoast SEO plugin v28.1 - https:\/\/yoast.com\/product\/yoast-seo-wordpress\/ -->\n<title>Sheinbaum plantea limitar uso de celulares en escuelas y deja decisi\u00f3n a consejos t\u00e9cnicos - LA BRAVA RADIO<\/title>\n<meta name=\"robots\" content=\"index, follow, max-snippet:-1, max-image-preview:large, max-video-preview:-1\" \/>\n<link rel=\"canonical\" href=\"https:\/\/www.bbmnoticias.com\/sheinbaum-plantea-limitar-uso-de-celulares-en-escuelas-y-deja-decision-a-consejos-tecnicos\/\" \/>\n<meta property=\"og:locale\" content=\"es_MX\" \/>\n<meta property=\"og:type\" content=\"article\" \/>\n<meta property=\"og:title\" content=\"Sheinbaum plantea limitar uso de celulares en escuelas y deja decisi\u00f3n a consejos t\u00e9cnicos - LA BRAVA RADIO\" \/>\n<meta property=\"og:description\" content=\"La presidenta se\u00f1al\u00f3 que el uso excesivo de redes sociales puede generar problemas de aprendizaje, v\u00ednculos sociales, conducta y aspectos cognitivos; docentes de educaci\u00f3n b\u00e1sica participan en una consulta sobre el tema. Ciudad de M\u00e9xico.\u2014 La presidenta Claudia Sheinbaum Pardo consider\u00f3 que los tel\u00e9fonos celulares no deber\u00edan utilizarse en las escuelas, aunque se\u00f1al\u00f3 que la [&hellip;]\" \/>\n<meta property=\"og:url\" content=\"https:\/\/www.bbmnoticias.com\/sheinbaum-plantea-limitar-uso-de-celulares-en-escuelas-y-deja-decision-a-consejos-tecnicos\/\" \/>\n<meta property=\"og:site_name\" content=\"LA BRAVA RADIO\" \/>\n<meta property=\"article:published_time\" content=\"2026-08-25T16:50:58+00:00\" \/>\n<meta property=\"article:modified_time\" content=\"2026-08-25T16:51:01+00:00\" \/>\n<meta property=\"og:image\" content=\"https:\/\/www.bbmnoticias.com\/labravaradiofm\/wp-content\/uploads\/sites\/5\/2026\/08\/no-deberian-usarse-celulares-en-las-escuelas-pero-los-maestros-son-quiene-lo-determinaran-sheinbaum.webp\" \/>\n\t<meta property=\"og:image:width\" content=\"1200\" \/>\n\t<meta property=\"og:image:height\" content=\"798\" \/>\n\t<meta property=\"og:image:type\" content=\"image\/webp\" \/>\n<meta name=\"author\" content=\"Agencias\" \/>\n<meta name=\"twitter:card\" content=\"summary_large_image\" \/>\n<meta name=\"twitter:label1\" content=\"Escrito por\" \/>\n\t<meta name=\"twitter:data1\" content=\"Agencias\" \/>\n\t<meta name=\"twitter:label2\" content=\"Tiempo de lectura\" \/>\n\t<meta name=\"twitter:data2\" content=\"2 minutos\" \/>\n<script type=\"application\/ld+json\" class=\"yoast-schema-graph\">{\"@context\":\"https:\\\/\\\/schema.org\",\"@graph\":[{\"@type\":\"Article\",\"@id\":\"https:\\\/\\\/www.bbmnoticias.com\\\/sheinbaum-plantea-limitar-uso-de-celulares-en-escuelas-y-deja-decision-a-consejos-tecnicos\\\/#article\",\"isPartOf\":{\"@id\":\"https:\\\/\\\/www.bbmnoticias.com\\\/labravaradiofm\\\/2026\\\/08\\\/25\\\/sheinbaum-plantea-limitar-uso-de-celulares-en-escuelas-y-deja-decision-a-consejos-tecnicos\\\/\"},\"author\":{\"name\":\"Agencias\",\"@id\":\"https:\\\/\\\/www.bbmnoticias.com\\\/labravaradiofm\\\/#\\\/schema\\\/person\\\/9fbc5ce7940cac56d0ea1e2b03b6d30c\"},\"headline\":\"Sheinbaum plantea limitar uso de celulares en escuelas y deja decisi\u00f3n a consejos t\u00e9cnicos\",\"datePublished\":\"2026-08-25T16:50:58+00:00\",\"dateModified\":\"2026-08-25T16:51:01+00:00\",\"mainEntityOfPage\":{\"@id\":\"https:\\\/\\\/www.bbmnoticias.com\\\/labravaradiofm\\\/2026\\\/08\\\/25\\\/sheinbaum-plantea-limitar-uso-de-celulares-en-escuelas-y-deja-decision-a-consejos-tecnicos\\\/\"},\"wordCount\":469,\"image\":{\"@id\":\"https:\\\/\\\/www.bbmnoticias.com\\\/sheinbaum-plantea-limitar-uso-de-celulares-en-escuelas-y-deja-decision-a-consejos-tecnicos\\\/#primaryimage\"},\"thumbnailUrl\":\"https:\\\/\\\/www.bbmnoticias.com\\\/labravaradiofm\\\/wp-content\\\/uploads\\\/sites\\\/5\\\/2026\\\/08\\\/no-deberian-usarse-celulares-en-las-escuelas-pero-los-maestros-son-quiene-lo-determinaran-sheinbaum.webp\",\"articleSection\":[\"LOCAL\",\"NACIONAL\"],\"inLanguage\":\"es\"},{\"@type\":\"WebPage\",\"@id\":\"https:\\\/\\\/www.bbmnoticias.com\\\/labravaradiofm\\\/2026\\\/08\\\/25\\\/sheinbaum-plantea-limitar-uso-de-celulares-en-escuelas-y-deja-decision-a-consejos-tecnicos\\\/\",\"url\":\"https:\\\/\\\/www.bbmnoticias.com\\\/sheinbaum-plantea-limitar-uso-de-celulares-en-escuelas-y-deja-decision-a-consejos-tecnicos\\\/\",\"name\":\"Sheinbaum plantea limitar uso de celulares en escuelas y deja decisi\u00f3n a consejos t\u00e9cnicos - LA BRAVA RADIO\",\"isPartOf\":{\"@id\":\"https:\\\/\\\/www.bbmnoticias.com\\\/labravaradiofm\\\/#website\"},\"primaryImageOfPage\":{\"@id\":\"https:\\\/\\\/www.bbmnoticias.com\\\/sheinbaum-plantea-limitar-uso-de-celulares-en-escuelas-y-deja-decision-a-consejos-tecnicos\\\/#primaryimage\"},\"image\":{\"@id\":\"https:\\\/\\\/www.bbmnoticias.com\\\/sheinbaum-plantea-limitar-uso-de-celulares-en-escuelas-y-deja-decision-a-consejos-tecnicos\\\/#primaryimage\"},\"thumbnailUrl\":\"https:\\\/\\\/www.bbmnoticias.com\\\/labravaradiofm\\\/wp-content\\\/uploads\\\/sites\\\/5\\\/2026\\\/08\\\/no-deberian-usarse-celulares-en-las-escuelas-pero-los-maestros-son-quiene-lo-determinaran-sheinbaum.webp\",\"datePublished\":\"2026-08-25T16:50:58+00:00\",\"dateModified\":\"2026-08-25T16:51:01+00:00\",\"author\":{\"@id\":\"https:\\\/\\\/www.bbmnoticias.com\\\/labravaradiofm\\\/#\\\/schema\\\/person\\\/9fbc5ce7940cac56d0ea1e2b03b6d30c\"},\"breadcrumb\":{\"@id\":\"https:\\\/\\\/www.bbmnoticias.com\\\/sheinbaum-plantea-limitar-uso-de-celulares-en-escuelas-y-deja-decision-a-consejos-tecnicos\\\/#breadcrumb\"},\"inLanguage\":\"es\",\"potentialAction\":[{\"@type\":\"ReadAction\",\"target\":[\"https:\\\/\\\/www.bbmnoticias.com\\\/sheinbaum-plantea-limitar-uso-de-celulares-en-escuelas-y-deja-decision-a-consejos-tecnicos\\\/\"]}]},{\"@type\":\"ImageObject\",\"inLanguage\":\"es\",\"@id\":\"https:\\\/\\\/www.bbmnoticias.com\\\/sheinbaum-plantea-limitar-uso-de-celulares-en-escuelas-y-deja-decision-a-consejos-tecnicos\\\/#primaryimage\",\"url\":\"https:\\\/\\\/www.bbmnoticias.com\\\/labravaradiofm\\\/wp-content\\\/uploads\\\/sites\\\/5\\\/2026\\\/08\\\/no-deberian-usarse-celulares-en-las-escuelas-pero-los-maestros-son-quiene-lo-determinaran-sheinbaum.webp\",\"contentUrl\":\"https:\\\/\\\/www.bbmnoticias.com\\\/labravaradiofm\\\/wp-content\\\/uploads\\\/sites\\\/5\\\/2026\\\/08\\\/no-deberian-usarse-celulares-en-las-escuelas-pero-los-maestros-son-quiene-lo-determinaran-sheinbaum.webp\",\"width\":1200,\"height\":798},{\"@type\":\"BreadcrumbList\",\"@id\":\"https:\\\/\\\/www.bbmnoticias.com\\\/sheinbaum-plantea-limitar-uso-de-celulares-en-escuelas-y-deja-decision-a-consejos-tecnicos\\\/#breadcrumb\",\"itemListElement\":[{\"@type\":\"ListItem\",\"position\":1,\"name\":\"Inicio\",\"item\":\"https:\\\/\\\/www.bbmnoticias.com\\\/labravaradiofm\\\/\"},{\"@type\":\"ListItem\",\"position\":2,\"name\":\"Sheinbaum plantea limitar uso de celulares en escuelas y deja decisi\u00f3n a consejos t\u00e9cnicos\"}]},{\"@type\":\"WebSite\",\"@id\":\"https:\\\/\\\/www.bbmnoticias.com\\\/labravaradiofm\\\/#website\",\"url\":\"https:\\\/\\\/www.bbmnoticias.com\\\/labravaradiofm\\\/\",\"name\":\"LA BRAVA RADIO\",\"description\":\"Empresa productora de medios, Radiodifusi\u00f3n, Noticias, tendencias y todo lo que necesitas saber de la pol\u00edtica mexicana e internacional; entretenimiento, espect\u00e1culos, salud y mucho m\u00e1s.\",\"potentialAction\":[{\"@type\":\"SearchAction\",\"target\":{\"@type\":\"EntryPoint\",\"urlTemplate\":\"https:\\\/\\\/www.bbmnoticias.com\\\/labravaradiofm\\\/?s={search_term_string}\"},\"query-input\":{\"@type\":\"PropertyValueSpecification\",\"valueRequired\":true,\"valueName\":\"search_term_string\"}}],\"inLanguage\":\"es\"},{\"@type\":\"Person\",\"@id\":\"https:\\\/\\\/www.bbmnoticias.com\\\/labravaradiofm\\\/#\\\/schema\\\/person\\\/9fbc5ce7940cac56d0ea1e2b03b6d30c\",\"name\":\"Agencias\",\"image\":{\"@type\":\"ImageObject\",\"inLanguage\":\"es\",\"@id\":\"https:\\\/\\\/secure.gravatar.com\\\/avatar\\\/739e0b61adf9e398b425c36718c8752286da0e8cd90f20ce9a86678abc26aa0d?s=96&d=mm&r=g\",\"url\":\"https:\\\/\\\/secure.gravatar.com\\\/avatar\\\/739e0b61adf9e398b425c36718c8752286da0e8cd90f20ce9a86678abc26aa0d?s=96&d=mm&r=g\",\"contentUrl\":\"https:\\\/\\\/secure.gravatar.com\\\/avatar\\\/739e0b61adf9e398b425c36718c8752286da0e8cd90f20ce9a86678abc26aa0d?s=96&d=mm&r=g\",\"caption\":\"Agencias\"},\"url\":\"https:\\\/\\\/www.bbmnoticias.com\\\/labravaradiofm\\\/author\\\/agencias\\\/\"}]}<\/script>\n<!-- \/ Yoast SEO plugin. -->","yoast_head_json":{"title":"Sheinbaum plantea limitar uso de celulares en escuelas y deja decisi\u00f3n a consejos t\u00e9cnicos - LA BRAVA RADIO","robots":{"index":"index","follow":"follow","max-snippet":"max-snippet:-1","max-image-preview":"max-image-preview:large","max-video-preview":"max-video-preview:-1"},"canonical":"https:\/\/www.bbmnoticias.com\/sheinbaum-plantea-limitar-uso-de-celulares-en-escuelas-y-deja-decision-a-consejos-tecnicos\/","og_locale":"es_MX","og_type":"article","og_title":"Sheinbaum plantea limitar uso de celulares en escuelas y deja decisi\u00f3n a consejos t\u00e9cnicos - LA BRAVA RADIO","og_description":"La presidenta se\u00f1al\u00f3 que el uso excesivo de redes sociales puede generar problemas de aprendizaje, v\u00ednculos sociales, conducta y aspectos cognitivos; docentes de educaci\u00f3n b\u00e1sica participan en una consulta sobre el tema. Ciudad de M\u00e9xico.\u2014 La presidenta Claudia Sheinbaum Pardo consider\u00f3 que los tel\u00e9fonos celulares no deber\u00edan utilizarse en las escuelas, aunque se\u00f1al\u00f3 que la [&hellip;]","og_url":"https:\/\/www.bbmnoticias.com\/sheinbaum-plantea-limitar-uso-de-celulares-en-escuelas-y-deja-decision-a-consejos-tecnicos\/","og_site_name":"LA BRAVA RADIO","article_published_time":"2026-08-25T16:50:58+00:00","article_modified_time":"2026-08-25T16:51:01+00:00","og_image":[{"width":1200,"height":798,"url":"https:\/\/www.bbmnoticias.com\/labravaradiofm\/wp-content\/uploads\/sites\/5\/2026\/08\/no-deberian-usarse-celulares-en-las-escuelas-pero-los-maestros-son-quiene-lo-determinaran-sheinbaum.webp","type":"image\/webp"}],"author":"Agencias","twitter_card":"summary_large_image","twitter_misc":{"Escrito por":"Agencias","Tiempo de lectura":"2 minutos"},"schema":{"@context":"https:\/\/schema.org","@graph":[{"@type":"Article","@id":"https:\/\/www.bbmnoticias.com\/sheinbaum-plantea-limitar-uso-de-celulares-en-escuelas-y-deja-decision-a-consejos-tecnicos\/#article","isPartOf":{"@id":"https:\/\/www.bbmnoticias.com\/labravaradiofm\/2026\/08\/25\/sheinbaum-plantea-limitar-uso-de-celulares-en-escuelas-y-deja-decision-a-consejos-tecnicos\/"},"author":{"name":"Agencias","@id":"https:\/\/www.bbmnoticias.com\/labravaradiofm\/#\/schema\/person\/9fbc5ce7940cac56d0ea1e2b03b6d30c"},"headline":"Sheinbaum plantea limitar uso de celulares en escuelas y deja decisi\u00f3n a consejos t\u00e9cnicos","datePublished":"2026-08-25T16:50:58+00:00","dateModified":"2026-08-25T16:51:01+00:00","mainEntityOfPage":{"@id":"https:\/\/www.bbmnoticias.com\/labravaradiofm\/2026\/08\/25\/sheinbaum-plantea-limitar-uso-de-celulares-en-escuelas-y-deja-decision-a-consejos-tecnicos\/"},"wordCount":469,"image":{"@id":"https:\/\/www.bbmnoticias.com\/sheinbaum-plantea-limitar-uso-de-celulares-en-escuelas-y-deja-decision-a-consejos-tecnicos\/#primaryimage"},"thumbnailUrl":"https:\/\/www.bbmnoticias.com\/labravaradiofm\/wp-content\/uploads\/sites\/5\/2026\/08\/no-deberian-usarse-celulares-en-las-escuelas-pero-los-maestros-son-quiene-lo-determinaran-sheinbaum.webp","articleSection":["LOCAL","NACIONAL"],"inLanguage":"es"},{"@type":"WebPage","@id":"https:\/\/www.bbmnoticias.com\/labravaradiofm\/2026\/08\/25\/sheinbaum-plantea-limitar-uso-de-celulares-en-escuelas-y-deja-decision-a-consejos-tecnicos\/","url":"https:\/\/www.bbmnoticias.com\/sheinbaum-plantea-limitar-uso-de-celulares-en-escuelas-y-deja-decision-a-consejos-tecnicos\/","name":"Sheinbaum plantea limitar uso de celulares en escuelas y deja decisi\u00f3n a consejos t\u00e9cnicos - LA BRAVA RADIO","isPartOf":{"@id":"https:\/\/www.bbmnoticias.com\/labravaradiofm\/#website"},"primaryImageOfPage":{"@id":"https:\/\/www.bbmnoticias.com\/sheinbaum-plantea-limitar-uso-de-celulares-en-escuelas-y-deja-decision-a-consejos-tecnicos\/#primaryimage"},"image":{"@id":"https:\/\/www.bbmnoticias.com\/sheinbaum-plantea-limitar-uso-de-celulares-en-escuelas-y-deja-decision-a-consejos-tecnicos\/#primaryimage"},"thumbnailUrl":"https:\/\/www.bbmnoticias.com\/labravaradiofm\/wp-content\/uploads\/sites\/5\/2026\/08\/no-deberian-usarse-celulares-en-las-escuelas-pero-los-maestros-son-quiene-lo-determinaran-sheinbaum.webp","datePublished":"2026-08-25T16:50:58+00:00","dateModified":"2026-08-25T16:51:01+00:00","author":{"@id":"https:\/\/www.bbmnoticias.com\/labravaradiofm\/#\/schema\/person\/9fbc5ce7940cac56d0ea1e2b03b6d30c"},"breadcrumb":{"@id":"https:\/\/www.bbmnoticias.com\/sheinbaum-plantea-limitar-uso-de-celulares-en-escuelas-y-deja-decision-a-consejos-tecnicos\/#breadcrumb"},"inLanguage":"es","potentialAction":[{"@type":"ReadAction","target":["https:\/\/www.bbmnoticias.com\/sheinbaum-plantea-limitar-uso-de-celulares-en-escuelas-y-deja-decision-a-consejos-tecnicos\/"]}]},{"@type":"ImageObject","inLanguage":"es","@id":"https:\/\/www.bbmnoticias.com\/sheinbaum-plantea-limitar-uso-de-celulares-en-escuelas-y-deja-decision-a-consejos-tecnicos\/#primaryimage","url":"https:\/\/www.bbmnoticias.com\/labravaradiofm\/wp-content\/uploads\/sites\/5\/2026\/08\/no-deberian-usarse-celulares-en-las-escuelas-pero-los-maestros-son-quiene-lo-determinaran-sheinbaum.webp","contentUrl":"https:\/\/www.bbmnoticias.com\/labravaradiofm\/wp-content\/uploads\/sites\/5\/2026\/08\/no-deberian-usarse-celulares-en-las-escuelas-pero-los-maestros-son-quiene-lo-determinaran-sheinbaum.webp","width":1200,"height":798},{"@type":"BreadcrumbList","@id":"https:\/\/www.bbmnoticias.com\/sheinbaum-plantea-limitar-uso-de-celulares-en-escuelas-y-deja-decision-a-consejos-tecnicos\/#breadcrumb","itemListElement":[{"@type":"ListItem","position":1,"name":"Inicio","item":"https:\/\/www.bbmnoticias.com\/labravaradiofm\/"},{"@type":"ListItem","position":2,"name":"Sheinbaum plantea limitar uso de celulares en escuelas y deja decisi\u00f3n a consejos t\u00e9cnicos"}]},{"@type":"WebSite","@id":"https:\/\/www.bbmnoticias.com\/labravaradiofm\/#website","url":"https:\/\/www.bbmnoticias.com\/labravaradiofm\/","name":"LA BRAVA RADIO","description":"Empresa productora de medios, Radiodifusi\u00f3n, Noticias, tendencias y todo lo que necesitas saber de la pol\u00edtica mexicana e internacional; entretenimiento, espect\u00e1culos, salud y mucho m\u00e1s.","potentialAction":[{"@type":"SearchAction","target":{"@type":"EntryPoint","urlTemplate":"https:\/\/www.bbmnoticias.com\/labravaradiofm\/?s={search_term_string}"},"query-input":{"@type":"PropertyValueSpecification","valueRequired":true,"valueName":"search_term_string"}}],"inLanguage":"es"},{"@type":"Person","@id":"https:\/\/www.bbmnoticias.com\/labravaradiofm\/#\/schema\/person\/9fbc5ce7940cac56d0ea1e2b03b6d30c","name":"Agencias","image":{"@type":"ImageObject","inLanguage":"es","@id":"https:\/\/secure.gravatar.com\/avatar\/739e0b61adf9e398b425c36718c8752286da0e8cd90f20ce9a86678abc26aa0d?s=96&d=mm&r=g","url":"https:\/\/secure.gravatar.com\/avatar\/739e0b61adf9e398b425c36718c8752286da0e8cd90f20ce9a86678abc26aa0d?s=96&d=mm&r=g","contentUrl":"https:\/\/secure.gravatar.com\/avatar\/739e0b61adf9e398b425c36718c8752286da0e8cd90f20ce9a86678abc26aa0d?s=96&d=mm&r=g","caption":"Agencias"},"url":"https:\/\/www.bbmnoticias.com\/labravaradiofm\/author\/agencias\/"}]}},"_links":{"self":[{"href":"https:\/\/www.bbmnoticias.com\/labravaradiofm\/wp-json\/wp\/v2\/posts\/81041","targetHints":{"allow":["GET"]}}],"collection":[{"href":"https:\/\/www.bbmnoticias.com\/labravaradiofm\/wp-json\/wp\/v2\/posts"}],"about":[{"href":"https:\/\/www.bbmnoticias.com\/labravaradiofm\/wp-json\/wp\/v2\/types\/post"}],"author":[{"embeddable":true,"href":"https:\/\/www.bbmnoticias.com\/labravaradiofm\/wp-json\/wp\/v2\/users\/4"}],"replies":[{"embeddable":true,"href":"https:\/\/www.bbmnoticias.com\/labravaradiofm\/wp-json\/wp\/v2\/comments?post=81041"}],"version-history":[{"count":1,"href":"https:\/\/www.bbmnoticias.com\/labravaradiofm\/wp-json\/wp\/v2\/posts\/81041\/revisions"}],"predecessor-version":[{"id":81042,"href":"https:\/\/www.bbmnoticias.com\/labravaradiofm\/wp-json\/wp\/v2\/posts\/81041\/revisions\/81042"}],"wp:featuredmedia":[{"embeddable":true,"href":"https:\/\/www.bbmnoticias.com\/labravaradiofm\/wp-json\/wp\/v2\/media\/81043"}],"wp:attachment":[{"href":"https:\/\/www.bbmnoticias.com\/labravaradiofm\/wp-json\/wp\/v2\/media?parent=81041"}],"wp:term":[{"taxonomy":"category","embeddable":true,"href":"https:\/\/www.bbmnoticias.com\/labravaradiofm\/wp-json\/wp\/v2\/categories?post=81041"},{"taxonomy":"post_tag","embeddable":true,"href":"https:\/\/www.bbmnoticias.com\/labravaradiofm\/wp-json\/wp\/v2\/tags?post=81041"}],"curies":[{"name":"wp","href":"https:\/\/api.w.org\/{rel}","templated":true}]}}