{"id":81029,"date":"2026-08-25T08:33:00","date_gmt":"2026-08-25T14:33:00","guid":{"rendered":"https:\/\/www.bbmnoticias.com\/labravaradiofm\/2026\/08\/25\/vinculan-a-proceso-a-dos-personas-por-presunta-red-de-robo-de-vehiculos-en-oaxaca\/"},"modified":"2026-08-25T08:56:56","modified_gmt":"2026-08-25T14:56:56","slug":"vinculan-a-proceso-a-dos-personas-por-presunta-red-de-robo-de-vehiculos-en-oaxaca","status":"publish","type":"post","link":"https:\/\/www.bbmnoticias.com\/labravaradiofm\/2026\/08\/25\/vinculan-a-proceso-a-dos-personas-por-presunta-red-de-robo-de-vehiculos-en-oaxaca\/","title":{"rendered":"Vinculan a proceso a dos personas por presunta red de robo de veh\u00edculos en Oaxaca"},"content":{"rendered":"\n<p class=\"wp-block-paragraph\"><strong>La investigaci\u00f3n de la FGEO detect\u00f3 posibles conexiones en Oaxaca, Puebla, Veracruz, Chiapas y Michoac\u00e1n; los veh\u00edculos sustra\u00eddos eran principalmente Toyota Tacoma y RAV4.<\/strong><\/p>\n\n\n\n<p class=\"wp-block-paragraph\"><strong>Oaxaca de Ju\u00e1rez, Oaxaca.\u2014<\/strong> La Fiscal\u00eda General del Estado de Oaxaca (FGEO) obtuvo la vinculaci\u00f3n a proceso de dos personas identificadas como C.A.G.S., originario de Guerrero, y G.S.A., originario de Tijuana, Baja California, por su probable responsabilidad en los delitos de resistencia de particulares, cohecho y equiparado al robo espec\u00edfico.<\/p>\n\n\n\n<p class=\"wp-block-paragraph\">Durante la audiencia de ampliaci\u00f3n del t\u00e9rmino constitucional, un Juez de Control determin\u00f3 vincular a proceso a ambas personas, luego de analizar los datos de prueba presentados por el Ministerio P\u00fablico.<\/p>\n\n\n\n<p class=\"wp-block-paragraph\">Como medida cautelar, la autoridad judicial impuso prisi\u00f3n preventiva justificada y estableci\u00f3 un plazo de dos meses para el cierre de la investigaci\u00f3n complementaria.<\/p>\n\n\n\n<h2 class=\"wp-block-heading\">Investigan robo de camionetas Toyota<\/h2>\n\n\n\n<p class=\"wp-block-paragraph\">De acuerdo con la FGEO, la investigaci\u00f3n se origin\u00f3 a partir del an\u00e1lisis de diversos casos de robo de veh\u00edculos registrados entre junio y agosto de 2026. Las indagatorias permitieron identificar patrones relacionados con la sustracci\u00f3n de unidades, principalmente camionetas <strong>Toyota Tacoma y RAV4<\/strong>.<\/p>\n\n\n\n<p class=\"wp-block-paragraph\">Los robos investigados ocurrieron en distintos puntos de Oaxaca de Ju\u00e1rez y su zona metropolitana, entre ellos Ejido Guadalupe Victoria, colonia Volcanes, Siete Regiones, colonia Miguel Alem\u00e1n, Santa Mar\u00eda Ixcotel y FOVISSSTE.<\/p>\n\n\n\n<p class=\"wp-block-paragraph\">A trav\u00e9s de labores de inteligencia, an\u00e1lisis criminal y trabajo ministerial, la Fiscal\u00eda identific\u00f3 posibles rutas de movilidad y veh\u00edculos que presuntamente eran utilizados para desplazarse, adem\u00e1s de otros elementos que permitieron establecer l\u00edneas de investigaci\u00f3n sobre la probable participaci\u00f3n de las personas ahora vinculadas a proceso.<\/p>\n\n\n\n<p class=\"wp-block-paragraph\">Como parte de las diligencias se analizaron registros de videovigilancia del sistema C5i y se realizaron entrevistas e inspecciones. Tambi\u00e9n fueron asegurados diversos objetos presuntamente relacionados con los hechos, entre ellos esc\u00e1neres, llaves, chips y herramientas especializadas.<\/p>\n\n\n\n<h2 class=\"wp-block-heading\">Indagan traslado de veh\u00edculos hacia Puebla<\/h2>\n\n\n\n<p class=\"wp-block-paragraph\">Una de las principales l\u00edneas de investigaci\u00f3n apunta al posible traslado de veh\u00edculos robados hacia el estado de Puebla, donde presuntamente podr\u00edan ser modificados sus datos de identificaci\u00f3n y generarse documentaci\u00f3n para su eventual comercializaci\u00f3n.<\/p>\n\n\n\n<p class=\"wp-block-paragraph\">La FGEO inform\u00f3 que los actos de investigaci\u00f3n tambi\u00e9n han permitido establecer <strong>posibles conexiones entre casos registrados en Oaxaca, Puebla, Veracruz, Chiapas y Michoac\u00e1n<\/strong>.<\/p>\n\n\n\n<p class=\"wp-block-paragraph\">La instituci\u00f3n mantiene abiertas las diligencias para determinar el alcance de estas conexiones y establecer la posible participaci\u00f3n de otras personas en los hechos.<\/p>\n\n\n\n<p class=\"wp-block-paragraph\">La Fiscal\u00eda se\u00f1al\u00f3 que continuar\u00e1 con la investigaci\u00f3n y la presentaci\u00f3n de los datos de prueba ante la autoridad judicial, con el objetivo de esclarecer los casos e identificar las posibles conexiones entre los robos de veh\u00edculos denunciados en Oaxaca.<\/p>\n\n\n\n<p class=\"wp-block-paragraph\"><\/p>\n","protected":false},"excerpt":{"rendered":"<p>La investigaci\u00f3n de la FGEO detect\u00f3 posibles conexiones en Oaxaca, Puebla, Veracruz, Chiapas y Michoac\u00e1n; los veh\u00edculos sustra\u00eddos eran principalmente Toyota Tacoma y RAV4. Oaxaca de Ju\u00e1rez, Oaxaca.\u2014 La Fiscal\u00eda General del Estado de Oaxaca (FGEO) obtuvo la vinculaci\u00f3n a proceso de dos personas identificadas como C.A.G.S., originario de Guerrero, y G.S.A., originario de Tijuana, [&hellip;]<\/p>\n","protected":false},"author":2,"featured_media":81031,"comment_status":"closed","ping_status":"open","sticky":false,"template":"","format":"standard","meta":{"footnotes":""},"categories":[2,20],"tags":[],"class_list":["post-81029","post","type-post","status-publish","format-standard","has-post-thumbnail","hentry","category-oaxaca","category-policiaca"],"yoast_head":"<!-- This site is optimized with the Yoast SEO plugin v28.1 - https:\/\/yoast.com\/product\/yoast-seo-wordpress\/ -->\n<title>Vinculan a proceso a dos personas por presunta red de robo de veh\u00edculos en Oaxaca - LA BRAVA RADIO<\/title>\n<meta name=\"robots\" content=\"index, follow, max-snippet:-1, max-image-preview:large, max-video-preview:-1\" \/>\n<link rel=\"canonical\" href=\"https:\/\/www.bbmnoticias.com\/vinculan-a-proceso-a-dos-personas-por-presunta-red-de-robo-de-vehiculos-en-oaxaca\/\" \/>\n<meta property=\"og:locale\" content=\"es_MX\" \/>\n<meta property=\"og:type\" content=\"article\" \/>\n<meta property=\"og:title\" content=\"Vinculan a proceso a dos personas por presunta red de robo de veh\u00edculos en Oaxaca - LA BRAVA RADIO\" \/>\n<meta property=\"og:description\" content=\"La investigaci\u00f3n de la FGEO detect\u00f3 posibles conexiones en Oaxaca, Puebla, Veracruz, Chiapas y Michoac\u00e1n; los veh\u00edculos sustra\u00eddos eran principalmente Toyota Tacoma y RAV4. Oaxaca de Ju\u00e1rez, Oaxaca.\u2014 La Fiscal\u00eda General del Estado de Oaxaca (FGEO) obtuvo la vinculaci\u00f3n a proceso de dos personas identificadas como C.A.G.S., originario de Guerrero, y G.S.A., originario de Tijuana, [&hellip;]\" \/>\n<meta property=\"og:url\" content=\"https:\/\/www.bbmnoticias.com\/vinculan-a-proceso-a-dos-personas-por-presunta-red-de-robo-de-vehiculos-en-oaxaca\/\" \/>\n<meta property=\"og:site_name\" content=\"LA BRAVA RADIO\" \/>\n<meta property=\"article:published_time\" content=\"2026-08-25T14:33:00+00:00\" \/>\n<meta property=\"article:modified_time\" content=\"2026-08-25T14:56:56+00:00\" \/>\n<meta property=\"og:image\" content=\"https:\/\/www.bbmnoticias.com\/labravaradiofm\/wp-content\/uploads\/sites\/5\/2026\/08\/detenidos_robo_autos.jpg\" \/>\n\t<meta property=\"og:image:width\" content=\"800\" \/>\n\t<meta property=\"og:image:height\" content=\"450\" \/>\n\t<meta property=\"og:image:type\" content=\"image\/jpeg\" \/>\n<meta name=\"author\" content=\"Staff\" \/>\n<meta name=\"twitter:card\" content=\"summary_large_image\" \/>\n<meta name=\"twitter:label1\" content=\"Escrito por\" \/>\n\t<meta name=\"twitter:data1\" content=\"Staff\" \/>\n\t<meta name=\"twitter:label2\" content=\"Tiempo de lectura\" \/>\n\t<meta name=\"twitter:data2\" content=\"2 minutos\" \/>\n<script type=\"application\/ld+json\" class=\"yoast-schema-graph\">{\"@context\":\"https:\\\/\\\/schema.org\",\"@graph\":[{\"@type\":\"Article\",\"@id\":\"https:\\\/\\\/www.bbmnoticias.com\\\/vinculan-a-proceso-a-dos-personas-por-presunta-red-de-robo-de-vehiculos-en-oaxaca\\\/#article\",\"isPartOf\":{\"@id\":\"https:\\\/\\\/www.bbmnoticias.com\\\/labravaradiofm\\\/2026\\\/08\\\/25\\\/vinculan-a-proceso-a-dos-personas-por-presunta-red-de-robo-de-vehiculos-en-oaxaca\\\/\"},\"author\":{\"name\":\"Staff\",\"@id\":\"https:\\\/\\\/www.bbmnoticias.com\\\/labravaradiofm\\\/#\\\/schema\\\/person\\\/9eb037257fc48a09cdf31d9a2f45619f\"},\"headline\":\"Vinculan a proceso a dos personas por presunta red de robo de veh\u00edculos en Oaxaca\",\"datePublished\":\"2026-08-25T14:33:00+00:00\",\"dateModified\":\"2026-08-25T14:56:56+00:00\",\"mainEntityOfPage\":{\"@id\":\"https:\\\/\\\/www.bbmnoticias.com\\\/labravaradiofm\\\/2026\\\/08\\\/25\\\/vinculan-a-proceso-a-dos-personas-por-presunta-red-de-robo-de-vehiculos-en-oaxaca\\\/\"},\"wordCount\":492,\"image\":{\"@id\":\"https:\\\/\\\/www.bbmnoticias.com\\\/vinculan-a-proceso-a-dos-personas-por-presunta-red-de-robo-de-vehiculos-en-oaxaca\\\/#primaryimage\"},\"thumbnailUrl\":\"https:\\\/\\\/www.bbmnoticias.com\\\/labravaradiofm\\\/wp-content\\\/uploads\\\/sites\\\/5\\\/2026\\\/08\\\/detenidos_robo_autos.jpg\",\"articleSection\":[\"LOCAL\",\"POLICIACA\"],\"inLanguage\":\"es\"},{\"@type\":\"WebPage\",\"@id\":\"https:\\\/\\\/www.bbmnoticias.com\\\/labravaradiofm\\\/2026\\\/08\\\/25\\\/vinculan-a-proceso-a-dos-personas-por-presunta-red-de-robo-de-vehiculos-en-oaxaca\\\/\",\"url\":\"https:\\\/\\\/www.bbmnoticias.com\\\/vinculan-a-proceso-a-dos-personas-por-presunta-red-de-robo-de-vehiculos-en-oaxaca\\\/\",\"name\":\"Vinculan a proceso a dos personas por presunta red de robo de veh\u00edculos en Oaxaca - LA BRAVA RADIO\",\"isPartOf\":{\"@id\":\"https:\\\/\\\/www.bbmnoticias.com\\\/labravaradiofm\\\/#website\"},\"primaryImageOfPage\":{\"@id\":\"https:\\\/\\\/www.bbmnoticias.com\\\/vinculan-a-proceso-a-dos-personas-por-presunta-red-de-robo-de-vehiculos-en-oaxaca\\\/#primaryimage\"},\"image\":{\"@id\":\"https:\\\/\\\/www.bbmnoticias.com\\\/vinculan-a-proceso-a-dos-personas-por-presunta-red-de-robo-de-vehiculos-en-oaxaca\\\/#primaryimage\"},\"thumbnailUrl\":\"https:\\\/\\\/www.bbmnoticias.com\\\/labravaradiofm\\\/wp-content\\\/uploads\\\/sites\\\/5\\\/2026\\\/08\\\/detenidos_robo_autos.jpg\",\"datePublished\":\"2026-08-25T14:33:00+00:00\",\"dateModified\":\"2026-08-25T14:56:56+00:00\",\"author\":{\"@id\":\"https:\\\/\\\/www.bbmnoticias.com\\\/labravaradiofm\\\/#\\\/schema\\\/person\\\/9eb037257fc48a09cdf31d9a2f45619f\"},\"breadcrumb\":{\"@id\":\"https:\\\/\\\/www.bbmnoticias.com\\\/vinculan-a-proceso-a-dos-personas-por-presunta-red-de-robo-de-vehiculos-en-oaxaca\\\/#breadcrumb\"},\"inLanguage\":\"es\",\"potentialAction\":[{\"@type\":\"ReadAction\",\"target\":[\"https:\\\/\\\/www.bbmnoticias.com\\\/vinculan-a-proceso-a-dos-personas-por-presunta-red-de-robo-de-vehiculos-en-oaxaca\\\/\"]}]},{\"@type\":\"ImageObject\",\"inLanguage\":\"es\",\"@id\":\"https:\\\/\\\/www.bbmnoticias.com\\\/vinculan-a-proceso-a-dos-personas-por-presunta-red-de-robo-de-vehiculos-en-oaxaca\\\/#primaryimage\",\"url\":\"https:\\\/\\\/www.bbmnoticias.com\\\/labravaradiofm\\\/wp-content\\\/uploads\\\/sites\\\/5\\\/2026\\\/08\\\/detenidos_robo_autos.jpg\",\"contentUrl\":\"https:\\\/\\\/www.bbmnoticias.com\\\/labravaradiofm\\\/wp-content\\\/uploads\\\/sites\\\/5\\\/2026\\\/08\\\/detenidos_robo_autos.jpg\",\"width\":800,\"height\":450},{\"@type\":\"BreadcrumbList\",\"@id\":\"https:\\\/\\\/www.bbmnoticias.com\\\/vinculan-a-proceso-a-dos-personas-por-presunta-red-de-robo-de-vehiculos-en-oaxaca\\\/#breadcrumb\",\"itemListElement\":[{\"@type\":\"ListItem\",\"position\":1,\"name\":\"Inicio\",\"item\":\"https:\\\/\\\/www.bbmnoticias.com\\\/labravaradiofm\\\/\"},{\"@type\":\"ListItem\",\"position\":2,\"name\":\"Vinculan a proceso a dos personas por presunta red de robo de veh\u00edculos en Oaxaca\"}]},{\"@type\":\"WebSite\",\"@id\":\"https:\\\/\\\/www.bbmnoticias.com\\\/labravaradiofm\\\/#website\",\"url\":\"https:\\\/\\\/www.bbmnoticias.com\\\/labravaradiofm\\\/\",\"name\":\"LA BRAVA RADIO\",\"description\":\"Empresa productora de medios, Radiodifusi\u00f3n, Noticias, tendencias y todo lo que necesitas saber de la pol\u00edtica mexicana e internacional; entretenimiento, espect\u00e1culos, salud y mucho m\u00e1s.\",\"potentialAction\":[{\"@type\":\"SearchAction\",\"target\":{\"@type\":\"EntryPoint\",\"urlTemplate\":\"https:\\\/\\\/www.bbmnoticias.com\\\/labravaradiofm\\\/?s={search_term_string}\"},\"query-input\":{\"@type\":\"PropertyValueSpecification\",\"valueRequired\":true,\"valueName\":\"search_term_string\"}}],\"inLanguage\":\"es\"},{\"@type\":\"Person\",\"@id\":\"https:\\\/\\\/www.bbmnoticias.com\\\/labravaradiofm\\\/#\\\/schema\\\/person\\\/9eb037257fc48a09cdf31d9a2f45619f\",\"name\":\"Staff\",\"image\":{\"@type\":\"ImageObject\",\"inLanguage\":\"es\",\"@id\":\"https:\\\/\\\/secure.gravatar.com\\\/avatar\\\/fdd21ad66fd8b98c407f9dee5b5e588cfe7f0d8579ec20fa6527cd59bab7f0f0?s=96&d=mm&r=g\",\"url\":\"https:\\\/\\\/secure.gravatar.com\\\/avatar\\\/fdd21ad66fd8b98c407f9dee5b5e588cfe7f0d8579ec20fa6527cd59bab7f0f0?s=96&d=mm&r=g\",\"contentUrl\":\"https:\\\/\\\/secure.gravatar.com\\\/avatar\\\/fdd21ad66fd8b98c407f9dee5b5e588cfe7f0d8579ec20fa6527cd59bab7f0f0?s=96&d=mm&r=g\",\"caption\":\"Staff\"},\"url\":\"https:\\\/\\\/www.bbmnoticias.com\\\/labravaradiofm\\\/author\\\/redaccion\\\/\"}]}<\/script>\n<!-- \/ Yoast SEO plugin. -->","yoast_head_json":{"title":"Vinculan a proceso a dos personas por presunta red de robo de veh\u00edculos en Oaxaca - LA BRAVA RADIO","robots":{"index":"index","follow":"follow","max-snippet":"max-snippet:-1","max-image-preview":"max-image-preview:large","max-video-preview":"max-video-preview:-1"},"canonical":"https:\/\/www.bbmnoticias.com\/vinculan-a-proceso-a-dos-personas-por-presunta-red-de-robo-de-vehiculos-en-oaxaca\/","og_locale":"es_MX","og_type":"article","og_title":"Vinculan a proceso a dos personas por presunta red de robo de veh\u00edculos en Oaxaca - LA BRAVA RADIO","og_description":"La investigaci\u00f3n de la FGEO detect\u00f3 posibles conexiones en Oaxaca, Puebla, Veracruz, Chiapas y Michoac\u00e1n; los veh\u00edculos sustra\u00eddos eran principalmente Toyota Tacoma y RAV4. Oaxaca de Ju\u00e1rez, Oaxaca.\u2014 La Fiscal\u00eda General del Estado de Oaxaca (FGEO) obtuvo la vinculaci\u00f3n a proceso de dos personas identificadas como C.A.G.S., originario de Guerrero, y G.S.A., originario de Tijuana, [&hellip;]","og_url":"https:\/\/www.bbmnoticias.com\/vinculan-a-proceso-a-dos-personas-por-presunta-red-de-robo-de-vehiculos-en-oaxaca\/","og_site_name":"LA BRAVA RADIO","article_published_time":"2026-08-25T14:33:00+00:00","article_modified_time":"2026-08-25T14:56:56+00:00","og_image":[{"width":800,"height":450,"url":"https:\/\/www.bbmnoticias.com\/labravaradiofm\/wp-content\/uploads\/sites\/5\/2026\/08\/detenidos_robo_autos.jpg","type":"image\/jpeg"}],"author":"Staff","twitter_card":"summary_large_image","twitter_misc":{"Escrito por":"Staff","Tiempo de lectura":"2 minutos"},"schema":{"@context":"https:\/\/schema.org","@graph":[{"@type":"Article","@id":"https:\/\/www.bbmnoticias.com\/vinculan-a-proceso-a-dos-personas-por-presunta-red-de-robo-de-vehiculos-en-oaxaca\/#article","isPartOf":{"@id":"https:\/\/www.bbmnoticias.com\/labravaradiofm\/2026\/08\/25\/vinculan-a-proceso-a-dos-personas-por-presunta-red-de-robo-de-vehiculos-en-oaxaca\/"},"author":{"name":"Staff","@id":"https:\/\/www.bbmnoticias.com\/labravaradiofm\/#\/schema\/person\/9eb037257fc48a09cdf31d9a2f45619f"},"headline":"Vinculan a proceso a dos personas por presunta red de robo de veh\u00edculos en Oaxaca","datePublished":"2026-08-25T14:33:00+00:00","dateModified":"2026-08-25T14:56:56+00:00","mainEntityOfPage":{"@id":"https:\/\/www.bbmnoticias.com\/labravaradiofm\/2026\/08\/25\/vinculan-a-proceso-a-dos-personas-por-presunta-red-de-robo-de-vehiculos-en-oaxaca\/"},"wordCount":492,"image":{"@id":"https:\/\/www.bbmnoticias.com\/vinculan-a-proceso-a-dos-personas-por-presunta-red-de-robo-de-vehiculos-en-oaxaca\/#primaryimage"},"thumbnailUrl":"https:\/\/www.bbmnoticias.com\/labravaradiofm\/wp-content\/uploads\/sites\/5\/2026\/08\/detenidos_robo_autos.jpg","articleSection":["LOCAL","POLICIACA"],"inLanguage":"es"},{"@type":"WebPage","@id":"https:\/\/www.bbmnoticias.com\/labravaradiofm\/2026\/08\/25\/vinculan-a-proceso-a-dos-personas-por-presunta-red-de-robo-de-vehiculos-en-oaxaca\/","url":"https:\/\/www.bbmnoticias.com\/vinculan-a-proceso-a-dos-personas-por-presunta-red-de-robo-de-vehiculos-en-oaxaca\/","name":"Vinculan a proceso a dos personas por presunta red de robo de veh\u00edculos en Oaxaca - LA BRAVA RADIO","isPartOf":{"@id":"https:\/\/www.bbmnoticias.com\/labravaradiofm\/#website"},"primaryImageOfPage":{"@id":"https:\/\/www.bbmnoticias.com\/vinculan-a-proceso-a-dos-personas-por-presunta-red-de-robo-de-vehiculos-en-oaxaca\/#primaryimage"},"image":{"@id":"https:\/\/www.bbmnoticias.com\/vinculan-a-proceso-a-dos-personas-por-presunta-red-de-robo-de-vehiculos-en-oaxaca\/#primaryimage"},"thumbnailUrl":"https:\/\/www.bbmnoticias.com\/labravaradiofm\/wp-content\/uploads\/sites\/5\/2026\/08\/detenidos_robo_autos.jpg","datePublished":"2026-08-25T14:33:00+00:00","dateModified":"2026-08-25T14:56:56+00:00","author":{"@id":"https:\/\/www.bbmnoticias.com\/labravaradiofm\/#\/schema\/person\/9eb037257fc48a09cdf31d9a2f45619f"},"breadcrumb":{"@id":"https:\/\/www.bbmnoticias.com\/vinculan-a-proceso-a-dos-personas-por-presunta-red-de-robo-de-vehiculos-en-oaxaca\/#breadcrumb"},"inLanguage":"es","potentialAction":[{"@type":"ReadAction","target":["https:\/\/www.bbmnoticias.com\/vinculan-a-proceso-a-dos-personas-por-presunta-red-de-robo-de-vehiculos-en-oaxaca\/"]}]},{"@type":"ImageObject","inLanguage":"es","@id":"https:\/\/www.bbmnoticias.com\/vinculan-a-proceso-a-dos-personas-por-presunta-red-de-robo-de-vehiculos-en-oaxaca\/#primaryimage","url":"https:\/\/www.bbmnoticias.com\/labravaradiofm\/wp-content\/uploads\/sites\/5\/2026\/08\/detenidos_robo_autos.jpg","contentUrl":"https:\/\/www.bbmnoticias.com\/labravaradiofm\/wp-content\/uploads\/sites\/5\/2026\/08\/detenidos_robo_autos.jpg","width":800,"height":450},{"@type":"BreadcrumbList","@id":"https:\/\/www.bbmnoticias.com\/vinculan-a-proceso-a-dos-personas-por-presunta-red-de-robo-de-vehiculos-en-oaxaca\/#breadcrumb","itemListElement":[{"@type":"ListItem","position":1,"name":"Inicio","item":"https:\/\/www.bbmnoticias.com\/labravaradiofm\/"},{"@type":"ListItem","position":2,"name":"Vinculan a proceso a dos personas por presunta red de robo de veh\u00edculos en Oaxaca"}]},{"@type":"WebSite","@id":"https:\/\/www.bbmnoticias.com\/labravaradiofm\/#website","url":"https:\/\/www.bbmnoticias.com\/labravaradiofm\/","name":"LA BRAVA RADIO","description":"Empresa productora de medios, Radiodifusi\u00f3n, Noticias, tendencias y todo lo que necesitas saber de la pol\u00edtica mexicana e internacional; entretenimiento, espect\u00e1culos, salud y mucho m\u00e1s.","potentialAction":[{"@type":"SearchAction","target":{"@type":"EntryPoint","urlTemplate":"https:\/\/www.bbmnoticias.com\/labravaradiofm\/?s={search_term_string}"},"query-input":{"@type":"PropertyValueSpecification","valueRequired":true,"valueName":"search_term_string"}}],"inLanguage":"es"},{"@type":"Person","@id":"https:\/\/www.bbmnoticias.com\/labravaradiofm\/#\/schema\/person\/9eb037257fc48a09cdf31d9a2f45619f","name":"Staff","image":{"@type":"ImageObject","inLanguage":"es","@id":"https:\/\/secure.gravatar.com\/avatar\/fdd21ad66fd8b98c407f9dee5b5e588cfe7f0d8579ec20fa6527cd59bab7f0f0?s=96&d=mm&r=g","url":"https:\/\/secure.gravatar.com\/avatar\/fdd21ad66fd8b98c407f9dee5b5e588cfe7f0d8579ec20fa6527cd59bab7f0f0?s=96&d=mm&r=g","contentUrl":"https:\/\/secure.gravatar.com\/avatar\/fdd21ad66fd8b98c407f9dee5b5e588cfe7f0d8579ec20fa6527cd59bab7f0f0?s=96&d=mm&r=g","caption":"Staff"},"url":"https:\/\/www.bbmnoticias.com\/labravaradiofm\/author\/redaccion\/"}]}},"_links":{"self":[{"href":"https:\/\/www.bbmnoticias.com\/labravaradiofm\/wp-json\/wp\/v2\/posts\/81029","targetHints":{"allow":["GET"]}}],"collection":[{"href":"https:\/\/www.bbmnoticias.com\/labravaradiofm\/wp-json\/wp\/v2\/posts"}],"about":[{"href":"https:\/\/www.bbmnoticias.com\/labravaradiofm\/wp-json\/wp\/v2\/types\/post"}],"author":[{"embeddable":true,"href":"https:\/\/www.bbmnoticias.com\/labravaradiofm\/wp-json\/wp\/v2\/users\/2"}],"replies":[{"embeddable":true,"href":"https:\/\/www.bbmnoticias.com\/labravaradiofm\/wp-json\/wp\/v2\/comments?post=81029"}],"version-history":[{"count":1,"href":"https:\/\/www.bbmnoticias.com\/labravaradiofm\/wp-json\/wp\/v2\/posts\/81029\/revisions"}],"predecessor-version":[{"id":81030,"href":"https:\/\/www.bbmnoticias.com\/labravaradiofm\/wp-json\/wp\/v2\/posts\/81029\/revisions\/81030"}],"wp:featuredmedia":[{"embeddable":true,"href":"https:\/\/www.bbmnoticias.com\/labravaradiofm\/wp-json\/wp\/v2\/media\/81031"}],"wp:attachment":[{"href":"https:\/\/www.bbmnoticias.com\/labravaradiofm\/wp-json\/wp\/v2\/media?parent=81029"}],"wp:term":[{"taxonomy":"category","embeddable":true,"href":"https:\/\/www.bbmnoticias.com\/labravaradiofm\/wp-json\/wp\/v2\/categories?post=81029"},{"taxonomy":"post_tag","embeddable":true,"href":"https:\/\/www.bbmnoticias.com\/labravaradiofm\/wp-json\/wp\/v2\/tags?post=81029"}],"curies":[{"name":"wp","href":"https:\/\/api.w.org\/{rel}","templated":true}]}}