{"id":81026,"date":"2026-08-25T08:53:11","date_gmt":"2026-08-25T14:53:11","guid":{"rendered":"https:\/\/www.bbmnoticias.com\/labravaradiofm\/2026\/08\/25\/organizaciones-bloquean-autopista-oaxaca-cuacnopalan-en-nochixtlan\/"},"modified":"2026-08-25T08:53:13","modified_gmt":"2026-08-25T14:53:13","slug":"organizaciones-bloquean-autopista-oaxaca-cuacnopalan-en-nochixtlan","status":"publish","type":"post","link":"https:\/\/www.bbmnoticias.com\/labravaradiofm\/2026\/08\/25\/organizaciones-bloquean-autopista-oaxaca-cuacnopalan-en-nochixtlan\/","title":{"rendered":"Organizaciones bloquean autopista Oaxaca-Cuacnopalan en Nochixtl\u00e1n"},"content":{"rendered":"\n<p class=\"wp-block-paragraph\"><strong>El cierre comenz\u00f3 alrededor de las 6:00 horas de este martes y afecta ambos sentidos de la autopista 135-D, a la altura del kil\u00f3metro 178. Tambi\u00e9n se reportan movilizaciones en otras casetas de peaje.<\/strong><\/p>\n\n\n\n<p class=\"wp-block-paragraph\"><strong>Oaxaca de Ju\u00e1rez, Oaxaca.\u2014<\/strong> Desde las primeras horas de este martes, integrantes del Frente Popular Revolucionario (FPR), la Uni\u00f3n de Pueblos Chocholtecos y Mixtecos (UPCM) y otras organizaciones mantienen bloqueada la autopista Oaxaca-Cuacnopalan y la carretera federal, en inmediaciones de Asunci\u00f3n Nochixtl\u00e1n.<\/p>\n\n\n\n<p class=\"wp-block-paragraph\">El cierre afecta ambos sentidos de la autopista 135-D, a la altura del kil\u00f3metro 178 y cerca de una estaci\u00f3n de servicio, donde los manifestantes instalaron el bloqueo alrededor de las 6:00 horas.<\/p>\n\n\n\n<p class=\"wp-block-paragraph\">La movilizaci\u00f3n ha generado afectaciones a la circulaci\u00f3n en esta importante v\u00eda de comunicaci\u00f3n, utilizada para conectar Oaxaca con la regi\u00f3n Mixteca y otros puntos del centro del pa\u00eds.<\/p>\n\n\n\n<h2 class=\"wp-block-heading\">Reportan acciones en otras carreteras<\/h2>\n\n\n\n<p class=\"wp-block-paragraph\">La protesta tambi\u00e9n se extendi\u00f3 a otros puntos de la red carretera de Oaxaca. De acuerdo con reportes preliminares y avisos de Caminos y Puentes Federales (CAPUFE), organizaciones participantes mantienen acciones en la caseta de peaje de Barranca Larga-Ventanilla y en la caseta del Puente Caracol.<\/p>\n\n\n\n<p class=\"wp-block-paragraph\">Los grupos movilizados se\u00f1alaron que las acciones forman parte de una jornada de protesta mediante la cual buscan exigir justicia y respuestas a diversas demandas sociales.<\/p>\n\n\n\n<p class=\"wp-block-paragraph\">Hasta el momento, el llamado a los automovilistas es a tomar precauciones y considerar rutas alternas ante las afectaciones provocadas por los bloqueos.<\/p>\n\n\n\n<p class=\"wp-block-paragraph\">La situaci\u00f3n se mantiene en desarrollo, por lo que podr\u00edan registrarse nuevas afectaciones a la circulaci\u00f3n en distintos puntos de la red carretera estatal.<\/p>\n\n\n\n<p class=\"wp-block-paragraph\"><\/p>\n","protected":false},"excerpt":{"rendered":"<p>El cierre comenz\u00f3 alrededor de las 6:00 horas de este martes y afecta ambos sentidos de la autopista 135-D, a la altura del kil\u00f3metro 178. Tambi\u00e9n se reportan movilizaciones en otras casetas de peaje. Oaxaca de Ju\u00e1rez, Oaxaca.\u2014 Desde las primeras horas de este martes, integrantes del Frente Popular Revolucionario (FPR), la Uni\u00f3n de Pueblos [&hellip;]<\/p>\n","protected":false},"author":2,"featured_media":81028,"comment_status":"closed","ping_status":"open","sticky":false,"template":"","format":"standard","meta":{"footnotes":""},"categories":[2],"tags":[],"class_list":["post-81026","post","type-post","status-publish","format-standard","has-post-thumbnail","hentry","category-oaxaca"],"yoast_head":"<!-- This site is optimized with the Yoast SEO plugin v28.1 - https:\/\/yoast.com\/product\/yoast-seo-wordpress\/ -->\n<title>Organizaciones bloquean autopista Oaxaca-Cuacnopalan en Nochixtl\u00e1n - LA BRAVA RADIO<\/title>\n<meta name=\"robots\" content=\"index, follow, max-snippet:-1, max-image-preview:large, max-video-preview:-1\" \/>\n<link rel=\"canonical\" href=\"https:\/\/www.bbmnoticias.com\/organizaciones-bloquean-autopista-oaxaca-cuacnopalan-en-nochixtlan\/\" \/>\n<meta property=\"og:locale\" content=\"es_MX\" \/>\n<meta property=\"og:type\" content=\"article\" \/>\n<meta property=\"og:title\" content=\"Organizaciones bloquean autopista Oaxaca-Cuacnopalan en Nochixtl\u00e1n - LA BRAVA RADIO\" \/>\n<meta property=\"og:description\" content=\"El cierre comenz\u00f3 alrededor de las 6:00 horas de este martes y afecta ambos sentidos de la autopista 135-D, a la altura del kil\u00f3metro 178. Tambi\u00e9n se reportan movilizaciones en otras casetas de peaje. Oaxaca de Ju\u00e1rez, Oaxaca.\u2014 Desde las primeras horas de este martes, integrantes del Frente Popular Revolucionario (FPR), la Uni\u00f3n de Pueblos [&hellip;]\" \/>\n<meta property=\"og:url\" content=\"https:\/\/www.bbmnoticias.com\/organizaciones-bloquean-autopista-oaxaca-cuacnopalan-en-nochixtlan\/\" \/>\n<meta property=\"og:site_name\" content=\"LA BRAVA RADIO\" \/>\n<meta property=\"article:published_time\" content=\"2026-08-25T14:53:11+00:00\" \/>\n<meta property=\"article:modified_time\" content=\"2026-08-25T14:53:13+00:00\" \/>\n<meta property=\"og:image\" content=\"https:\/\/www.bbmnoticias.com\/labravaradiofm\/wp-content\/uploads\/sites\/5\/2026\/08\/fpr_autopista.jpg\" \/>\n\t<meta property=\"og:image:width\" content=\"800\" \/>\n\t<meta property=\"og:image:height\" content=\"468\" \/>\n\t<meta property=\"og:image:type\" content=\"image\/jpeg\" \/>\n<meta name=\"author\" content=\"Staff\" \/>\n<meta name=\"twitter:card\" content=\"summary_large_image\" \/>\n<meta name=\"twitter:label1\" content=\"Escrito por\" \/>\n\t<meta name=\"twitter:data1\" content=\"Staff\" \/>\n\t<meta name=\"twitter:label2\" content=\"Tiempo de lectura\" \/>\n\t<meta name=\"twitter:data2\" content=\"1 minuto\" \/>\n<script type=\"application\/ld+json\" class=\"yoast-schema-graph\">{\"@context\":\"https:\\\/\\\/schema.org\",\"@graph\":[{\"@type\":\"Article\",\"@id\":\"https:\\\/\\\/www.bbmnoticias.com\\\/organizaciones-bloquean-autopista-oaxaca-cuacnopalan-en-nochixtlan\\\/#article\",\"isPartOf\":{\"@id\":\"https:\\\/\\\/www.bbmnoticias.com\\\/labravaradiofm\\\/2026\\\/08\\\/25\\\/organizaciones-bloquean-autopista-oaxaca-cuacnopalan-en-nochixtlan\\\/\"},\"author\":{\"name\":\"Staff\",\"@id\":\"https:\\\/\\\/www.bbmnoticias.com\\\/labravaradiofm\\\/#\\\/schema\\\/person\\\/9eb037257fc48a09cdf31d9a2f45619f\"},\"headline\":\"Organizaciones bloquean autopista Oaxaca-Cuacnopalan en Nochixtl\u00e1n\",\"datePublished\":\"2026-08-25T14:53:11+00:00\",\"dateModified\":\"2026-08-25T14:53:13+00:00\",\"mainEntityOfPage\":{\"@id\":\"https:\\\/\\\/www.bbmnoticias.com\\\/labravaradiofm\\\/2026\\\/08\\\/25\\\/organizaciones-bloquean-autopista-oaxaca-cuacnopalan-en-nochixtlan\\\/\"},\"wordCount\":284,\"image\":{\"@id\":\"https:\\\/\\\/www.bbmnoticias.com\\\/organizaciones-bloquean-autopista-oaxaca-cuacnopalan-en-nochixtlan\\\/#primaryimage\"},\"thumbnailUrl\":\"https:\\\/\\\/www.bbmnoticias.com\\\/labravaradiofm\\\/wp-content\\\/uploads\\\/sites\\\/5\\\/2026\\\/08\\\/fpr_autopista.jpg\",\"articleSection\":[\"LOCAL\"],\"inLanguage\":\"es\"},{\"@type\":\"WebPage\",\"@id\":\"https:\\\/\\\/www.bbmnoticias.com\\\/labravaradiofm\\\/2026\\\/08\\\/25\\\/organizaciones-bloquean-autopista-oaxaca-cuacnopalan-en-nochixtlan\\\/\",\"url\":\"https:\\\/\\\/www.bbmnoticias.com\\\/organizaciones-bloquean-autopista-oaxaca-cuacnopalan-en-nochixtlan\\\/\",\"name\":\"Organizaciones bloquean autopista Oaxaca-Cuacnopalan en Nochixtl\u00e1n - LA BRAVA RADIO\",\"isPartOf\":{\"@id\":\"https:\\\/\\\/www.bbmnoticias.com\\\/labravaradiofm\\\/#website\"},\"primaryImageOfPage\":{\"@id\":\"https:\\\/\\\/www.bbmnoticias.com\\\/organizaciones-bloquean-autopista-oaxaca-cuacnopalan-en-nochixtlan\\\/#primaryimage\"},\"image\":{\"@id\":\"https:\\\/\\\/www.bbmnoticias.com\\\/organizaciones-bloquean-autopista-oaxaca-cuacnopalan-en-nochixtlan\\\/#primaryimage\"},\"thumbnailUrl\":\"https:\\\/\\\/www.bbmnoticias.com\\\/labravaradiofm\\\/wp-content\\\/uploads\\\/sites\\\/5\\\/2026\\\/08\\\/fpr_autopista.jpg\",\"datePublished\":\"2026-08-25T14:53:11+00:00\",\"dateModified\":\"2026-08-25T14:53:13+00:00\",\"author\":{\"@id\":\"https:\\\/\\\/www.bbmnoticias.com\\\/labravaradiofm\\\/#\\\/schema\\\/person\\\/9eb037257fc48a09cdf31d9a2f45619f\"},\"breadcrumb\":{\"@id\":\"https:\\\/\\\/www.bbmnoticias.com\\\/organizaciones-bloquean-autopista-oaxaca-cuacnopalan-en-nochixtlan\\\/#breadcrumb\"},\"inLanguage\":\"es\",\"potentialAction\":[{\"@type\":\"ReadAction\",\"target\":[\"https:\\\/\\\/www.bbmnoticias.com\\\/organizaciones-bloquean-autopista-oaxaca-cuacnopalan-en-nochixtlan\\\/\"]}]},{\"@type\":\"ImageObject\",\"inLanguage\":\"es\",\"@id\":\"https:\\\/\\\/www.bbmnoticias.com\\\/organizaciones-bloquean-autopista-oaxaca-cuacnopalan-en-nochixtlan\\\/#primaryimage\",\"url\":\"https:\\\/\\\/www.bbmnoticias.com\\\/labravaradiofm\\\/wp-content\\\/uploads\\\/sites\\\/5\\\/2026\\\/08\\\/fpr_autopista.jpg\",\"contentUrl\":\"https:\\\/\\\/www.bbmnoticias.com\\\/labravaradiofm\\\/wp-content\\\/uploads\\\/sites\\\/5\\\/2026\\\/08\\\/fpr_autopista.jpg\",\"width\":800,\"height\":468},{\"@type\":\"BreadcrumbList\",\"@id\":\"https:\\\/\\\/www.bbmnoticias.com\\\/organizaciones-bloquean-autopista-oaxaca-cuacnopalan-en-nochixtlan\\\/#breadcrumb\",\"itemListElement\":[{\"@type\":\"ListItem\",\"position\":1,\"name\":\"Inicio\",\"item\":\"https:\\\/\\\/www.bbmnoticias.com\\\/labravaradiofm\\\/\"},{\"@type\":\"ListItem\",\"position\":2,\"name\":\"Organizaciones bloquean autopista Oaxaca-Cuacnopalan en Nochixtl\u00e1n\"}]},{\"@type\":\"WebSite\",\"@id\":\"https:\\\/\\\/www.bbmnoticias.com\\\/labravaradiofm\\\/#website\",\"url\":\"https:\\\/\\\/www.bbmnoticias.com\\\/labravaradiofm\\\/\",\"name\":\"LA BRAVA RADIO\",\"description\":\"Empresa productora de medios, Radiodifusi\u00f3n, Noticias, tendencias y todo lo que necesitas saber de la pol\u00edtica mexicana e internacional; entretenimiento, espect\u00e1culos, salud y mucho m\u00e1s.\",\"potentialAction\":[{\"@type\":\"SearchAction\",\"target\":{\"@type\":\"EntryPoint\",\"urlTemplate\":\"https:\\\/\\\/www.bbmnoticias.com\\\/labravaradiofm\\\/?s={search_term_string}\"},\"query-input\":{\"@type\":\"PropertyValueSpecification\",\"valueRequired\":true,\"valueName\":\"search_term_string\"}}],\"inLanguage\":\"es\"},{\"@type\":\"Person\",\"@id\":\"https:\\\/\\\/www.bbmnoticias.com\\\/labravaradiofm\\\/#\\\/schema\\\/person\\\/9eb037257fc48a09cdf31d9a2f45619f\",\"name\":\"Staff\",\"image\":{\"@type\":\"ImageObject\",\"inLanguage\":\"es\",\"@id\":\"https:\\\/\\\/secure.gravatar.com\\\/avatar\\\/fdd21ad66fd8b98c407f9dee5b5e588cfe7f0d8579ec20fa6527cd59bab7f0f0?s=96&d=mm&r=g\",\"url\":\"https:\\\/\\\/secure.gravatar.com\\\/avatar\\\/fdd21ad66fd8b98c407f9dee5b5e588cfe7f0d8579ec20fa6527cd59bab7f0f0?s=96&d=mm&r=g\",\"contentUrl\":\"https:\\\/\\\/secure.gravatar.com\\\/avatar\\\/fdd21ad66fd8b98c407f9dee5b5e588cfe7f0d8579ec20fa6527cd59bab7f0f0?s=96&d=mm&r=g\",\"caption\":\"Staff\"},\"url\":\"https:\\\/\\\/www.bbmnoticias.com\\\/labravaradiofm\\\/author\\\/redaccion\\\/\"}]}<\/script>\n<!-- \/ Yoast SEO plugin. -->","yoast_head_json":{"title":"Organizaciones bloquean autopista Oaxaca-Cuacnopalan en Nochixtl\u00e1n - LA BRAVA RADIO","robots":{"index":"index","follow":"follow","max-snippet":"max-snippet:-1","max-image-preview":"max-image-preview:large","max-video-preview":"max-video-preview:-1"},"canonical":"https:\/\/www.bbmnoticias.com\/organizaciones-bloquean-autopista-oaxaca-cuacnopalan-en-nochixtlan\/","og_locale":"es_MX","og_type":"article","og_title":"Organizaciones bloquean autopista Oaxaca-Cuacnopalan en Nochixtl\u00e1n - LA BRAVA RADIO","og_description":"El cierre comenz\u00f3 alrededor de las 6:00 horas de este martes y afecta ambos sentidos de la autopista 135-D, a la altura del kil\u00f3metro 178. Tambi\u00e9n se reportan movilizaciones en otras casetas de peaje. Oaxaca de Ju\u00e1rez, Oaxaca.\u2014 Desde las primeras horas de este martes, integrantes del Frente Popular Revolucionario (FPR), la Uni\u00f3n de Pueblos [&hellip;]","og_url":"https:\/\/www.bbmnoticias.com\/organizaciones-bloquean-autopista-oaxaca-cuacnopalan-en-nochixtlan\/","og_site_name":"LA BRAVA RADIO","article_published_time":"2026-08-25T14:53:11+00:00","article_modified_time":"2026-08-25T14:53:13+00:00","og_image":[{"width":800,"height":468,"url":"https:\/\/www.bbmnoticias.com\/labravaradiofm\/wp-content\/uploads\/sites\/5\/2026\/08\/fpr_autopista.jpg","type":"image\/jpeg"}],"author":"Staff","twitter_card":"summary_large_image","twitter_misc":{"Escrito por":"Staff","Tiempo de lectura":"1 minuto"},"schema":{"@context":"https:\/\/schema.org","@graph":[{"@type":"Article","@id":"https:\/\/www.bbmnoticias.com\/organizaciones-bloquean-autopista-oaxaca-cuacnopalan-en-nochixtlan\/#article","isPartOf":{"@id":"https:\/\/www.bbmnoticias.com\/labravaradiofm\/2026\/08\/25\/organizaciones-bloquean-autopista-oaxaca-cuacnopalan-en-nochixtlan\/"},"author":{"name":"Staff","@id":"https:\/\/www.bbmnoticias.com\/labravaradiofm\/#\/schema\/person\/9eb037257fc48a09cdf31d9a2f45619f"},"headline":"Organizaciones bloquean autopista Oaxaca-Cuacnopalan en Nochixtl\u00e1n","datePublished":"2026-08-25T14:53:11+00:00","dateModified":"2026-08-25T14:53:13+00:00","mainEntityOfPage":{"@id":"https:\/\/www.bbmnoticias.com\/labravaradiofm\/2026\/08\/25\/organizaciones-bloquean-autopista-oaxaca-cuacnopalan-en-nochixtlan\/"},"wordCount":284,"image":{"@id":"https:\/\/www.bbmnoticias.com\/organizaciones-bloquean-autopista-oaxaca-cuacnopalan-en-nochixtlan\/#primaryimage"},"thumbnailUrl":"https:\/\/www.bbmnoticias.com\/labravaradiofm\/wp-content\/uploads\/sites\/5\/2026\/08\/fpr_autopista.jpg","articleSection":["LOCAL"],"inLanguage":"es"},{"@type":"WebPage","@id":"https:\/\/www.bbmnoticias.com\/labravaradiofm\/2026\/08\/25\/organizaciones-bloquean-autopista-oaxaca-cuacnopalan-en-nochixtlan\/","url":"https:\/\/www.bbmnoticias.com\/organizaciones-bloquean-autopista-oaxaca-cuacnopalan-en-nochixtlan\/","name":"Organizaciones bloquean autopista Oaxaca-Cuacnopalan en Nochixtl\u00e1n - LA BRAVA RADIO","isPartOf":{"@id":"https:\/\/www.bbmnoticias.com\/labravaradiofm\/#website"},"primaryImageOfPage":{"@id":"https:\/\/www.bbmnoticias.com\/organizaciones-bloquean-autopista-oaxaca-cuacnopalan-en-nochixtlan\/#primaryimage"},"image":{"@id":"https:\/\/www.bbmnoticias.com\/organizaciones-bloquean-autopista-oaxaca-cuacnopalan-en-nochixtlan\/#primaryimage"},"thumbnailUrl":"https:\/\/www.bbmnoticias.com\/labravaradiofm\/wp-content\/uploads\/sites\/5\/2026\/08\/fpr_autopista.jpg","datePublished":"2026-08-25T14:53:11+00:00","dateModified":"2026-08-25T14:53:13+00:00","author":{"@id":"https:\/\/www.bbmnoticias.com\/labravaradiofm\/#\/schema\/person\/9eb037257fc48a09cdf31d9a2f45619f"},"breadcrumb":{"@id":"https:\/\/www.bbmnoticias.com\/organizaciones-bloquean-autopista-oaxaca-cuacnopalan-en-nochixtlan\/#breadcrumb"},"inLanguage":"es","potentialAction":[{"@type":"ReadAction","target":["https:\/\/www.bbmnoticias.com\/organizaciones-bloquean-autopista-oaxaca-cuacnopalan-en-nochixtlan\/"]}]},{"@type":"ImageObject","inLanguage":"es","@id":"https:\/\/www.bbmnoticias.com\/organizaciones-bloquean-autopista-oaxaca-cuacnopalan-en-nochixtlan\/#primaryimage","url":"https:\/\/www.bbmnoticias.com\/labravaradiofm\/wp-content\/uploads\/sites\/5\/2026\/08\/fpr_autopista.jpg","contentUrl":"https:\/\/www.bbmnoticias.com\/labravaradiofm\/wp-content\/uploads\/sites\/5\/2026\/08\/fpr_autopista.jpg","width":800,"height":468},{"@type":"BreadcrumbList","@id":"https:\/\/www.bbmnoticias.com\/organizaciones-bloquean-autopista-oaxaca-cuacnopalan-en-nochixtlan\/#breadcrumb","itemListElement":[{"@type":"ListItem","position":1,"name":"Inicio","item":"https:\/\/www.bbmnoticias.com\/labravaradiofm\/"},{"@type":"ListItem","position":2,"name":"Organizaciones bloquean autopista Oaxaca-Cuacnopalan en Nochixtl\u00e1n"}]},{"@type":"WebSite","@id":"https:\/\/www.bbmnoticias.com\/labravaradiofm\/#website","url":"https:\/\/www.bbmnoticias.com\/labravaradiofm\/","name":"LA BRAVA RADIO","description":"Empresa productora de medios, Radiodifusi\u00f3n, Noticias, tendencias y todo lo que necesitas saber de la pol\u00edtica mexicana e internacional; entretenimiento, espect\u00e1culos, salud y mucho m\u00e1s.","potentialAction":[{"@type":"SearchAction","target":{"@type":"EntryPoint","urlTemplate":"https:\/\/www.bbmnoticias.com\/labravaradiofm\/?s={search_term_string}"},"query-input":{"@type":"PropertyValueSpecification","valueRequired":true,"valueName":"search_term_string"}}],"inLanguage":"es"},{"@type":"Person","@id":"https:\/\/www.bbmnoticias.com\/labravaradiofm\/#\/schema\/person\/9eb037257fc48a09cdf31d9a2f45619f","name":"Staff","image":{"@type":"ImageObject","inLanguage":"es","@id":"https:\/\/secure.gravatar.com\/avatar\/fdd21ad66fd8b98c407f9dee5b5e588cfe7f0d8579ec20fa6527cd59bab7f0f0?s=96&d=mm&r=g","url":"https:\/\/secure.gravatar.com\/avatar\/fdd21ad66fd8b98c407f9dee5b5e588cfe7f0d8579ec20fa6527cd59bab7f0f0?s=96&d=mm&r=g","contentUrl":"https:\/\/secure.gravatar.com\/avatar\/fdd21ad66fd8b98c407f9dee5b5e588cfe7f0d8579ec20fa6527cd59bab7f0f0?s=96&d=mm&r=g","caption":"Staff"},"url":"https:\/\/www.bbmnoticias.com\/labravaradiofm\/author\/redaccion\/"}]}},"_links":{"self":[{"href":"https:\/\/www.bbmnoticias.com\/labravaradiofm\/wp-json\/wp\/v2\/posts\/81026","targetHints":{"allow":["GET"]}}],"collection":[{"href":"https:\/\/www.bbmnoticias.com\/labravaradiofm\/wp-json\/wp\/v2\/posts"}],"about":[{"href":"https:\/\/www.bbmnoticias.com\/labravaradiofm\/wp-json\/wp\/v2\/types\/post"}],"author":[{"embeddable":true,"href":"https:\/\/www.bbmnoticias.com\/labravaradiofm\/wp-json\/wp\/v2\/users\/2"}],"replies":[{"embeddable":true,"href":"https:\/\/www.bbmnoticias.com\/labravaradiofm\/wp-json\/wp\/v2\/comments?post=81026"}],"version-history":[{"count":1,"href":"https:\/\/www.bbmnoticias.com\/labravaradiofm\/wp-json\/wp\/v2\/posts\/81026\/revisions"}],"predecessor-version":[{"id":81027,"href":"https:\/\/www.bbmnoticias.com\/labravaradiofm\/wp-json\/wp\/v2\/posts\/81026\/revisions\/81027"}],"wp:featuredmedia":[{"embeddable":true,"href":"https:\/\/www.bbmnoticias.com\/labravaradiofm\/wp-json\/wp\/v2\/media\/81028"}],"wp:attachment":[{"href":"https:\/\/www.bbmnoticias.com\/labravaradiofm\/wp-json\/wp\/v2\/media?parent=81026"}],"wp:term":[{"taxonomy":"category","embeddable":true,"href":"https:\/\/www.bbmnoticias.com\/labravaradiofm\/wp-json\/wp\/v2\/categories?post=81026"},{"taxonomy":"post_tag","embeddable":true,"href":"https:\/\/www.bbmnoticias.com\/labravaradiofm\/wp-json\/wp\/v2\/tags?post=81026"}],"curies":[{"name":"wp","href":"https:\/\/api.w.org\/{rel}","templated":true}]}}