{"id":81023,"date":"2026-08-25T08:45:29","date_gmt":"2026-08-25T14:45:29","guid":{"rendered":"https:\/\/www.bbmnoticias.com\/labravaradiofm\/2026\/08\/25\/vecinos-de-lindavista-bloquean-el-cerro-del-fortin-por-falta-de-recoleccion-de-basura\/"},"modified":"2026-08-25T08:45:32","modified_gmt":"2026-08-25T14:45:32","slug":"vecinos-de-lindavista-bloquean-el-cerro-del-fortin-por-falta-de-recoleccion-de-basura","status":"publish","type":"post","link":"https:\/\/www.bbmnoticias.com\/labravaradiofm\/2026\/08\/25\/vecinos-de-lindavista-bloquean-el-cerro-del-fortin-por-falta-de-recoleccion-de-basura\/","title":{"rendered":"Vecinos de Lindavista bloquean el Cerro del Fort\u00edn por falta de recolecci\u00f3n de basura"},"content":{"rendered":"\n<p class=\"wp-block-paragraph\"><strong>La protesta se realiz\u00f3 a la altura del Monumento a la Madre; los habitantes denunciaron que una unidad municipal se neg\u00f3 a recoger sus residuos y que presuntamente se les pretend\u00eda cobrar por el servicio.<\/strong><\/p>\n\n\n\n<p class=\"wp-block-paragraph\"><strong>Oaxaca de Ju\u00e1rez, Oaxaca.\u2014<\/strong> Vecinos de la colonia Lindavista bloquearon la circulaci\u00f3n a la altura del Monumento a la Madre, en el Cerro del Fort\u00edn, para exigir al Ayuntamiento de Oaxaca de Ju\u00e1rez atenci\u00f3n al servicio de recolecci\u00f3n de basura.<\/p>\n\n\n\n<p class=\"wp-block-paragraph\">Los habitantes denunciaron que los camiones municipales no estaban ingresando directamente a la colonia, por lo que ten\u00edan que trasladar sus residuos hasta determinados puntos para intentar entregarlos a las unidades recolectoras.<\/p>\n\n\n\n<p class=\"wp-block-paragraph\">La inconformidad aument\u00f3 luego de que, seg\u00fan los vecinos, una unidad se neg\u00f3 a recoger la basura y les indic\u00f3 que no pod\u00eda atenderlos. Los habitantes tambi\u00e9n se\u00f1alaron que presuntamente se les pretend\u00eda cobrar por retirar sus residuos, pese a que la recolecci\u00f3n corresponde al servicio municipal.<\/p>\n\n\n\n<p class=\"wp-block-paragraph\">Ante la falta de respuesta, los colonos decidieron bloquear la vialidad como medida de presi\u00f3n para exigir una soluci\u00f3n inmediata.<\/p>\n\n\n\n<p class=\"wp-block-paragraph\">La protesta concluy\u00f3 despu\u00e9s de que otra unidad recolectora del Ayuntamiento lleg\u00f3 al lugar y comenz\u00f3 a retirar los residuos acumulados. Tras la atenci\u00f3n de la demanda, los vecinos liberaron la circulaci\u00f3n.<\/p>\n\n\n\n<h2 class=\"wp-block-heading\">Reparaciones mantienen fuera de servicio a unidades<\/h2>\n\n\n\n<p class=\"wp-block-paragraph\">El conflicto se suma a las dificultades que enfrenta el servicio de recolecci\u00f3n de basura en Oaxaca de Ju\u00e1rez.<\/p>\n\n\n\n<p class=\"wp-block-paragraph\">Abel Madrid Ju\u00e1rez, l\u00edder del Sindicato Independiente 3 de Marzo, explic\u00f3 que algunas unidades permanecen fuera de servicio debido a que las reparaciones requieren piezas originales de agencia. Se\u00f1al\u00f3 que las refacciones de baja calidad utilizadas anteriormente no han soportado las condiciones de trabajo de los veh\u00edculos.<\/p>\n\n\n\n<p class=\"wp-block-paragraph\">De acuerdo con el dirigente sindical, esta situaci\u00f3n puede retrasar hasta cuatro semanas la recuperaci\u00f3n de algunas unidades, lo que impacta en la capacidad de respuesta del servicio de limpia.<\/p>\n\n\n\n<p class=\"wp-block-paragraph\">De esta manera, los vecinos de Lindavista tuvieron que recurrir al bloqueo de una de las principales vialidades de acceso al Cerro del Fort\u00edn para conseguir la atenci\u00f3n de una demanda b\u00e1sica: la recolecci\u00f3n de sus residuos.<\/p>\n\n\n\n<p class=\"wp-block-paragraph\"><\/p>\n","protected":false},"excerpt":{"rendered":"<p>La protesta se realiz\u00f3 a la altura del Monumento a la Madre; los habitantes denunciaron que una unidad municipal se neg\u00f3 a recoger sus residuos y que presuntamente se les pretend\u00eda cobrar por el servicio. Oaxaca de Ju\u00e1rez, Oaxaca.\u2014 Vecinos de la colonia Lindavista bloquearon la circulaci\u00f3n a la altura del Monumento a la Madre, [&hellip;]<\/p>\n","protected":false},"author":2,"featured_media":81025,"comment_status":"closed","ping_status":"open","sticky":false,"template":"","format":"standard","meta":{"footnotes":""},"categories":[2],"tags":[],"class_list":["post-81023","post","type-post","status-publish","format-standard","has-post-thumbnail","hentry","category-oaxaca"],"yoast_head":"<!-- This site is optimized with the Yoast SEO plugin v28.1 - https:\/\/yoast.com\/product\/yoast-seo-wordpress\/ -->\n<title>Vecinos de Lindavista bloquean el Cerro del Fort\u00edn por falta de recolecci\u00f3n de basura - LA BRAVA RADIO<\/title>\n<meta name=\"robots\" content=\"index, follow, max-snippet:-1, max-image-preview:large, max-video-preview:-1\" \/>\n<link rel=\"canonical\" href=\"https:\/\/www.bbmnoticias.com\/vecinos-de-lindavista-bloquean-el-cerro-del-fortin-por-falta-de-recoleccion-de-basura\/\" \/>\n<meta property=\"og:locale\" content=\"es_MX\" \/>\n<meta property=\"og:type\" content=\"article\" \/>\n<meta property=\"og:title\" content=\"Vecinos de Lindavista bloquean el Cerro del Fort\u00edn por falta de recolecci\u00f3n de basura - LA BRAVA RADIO\" \/>\n<meta property=\"og:description\" content=\"La protesta se realiz\u00f3 a la altura del Monumento a la Madre; los habitantes denunciaron que una unidad municipal se neg\u00f3 a recoger sus residuos y que presuntamente se les pretend\u00eda cobrar por el servicio. Oaxaca de Ju\u00e1rez, Oaxaca.\u2014 Vecinos de la colonia Lindavista bloquearon la circulaci\u00f3n a la altura del Monumento a la Madre, [&hellip;]\" \/>\n<meta property=\"og:url\" content=\"https:\/\/www.bbmnoticias.com\/vecinos-de-lindavista-bloquean-el-cerro-del-fortin-por-falta-de-recoleccion-de-basura\/\" \/>\n<meta property=\"og:site_name\" content=\"LA BRAVA RADIO\" \/>\n<meta property=\"article:published_time\" content=\"2026-08-25T14:45:29+00:00\" \/>\n<meta property=\"article:modified_time\" content=\"2026-08-25T14:45:32+00:00\" \/>\n<meta property=\"og:image\" content=\"https:\/\/www.bbmnoticias.com\/labravaradiofm\/wp-content\/uploads\/sites\/5\/2026\/08\/bloqueo_fortin.jpg\" \/>\n\t<meta property=\"og:image:width\" content=\"800\" \/>\n\t<meta property=\"og:image:height\" content=\"470\" \/>\n\t<meta property=\"og:image:type\" content=\"image\/jpeg\" \/>\n<meta name=\"author\" content=\"Staff\" \/>\n<meta name=\"twitter:card\" content=\"summary_large_image\" \/>\n<meta name=\"twitter:label1\" content=\"Escrito por\" \/>\n\t<meta name=\"twitter:data1\" content=\"Staff\" \/>\n\t<meta name=\"twitter:label2\" content=\"Tiempo de lectura\" \/>\n\t<meta name=\"twitter:data2\" content=\"2 minutos\" \/>\n<script type=\"application\/ld+json\" class=\"yoast-schema-graph\">{\"@context\":\"https:\\\/\\\/schema.org\",\"@graph\":[{\"@type\":\"Article\",\"@id\":\"https:\\\/\\\/www.bbmnoticias.com\\\/vecinos-de-lindavista-bloquean-el-cerro-del-fortin-por-falta-de-recoleccion-de-basura\\\/#article\",\"isPartOf\":{\"@id\":\"https:\\\/\\\/www.bbmnoticias.com\\\/labravaradiofm\\\/2026\\\/08\\\/25\\\/vecinos-de-lindavista-bloquean-el-cerro-del-fortin-por-falta-de-recoleccion-de-basura\\\/\"},\"author\":{\"name\":\"Staff\",\"@id\":\"https:\\\/\\\/www.bbmnoticias.com\\\/labravaradiofm\\\/#\\\/schema\\\/person\\\/9eb037257fc48a09cdf31d9a2f45619f\"},\"headline\":\"Vecinos de Lindavista bloquean el Cerro del Fort\u00edn por falta de recolecci\u00f3n de basura\",\"datePublished\":\"2026-08-25T14:45:29+00:00\",\"dateModified\":\"2026-08-25T14:45:32+00:00\",\"mainEntityOfPage\":{\"@id\":\"https:\\\/\\\/www.bbmnoticias.com\\\/labravaradiofm\\\/2026\\\/08\\\/25\\\/vecinos-de-lindavista-bloquean-el-cerro-del-fortin-por-falta-de-recoleccion-de-basura\\\/\"},\"wordCount\":392,\"image\":{\"@id\":\"https:\\\/\\\/www.bbmnoticias.com\\\/vecinos-de-lindavista-bloquean-el-cerro-del-fortin-por-falta-de-recoleccion-de-basura\\\/#primaryimage\"},\"thumbnailUrl\":\"https:\\\/\\\/www.bbmnoticias.com\\\/labravaradiofm\\\/wp-content\\\/uploads\\\/sites\\\/5\\\/2026\\\/08\\\/bloqueo_fortin.jpg\",\"articleSection\":[\"LOCAL\"],\"inLanguage\":\"es\"},{\"@type\":\"WebPage\",\"@id\":\"https:\\\/\\\/www.bbmnoticias.com\\\/labravaradiofm\\\/2026\\\/08\\\/25\\\/vecinos-de-lindavista-bloquean-el-cerro-del-fortin-por-falta-de-recoleccion-de-basura\\\/\",\"url\":\"https:\\\/\\\/www.bbmnoticias.com\\\/vecinos-de-lindavista-bloquean-el-cerro-del-fortin-por-falta-de-recoleccion-de-basura\\\/\",\"name\":\"Vecinos de Lindavista bloquean el Cerro del Fort\u00edn por falta de recolecci\u00f3n de basura - LA BRAVA RADIO\",\"isPartOf\":{\"@id\":\"https:\\\/\\\/www.bbmnoticias.com\\\/labravaradiofm\\\/#website\"},\"primaryImageOfPage\":{\"@id\":\"https:\\\/\\\/www.bbmnoticias.com\\\/vecinos-de-lindavista-bloquean-el-cerro-del-fortin-por-falta-de-recoleccion-de-basura\\\/#primaryimage\"},\"image\":{\"@id\":\"https:\\\/\\\/www.bbmnoticias.com\\\/vecinos-de-lindavista-bloquean-el-cerro-del-fortin-por-falta-de-recoleccion-de-basura\\\/#primaryimage\"},\"thumbnailUrl\":\"https:\\\/\\\/www.bbmnoticias.com\\\/labravaradiofm\\\/wp-content\\\/uploads\\\/sites\\\/5\\\/2026\\\/08\\\/bloqueo_fortin.jpg\",\"datePublished\":\"2026-08-25T14:45:29+00:00\",\"dateModified\":\"2026-08-25T14:45:32+00:00\",\"author\":{\"@id\":\"https:\\\/\\\/www.bbmnoticias.com\\\/labravaradiofm\\\/#\\\/schema\\\/person\\\/9eb037257fc48a09cdf31d9a2f45619f\"},\"breadcrumb\":{\"@id\":\"https:\\\/\\\/www.bbmnoticias.com\\\/vecinos-de-lindavista-bloquean-el-cerro-del-fortin-por-falta-de-recoleccion-de-basura\\\/#breadcrumb\"},\"inLanguage\":\"es\",\"potentialAction\":[{\"@type\":\"ReadAction\",\"target\":[\"https:\\\/\\\/www.bbmnoticias.com\\\/vecinos-de-lindavista-bloquean-el-cerro-del-fortin-por-falta-de-recoleccion-de-basura\\\/\"]}]},{\"@type\":\"ImageObject\",\"inLanguage\":\"es\",\"@id\":\"https:\\\/\\\/www.bbmnoticias.com\\\/vecinos-de-lindavista-bloquean-el-cerro-del-fortin-por-falta-de-recoleccion-de-basura\\\/#primaryimage\",\"url\":\"https:\\\/\\\/www.bbmnoticias.com\\\/labravaradiofm\\\/wp-content\\\/uploads\\\/sites\\\/5\\\/2026\\\/08\\\/bloqueo_fortin.jpg\",\"contentUrl\":\"https:\\\/\\\/www.bbmnoticias.com\\\/labravaradiofm\\\/wp-content\\\/uploads\\\/sites\\\/5\\\/2026\\\/08\\\/bloqueo_fortin.jpg\",\"width\":800,\"height\":470},{\"@type\":\"BreadcrumbList\",\"@id\":\"https:\\\/\\\/www.bbmnoticias.com\\\/vecinos-de-lindavista-bloquean-el-cerro-del-fortin-por-falta-de-recoleccion-de-basura\\\/#breadcrumb\",\"itemListElement\":[{\"@type\":\"ListItem\",\"position\":1,\"name\":\"Inicio\",\"item\":\"https:\\\/\\\/www.bbmnoticias.com\\\/labravaradiofm\\\/\"},{\"@type\":\"ListItem\",\"position\":2,\"name\":\"Vecinos de Lindavista bloquean el Cerro del Fort\u00edn por falta de recolecci\u00f3n de basura\"}]},{\"@type\":\"WebSite\",\"@id\":\"https:\\\/\\\/www.bbmnoticias.com\\\/labravaradiofm\\\/#website\",\"url\":\"https:\\\/\\\/www.bbmnoticias.com\\\/labravaradiofm\\\/\",\"name\":\"LA BRAVA RADIO\",\"description\":\"Empresa productora de medios, Radiodifusi\u00f3n, Noticias, tendencias y todo lo que necesitas saber de la pol\u00edtica mexicana e internacional; entretenimiento, espect\u00e1culos, salud y mucho m\u00e1s.\",\"potentialAction\":[{\"@type\":\"SearchAction\",\"target\":{\"@type\":\"EntryPoint\",\"urlTemplate\":\"https:\\\/\\\/www.bbmnoticias.com\\\/labravaradiofm\\\/?s={search_term_string}\"},\"query-input\":{\"@type\":\"PropertyValueSpecification\",\"valueRequired\":true,\"valueName\":\"search_term_string\"}}],\"inLanguage\":\"es\"},{\"@type\":\"Person\",\"@id\":\"https:\\\/\\\/www.bbmnoticias.com\\\/labravaradiofm\\\/#\\\/schema\\\/person\\\/9eb037257fc48a09cdf31d9a2f45619f\",\"name\":\"Staff\",\"image\":{\"@type\":\"ImageObject\",\"inLanguage\":\"es\",\"@id\":\"https:\\\/\\\/secure.gravatar.com\\\/avatar\\\/fdd21ad66fd8b98c407f9dee5b5e588cfe7f0d8579ec20fa6527cd59bab7f0f0?s=96&d=mm&r=g\",\"url\":\"https:\\\/\\\/secure.gravatar.com\\\/avatar\\\/fdd21ad66fd8b98c407f9dee5b5e588cfe7f0d8579ec20fa6527cd59bab7f0f0?s=96&d=mm&r=g\",\"contentUrl\":\"https:\\\/\\\/secure.gravatar.com\\\/avatar\\\/fdd21ad66fd8b98c407f9dee5b5e588cfe7f0d8579ec20fa6527cd59bab7f0f0?s=96&d=mm&r=g\",\"caption\":\"Staff\"},\"url\":\"https:\\\/\\\/www.bbmnoticias.com\\\/labravaradiofm\\\/author\\\/redaccion\\\/\"}]}<\/script>\n<!-- \/ Yoast SEO plugin. -->","yoast_head_json":{"title":"Vecinos de Lindavista bloquean el Cerro del Fort\u00edn por falta de recolecci\u00f3n de basura - LA BRAVA RADIO","robots":{"index":"index","follow":"follow","max-snippet":"max-snippet:-1","max-image-preview":"max-image-preview:large","max-video-preview":"max-video-preview:-1"},"canonical":"https:\/\/www.bbmnoticias.com\/vecinos-de-lindavista-bloquean-el-cerro-del-fortin-por-falta-de-recoleccion-de-basura\/","og_locale":"es_MX","og_type":"article","og_title":"Vecinos de Lindavista bloquean el Cerro del Fort\u00edn por falta de recolecci\u00f3n de basura - LA BRAVA RADIO","og_description":"La protesta se realiz\u00f3 a la altura del Monumento a la Madre; los habitantes denunciaron que una unidad municipal se neg\u00f3 a recoger sus residuos y que presuntamente se les pretend\u00eda cobrar por el servicio. Oaxaca de Ju\u00e1rez, Oaxaca.\u2014 Vecinos de la colonia Lindavista bloquearon la circulaci\u00f3n a la altura del Monumento a la Madre, [&hellip;]","og_url":"https:\/\/www.bbmnoticias.com\/vecinos-de-lindavista-bloquean-el-cerro-del-fortin-por-falta-de-recoleccion-de-basura\/","og_site_name":"LA BRAVA RADIO","article_published_time":"2026-08-25T14:45:29+00:00","article_modified_time":"2026-08-25T14:45:32+00:00","og_image":[{"width":800,"height":470,"url":"https:\/\/www.bbmnoticias.com\/labravaradiofm\/wp-content\/uploads\/sites\/5\/2026\/08\/bloqueo_fortin.jpg","type":"image\/jpeg"}],"author":"Staff","twitter_card":"summary_large_image","twitter_misc":{"Escrito por":"Staff","Tiempo de lectura":"2 minutos"},"schema":{"@context":"https:\/\/schema.org","@graph":[{"@type":"Article","@id":"https:\/\/www.bbmnoticias.com\/vecinos-de-lindavista-bloquean-el-cerro-del-fortin-por-falta-de-recoleccion-de-basura\/#article","isPartOf":{"@id":"https:\/\/www.bbmnoticias.com\/labravaradiofm\/2026\/08\/25\/vecinos-de-lindavista-bloquean-el-cerro-del-fortin-por-falta-de-recoleccion-de-basura\/"},"author":{"name":"Staff","@id":"https:\/\/www.bbmnoticias.com\/labravaradiofm\/#\/schema\/person\/9eb037257fc48a09cdf31d9a2f45619f"},"headline":"Vecinos de Lindavista bloquean el Cerro del Fort\u00edn por falta de recolecci\u00f3n de basura","datePublished":"2026-08-25T14:45:29+00:00","dateModified":"2026-08-25T14:45:32+00:00","mainEntityOfPage":{"@id":"https:\/\/www.bbmnoticias.com\/labravaradiofm\/2026\/08\/25\/vecinos-de-lindavista-bloquean-el-cerro-del-fortin-por-falta-de-recoleccion-de-basura\/"},"wordCount":392,"image":{"@id":"https:\/\/www.bbmnoticias.com\/vecinos-de-lindavista-bloquean-el-cerro-del-fortin-por-falta-de-recoleccion-de-basura\/#primaryimage"},"thumbnailUrl":"https:\/\/www.bbmnoticias.com\/labravaradiofm\/wp-content\/uploads\/sites\/5\/2026\/08\/bloqueo_fortin.jpg","articleSection":["LOCAL"],"inLanguage":"es"},{"@type":"WebPage","@id":"https:\/\/www.bbmnoticias.com\/labravaradiofm\/2026\/08\/25\/vecinos-de-lindavista-bloquean-el-cerro-del-fortin-por-falta-de-recoleccion-de-basura\/","url":"https:\/\/www.bbmnoticias.com\/vecinos-de-lindavista-bloquean-el-cerro-del-fortin-por-falta-de-recoleccion-de-basura\/","name":"Vecinos de Lindavista bloquean el Cerro del Fort\u00edn por falta de recolecci\u00f3n de basura - LA BRAVA RADIO","isPartOf":{"@id":"https:\/\/www.bbmnoticias.com\/labravaradiofm\/#website"},"primaryImageOfPage":{"@id":"https:\/\/www.bbmnoticias.com\/vecinos-de-lindavista-bloquean-el-cerro-del-fortin-por-falta-de-recoleccion-de-basura\/#primaryimage"},"image":{"@id":"https:\/\/www.bbmnoticias.com\/vecinos-de-lindavista-bloquean-el-cerro-del-fortin-por-falta-de-recoleccion-de-basura\/#primaryimage"},"thumbnailUrl":"https:\/\/www.bbmnoticias.com\/labravaradiofm\/wp-content\/uploads\/sites\/5\/2026\/08\/bloqueo_fortin.jpg","datePublished":"2026-08-25T14:45:29+00:00","dateModified":"2026-08-25T14:45:32+00:00","author":{"@id":"https:\/\/www.bbmnoticias.com\/labravaradiofm\/#\/schema\/person\/9eb037257fc48a09cdf31d9a2f45619f"},"breadcrumb":{"@id":"https:\/\/www.bbmnoticias.com\/vecinos-de-lindavista-bloquean-el-cerro-del-fortin-por-falta-de-recoleccion-de-basura\/#breadcrumb"},"inLanguage":"es","potentialAction":[{"@type":"ReadAction","target":["https:\/\/www.bbmnoticias.com\/vecinos-de-lindavista-bloquean-el-cerro-del-fortin-por-falta-de-recoleccion-de-basura\/"]}]},{"@type":"ImageObject","inLanguage":"es","@id":"https:\/\/www.bbmnoticias.com\/vecinos-de-lindavista-bloquean-el-cerro-del-fortin-por-falta-de-recoleccion-de-basura\/#primaryimage","url":"https:\/\/www.bbmnoticias.com\/labravaradiofm\/wp-content\/uploads\/sites\/5\/2026\/08\/bloqueo_fortin.jpg","contentUrl":"https:\/\/www.bbmnoticias.com\/labravaradiofm\/wp-content\/uploads\/sites\/5\/2026\/08\/bloqueo_fortin.jpg","width":800,"height":470},{"@type":"BreadcrumbList","@id":"https:\/\/www.bbmnoticias.com\/vecinos-de-lindavista-bloquean-el-cerro-del-fortin-por-falta-de-recoleccion-de-basura\/#breadcrumb","itemListElement":[{"@type":"ListItem","position":1,"name":"Inicio","item":"https:\/\/www.bbmnoticias.com\/labravaradiofm\/"},{"@type":"ListItem","position":2,"name":"Vecinos de Lindavista bloquean el Cerro del Fort\u00edn por falta de recolecci\u00f3n de basura"}]},{"@type":"WebSite","@id":"https:\/\/www.bbmnoticias.com\/labravaradiofm\/#website","url":"https:\/\/www.bbmnoticias.com\/labravaradiofm\/","name":"LA BRAVA RADIO","description":"Empresa productora de medios, Radiodifusi\u00f3n, Noticias, tendencias y todo lo que necesitas saber de la pol\u00edtica mexicana e internacional; entretenimiento, espect\u00e1culos, salud y mucho m\u00e1s.","potentialAction":[{"@type":"SearchAction","target":{"@type":"EntryPoint","urlTemplate":"https:\/\/www.bbmnoticias.com\/labravaradiofm\/?s={search_term_string}"},"query-input":{"@type":"PropertyValueSpecification","valueRequired":true,"valueName":"search_term_string"}}],"inLanguage":"es"},{"@type":"Person","@id":"https:\/\/www.bbmnoticias.com\/labravaradiofm\/#\/schema\/person\/9eb037257fc48a09cdf31d9a2f45619f","name":"Staff","image":{"@type":"ImageObject","inLanguage":"es","@id":"https:\/\/secure.gravatar.com\/avatar\/fdd21ad66fd8b98c407f9dee5b5e588cfe7f0d8579ec20fa6527cd59bab7f0f0?s=96&d=mm&r=g","url":"https:\/\/secure.gravatar.com\/avatar\/fdd21ad66fd8b98c407f9dee5b5e588cfe7f0d8579ec20fa6527cd59bab7f0f0?s=96&d=mm&r=g","contentUrl":"https:\/\/secure.gravatar.com\/avatar\/fdd21ad66fd8b98c407f9dee5b5e588cfe7f0d8579ec20fa6527cd59bab7f0f0?s=96&d=mm&r=g","caption":"Staff"},"url":"https:\/\/www.bbmnoticias.com\/labravaradiofm\/author\/redaccion\/"}]}},"_links":{"self":[{"href":"https:\/\/www.bbmnoticias.com\/labravaradiofm\/wp-json\/wp\/v2\/posts\/81023","targetHints":{"allow":["GET"]}}],"collection":[{"href":"https:\/\/www.bbmnoticias.com\/labravaradiofm\/wp-json\/wp\/v2\/posts"}],"about":[{"href":"https:\/\/www.bbmnoticias.com\/labravaradiofm\/wp-json\/wp\/v2\/types\/post"}],"author":[{"embeddable":true,"href":"https:\/\/www.bbmnoticias.com\/labravaradiofm\/wp-json\/wp\/v2\/users\/2"}],"replies":[{"embeddable":true,"href":"https:\/\/www.bbmnoticias.com\/labravaradiofm\/wp-json\/wp\/v2\/comments?post=81023"}],"version-history":[{"count":1,"href":"https:\/\/www.bbmnoticias.com\/labravaradiofm\/wp-json\/wp\/v2\/posts\/81023\/revisions"}],"predecessor-version":[{"id":81024,"href":"https:\/\/www.bbmnoticias.com\/labravaradiofm\/wp-json\/wp\/v2\/posts\/81023\/revisions\/81024"}],"wp:featuredmedia":[{"embeddable":true,"href":"https:\/\/www.bbmnoticias.com\/labravaradiofm\/wp-json\/wp\/v2\/media\/81025"}],"wp:attachment":[{"href":"https:\/\/www.bbmnoticias.com\/labravaradiofm\/wp-json\/wp\/v2\/media?parent=81023"}],"wp:term":[{"taxonomy":"category","embeddable":true,"href":"https:\/\/www.bbmnoticias.com\/labravaradiofm\/wp-json\/wp\/v2\/categories?post=81023"},{"taxonomy":"post_tag","embeddable":true,"href":"https:\/\/www.bbmnoticias.com\/labravaradiofm\/wp-json\/wp\/v2\/tags?post=81023"}],"curies":[{"name":"wp","href":"https:\/\/api.w.org\/{rel}","templated":true}]}}