{"id":81014,"date":"2026-08-24T17:45:20","date_gmt":"2026-08-24T23:45:20","guid":{"rendered":"https:\/\/www.bbmnoticias.com\/labravaradiofm\/2026\/08\/24\/tras-la-sombra-de-un-fugitivo-la-inteligencia-naval-cruzo-fronteras-para-localizar-a-fernando-n\/"},"modified":"2026-08-24T17:45:22","modified_gmt":"2026-08-24T23:45:22","slug":"tras-la-sombra-de-un-fugitivo-la-inteligencia-naval-cruzo-fronteras-para-localizar-a-fernando-n","status":"publish","type":"post","link":"https:\/\/www.bbmnoticias.com\/labravaradiofm\/2026\/08\/24\/tras-la-sombra-de-un-fugitivo-la-inteligencia-naval-cruzo-fronteras-para-localizar-a-fernando-n\/","title":{"rendered":"Tras la sombra de un fugitivo: la inteligencia naval cruz\u00f3 fronteras para localizar a Fernando &#8220;N&#8221;"},"content":{"rendered":"\n<p class=\"wp-block-paragraph\">La localizaci\u00f3n y captura de Fernando &#8220;N&#8221; fue el resultado de un proceso de inteligencia desarrollado durante varios meses, en el que la <strong>Secretar\u00eda de Marina<\/strong>, a trav\u00e9s de sus capacidades de inteligencia naval, tuvo un papel crucial para dar continuidad a la investigaci\u00f3n.<\/p>\n\n\n\n<p class=\"wp-block-paragraph\">Como punto de partida, el<strong> 2 de septiembre de 2025<\/strong>, Fernando &#8220;N&#8221; deb\u00eda presentarse en su Mando al concluir su <strong>periodo<\/strong> <strong>vacacional<\/strong> y no lo hizo. Para ese momento exist\u00eda una orden de aprehensi\u00f3n en su contra, por probable participaci\u00f3n en delitos relacionados en materia de hidrocarburos. La <strong>FGR<\/strong> contaba con la investigaci\u00f3n y acciones jur\u00eddicas correspondientes; sin embargo, ante la desaparici\u00f3n del objetivo, la<strong> Secretar\u00eda de Marina<\/strong> se involucr\u00f3 de manera activa, empleando sus capacidades institucionales.<\/p>\n\n\n\n<p class=\"wp-block-paragraph\">Ocho d\u00edas m\u00e1s tarde, la <strong>FGR<\/strong> solicit\u00f3 colaboraci\u00f3n de la <strong>INTERPOL<\/strong>, por lo que su fotograf\u00eda y datos comenzaron a circular en 192 pa\u00edses. El 19 de septiembre el Ministerio P\u00fablico Militar lo declar\u00f3 pr\u00f3fugo de la justicia en el <strong>fuero<\/strong> <strong>militar<\/strong>.<\/p>\n\n\n\n<p class=\"wp-block-paragraph\">Sumado a este esfuerzo, la <strong>Marina<\/strong> no limit\u00f3 su participaci\u00f3n \u00fanicamente al acompa\u00f1amiento del actuar de otras instituciones, sino que emple\u00f3 recursos humanos y capacidades t\u00e9cnicas para la generaci\u00f3n de <strong>inteligencia naval<\/strong>. La informaci\u00f3n obtenida por diferentes medios fue sometida a procesos de an\u00e1lisis y cruce, buscando establecer relaciones entre personas, movimientos, comunicaciones, registros, fotograf\u00edas, documentos y otros elementos que pudieran contribuir a reconstruir el rastro de Far\u00edas Laguna.<\/p>\n\n\n\n<p class=\"wp-block-paragraph\">De acuerdo con informaci\u00f3n proporcionada, <strong>Fernando &#8220;N&#8221; <\/strong>habr\u00eda cruzado irregularmente hacia Guatemala y, durante su trayecto, obtuvo documentaci\u00f3n ap\u00f3crifa para comenzar a utilizar el nombre de <strong>Luis Lemus Ramos<\/strong>.<\/p>\n\n\n\n<p class=\"wp-block-paragraph\">La inteligencia naval tuvo un reto: ya no se trataba \u00fanicamente de localizar a Far\u00edas Laguna, sino determinar qui\u00e9n realmente era <strong>Luis Lemus Ramos<\/strong>. Para ello se realiz\u00f3 un proceso progresivo en el que se analizaron sus movimientos, registros de comunicaciones, caracter\u00edsticas f\u00edsicas, adem\u00e1s del intercambio de informaci\u00f3n con autoridades nacionales y agencias extranjeras.<\/p>\n\n\n\n<p class=\"wp-block-paragraph\">El 20 de marzo de 2026, la CIA comparti\u00f3 a la <strong>Secretar\u00eda de Marina <\/strong>informaci\u00f3n que permiti\u00f3 relacionar ambas identidades, estableciendo que esta persona transit\u00f3 por <strong>Guatemala<\/strong>, <strong>El<\/strong> <strong>Salvador<\/strong>, <strong>Espa\u00f1a<\/strong>, <strong>Colombia<\/strong> y finalmente <strong>Argentina<\/strong>, lo que permiti\u00f3 a la <strong>Direcci\u00f3n General de Inteligencia Criminal <\/strong>y a la <strong>Polic\u00eda Federal Argentina <\/strong>contrastar la informaci\u00f3n proporcionada.<\/p>\n\n\n\n<p class=\"wp-block-paragraph\">La intervenci\u00f3n de la <strong>Marina<\/strong> fue relevante, ya que permiti\u00f3 que la informaci\u00f3n que se encontraba dispersa en diferentes registros y jurisdicciones pudiera ser integrada en una misma l\u00ednea de investigaci\u00f3n.<\/p>\n\n\n\n<p class=\"wp-block-paragraph\">El 20 de abril de 2026, la ficha roja de la <strong>INTERPOL<\/strong> fue actualizada con nuevos elementos de identificaci\u00f3n, entre ellos las huellas dactilares del fugitivo, lo que proporcion\u00f3 un elemento biom\u00e9trico adicional para confirmar su identidad.<\/p>\n\n\n\n<p class=\"wp-block-paragraph\">El 23 de abril de 2026, las autoridades argentinas localizaron y detuvieron a<strong> Fernando &#8220;N&#8221;<\/strong>&nbsp;en <strong>Buenos Aires<\/strong>. El 20 de agosto de 2026, una aeronave de la Marina se traslad\u00f3 a <strong>Argentina<\/strong>; personal naval recibi\u00f3 al detenido, verific\u00f3 su identidad y formaliz\u00f3 su entrega conforme a los <strong>procedimientos<\/strong> establecidos. Posteriormente, <strong>Fernando &#8220;N&#8221; <\/strong>fue trasladado bajo custodia a M\u00e9xico y entregado a la autoridad ministerial correspondiente.<\/p>\n\n\n\n<p class=\"wp-block-paragraph\">La detenci\u00f3n represent\u00f3 la culminaci\u00f3n de meses de inteligencia realizada por personal de la <strong>Secretar\u00eda de Marina<\/strong>, mostrando su capacidad institucional para mantener la l\u00ednea de <strong>investigaci\u00f3n<\/strong>. La <strong>detenci\u00f3n<\/strong> correspondi\u00f3 a las autoridades argentinas, dentro de sus facultades legales, pero fue precedida por un proceso de <strong>b\u00fasqueda<\/strong> y <strong>localizaci\u00f3n<\/strong> en el que la <strong>Marina<\/strong> tuvo una participaci\u00f3n central mediante sus capacidades de inteligencia naval y la coordinaci\u00f3n con las instituciones nacionales y extranjeras involucradas.&nbsp;<\/p>\n","protected":false},"excerpt":{"rendered":"<p>La localizaci\u00f3n y captura de Fernando &#8220;N&#8221; fue el resultado de un proceso de inteligencia desarrollado durante varios meses, en el que la Secretar\u00eda de Marina, a trav\u00e9s de sus capacidades de inteligencia naval, tuvo un papel crucial para dar continuidad a la investigaci\u00f3n. Como punto de partida, el 2 de septiembre de 2025, Fernando [&hellip;]<\/p>\n","protected":false},"author":15,"featured_media":81016,"comment_status":"closed","ping_status":"open","sticky":false,"template":"","format":"standard","meta":{"footnotes":""},"categories":[2,19],"tags":[],"class_list":["post-81014","post","type-post","status-publish","format-standard","has-post-thumbnail","hentry","category-oaxaca","category-nacional"],"yoast_head":"<!-- This site is optimized with the Yoast SEO plugin v28.1 - https:\/\/yoast.com\/product\/yoast-seo-wordpress\/ -->\n<title>Tras la sombra de un fugitivo: la inteligencia naval cruz\u00f3 fronteras para localizar a Fernando &quot;N&quot; - LA BRAVA RADIO<\/title>\n<meta name=\"robots\" content=\"index, follow, max-snippet:-1, max-image-preview:large, max-video-preview:-1\" \/>\n<link rel=\"canonical\" href=\"https:\/\/www.bbmnoticias.com\/tras-la-sombra-de-un-fugitivo-la-inteligencia-naval-cruzo-fronteras-para-localizar-a-fernando-n\/\" \/>\n<meta property=\"og:locale\" content=\"es_MX\" \/>\n<meta property=\"og:type\" content=\"article\" \/>\n<meta property=\"og:title\" content=\"Tras la sombra de un fugitivo: la inteligencia naval cruz\u00f3 fronteras para localizar a Fernando &quot;N&quot; - LA BRAVA RADIO\" \/>\n<meta property=\"og:description\" content=\"La localizaci\u00f3n y captura de Fernando &#8220;N&#8221; fue el resultado de un proceso de inteligencia desarrollado durante varios meses, en el que la Secretar\u00eda de Marina, a trav\u00e9s de sus capacidades de inteligencia naval, tuvo un papel crucial para dar continuidad a la investigaci\u00f3n. Como punto de partida, el 2 de septiembre de 2025, Fernando [&hellip;]\" \/>\n<meta property=\"og:url\" content=\"https:\/\/www.bbmnoticias.com\/tras-la-sombra-de-un-fugitivo-la-inteligencia-naval-cruzo-fronteras-para-localizar-a-fernando-n\/\" \/>\n<meta property=\"og:site_name\" content=\"LA BRAVA RADIO\" \/>\n<meta property=\"article:published_time\" content=\"2026-08-24T23:45:20+00:00\" \/>\n<meta property=\"article:modified_time\" content=\"2026-08-24T23:45:22+00:00\" \/>\n<meta property=\"og:image\" content=\"https:\/\/www.bbmnoticias.com\/labravaradiofm\/wp-content\/uploads\/sites\/5\/2026\/08\/la-inteligencia-naval-cruzo-fronteras-para-localizar-a-Fernando.jpg\" \/>\n\t<meta property=\"og:image:width\" content=\"746\" \/>\n\t<meta property=\"og:image:height\" content=\"415\" \/>\n\t<meta property=\"og:image:type\" content=\"image\/jpeg\" \/>\n<meta name=\"author\" content=\"El Heraldo\" \/>\n<meta name=\"twitter:card\" content=\"summary_large_image\" \/>\n<meta name=\"twitter:label1\" content=\"Escrito por\" \/>\n\t<meta name=\"twitter:data1\" content=\"El Heraldo\" \/>\n\t<meta name=\"twitter:label2\" content=\"Tiempo de lectura\" \/>\n\t<meta name=\"twitter:data2\" content=\"3 minutos\" \/>\n<script type=\"application\/ld+json\" class=\"yoast-schema-graph\">{\"@context\":\"https:\\\/\\\/schema.org\",\"@graph\":[{\"@type\":\"Article\",\"@id\":\"https:\\\/\\\/www.bbmnoticias.com\\\/tras-la-sombra-de-un-fugitivo-la-inteligencia-naval-cruzo-fronteras-para-localizar-a-fernando-n\\\/#article\",\"isPartOf\":{\"@id\":\"https:\\\/\\\/www.bbmnoticias.com\\\/labravaradiofm\\\/2026\\\/08\\\/24\\\/tras-la-sombra-de-un-fugitivo-la-inteligencia-naval-cruzo-fronteras-para-localizar-a-fernando-n\\\/\"},\"author\":{\"name\":\"El Heraldo\",\"@id\":\"https:\\\/\\\/www.bbmnoticias.com\\\/labravaradiofm\\\/#\\\/schema\\\/person\\\/32f1fc7382033a43789e6a250ee81243\"},\"headline\":\"Tras la sombra de un fugitivo: la inteligencia naval cruz\u00f3 fronteras para localizar a Fernando &#8220;N&#8221;\",\"datePublished\":\"2026-08-24T23:45:20+00:00\",\"dateModified\":\"2026-08-24T23:45:22+00:00\",\"mainEntityOfPage\":{\"@id\":\"https:\\\/\\\/www.bbmnoticias.com\\\/labravaradiofm\\\/2026\\\/08\\\/24\\\/tras-la-sombra-de-un-fugitivo-la-inteligencia-naval-cruzo-fronteras-para-localizar-a-fernando-n\\\/\"},\"wordCount\":643,\"image\":{\"@id\":\"https:\\\/\\\/www.bbmnoticias.com\\\/tras-la-sombra-de-un-fugitivo-la-inteligencia-naval-cruzo-fronteras-para-localizar-a-fernando-n\\\/#primaryimage\"},\"thumbnailUrl\":\"https:\\\/\\\/www.bbmnoticias.com\\\/labravaradiofm\\\/wp-content\\\/uploads\\\/sites\\\/5\\\/2026\\\/08\\\/la-inteligencia-naval-cruzo-fronteras-para-localizar-a-Fernando.jpg\",\"articleSection\":[\"LOCAL\",\"NACIONAL\"],\"inLanguage\":\"es\"},{\"@type\":\"WebPage\",\"@id\":\"https:\\\/\\\/www.bbmnoticias.com\\\/labravaradiofm\\\/2026\\\/08\\\/24\\\/tras-la-sombra-de-un-fugitivo-la-inteligencia-naval-cruzo-fronteras-para-localizar-a-fernando-n\\\/\",\"url\":\"https:\\\/\\\/www.bbmnoticias.com\\\/tras-la-sombra-de-un-fugitivo-la-inteligencia-naval-cruzo-fronteras-para-localizar-a-fernando-n\\\/\",\"name\":\"Tras la sombra de un fugitivo: la inteligencia naval cruz\u00f3 fronteras para localizar a Fernando \\\"N\\\" - LA BRAVA RADIO\",\"isPartOf\":{\"@id\":\"https:\\\/\\\/www.bbmnoticias.com\\\/labravaradiofm\\\/#website\"},\"primaryImageOfPage\":{\"@id\":\"https:\\\/\\\/www.bbmnoticias.com\\\/tras-la-sombra-de-un-fugitivo-la-inteligencia-naval-cruzo-fronteras-para-localizar-a-fernando-n\\\/#primaryimage\"},\"image\":{\"@id\":\"https:\\\/\\\/www.bbmnoticias.com\\\/tras-la-sombra-de-un-fugitivo-la-inteligencia-naval-cruzo-fronteras-para-localizar-a-fernando-n\\\/#primaryimage\"},\"thumbnailUrl\":\"https:\\\/\\\/www.bbmnoticias.com\\\/labravaradiofm\\\/wp-content\\\/uploads\\\/sites\\\/5\\\/2026\\\/08\\\/la-inteligencia-naval-cruzo-fronteras-para-localizar-a-Fernando.jpg\",\"datePublished\":\"2026-08-24T23:45:20+00:00\",\"dateModified\":\"2026-08-24T23:45:22+00:00\",\"author\":{\"@id\":\"https:\\\/\\\/www.bbmnoticias.com\\\/labravaradiofm\\\/#\\\/schema\\\/person\\\/32f1fc7382033a43789e6a250ee81243\"},\"breadcrumb\":{\"@id\":\"https:\\\/\\\/www.bbmnoticias.com\\\/tras-la-sombra-de-un-fugitivo-la-inteligencia-naval-cruzo-fronteras-para-localizar-a-fernando-n\\\/#breadcrumb\"},\"inLanguage\":\"es\",\"potentialAction\":[{\"@type\":\"ReadAction\",\"target\":[\"https:\\\/\\\/www.bbmnoticias.com\\\/tras-la-sombra-de-un-fugitivo-la-inteligencia-naval-cruzo-fronteras-para-localizar-a-fernando-n\\\/\"]}]},{\"@type\":\"ImageObject\",\"inLanguage\":\"es\",\"@id\":\"https:\\\/\\\/www.bbmnoticias.com\\\/tras-la-sombra-de-un-fugitivo-la-inteligencia-naval-cruzo-fronteras-para-localizar-a-fernando-n\\\/#primaryimage\",\"url\":\"https:\\\/\\\/www.bbmnoticias.com\\\/labravaradiofm\\\/wp-content\\\/uploads\\\/sites\\\/5\\\/2026\\\/08\\\/la-inteligencia-naval-cruzo-fronteras-para-localizar-a-Fernando.jpg\",\"contentUrl\":\"https:\\\/\\\/www.bbmnoticias.com\\\/labravaradiofm\\\/wp-content\\\/uploads\\\/sites\\\/5\\\/2026\\\/08\\\/la-inteligencia-naval-cruzo-fronteras-para-localizar-a-Fernando.jpg\",\"width\":746,\"height\":415},{\"@type\":\"BreadcrumbList\",\"@id\":\"https:\\\/\\\/www.bbmnoticias.com\\\/tras-la-sombra-de-un-fugitivo-la-inteligencia-naval-cruzo-fronteras-para-localizar-a-fernando-n\\\/#breadcrumb\",\"itemListElement\":[{\"@type\":\"ListItem\",\"position\":1,\"name\":\"Inicio\",\"item\":\"https:\\\/\\\/www.bbmnoticias.com\\\/labravaradiofm\\\/\"},{\"@type\":\"ListItem\",\"position\":2,\"name\":\"Tras la sombra de un fugitivo: la inteligencia naval cruz\u00f3 fronteras para localizar a Fernando &#8220;N&#8221;\"}]},{\"@type\":\"WebSite\",\"@id\":\"https:\\\/\\\/www.bbmnoticias.com\\\/labravaradiofm\\\/#website\",\"url\":\"https:\\\/\\\/www.bbmnoticias.com\\\/labravaradiofm\\\/\",\"name\":\"LA BRAVA RADIO\",\"description\":\"Empresa productora de medios, Radiodifusi\u00f3n, Noticias, tendencias y todo lo que necesitas saber de la pol\u00edtica mexicana e internacional; entretenimiento, espect\u00e1culos, salud y mucho m\u00e1s.\",\"potentialAction\":[{\"@type\":\"SearchAction\",\"target\":{\"@type\":\"EntryPoint\",\"urlTemplate\":\"https:\\\/\\\/www.bbmnoticias.com\\\/labravaradiofm\\\/?s={search_term_string}\"},\"query-input\":{\"@type\":\"PropertyValueSpecification\",\"valueRequired\":true,\"valueName\":\"search_term_string\"}}],\"inLanguage\":\"es\"},{\"@type\":\"Person\",\"@id\":\"https:\\\/\\\/www.bbmnoticias.com\\\/labravaradiofm\\\/#\\\/schema\\\/person\\\/32f1fc7382033a43789e6a250ee81243\",\"name\":\"El Heraldo\",\"image\":{\"@type\":\"ImageObject\",\"inLanguage\":\"es\",\"@id\":\"https:\\\/\\\/secure.gravatar.com\\\/avatar\\\/463017be041288b5a196814ef7242bd62699b857f306e4b5b61b533e8a87f404?s=96&d=mm&r=g\",\"url\":\"https:\\\/\\\/secure.gravatar.com\\\/avatar\\\/463017be041288b5a196814ef7242bd62699b857f306e4b5b61b533e8a87f404?s=96&d=mm&r=g\",\"contentUrl\":\"https:\\\/\\\/secure.gravatar.com\\\/avatar\\\/463017be041288b5a196814ef7242bd62699b857f306e4b5b61b533e8a87f404?s=96&d=mm&r=g\",\"caption\":\"El Heraldo\"},\"url\":\"https:\\\/\\\/www.bbmnoticias.com\\\/labravaradiofm\\\/author\\\/heraldo\\\/\"}]}<\/script>\n<!-- \/ Yoast SEO plugin. -->","yoast_head_json":{"title":"Tras la sombra de un fugitivo: la inteligencia naval cruz\u00f3 fronteras para localizar a Fernando \"N\" - LA BRAVA RADIO","robots":{"index":"index","follow":"follow","max-snippet":"max-snippet:-1","max-image-preview":"max-image-preview:large","max-video-preview":"max-video-preview:-1"},"canonical":"https:\/\/www.bbmnoticias.com\/tras-la-sombra-de-un-fugitivo-la-inteligencia-naval-cruzo-fronteras-para-localizar-a-fernando-n\/","og_locale":"es_MX","og_type":"article","og_title":"Tras la sombra de un fugitivo: la inteligencia naval cruz\u00f3 fronteras para localizar a Fernando \"N\" - LA BRAVA RADIO","og_description":"La localizaci\u00f3n y captura de Fernando &#8220;N&#8221; fue el resultado de un proceso de inteligencia desarrollado durante varios meses, en el que la Secretar\u00eda de Marina, a trav\u00e9s de sus capacidades de inteligencia naval, tuvo un papel crucial para dar continuidad a la investigaci\u00f3n. Como punto de partida, el 2 de septiembre de 2025, Fernando [&hellip;]","og_url":"https:\/\/www.bbmnoticias.com\/tras-la-sombra-de-un-fugitivo-la-inteligencia-naval-cruzo-fronteras-para-localizar-a-fernando-n\/","og_site_name":"LA BRAVA RADIO","article_published_time":"2026-08-24T23:45:20+00:00","article_modified_time":"2026-08-24T23:45:22+00:00","og_image":[{"width":746,"height":415,"url":"https:\/\/www.bbmnoticias.com\/labravaradiofm\/wp-content\/uploads\/sites\/5\/2026\/08\/la-inteligencia-naval-cruzo-fronteras-para-localizar-a-Fernando.jpg","type":"image\/jpeg"}],"author":"El Heraldo","twitter_card":"summary_large_image","twitter_misc":{"Escrito por":"El Heraldo","Tiempo de lectura":"3 minutos"},"schema":{"@context":"https:\/\/schema.org","@graph":[{"@type":"Article","@id":"https:\/\/www.bbmnoticias.com\/tras-la-sombra-de-un-fugitivo-la-inteligencia-naval-cruzo-fronteras-para-localizar-a-fernando-n\/#article","isPartOf":{"@id":"https:\/\/www.bbmnoticias.com\/labravaradiofm\/2026\/08\/24\/tras-la-sombra-de-un-fugitivo-la-inteligencia-naval-cruzo-fronteras-para-localizar-a-fernando-n\/"},"author":{"name":"El Heraldo","@id":"https:\/\/www.bbmnoticias.com\/labravaradiofm\/#\/schema\/person\/32f1fc7382033a43789e6a250ee81243"},"headline":"Tras la sombra de un fugitivo: la inteligencia naval cruz\u00f3 fronteras para localizar a Fernando &#8220;N&#8221;","datePublished":"2026-08-24T23:45:20+00:00","dateModified":"2026-08-24T23:45:22+00:00","mainEntityOfPage":{"@id":"https:\/\/www.bbmnoticias.com\/labravaradiofm\/2026\/08\/24\/tras-la-sombra-de-un-fugitivo-la-inteligencia-naval-cruzo-fronteras-para-localizar-a-fernando-n\/"},"wordCount":643,"image":{"@id":"https:\/\/www.bbmnoticias.com\/tras-la-sombra-de-un-fugitivo-la-inteligencia-naval-cruzo-fronteras-para-localizar-a-fernando-n\/#primaryimage"},"thumbnailUrl":"https:\/\/www.bbmnoticias.com\/labravaradiofm\/wp-content\/uploads\/sites\/5\/2026\/08\/la-inteligencia-naval-cruzo-fronteras-para-localizar-a-Fernando.jpg","articleSection":["LOCAL","NACIONAL"],"inLanguage":"es"},{"@type":"WebPage","@id":"https:\/\/www.bbmnoticias.com\/labravaradiofm\/2026\/08\/24\/tras-la-sombra-de-un-fugitivo-la-inteligencia-naval-cruzo-fronteras-para-localizar-a-fernando-n\/","url":"https:\/\/www.bbmnoticias.com\/tras-la-sombra-de-un-fugitivo-la-inteligencia-naval-cruzo-fronteras-para-localizar-a-fernando-n\/","name":"Tras la sombra de un fugitivo: la inteligencia naval cruz\u00f3 fronteras para localizar a Fernando \"N\" - LA BRAVA RADIO","isPartOf":{"@id":"https:\/\/www.bbmnoticias.com\/labravaradiofm\/#website"},"primaryImageOfPage":{"@id":"https:\/\/www.bbmnoticias.com\/tras-la-sombra-de-un-fugitivo-la-inteligencia-naval-cruzo-fronteras-para-localizar-a-fernando-n\/#primaryimage"},"image":{"@id":"https:\/\/www.bbmnoticias.com\/tras-la-sombra-de-un-fugitivo-la-inteligencia-naval-cruzo-fronteras-para-localizar-a-fernando-n\/#primaryimage"},"thumbnailUrl":"https:\/\/www.bbmnoticias.com\/labravaradiofm\/wp-content\/uploads\/sites\/5\/2026\/08\/la-inteligencia-naval-cruzo-fronteras-para-localizar-a-Fernando.jpg","datePublished":"2026-08-24T23:45:20+00:00","dateModified":"2026-08-24T23:45:22+00:00","author":{"@id":"https:\/\/www.bbmnoticias.com\/labravaradiofm\/#\/schema\/person\/32f1fc7382033a43789e6a250ee81243"},"breadcrumb":{"@id":"https:\/\/www.bbmnoticias.com\/tras-la-sombra-de-un-fugitivo-la-inteligencia-naval-cruzo-fronteras-para-localizar-a-fernando-n\/#breadcrumb"},"inLanguage":"es","potentialAction":[{"@type":"ReadAction","target":["https:\/\/www.bbmnoticias.com\/tras-la-sombra-de-un-fugitivo-la-inteligencia-naval-cruzo-fronteras-para-localizar-a-fernando-n\/"]}]},{"@type":"ImageObject","inLanguage":"es","@id":"https:\/\/www.bbmnoticias.com\/tras-la-sombra-de-un-fugitivo-la-inteligencia-naval-cruzo-fronteras-para-localizar-a-fernando-n\/#primaryimage","url":"https:\/\/www.bbmnoticias.com\/labravaradiofm\/wp-content\/uploads\/sites\/5\/2026\/08\/la-inteligencia-naval-cruzo-fronteras-para-localizar-a-Fernando.jpg","contentUrl":"https:\/\/www.bbmnoticias.com\/labravaradiofm\/wp-content\/uploads\/sites\/5\/2026\/08\/la-inteligencia-naval-cruzo-fronteras-para-localizar-a-Fernando.jpg","width":746,"height":415},{"@type":"BreadcrumbList","@id":"https:\/\/www.bbmnoticias.com\/tras-la-sombra-de-un-fugitivo-la-inteligencia-naval-cruzo-fronteras-para-localizar-a-fernando-n\/#breadcrumb","itemListElement":[{"@type":"ListItem","position":1,"name":"Inicio","item":"https:\/\/www.bbmnoticias.com\/labravaradiofm\/"},{"@type":"ListItem","position":2,"name":"Tras la sombra de un fugitivo: la inteligencia naval cruz\u00f3 fronteras para localizar a Fernando &#8220;N&#8221;"}]},{"@type":"WebSite","@id":"https:\/\/www.bbmnoticias.com\/labravaradiofm\/#website","url":"https:\/\/www.bbmnoticias.com\/labravaradiofm\/","name":"LA BRAVA RADIO","description":"Empresa productora de medios, Radiodifusi\u00f3n, Noticias, tendencias y todo lo que necesitas saber de la pol\u00edtica mexicana e internacional; entretenimiento, espect\u00e1culos, salud y mucho m\u00e1s.","potentialAction":[{"@type":"SearchAction","target":{"@type":"EntryPoint","urlTemplate":"https:\/\/www.bbmnoticias.com\/labravaradiofm\/?s={search_term_string}"},"query-input":{"@type":"PropertyValueSpecification","valueRequired":true,"valueName":"search_term_string"}}],"inLanguage":"es"},{"@type":"Person","@id":"https:\/\/www.bbmnoticias.com\/labravaradiofm\/#\/schema\/person\/32f1fc7382033a43789e6a250ee81243","name":"El Heraldo","image":{"@type":"ImageObject","inLanguage":"es","@id":"https:\/\/secure.gravatar.com\/avatar\/463017be041288b5a196814ef7242bd62699b857f306e4b5b61b533e8a87f404?s=96&d=mm&r=g","url":"https:\/\/secure.gravatar.com\/avatar\/463017be041288b5a196814ef7242bd62699b857f306e4b5b61b533e8a87f404?s=96&d=mm&r=g","contentUrl":"https:\/\/secure.gravatar.com\/avatar\/463017be041288b5a196814ef7242bd62699b857f306e4b5b61b533e8a87f404?s=96&d=mm&r=g","caption":"El Heraldo"},"url":"https:\/\/www.bbmnoticias.com\/labravaradiofm\/author\/heraldo\/"}]}},"_links":{"self":[{"href":"https:\/\/www.bbmnoticias.com\/labravaradiofm\/wp-json\/wp\/v2\/posts\/81014","targetHints":{"allow":["GET"]}}],"collection":[{"href":"https:\/\/www.bbmnoticias.com\/labravaradiofm\/wp-json\/wp\/v2\/posts"}],"about":[{"href":"https:\/\/www.bbmnoticias.com\/labravaradiofm\/wp-json\/wp\/v2\/types\/post"}],"author":[{"embeddable":true,"href":"https:\/\/www.bbmnoticias.com\/labravaradiofm\/wp-json\/wp\/v2\/users\/15"}],"replies":[{"embeddable":true,"href":"https:\/\/www.bbmnoticias.com\/labravaradiofm\/wp-json\/wp\/v2\/comments?post=81014"}],"version-history":[{"count":1,"href":"https:\/\/www.bbmnoticias.com\/labravaradiofm\/wp-json\/wp\/v2\/posts\/81014\/revisions"}],"predecessor-version":[{"id":81015,"href":"https:\/\/www.bbmnoticias.com\/labravaradiofm\/wp-json\/wp\/v2\/posts\/81014\/revisions\/81015"}],"wp:featuredmedia":[{"embeddable":true,"href":"https:\/\/www.bbmnoticias.com\/labravaradiofm\/wp-json\/wp\/v2\/media\/81016"}],"wp:attachment":[{"href":"https:\/\/www.bbmnoticias.com\/labravaradiofm\/wp-json\/wp\/v2\/media?parent=81014"}],"wp:term":[{"taxonomy":"category","embeddable":true,"href":"https:\/\/www.bbmnoticias.com\/labravaradiofm\/wp-json\/wp\/v2\/categories?post=81014"},{"taxonomy":"post_tag","embeddable":true,"href":"https:\/\/www.bbmnoticias.com\/labravaradiofm\/wp-json\/wp\/v2\/tags?post=81014"}],"curies":[{"name":"wp","href":"https:\/\/api.w.org\/{rel}","templated":true}]}}