{"id":81002,"date":"2026-08-24T13:31:02","date_gmt":"2026-08-24T19:31:02","guid":{"rendered":"https:\/\/www.bbmnoticias.com\/labravaradiofm\/2026\/08\/24\/exjefe-de-la-dea-pide-a-harfuch-detener-y-trasladar-a-ruben-rocha-moya-a-eu\/"},"modified":"2026-08-24T13:31:05","modified_gmt":"2026-08-24T19:31:05","slug":"exjefe-de-la-dea-pide-a-harfuch-detener-y-trasladar-a-ruben-rocha-moya-a-eu","status":"publish","type":"post","link":"https:\/\/www.bbmnoticias.com\/labravaradiofm\/2026\/08\/24\/exjefe-de-la-dea-pide-a-harfuch-detener-y-trasladar-a-ruben-rocha-moya-a-eu\/","title":{"rendered":"Exjefe de la DEA pide a Harfuch detener y trasladar a Rub\u00e9n Rocha Moya a EU"},"content":{"rendered":"\n<p class=\"wp-block-paragraph\"><strong>Ciudad de M\u00e9xico, 24 de agosto de 2026.<\/strong>\u2014 Derek Maltz, exdirector interino de la Administraci\u00f3n para el Control de Drogas de Estados Unidos (DEA), pidi\u00f3 al secretario de Seguridad y Protecci\u00f3n Ciudadana de M\u00e9xico, Omar Garc\u00eda Harfuch, impulsar una operaci\u00f3n para detener y trasladar a Estados Unidos al gobernador de Sinaloa con licencia, Rub\u00e9n Rocha Moya.<\/p>\n\n\n\n<p class=\"wp-block-paragraph\">A trav\u00e9s de una publicaci\u00f3n en X, Maltz se\u00f1al\u00f3 al mandatario sinaloense y lo acus\u00f3 de rendir cuentas por presuntas acciones relacionadas con grupos del crimen organizado.<\/p>\n\n\n\n<p class=\"wp-block-paragraph\">En su mensaje, el exfuncionario estadounidense etiquet\u00f3 directamente a Garc\u00eda Harfuch y plante\u00f3 que el titular de la SSPC encabece una operaci\u00f3n de alto nivel para detener a Rocha Moya y llevarlo a territorio estadounidense, donde, afirm\u00f3, deber\u00eda enfrentar a la justicia.<\/p>\n\n\n\n<figure class=\"wp-block-embed is-type-rich is-provider-x wp-block-embed-x\"><div class=\"wp-block-embed__wrapper\">\n<blockquote class=\"twitter-tweet\" data-width=\"550\" data-dnt=\"true\"><p lang=\"en\" dir=\"ltr\">IT\u2019S TIME FOR ACCOUNTABILITY<a href=\"https:\/\/x.com\/rochamoya_?ref_src=twsrc%5Etfw\">@rochamoya_<\/a> <br><br>United States Attorney for the Southern District of New York, Jay Clayton, and Administrator of the U.S. Drug Enforcement Administration (\u201cDEA\u201d), Terrance C. Cole, previously announced the unsealing of an indictment charging RUBEN ROCHA\u2026 <a href=\"https:\/\/t.co\/9KibHPQLcz\">pic.twitter.com\/9KibHPQLcz<\/a><\/p>&mdash; Derek Maltz Sr (@derekmaltz_sr) <a href=\"https:\/\/x.com\/derekmaltz_sr\/status\/2091336674617799092?ref_src=twsrc%5Etfw\">August 23, 2026<\/a><\/blockquote><script async src=\"https:\/\/platform.x.com\/widgets.js\" charset=\"utf-8\"><\/script>\n<\/div><\/figure>\n\n\n\n<p class=\"wp-block-paragraph\">Las declaraciones de Maltz se producen en medio de los se\u00f1alamientos provenientes de Estados Unidos contra pol\u00edticos y funcionarios de Sinaloa por presuntos v\u00ednculos con organizaciones del narcotr\u00e1fico.<\/p>\n\n\n\n<p class=\"wp-block-paragraph\">El llamado del exjefe de la DEA tambi\u00e9n ocurre en un contexto de tensi\u00f3n pol\u00edtica alrededor de Rocha Moya, quien ha enfrentado acusaciones relacionadas con la operaci\u00f3n del crimen organizado en Sinaloa.<\/p>\n\n\n\n<p class=\"wp-block-paragraph\">De acuerdo con el planteamiento de Maltz, las autoridades mexicanas deber\u00edan actuar para que el gobernador con licencia sea puesto a disposici\u00f3n de la justicia estadounidense. Hasta el momento, el se\u00f1alamiento corresponde a la postura expresada p\u00fablicamente por el exfuncionario de la DEA.<\/p>\n\n\n\n<p class=\"wp-block-paragraph\">Rocha Moya, por su parte, ha mantenido su posici\u00f3n pol\u00edtica frente a los cuestionamientos y ha manifestado su intenci\u00f3n de concluir su mandato al frente del gobierno de Sinaloa, cuyo periodo constitucional termina el <strong>31 de octubre de 2027<\/strong>.<\/p>\n\n\n\n<p class=\"wp-block-paragraph\"><\/p>\n","protected":false},"excerpt":{"rendered":"<p>Ciudad de M\u00e9xico, 24 de agosto de 2026.\u2014 Derek Maltz, exdirector interino de la Administraci\u00f3n para el Control de Drogas de Estados Unidos (DEA), pidi\u00f3 al secretario de Seguridad y Protecci\u00f3n Ciudadana de M\u00e9xico, Omar Garc\u00eda Harfuch, impulsar una operaci\u00f3n para detener y trasladar a Estados Unidos al gobernador de Sinaloa con licencia, Rub\u00e9n Rocha [&hellip;]<\/p>\n","protected":false},"author":4,"featured_media":81004,"comment_status":"closed","ping_status":"open","sticky":false,"template":"","format":"standard","meta":{"footnotes":""},"categories":[2,19],"tags":[],"class_list":["post-81002","post","type-post","status-publish","format-standard","has-post-thumbnail","hentry","category-oaxaca","category-nacional"],"yoast_head":"<!-- This site is optimized with the Yoast SEO plugin v28.1 - https:\/\/yoast.com\/product\/yoast-seo-wordpress\/ -->\n<title>Exjefe de la DEA pide a Harfuch detener y trasladar a Rub\u00e9n Rocha Moya a EU - LA BRAVA RADIO<\/title>\n<meta name=\"robots\" content=\"index, follow, max-snippet:-1, max-image-preview:large, max-video-preview:-1\" \/>\n<link rel=\"canonical\" href=\"https:\/\/www.bbmnoticias.com\/exjefe-de-la-dea-pide-a-harfuch-detener-y-trasladar-a-ruben-rocha-moya-a-eu\/\" \/>\n<meta property=\"og:locale\" content=\"es_MX\" \/>\n<meta property=\"og:type\" content=\"article\" \/>\n<meta property=\"og:title\" content=\"Exjefe de la DEA pide a Harfuch detener y trasladar a Rub\u00e9n Rocha Moya a EU - LA BRAVA RADIO\" \/>\n<meta property=\"og:description\" content=\"Ciudad de M\u00e9xico, 24 de agosto de 2026.\u2014 Derek Maltz, exdirector interino de la Administraci\u00f3n para el Control de Drogas de Estados Unidos (DEA), pidi\u00f3 al secretario de Seguridad y Protecci\u00f3n Ciudadana de M\u00e9xico, Omar Garc\u00eda Harfuch, impulsar una operaci\u00f3n para detener y trasladar a Estados Unidos al gobernador de Sinaloa con licencia, Rub\u00e9n Rocha [&hellip;]\" \/>\n<meta property=\"og:url\" content=\"https:\/\/www.bbmnoticias.com\/exjefe-de-la-dea-pide-a-harfuch-detener-y-trasladar-a-ruben-rocha-moya-a-eu\/\" \/>\n<meta property=\"og:site_name\" content=\"LA BRAVA RADIO\" \/>\n<meta property=\"article:published_time\" content=\"2026-08-24T19:31:02+00:00\" \/>\n<meta property=\"article:modified_time\" content=\"2026-08-24T19:31:05+00:00\" \/>\n<meta property=\"og:image\" content=\"https:\/\/www.bbmnoticias.com\/labravaradiofm\/wp-content\/uploads\/sites\/5\/2026\/08\/harfuch-rocha-moya.webp\" \/>\n\t<meta property=\"og:image:width\" content=\"1280\" \/>\n\t<meta property=\"og:image:height\" content=\"720\" \/>\n\t<meta property=\"og:image:type\" content=\"image\/webp\" \/>\n<meta name=\"author\" content=\"Agencias\" \/>\n<meta name=\"twitter:card\" content=\"summary_large_image\" \/>\n<meta name=\"twitter:label1\" content=\"Escrito por\" \/>\n\t<meta name=\"twitter:data1\" content=\"Agencias\" \/>\n\t<meta name=\"twitter:label2\" content=\"Tiempo de lectura\" \/>\n\t<meta name=\"twitter:data2\" content=\"1 minuto\" \/>\n<script type=\"application\/ld+json\" class=\"yoast-schema-graph\">{\"@context\":\"https:\\\/\\\/schema.org\",\"@graph\":[{\"@type\":\"Article\",\"@id\":\"https:\\\/\\\/www.bbmnoticias.com\\\/exjefe-de-la-dea-pide-a-harfuch-detener-y-trasladar-a-ruben-rocha-moya-a-eu\\\/#article\",\"isPartOf\":{\"@id\":\"https:\\\/\\\/www.bbmnoticias.com\\\/labravaradiofm\\\/2026\\\/08\\\/24\\\/exjefe-de-la-dea-pide-a-harfuch-detener-y-trasladar-a-ruben-rocha-moya-a-eu\\\/\"},\"author\":{\"name\":\"Agencias\",\"@id\":\"https:\\\/\\\/www.bbmnoticias.com\\\/labravaradiofm\\\/#\\\/schema\\\/person\\\/9fbc5ce7940cac56d0ea1e2b03b6d30c\"},\"headline\":\"Exjefe de la DEA pide a Harfuch detener y trasladar a Rub\u00e9n Rocha Moya a EU\",\"datePublished\":\"2026-08-24T19:31:02+00:00\",\"dateModified\":\"2026-08-24T19:31:05+00:00\",\"mainEntityOfPage\":{\"@id\":\"https:\\\/\\\/www.bbmnoticias.com\\\/labravaradiofm\\\/2026\\\/08\\\/24\\\/exjefe-de-la-dea-pide-a-harfuch-detener-y-trasladar-a-ruben-rocha-moya-a-eu\\\/\"},\"wordCount\":314,\"image\":{\"@id\":\"https:\\\/\\\/www.bbmnoticias.com\\\/exjefe-de-la-dea-pide-a-harfuch-detener-y-trasladar-a-ruben-rocha-moya-a-eu\\\/#primaryimage\"},\"thumbnailUrl\":\"https:\\\/\\\/www.bbmnoticias.com\\\/labravaradiofm\\\/wp-content\\\/uploads\\\/sites\\\/5\\\/2026\\\/08\\\/harfuch-rocha-moya.webp\",\"articleSection\":[\"LOCAL\",\"NACIONAL\"],\"inLanguage\":\"es\"},{\"@type\":\"WebPage\",\"@id\":\"https:\\\/\\\/www.bbmnoticias.com\\\/labravaradiofm\\\/2026\\\/08\\\/24\\\/exjefe-de-la-dea-pide-a-harfuch-detener-y-trasladar-a-ruben-rocha-moya-a-eu\\\/\",\"url\":\"https:\\\/\\\/www.bbmnoticias.com\\\/exjefe-de-la-dea-pide-a-harfuch-detener-y-trasladar-a-ruben-rocha-moya-a-eu\\\/\",\"name\":\"Exjefe de la DEA pide a Harfuch detener y trasladar a Rub\u00e9n Rocha Moya a EU - LA BRAVA RADIO\",\"isPartOf\":{\"@id\":\"https:\\\/\\\/www.bbmnoticias.com\\\/labravaradiofm\\\/#website\"},\"primaryImageOfPage\":{\"@id\":\"https:\\\/\\\/www.bbmnoticias.com\\\/exjefe-de-la-dea-pide-a-harfuch-detener-y-trasladar-a-ruben-rocha-moya-a-eu\\\/#primaryimage\"},\"image\":{\"@id\":\"https:\\\/\\\/www.bbmnoticias.com\\\/exjefe-de-la-dea-pide-a-harfuch-detener-y-trasladar-a-ruben-rocha-moya-a-eu\\\/#primaryimage\"},\"thumbnailUrl\":\"https:\\\/\\\/www.bbmnoticias.com\\\/labravaradiofm\\\/wp-content\\\/uploads\\\/sites\\\/5\\\/2026\\\/08\\\/harfuch-rocha-moya.webp\",\"datePublished\":\"2026-08-24T19:31:02+00:00\",\"dateModified\":\"2026-08-24T19:31:05+00:00\",\"author\":{\"@id\":\"https:\\\/\\\/www.bbmnoticias.com\\\/labravaradiofm\\\/#\\\/schema\\\/person\\\/9fbc5ce7940cac56d0ea1e2b03b6d30c\"},\"breadcrumb\":{\"@id\":\"https:\\\/\\\/www.bbmnoticias.com\\\/exjefe-de-la-dea-pide-a-harfuch-detener-y-trasladar-a-ruben-rocha-moya-a-eu\\\/#breadcrumb\"},\"inLanguage\":\"es\",\"potentialAction\":[{\"@type\":\"ReadAction\",\"target\":[\"https:\\\/\\\/www.bbmnoticias.com\\\/exjefe-de-la-dea-pide-a-harfuch-detener-y-trasladar-a-ruben-rocha-moya-a-eu\\\/\"]}]},{\"@type\":\"ImageObject\",\"inLanguage\":\"es\",\"@id\":\"https:\\\/\\\/www.bbmnoticias.com\\\/exjefe-de-la-dea-pide-a-harfuch-detener-y-trasladar-a-ruben-rocha-moya-a-eu\\\/#primaryimage\",\"url\":\"https:\\\/\\\/www.bbmnoticias.com\\\/labravaradiofm\\\/wp-content\\\/uploads\\\/sites\\\/5\\\/2026\\\/08\\\/harfuch-rocha-moya.webp\",\"contentUrl\":\"https:\\\/\\\/www.bbmnoticias.com\\\/labravaradiofm\\\/wp-content\\\/uploads\\\/sites\\\/5\\\/2026\\\/08\\\/harfuch-rocha-moya.webp\",\"width\":1280,\"height\":720},{\"@type\":\"BreadcrumbList\",\"@id\":\"https:\\\/\\\/www.bbmnoticias.com\\\/exjefe-de-la-dea-pide-a-harfuch-detener-y-trasladar-a-ruben-rocha-moya-a-eu\\\/#breadcrumb\",\"itemListElement\":[{\"@type\":\"ListItem\",\"position\":1,\"name\":\"Inicio\",\"item\":\"https:\\\/\\\/www.bbmnoticias.com\\\/labravaradiofm\\\/\"},{\"@type\":\"ListItem\",\"position\":2,\"name\":\"Exjefe de la DEA pide a Harfuch detener y trasladar a Rub\u00e9n Rocha Moya a EU\"}]},{\"@type\":\"WebSite\",\"@id\":\"https:\\\/\\\/www.bbmnoticias.com\\\/labravaradiofm\\\/#website\",\"url\":\"https:\\\/\\\/www.bbmnoticias.com\\\/labravaradiofm\\\/\",\"name\":\"LA BRAVA RADIO\",\"description\":\"Empresa productora de medios, Radiodifusi\u00f3n, Noticias, tendencias y todo lo que necesitas saber de la pol\u00edtica mexicana e internacional; entretenimiento, espect\u00e1culos, salud y mucho m\u00e1s.\",\"potentialAction\":[{\"@type\":\"SearchAction\",\"target\":{\"@type\":\"EntryPoint\",\"urlTemplate\":\"https:\\\/\\\/www.bbmnoticias.com\\\/labravaradiofm\\\/?s={search_term_string}\"},\"query-input\":{\"@type\":\"PropertyValueSpecification\",\"valueRequired\":true,\"valueName\":\"search_term_string\"}}],\"inLanguage\":\"es\"},{\"@type\":\"Person\",\"@id\":\"https:\\\/\\\/www.bbmnoticias.com\\\/labravaradiofm\\\/#\\\/schema\\\/person\\\/9fbc5ce7940cac56d0ea1e2b03b6d30c\",\"name\":\"Agencias\",\"image\":{\"@type\":\"ImageObject\",\"inLanguage\":\"es\",\"@id\":\"https:\\\/\\\/secure.gravatar.com\\\/avatar\\\/739e0b61adf9e398b425c36718c8752286da0e8cd90f20ce9a86678abc26aa0d?s=96&d=mm&r=g\",\"url\":\"https:\\\/\\\/secure.gravatar.com\\\/avatar\\\/739e0b61adf9e398b425c36718c8752286da0e8cd90f20ce9a86678abc26aa0d?s=96&d=mm&r=g\",\"contentUrl\":\"https:\\\/\\\/secure.gravatar.com\\\/avatar\\\/739e0b61adf9e398b425c36718c8752286da0e8cd90f20ce9a86678abc26aa0d?s=96&d=mm&r=g\",\"caption\":\"Agencias\"},\"url\":\"https:\\\/\\\/www.bbmnoticias.com\\\/labravaradiofm\\\/author\\\/agencias\\\/\"}]}<\/script>\n<!-- \/ Yoast SEO plugin. -->","yoast_head_json":{"title":"Exjefe de la DEA pide a Harfuch detener y trasladar a Rub\u00e9n Rocha Moya a EU - LA BRAVA RADIO","robots":{"index":"index","follow":"follow","max-snippet":"max-snippet:-1","max-image-preview":"max-image-preview:large","max-video-preview":"max-video-preview:-1"},"canonical":"https:\/\/www.bbmnoticias.com\/exjefe-de-la-dea-pide-a-harfuch-detener-y-trasladar-a-ruben-rocha-moya-a-eu\/","og_locale":"es_MX","og_type":"article","og_title":"Exjefe de la DEA pide a Harfuch detener y trasladar a Rub\u00e9n Rocha Moya a EU - LA BRAVA RADIO","og_description":"Ciudad de M\u00e9xico, 24 de agosto de 2026.\u2014 Derek Maltz, exdirector interino de la Administraci\u00f3n para el Control de Drogas de Estados Unidos (DEA), pidi\u00f3 al secretario de Seguridad y Protecci\u00f3n Ciudadana de M\u00e9xico, Omar Garc\u00eda Harfuch, impulsar una operaci\u00f3n para detener y trasladar a Estados Unidos al gobernador de Sinaloa con licencia, Rub\u00e9n Rocha [&hellip;]","og_url":"https:\/\/www.bbmnoticias.com\/exjefe-de-la-dea-pide-a-harfuch-detener-y-trasladar-a-ruben-rocha-moya-a-eu\/","og_site_name":"LA BRAVA RADIO","article_published_time":"2026-08-24T19:31:02+00:00","article_modified_time":"2026-08-24T19:31:05+00:00","og_image":[{"width":1280,"height":720,"url":"https:\/\/www.bbmnoticias.com\/labravaradiofm\/wp-content\/uploads\/sites\/5\/2026\/08\/harfuch-rocha-moya.webp","type":"image\/webp"}],"author":"Agencias","twitter_card":"summary_large_image","twitter_misc":{"Escrito por":"Agencias","Tiempo de lectura":"1 minuto"},"schema":{"@context":"https:\/\/schema.org","@graph":[{"@type":"Article","@id":"https:\/\/www.bbmnoticias.com\/exjefe-de-la-dea-pide-a-harfuch-detener-y-trasladar-a-ruben-rocha-moya-a-eu\/#article","isPartOf":{"@id":"https:\/\/www.bbmnoticias.com\/labravaradiofm\/2026\/08\/24\/exjefe-de-la-dea-pide-a-harfuch-detener-y-trasladar-a-ruben-rocha-moya-a-eu\/"},"author":{"name":"Agencias","@id":"https:\/\/www.bbmnoticias.com\/labravaradiofm\/#\/schema\/person\/9fbc5ce7940cac56d0ea1e2b03b6d30c"},"headline":"Exjefe de la DEA pide a Harfuch detener y trasladar a Rub\u00e9n Rocha Moya a EU","datePublished":"2026-08-24T19:31:02+00:00","dateModified":"2026-08-24T19:31:05+00:00","mainEntityOfPage":{"@id":"https:\/\/www.bbmnoticias.com\/labravaradiofm\/2026\/08\/24\/exjefe-de-la-dea-pide-a-harfuch-detener-y-trasladar-a-ruben-rocha-moya-a-eu\/"},"wordCount":314,"image":{"@id":"https:\/\/www.bbmnoticias.com\/exjefe-de-la-dea-pide-a-harfuch-detener-y-trasladar-a-ruben-rocha-moya-a-eu\/#primaryimage"},"thumbnailUrl":"https:\/\/www.bbmnoticias.com\/labravaradiofm\/wp-content\/uploads\/sites\/5\/2026\/08\/harfuch-rocha-moya.webp","articleSection":["LOCAL","NACIONAL"],"inLanguage":"es"},{"@type":"WebPage","@id":"https:\/\/www.bbmnoticias.com\/labravaradiofm\/2026\/08\/24\/exjefe-de-la-dea-pide-a-harfuch-detener-y-trasladar-a-ruben-rocha-moya-a-eu\/","url":"https:\/\/www.bbmnoticias.com\/exjefe-de-la-dea-pide-a-harfuch-detener-y-trasladar-a-ruben-rocha-moya-a-eu\/","name":"Exjefe de la DEA pide a Harfuch detener y trasladar a Rub\u00e9n Rocha Moya a EU - LA BRAVA RADIO","isPartOf":{"@id":"https:\/\/www.bbmnoticias.com\/labravaradiofm\/#website"},"primaryImageOfPage":{"@id":"https:\/\/www.bbmnoticias.com\/exjefe-de-la-dea-pide-a-harfuch-detener-y-trasladar-a-ruben-rocha-moya-a-eu\/#primaryimage"},"image":{"@id":"https:\/\/www.bbmnoticias.com\/exjefe-de-la-dea-pide-a-harfuch-detener-y-trasladar-a-ruben-rocha-moya-a-eu\/#primaryimage"},"thumbnailUrl":"https:\/\/www.bbmnoticias.com\/labravaradiofm\/wp-content\/uploads\/sites\/5\/2026\/08\/harfuch-rocha-moya.webp","datePublished":"2026-08-24T19:31:02+00:00","dateModified":"2026-08-24T19:31:05+00:00","author":{"@id":"https:\/\/www.bbmnoticias.com\/labravaradiofm\/#\/schema\/person\/9fbc5ce7940cac56d0ea1e2b03b6d30c"},"breadcrumb":{"@id":"https:\/\/www.bbmnoticias.com\/exjefe-de-la-dea-pide-a-harfuch-detener-y-trasladar-a-ruben-rocha-moya-a-eu\/#breadcrumb"},"inLanguage":"es","potentialAction":[{"@type":"ReadAction","target":["https:\/\/www.bbmnoticias.com\/exjefe-de-la-dea-pide-a-harfuch-detener-y-trasladar-a-ruben-rocha-moya-a-eu\/"]}]},{"@type":"ImageObject","inLanguage":"es","@id":"https:\/\/www.bbmnoticias.com\/exjefe-de-la-dea-pide-a-harfuch-detener-y-trasladar-a-ruben-rocha-moya-a-eu\/#primaryimage","url":"https:\/\/www.bbmnoticias.com\/labravaradiofm\/wp-content\/uploads\/sites\/5\/2026\/08\/harfuch-rocha-moya.webp","contentUrl":"https:\/\/www.bbmnoticias.com\/labravaradiofm\/wp-content\/uploads\/sites\/5\/2026\/08\/harfuch-rocha-moya.webp","width":1280,"height":720},{"@type":"BreadcrumbList","@id":"https:\/\/www.bbmnoticias.com\/exjefe-de-la-dea-pide-a-harfuch-detener-y-trasladar-a-ruben-rocha-moya-a-eu\/#breadcrumb","itemListElement":[{"@type":"ListItem","position":1,"name":"Inicio","item":"https:\/\/www.bbmnoticias.com\/labravaradiofm\/"},{"@type":"ListItem","position":2,"name":"Exjefe de la DEA pide a Harfuch detener y trasladar a Rub\u00e9n Rocha Moya a EU"}]},{"@type":"WebSite","@id":"https:\/\/www.bbmnoticias.com\/labravaradiofm\/#website","url":"https:\/\/www.bbmnoticias.com\/labravaradiofm\/","name":"LA BRAVA RADIO","description":"Empresa productora de medios, Radiodifusi\u00f3n, Noticias, tendencias y todo lo que necesitas saber de la pol\u00edtica mexicana e internacional; entretenimiento, espect\u00e1culos, salud y mucho m\u00e1s.","potentialAction":[{"@type":"SearchAction","target":{"@type":"EntryPoint","urlTemplate":"https:\/\/www.bbmnoticias.com\/labravaradiofm\/?s={search_term_string}"},"query-input":{"@type":"PropertyValueSpecification","valueRequired":true,"valueName":"search_term_string"}}],"inLanguage":"es"},{"@type":"Person","@id":"https:\/\/www.bbmnoticias.com\/labravaradiofm\/#\/schema\/person\/9fbc5ce7940cac56d0ea1e2b03b6d30c","name":"Agencias","image":{"@type":"ImageObject","inLanguage":"es","@id":"https:\/\/secure.gravatar.com\/avatar\/739e0b61adf9e398b425c36718c8752286da0e8cd90f20ce9a86678abc26aa0d?s=96&d=mm&r=g","url":"https:\/\/secure.gravatar.com\/avatar\/739e0b61adf9e398b425c36718c8752286da0e8cd90f20ce9a86678abc26aa0d?s=96&d=mm&r=g","contentUrl":"https:\/\/secure.gravatar.com\/avatar\/739e0b61adf9e398b425c36718c8752286da0e8cd90f20ce9a86678abc26aa0d?s=96&d=mm&r=g","caption":"Agencias"},"url":"https:\/\/www.bbmnoticias.com\/labravaradiofm\/author\/agencias\/"}]}},"_links":{"self":[{"href":"https:\/\/www.bbmnoticias.com\/labravaradiofm\/wp-json\/wp\/v2\/posts\/81002","targetHints":{"allow":["GET"]}}],"collection":[{"href":"https:\/\/www.bbmnoticias.com\/labravaradiofm\/wp-json\/wp\/v2\/posts"}],"about":[{"href":"https:\/\/www.bbmnoticias.com\/labravaradiofm\/wp-json\/wp\/v2\/types\/post"}],"author":[{"embeddable":true,"href":"https:\/\/www.bbmnoticias.com\/labravaradiofm\/wp-json\/wp\/v2\/users\/4"}],"replies":[{"embeddable":true,"href":"https:\/\/www.bbmnoticias.com\/labravaradiofm\/wp-json\/wp\/v2\/comments?post=81002"}],"version-history":[{"count":1,"href":"https:\/\/www.bbmnoticias.com\/labravaradiofm\/wp-json\/wp\/v2\/posts\/81002\/revisions"}],"predecessor-version":[{"id":81003,"href":"https:\/\/www.bbmnoticias.com\/labravaradiofm\/wp-json\/wp\/v2\/posts\/81002\/revisions\/81003"}],"wp:featuredmedia":[{"embeddable":true,"href":"https:\/\/www.bbmnoticias.com\/labravaradiofm\/wp-json\/wp\/v2\/media\/81004"}],"wp:attachment":[{"href":"https:\/\/www.bbmnoticias.com\/labravaradiofm\/wp-json\/wp\/v2\/media?parent=81002"}],"wp:term":[{"taxonomy":"category","embeddable":true,"href":"https:\/\/www.bbmnoticias.com\/labravaradiofm\/wp-json\/wp\/v2\/categories?post=81002"},{"taxonomy":"post_tag","embeddable":true,"href":"https:\/\/www.bbmnoticias.com\/labravaradiofm\/wp-json\/wp\/v2\/tags?post=81002"}],"curies":[{"name":"wp","href":"https:\/\/api.w.org\/{rel}","templated":true}]}}