{"id":80993,"date":"2026-08-24T11:03:41","date_gmt":"2026-08-24T17:03:41","guid":{"rendered":"https:\/\/www.bbmnoticias.com\/labravaradiofm\/2026\/08\/24\/trabajadores-del-monte-de-piedad-protestan-ante-la-corte-por-huelga-de-casi-11-meses\/"},"modified":"2026-08-24T11:03:46","modified_gmt":"2026-08-24T17:03:46","slug":"trabajadores-del-monte-de-piedad-protestan-ante-la-corte-por-huelga-de-casi-11-meses","status":"publish","type":"post","link":"https:\/\/www.bbmnoticias.com\/labravaradiofm\/2026\/08\/24\/trabajadores-del-monte-de-piedad-protestan-ante-la-corte-por-huelga-de-casi-11-meses\/","title":{"rendered":"Trabajadores del Monte de Piedad protestan ante la Corte por huelga de casi 11 meses"},"content":{"rendered":"\n<p class=\"wp-block-paragraph\"><strong>Ciudad de M\u00e9xico.<\/strong>\u2014 Integrantes del Sindicato Independiente de Trabajadores del Nacional Monte de Piedad protestaron este lunes frente a la Suprema Corte de Justicia de la Naci\u00f3n (SCJN), donde solicitaron a los ministros devolver a un Tribunal Colegiado el recurso de revisi\u00f3n relacionado con la declaratoria de inexistencia de la huelga en la instituci\u00f3n prendaria.<\/p>\n\n\n\n<p class=\"wp-block-paragraph\">La movilizaci\u00f3n ocurre mientras el Pleno de la SCJN tiene previsto discutir el <strong>expediente 502\/2026<\/strong>, para determinar si atrae o no el caso, uno de los primeros asuntos enlistados para su an\u00e1lisis.<\/p>\n\n\n\n<p class=\"wp-block-paragraph\">Rafael Loyo Band\u00edn, secretario de Finanzas del sindicato independiente, se\u00f1al\u00f3 que los trabajadores buscar\u00e1n que una comisi\u00f3n ingrese a la audiencia para plantear su postura ante los ministros.<\/p>\n\n\n\n<p class=\"wp-block-paragraph\">El dirigente sostuvo que el expediente debe regresar al Tribunal Colegiado para que esa instancia resuelva el conflicto, al considerar que el asunto no corresponde a la Suprema Corte por no tratarse de un tema de constitucionalidad.<\/p>\n\n\n\n<p class=\"wp-block-paragraph\">La controversia se origin\u00f3 luego de que, en febrero pasado, un juez de distrito concedi\u00f3 un amparo a la administraci\u00f3n del Nacional Monte de Piedad y determin\u00f3 la inexistencia de la huelga, conflicto que se prolonga desde hace casi 11 meses.<\/p>\n\n\n\n<p class=\"wp-block-paragraph\">El expediente fue enviado a la SCJN por un Tribunal Colegiado en materia de trabajo, a petici\u00f3n del Sindicato Nacional de Trabajadores del Nacional Monte de Piedad, encabezado por Arturo Zay\u00fan.<\/p>\n\n\n\n<p class=\"wp-block-paragraph\">Durante la protesta, trabajadores procedentes de Veracruz, Jalisco, Monterrey y el Estado de M\u00e9xico, entre otras entidades, demandaron que concluya el paro y se reanuden las actividades en las m\u00e1s de <strong>300 sucursales<\/strong> de la instituci\u00f3n.<\/p>\n\n\n\n<p class=\"wp-block-paragraph\">Los manifestantes tambi\u00e9n entregaron un oficio en la oficina de atenci\u00f3n ciudadana de la Presidencia de la Rep\u00fablica, en el que se\u00f1alaron que los trabajadores llevan cerca de 11 meses sin recibir salario.<\/p>\n\n\n\n<p class=\"wp-block-paragraph\">Asimismo, acusaron al dirigente sindical Arturo Zay\u00fan de no rendir cuentas sobre los recursos que administra, incluidos aquellos que, seg\u00fan los inconformes, el Monte de Piedad entrega al sindicato en el marco del contrato colectivo de trabajo.<\/p>\n\n\n\n<p class=\"wp-block-paragraph\">El conflicto laboral mantiene enfrentadas a las partes, mientras los trabajadores esperan que las autoridades judiciales definan el rumbo del proceso relacionado con la huelga.<\/p>\n","protected":false},"excerpt":{"rendered":"<p>Ciudad de M\u00e9xico.\u2014 Integrantes del Sindicato Independiente de Trabajadores del Nacional Monte de Piedad protestaron este lunes frente a la Suprema Corte de Justicia de la Naci\u00f3n (SCJN), donde solicitaron a los ministros devolver a un Tribunal Colegiado el recurso de revisi\u00f3n relacionado con la declaratoria de inexistencia de la huelga en la instituci\u00f3n prendaria. [&hellip;]<\/p>\n","protected":false},"author":4,"featured_media":80995,"comment_status":"closed","ping_status":"open","sticky":false,"template":"","format":"standard","meta":{"footnotes":""},"categories":[2,19],"tags":[],"class_list":["post-80993","post","type-post","status-publish","format-standard","has-post-thumbnail","hentry","category-oaxaca","category-nacional"],"yoast_head":"<!-- This site is optimized with the Yoast SEO plugin v28.1 - https:\/\/yoast.com\/product\/yoast-seo-wordpress\/ -->\n<title>Trabajadores del Monte de Piedad protestan ante la Corte por huelga de casi 11 meses - LA BRAVA RADIO<\/title>\n<meta name=\"robots\" content=\"index, follow, max-snippet:-1, max-image-preview:large, max-video-preview:-1\" \/>\n<link rel=\"canonical\" href=\"https:\/\/www.bbmnoticias.com\/trabajadores-del-monte-de-piedad-protestan-ante-la-corte-por-huelga-de-casi-11-meses\/\" \/>\n<meta property=\"og:locale\" content=\"es_MX\" \/>\n<meta property=\"og:type\" content=\"article\" \/>\n<meta property=\"og:title\" content=\"Trabajadores del Monte de Piedad protestan ante la Corte por huelga de casi 11 meses - LA BRAVA RADIO\" \/>\n<meta property=\"og:description\" content=\"Ciudad de M\u00e9xico.\u2014 Integrantes del Sindicato Independiente de Trabajadores del Nacional Monte de Piedad protestaron este lunes frente a la Suprema Corte de Justicia de la Naci\u00f3n (SCJN), donde solicitaron a los ministros devolver a un Tribunal Colegiado el recurso de revisi\u00f3n relacionado con la declaratoria de inexistencia de la huelga en la instituci\u00f3n prendaria. [&hellip;]\" \/>\n<meta property=\"og:url\" content=\"https:\/\/www.bbmnoticias.com\/trabajadores-del-monte-de-piedad-protestan-ante-la-corte-por-huelga-de-casi-11-meses\/\" \/>\n<meta property=\"og:site_name\" content=\"LA BRAVA RADIO\" \/>\n<meta property=\"article:published_time\" content=\"2026-08-24T17:03:41+00:00\" \/>\n<meta property=\"article:modified_time\" content=\"2026-08-24T17:03:46+00:00\" \/>\n<meta property=\"og:image\" content=\"https:\/\/www.bbmnoticias.com\/labravaradiofm\/wp-content\/uploads\/sites\/5\/2026\/08\/trabajadores-del-monte-de-piedad-protestan-ante-la-corte-por-huelga-de-casi-11-meses.webp\" \/>\n\t<meta property=\"og:image:width\" content=\"1200\" \/>\n\t<meta property=\"og:image:height\" content=\"900\" \/>\n\t<meta property=\"og:image:type\" content=\"image\/webp\" \/>\n<meta name=\"author\" content=\"Agencias\" \/>\n<meta name=\"twitter:card\" content=\"summary_large_image\" \/>\n<meta name=\"twitter:label1\" content=\"Escrito por\" \/>\n\t<meta name=\"twitter:data1\" content=\"Agencias\" \/>\n\t<meta name=\"twitter:label2\" content=\"Tiempo de lectura\" \/>\n\t<meta name=\"twitter:data2\" content=\"2 minutos\" \/>\n<script type=\"application\/ld+json\" class=\"yoast-schema-graph\">{\"@context\":\"https:\\\/\\\/schema.org\",\"@graph\":[{\"@type\":\"Article\",\"@id\":\"https:\\\/\\\/www.bbmnoticias.com\\\/trabajadores-del-monte-de-piedad-protestan-ante-la-corte-por-huelga-de-casi-11-meses\\\/#article\",\"isPartOf\":{\"@id\":\"https:\\\/\\\/www.bbmnoticias.com\\\/labravaradiofm\\\/2026\\\/08\\\/24\\\/trabajadores-del-monte-de-piedad-protestan-ante-la-corte-por-huelga-de-casi-11-meses\\\/\"},\"author\":{\"name\":\"Agencias\",\"@id\":\"https:\\\/\\\/www.bbmnoticias.com\\\/labravaradiofm\\\/#\\\/schema\\\/person\\\/9fbc5ce7940cac56d0ea1e2b03b6d30c\"},\"headline\":\"Trabajadores del Monte de Piedad protestan ante la Corte por huelga de casi 11 meses\",\"datePublished\":\"2026-08-24T17:03:41+00:00\",\"dateModified\":\"2026-08-24T17:03:46+00:00\",\"mainEntityOfPage\":{\"@id\":\"https:\\\/\\\/www.bbmnoticias.com\\\/labravaradiofm\\\/2026\\\/08\\\/24\\\/trabajadores-del-monte-de-piedad-protestan-ante-la-corte-por-huelga-de-casi-11-meses\\\/\"},\"wordCount\":387,\"image\":{\"@id\":\"https:\\\/\\\/www.bbmnoticias.com\\\/trabajadores-del-monte-de-piedad-protestan-ante-la-corte-por-huelga-de-casi-11-meses\\\/#primaryimage\"},\"thumbnailUrl\":\"https:\\\/\\\/www.bbmnoticias.com\\\/labravaradiofm\\\/wp-content\\\/uploads\\\/sites\\\/5\\\/2026\\\/08\\\/trabajadores-del-monte-de-piedad-protestan-ante-la-corte-por-huelga-de-casi-11-meses.webp\",\"articleSection\":[\"LOCAL\",\"NACIONAL\"],\"inLanguage\":\"es\"},{\"@type\":\"WebPage\",\"@id\":\"https:\\\/\\\/www.bbmnoticias.com\\\/labravaradiofm\\\/2026\\\/08\\\/24\\\/trabajadores-del-monte-de-piedad-protestan-ante-la-corte-por-huelga-de-casi-11-meses\\\/\",\"url\":\"https:\\\/\\\/www.bbmnoticias.com\\\/trabajadores-del-monte-de-piedad-protestan-ante-la-corte-por-huelga-de-casi-11-meses\\\/\",\"name\":\"Trabajadores del Monte de Piedad protestan ante la Corte por huelga de casi 11 meses - LA BRAVA RADIO\",\"isPartOf\":{\"@id\":\"https:\\\/\\\/www.bbmnoticias.com\\\/labravaradiofm\\\/#website\"},\"primaryImageOfPage\":{\"@id\":\"https:\\\/\\\/www.bbmnoticias.com\\\/trabajadores-del-monte-de-piedad-protestan-ante-la-corte-por-huelga-de-casi-11-meses\\\/#primaryimage\"},\"image\":{\"@id\":\"https:\\\/\\\/www.bbmnoticias.com\\\/trabajadores-del-monte-de-piedad-protestan-ante-la-corte-por-huelga-de-casi-11-meses\\\/#primaryimage\"},\"thumbnailUrl\":\"https:\\\/\\\/www.bbmnoticias.com\\\/labravaradiofm\\\/wp-content\\\/uploads\\\/sites\\\/5\\\/2026\\\/08\\\/trabajadores-del-monte-de-piedad-protestan-ante-la-corte-por-huelga-de-casi-11-meses.webp\",\"datePublished\":\"2026-08-24T17:03:41+00:00\",\"dateModified\":\"2026-08-24T17:03:46+00:00\",\"author\":{\"@id\":\"https:\\\/\\\/www.bbmnoticias.com\\\/labravaradiofm\\\/#\\\/schema\\\/person\\\/9fbc5ce7940cac56d0ea1e2b03b6d30c\"},\"breadcrumb\":{\"@id\":\"https:\\\/\\\/www.bbmnoticias.com\\\/trabajadores-del-monte-de-piedad-protestan-ante-la-corte-por-huelga-de-casi-11-meses\\\/#breadcrumb\"},\"inLanguage\":\"es\",\"potentialAction\":[{\"@type\":\"ReadAction\",\"target\":[\"https:\\\/\\\/www.bbmnoticias.com\\\/trabajadores-del-monte-de-piedad-protestan-ante-la-corte-por-huelga-de-casi-11-meses\\\/\"]}]},{\"@type\":\"ImageObject\",\"inLanguage\":\"es\",\"@id\":\"https:\\\/\\\/www.bbmnoticias.com\\\/trabajadores-del-monte-de-piedad-protestan-ante-la-corte-por-huelga-de-casi-11-meses\\\/#primaryimage\",\"url\":\"https:\\\/\\\/www.bbmnoticias.com\\\/labravaradiofm\\\/wp-content\\\/uploads\\\/sites\\\/5\\\/2026\\\/08\\\/trabajadores-del-monte-de-piedad-protestan-ante-la-corte-por-huelga-de-casi-11-meses.webp\",\"contentUrl\":\"https:\\\/\\\/www.bbmnoticias.com\\\/labravaradiofm\\\/wp-content\\\/uploads\\\/sites\\\/5\\\/2026\\\/08\\\/trabajadores-del-monte-de-piedad-protestan-ante-la-corte-por-huelga-de-casi-11-meses.webp\",\"width\":1200,\"height\":900},{\"@type\":\"BreadcrumbList\",\"@id\":\"https:\\\/\\\/www.bbmnoticias.com\\\/trabajadores-del-monte-de-piedad-protestan-ante-la-corte-por-huelga-de-casi-11-meses\\\/#breadcrumb\",\"itemListElement\":[{\"@type\":\"ListItem\",\"position\":1,\"name\":\"Inicio\",\"item\":\"https:\\\/\\\/www.bbmnoticias.com\\\/labravaradiofm\\\/\"},{\"@type\":\"ListItem\",\"position\":2,\"name\":\"Trabajadores del Monte de Piedad protestan ante la Corte por huelga de casi 11 meses\"}]},{\"@type\":\"WebSite\",\"@id\":\"https:\\\/\\\/www.bbmnoticias.com\\\/labravaradiofm\\\/#website\",\"url\":\"https:\\\/\\\/www.bbmnoticias.com\\\/labravaradiofm\\\/\",\"name\":\"LA BRAVA RADIO\",\"description\":\"Empresa productora de medios, Radiodifusi\u00f3n, Noticias, tendencias y todo lo que necesitas saber de la pol\u00edtica mexicana e internacional; entretenimiento, espect\u00e1culos, salud y mucho m\u00e1s.\",\"potentialAction\":[{\"@type\":\"SearchAction\",\"target\":{\"@type\":\"EntryPoint\",\"urlTemplate\":\"https:\\\/\\\/www.bbmnoticias.com\\\/labravaradiofm\\\/?s={search_term_string}\"},\"query-input\":{\"@type\":\"PropertyValueSpecification\",\"valueRequired\":true,\"valueName\":\"search_term_string\"}}],\"inLanguage\":\"es\"},{\"@type\":\"Person\",\"@id\":\"https:\\\/\\\/www.bbmnoticias.com\\\/labravaradiofm\\\/#\\\/schema\\\/person\\\/9fbc5ce7940cac56d0ea1e2b03b6d30c\",\"name\":\"Agencias\",\"image\":{\"@type\":\"ImageObject\",\"inLanguage\":\"es\",\"@id\":\"https:\\\/\\\/secure.gravatar.com\\\/avatar\\\/739e0b61adf9e398b425c36718c8752286da0e8cd90f20ce9a86678abc26aa0d?s=96&d=mm&r=g\",\"url\":\"https:\\\/\\\/secure.gravatar.com\\\/avatar\\\/739e0b61adf9e398b425c36718c8752286da0e8cd90f20ce9a86678abc26aa0d?s=96&d=mm&r=g\",\"contentUrl\":\"https:\\\/\\\/secure.gravatar.com\\\/avatar\\\/739e0b61adf9e398b425c36718c8752286da0e8cd90f20ce9a86678abc26aa0d?s=96&d=mm&r=g\",\"caption\":\"Agencias\"},\"url\":\"https:\\\/\\\/www.bbmnoticias.com\\\/labravaradiofm\\\/author\\\/agencias\\\/\"}]}<\/script>\n<!-- \/ Yoast SEO plugin. -->","yoast_head_json":{"title":"Trabajadores del Monte de Piedad protestan ante la Corte por huelga de casi 11 meses - LA BRAVA RADIO","robots":{"index":"index","follow":"follow","max-snippet":"max-snippet:-1","max-image-preview":"max-image-preview:large","max-video-preview":"max-video-preview:-1"},"canonical":"https:\/\/www.bbmnoticias.com\/trabajadores-del-monte-de-piedad-protestan-ante-la-corte-por-huelga-de-casi-11-meses\/","og_locale":"es_MX","og_type":"article","og_title":"Trabajadores del Monte de Piedad protestan ante la Corte por huelga de casi 11 meses - LA BRAVA RADIO","og_description":"Ciudad de M\u00e9xico.\u2014 Integrantes del Sindicato Independiente de Trabajadores del Nacional Monte de Piedad protestaron este lunes frente a la Suprema Corte de Justicia de la Naci\u00f3n (SCJN), donde solicitaron a los ministros devolver a un Tribunal Colegiado el recurso de revisi\u00f3n relacionado con la declaratoria de inexistencia de la huelga en la instituci\u00f3n prendaria. [&hellip;]","og_url":"https:\/\/www.bbmnoticias.com\/trabajadores-del-monte-de-piedad-protestan-ante-la-corte-por-huelga-de-casi-11-meses\/","og_site_name":"LA BRAVA RADIO","article_published_time":"2026-08-24T17:03:41+00:00","article_modified_time":"2026-08-24T17:03:46+00:00","og_image":[{"width":1200,"height":900,"url":"https:\/\/www.bbmnoticias.com\/labravaradiofm\/wp-content\/uploads\/sites\/5\/2026\/08\/trabajadores-del-monte-de-piedad-protestan-ante-la-corte-por-huelga-de-casi-11-meses.webp","type":"image\/webp"}],"author":"Agencias","twitter_card":"summary_large_image","twitter_misc":{"Escrito por":"Agencias","Tiempo de lectura":"2 minutos"},"schema":{"@context":"https:\/\/schema.org","@graph":[{"@type":"Article","@id":"https:\/\/www.bbmnoticias.com\/trabajadores-del-monte-de-piedad-protestan-ante-la-corte-por-huelga-de-casi-11-meses\/#article","isPartOf":{"@id":"https:\/\/www.bbmnoticias.com\/labravaradiofm\/2026\/08\/24\/trabajadores-del-monte-de-piedad-protestan-ante-la-corte-por-huelga-de-casi-11-meses\/"},"author":{"name":"Agencias","@id":"https:\/\/www.bbmnoticias.com\/labravaradiofm\/#\/schema\/person\/9fbc5ce7940cac56d0ea1e2b03b6d30c"},"headline":"Trabajadores del Monte de Piedad protestan ante la Corte por huelga de casi 11 meses","datePublished":"2026-08-24T17:03:41+00:00","dateModified":"2026-08-24T17:03:46+00:00","mainEntityOfPage":{"@id":"https:\/\/www.bbmnoticias.com\/labravaradiofm\/2026\/08\/24\/trabajadores-del-monte-de-piedad-protestan-ante-la-corte-por-huelga-de-casi-11-meses\/"},"wordCount":387,"image":{"@id":"https:\/\/www.bbmnoticias.com\/trabajadores-del-monte-de-piedad-protestan-ante-la-corte-por-huelga-de-casi-11-meses\/#primaryimage"},"thumbnailUrl":"https:\/\/www.bbmnoticias.com\/labravaradiofm\/wp-content\/uploads\/sites\/5\/2026\/08\/trabajadores-del-monte-de-piedad-protestan-ante-la-corte-por-huelga-de-casi-11-meses.webp","articleSection":["LOCAL","NACIONAL"],"inLanguage":"es"},{"@type":"WebPage","@id":"https:\/\/www.bbmnoticias.com\/labravaradiofm\/2026\/08\/24\/trabajadores-del-monte-de-piedad-protestan-ante-la-corte-por-huelga-de-casi-11-meses\/","url":"https:\/\/www.bbmnoticias.com\/trabajadores-del-monte-de-piedad-protestan-ante-la-corte-por-huelga-de-casi-11-meses\/","name":"Trabajadores del Monte de Piedad protestan ante la Corte por huelga de casi 11 meses - LA BRAVA RADIO","isPartOf":{"@id":"https:\/\/www.bbmnoticias.com\/labravaradiofm\/#website"},"primaryImageOfPage":{"@id":"https:\/\/www.bbmnoticias.com\/trabajadores-del-monte-de-piedad-protestan-ante-la-corte-por-huelga-de-casi-11-meses\/#primaryimage"},"image":{"@id":"https:\/\/www.bbmnoticias.com\/trabajadores-del-monte-de-piedad-protestan-ante-la-corte-por-huelga-de-casi-11-meses\/#primaryimage"},"thumbnailUrl":"https:\/\/www.bbmnoticias.com\/labravaradiofm\/wp-content\/uploads\/sites\/5\/2026\/08\/trabajadores-del-monte-de-piedad-protestan-ante-la-corte-por-huelga-de-casi-11-meses.webp","datePublished":"2026-08-24T17:03:41+00:00","dateModified":"2026-08-24T17:03:46+00:00","author":{"@id":"https:\/\/www.bbmnoticias.com\/labravaradiofm\/#\/schema\/person\/9fbc5ce7940cac56d0ea1e2b03b6d30c"},"breadcrumb":{"@id":"https:\/\/www.bbmnoticias.com\/trabajadores-del-monte-de-piedad-protestan-ante-la-corte-por-huelga-de-casi-11-meses\/#breadcrumb"},"inLanguage":"es","potentialAction":[{"@type":"ReadAction","target":["https:\/\/www.bbmnoticias.com\/trabajadores-del-monte-de-piedad-protestan-ante-la-corte-por-huelga-de-casi-11-meses\/"]}]},{"@type":"ImageObject","inLanguage":"es","@id":"https:\/\/www.bbmnoticias.com\/trabajadores-del-monte-de-piedad-protestan-ante-la-corte-por-huelga-de-casi-11-meses\/#primaryimage","url":"https:\/\/www.bbmnoticias.com\/labravaradiofm\/wp-content\/uploads\/sites\/5\/2026\/08\/trabajadores-del-monte-de-piedad-protestan-ante-la-corte-por-huelga-de-casi-11-meses.webp","contentUrl":"https:\/\/www.bbmnoticias.com\/labravaradiofm\/wp-content\/uploads\/sites\/5\/2026\/08\/trabajadores-del-monte-de-piedad-protestan-ante-la-corte-por-huelga-de-casi-11-meses.webp","width":1200,"height":900},{"@type":"BreadcrumbList","@id":"https:\/\/www.bbmnoticias.com\/trabajadores-del-monte-de-piedad-protestan-ante-la-corte-por-huelga-de-casi-11-meses\/#breadcrumb","itemListElement":[{"@type":"ListItem","position":1,"name":"Inicio","item":"https:\/\/www.bbmnoticias.com\/labravaradiofm\/"},{"@type":"ListItem","position":2,"name":"Trabajadores del Monte de Piedad protestan ante la Corte por huelga de casi 11 meses"}]},{"@type":"WebSite","@id":"https:\/\/www.bbmnoticias.com\/labravaradiofm\/#website","url":"https:\/\/www.bbmnoticias.com\/labravaradiofm\/","name":"LA BRAVA RADIO","description":"Empresa productora de medios, Radiodifusi\u00f3n, Noticias, tendencias y todo lo que necesitas saber de la pol\u00edtica mexicana e internacional; entretenimiento, espect\u00e1culos, salud y mucho m\u00e1s.","potentialAction":[{"@type":"SearchAction","target":{"@type":"EntryPoint","urlTemplate":"https:\/\/www.bbmnoticias.com\/labravaradiofm\/?s={search_term_string}"},"query-input":{"@type":"PropertyValueSpecification","valueRequired":true,"valueName":"search_term_string"}}],"inLanguage":"es"},{"@type":"Person","@id":"https:\/\/www.bbmnoticias.com\/labravaradiofm\/#\/schema\/person\/9fbc5ce7940cac56d0ea1e2b03b6d30c","name":"Agencias","image":{"@type":"ImageObject","inLanguage":"es","@id":"https:\/\/secure.gravatar.com\/avatar\/739e0b61adf9e398b425c36718c8752286da0e8cd90f20ce9a86678abc26aa0d?s=96&d=mm&r=g","url":"https:\/\/secure.gravatar.com\/avatar\/739e0b61adf9e398b425c36718c8752286da0e8cd90f20ce9a86678abc26aa0d?s=96&d=mm&r=g","contentUrl":"https:\/\/secure.gravatar.com\/avatar\/739e0b61adf9e398b425c36718c8752286da0e8cd90f20ce9a86678abc26aa0d?s=96&d=mm&r=g","caption":"Agencias"},"url":"https:\/\/www.bbmnoticias.com\/labravaradiofm\/author\/agencias\/"}]}},"_links":{"self":[{"href":"https:\/\/www.bbmnoticias.com\/labravaradiofm\/wp-json\/wp\/v2\/posts\/80993","targetHints":{"allow":["GET"]}}],"collection":[{"href":"https:\/\/www.bbmnoticias.com\/labravaradiofm\/wp-json\/wp\/v2\/posts"}],"about":[{"href":"https:\/\/www.bbmnoticias.com\/labravaradiofm\/wp-json\/wp\/v2\/types\/post"}],"author":[{"embeddable":true,"href":"https:\/\/www.bbmnoticias.com\/labravaradiofm\/wp-json\/wp\/v2\/users\/4"}],"replies":[{"embeddable":true,"href":"https:\/\/www.bbmnoticias.com\/labravaradiofm\/wp-json\/wp\/v2\/comments?post=80993"}],"version-history":[{"count":1,"href":"https:\/\/www.bbmnoticias.com\/labravaradiofm\/wp-json\/wp\/v2\/posts\/80993\/revisions"}],"predecessor-version":[{"id":80994,"href":"https:\/\/www.bbmnoticias.com\/labravaradiofm\/wp-json\/wp\/v2\/posts\/80993\/revisions\/80994"}],"wp:featuredmedia":[{"embeddable":true,"href":"https:\/\/www.bbmnoticias.com\/labravaradiofm\/wp-json\/wp\/v2\/media\/80995"}],"wp:attachment":[{"href":"https:\/\/www.bbmnoticias.com\/labravaradiofm\/wp-json\/wp\/v2\/media?parent=80993"}],"wp:term":[{"taxonomy":"category","embeddable":true,"href":"https:\/\/www.bbmnoticias.com\/labravaradiofm\/wp-json\/wp\/v2\/categories?post=80993"},{"taxonomy":"post_tag","embeddable":true,"href":"https:\/\/www.bbmnoticias.com\/labravaradiofm\/wp-json\/wp\/v2\/tags?post=80993"}],"curies":[{"name":"wp","href":"https:\/\/api.w.org\/{rel}","templated":true}]}}