{"id":80990,"date":"2026-08-24T10:05:31","date_gmt":"2026-08-24T16:05:31","guid":{"rendered":"https:\/\/www.bbmnoticias.com\/labravaradiofm\/2026\/08\/24\/juventud-y-experiencia-se-suman-por-el-rumbo-de-salina-cruz-suman-filas-con-coco-leon\/"},"modified":"2026-08-24T10:05:34","modified_gmt":"2026-08-24T16:05:34","slug":"juventud-y-experiencia-se-suman-por-el-rumbo-de-salina-cruz-suman-filas-con-coco-leon","status":"publish","type":"post","link":"https:\/\/www.bbmnoticias.com\/labravaradiofm\/2026\/08\/24\/juventud-y-experiencia-se-suman-por-el-rumbo-de-salina-cruz-suman-filas-con-coco-leon\/","title":{"rendered":"Juventud y experiencia se suman por el rumbo de Salina Cruz: Suman filas con Coco Le\u00f3n"},"content":{"rendered":"\n<p class=\"wp-block-paragraph\">Salina Cruz, Oaxaca. En un encuentro que marca un importante puente generacional, un grupo representativo de j\u00f3venes profesionistas y trabajadores sostuvo una reuni\u00f3n con el Lic. Rodolfo Le\u00f3n Arag\u00f3n, &#8220;Coco Le\u00f3n&#8221;, consolidando un respaldo abierto y directo a su proyecto pol\u00edtico.<\/p>\n\n\n\n<p class=\"wp-block-paragraph\">La reuni\u00f3n, encabezada por los licenciados Karini Hern\u00e1ndez Uribe y Mauricio Carballido, se desarroll\u00f3 en un ambiente de di\u00e1logo franco y de an\u00e1lisis sobre el rumbo que debe tomar el municipio.<\/p>\n\n\n\n<p class=\"wp-block-paragraph\">Durante el encuentro, coincidieron en que la experiencia pol\u00edtica y la visi\u00f3n fresca de las nuevas generaciones representan la f\u00f3rmula ideal para construir soluciones efectivas a los retos actuales.<\/p>\n\n\n\n<p class=\"wp-block-paragraph\">Para Coco Le\u00f3n, la participaci\u00f3n de la juventud no representa una promesa a futuro, sino el motor principal del presente.<\/p>\n\n\n\n<p class=\"wp-block-paragraph\">Por \u00faltimo, estuvieron de acuerdo en que la prioridad es conjuntar esfuerzos desde las distintas trincheras profesionales y laborales para garantizar que Salina Cruz avance por el camino correcto.<\/p>\n\n\n\n<p class=\"wp-block-paragraph\"><\/p>\n","protected":false},"excerpt":{"rendered":"<p>Salina Cruz, Oaxaca. En un encuentro que marca un importante puente generacional, un grupo representativo de j\u00f3venes profesionistas y trabajadores sostuvo una reuni\u00f3n con el Lic. Rodolfo Le\u00f3n Arag\u00f3n, &#8220;Coco Le\u00f3n&#8221;, consolidando un respaldo abierto y directo a su proyecto pol\u00edtico. La reuni\u00f3n, encabezada por los licenciados Karini Hern\u00e1ndez Uribe y Mauricio Carballido, se desarroll\u00f3 [&hellip;]<\/p>\n","protected":false},"author":2,"featured_media":80992,"comment_status":"closed","ping_status":"open","sticky":false,"template":"","format":"standard","meta":{"footnotes":""},"categories":[2],"tags":[],"class_list":["post-80990","post","type-post","status-publish","format-standard","has-post-thumbnail","hentry","category-oaxaca"],"yoast_head":"<!-- This site is optimized with the Yoast SEO plugin v28.1 - https:\/\/yoast.com\/product\/yoast-seo-wordpress\/ -->\n<title>Juventud y experiencia se suman por el rumbo de Salina Cruz: Suman filas con Coco Le\u00f3n - LA BRAVA RADIO<\/title>\n<meta name=\"robots\" content=\"index, follow, max-snippet:-1, max-image-preview:large, max-video-preview:-1\" \/>\n<link rel=\"canonical\" href=\"https:\/\/www.bbmnoticias.com\/juventud-y-experiencia-se-suman-por-el-rumbo-de-salina-cruz-suman-filas-con-coco-leon\/\" \/>\n<meta property=\"og:locale\" content=\"es_MX\" \/>\n<meta property=\"og:type\" content=\"article\" \/>\n<meta property=\"og:title\" content=\"Juventud y experiencia se suman por el rumbo de Salina Cruz: Suman filas con Coco Le\u00f3n - LA BRAVA RADIO\" \/>\n<meta property=\"og:description\" content=\"Salina Cruz, Oaxaca. En un encuentro que marca un importante puente generacional, un grupo representativo de j\u00f3venes profesionistas y trabajadores sostuvo una reuni\u00f3n con el Lic. Rodolfo Le\u00f3n Arag\u00f3n, &#8220;Coco Le\u00f3n&#8221;, consolidando un respaldo abierto y directo a su proyecto pol\u00edtico. La reuni\u00f3n, encabezada por los licenciados Karini Hern\u00e1ndez Uribe y Mauricio Carballido, se desarroll\u00f3 [&hellip;]\" \/>\n<meta property=\"og:url\" content=\"https:\/\/www.bbmnoticias.com\/juventud-y-experiencia-se-suman-por-el-rumbo-de-salina-cruz-suman-filas-con-coco-leon\/\" \/>\n<meta property=\"og:site_name\" content=\"LA BRAVA RADIO\" \/>\n<meta property=\"article:published_time\" content=\"2026-08-24T16:05:31+00:00\" \/>\n<meta property=\"article:modified_time\" content=\"2026-08-24T16:05:34+00:00\" \/>\n<meta property=\"og:image\" content=\"https:\/\/www.bbmnoticias.com\/labravaradiofm\/wp-content\/uploads\/sites\/5\/2026\/08\/coco_leon-1.jpg\" \/>\n\t<meta property=\"og:image:width\" content=\"800\" \/>\n\t<meta property=\"og:image:height\" content=\"538\" \/>\n\t<meta property=\"og:image:type\" content=\"image\/jpeg\" \/>\n<meta name=\"author\" content=\"Staff\" \/>\n<meta name=\"twitter:card\" content=\"summary_large_image\" \/>\n<meta name=\"twitter:label1\" content=\"Escrito por\" \/>\n\t<meta name=\"twitter:data1\" content=\"Staff\" \/>\n\t<meta name=\"twitter:label2\" content=\"Tiempo de lectura\" \/>\n\t<meta name=\"twitter:data2\" content=\"1 minuto\" \/>\n<script type=\"application\/ld+json\" class=\"yoast-schema-graph\">{\"@context\":\"https:\\\/\\\/schema.org\",\"@graph\":[{\"@type\":\"Article\",\"@id\":\"https:\\\/\\\/www.bbmnoticias.com\\\/juventud-y-experiencia-se-suman-por-el-rumbo-de-salina-cruz-suman-filas-con-coco-leon\\\/#article\",\"isPartOf\":{\"@id\":\"https:\\\/\\\/www.bbmnoticias.com\\\/labravaradiofm\\\/2026\\\/08\\\/24\\\/juventud-y-experiencia-se-suman-por-el-rumbo-de-salina-cruz-suman-filas-con-coco-leon\\\/\"},\"author\":{\"name\":\"Staff\",\"@id\":\"https:\\\/\\\/www.bbmnoticias.com\\\/labravaradiofm\\\/#\\\/schema\\\/person\\\/9eb037257fc48a09cdf31d9a2f45619f\"},\"headline\":\"Juventud y experiencia se suman por el rumbo de Salina Cruz: Suman filas con Coco Le\u00f3n\",\"datePublished\":\"2026-08-24T16:05:31+00:00\",\"dateModified\":\"2026-08-24T16:05:34+00:00\",\"mainEntityOfPage\":{\"@id\":\"https:\\\/\\\/www.bbmnoticias.com\\\/labravaradiofm\\\/2026\\\/08\\\/24\\\/juventud-y-experiencia-se-suman-por-el-rumbo-de-salina-cruz-suman-filas-con-coco-leon\\\/\"},\"wordCount\":182,\"image\":{\"@id\":\"https:\\\/\\\/www.bbmnoticias.com\\\/juventud-y-experiencia-se-suman-por-el-rumbo-de-salina-cruz-suman-filas-con-coco-leon\\\/#primaryimage\"},\"thumbnailUrl\":\"https:\\\/\\\/www.bbmnoticias.com\\\/labravaradiofm\\\/wp-content\\\/uploads\\\/sites\\\/5\\\/2026\\\/08\\\/coco_leon-1.jpg\",\"articleSection\":[\"LOCAL\"],\"inLanguage\":\"es\"},{\"@type\":\"WebPage\",\"@id\":\"https:\\\/\\\/www.bbmnoticias.com\\\/labravaradiofm\\\/2026\\\/08\\\/24\\\/juventud-y-experiencia-se-suman-por-el-rumbo-de-salina-cruz-suman-filas-con-coco-leon\\\/\",\"url\":\"https:\\\/\\\/www.bbmnoticias.com\\\/juventud-y-experiencia-se-suman-por-el-rumbo-de-salina-cruz-suman-filas-con-coco-leon\\\/\",\"name\":\"Juventud y experiencia se suman por el rumbo de Salina Cruz: Suman filas con Coco Le\u00f3n - LA BRAVA RADIO\",\"isPartOf\":{\"@id\":\"https:\\\/\\\/www.bbmnoticias.com\\\/labravaradiofm\\\/#website\"},\"primaryImageOfPage\":{\"@id\":\"https:\\\/\\\/www.bbmnoticias.com\\\/juventud-y-experiencia-se-suman-por-el-rumbo-de-salina-cruz-suman-filas-con-coco-leon\\\/#primaryimage\"},\"image\":{\"@id\":\"https:\\\/\\\/www.bbmnoticias.com\\\/juventud-y-experiencia-se-suman-por-el-rumbo-de-salina-cruz-suman-filas-con-coco-leon\\\/#primaryimage\"},\"thumbnailUrl\":\"https:\\\/\\\/www.bbmnoticias.com\\\/labravaradiofm\\\/wp-content\\\/uploads\\\/sites\\\/5\\\/2026\\\/08\\\/coco_leon-1.jpg\",\"datePublished\":\"2026-08-24T16:05:31+00:00\",\"dateModified\":\"2026-08-24T16:05:34+00:00\",\"author\":{\"@id\":\"https:\\\/\\\/www.bbmnoticias.com\\\/labravaradiofm\\\/#\\\/schema\\\/person\\\/9eb037257fc48a09cdf31d9a2f45619f\"},\"breadcrumb\":{\"@id\":\"https:\\\/\\\/www.bbmnoticias.com\\\/juventud-y-experiencia-se-suman-por-el-rumbo-de-salina-cruz-suman-filas-con-coco-leon\\\/#breadcrumb\"},\"inLanguage\":\"es\",\"potentialAction\":[{\"@type\":\"ReadAction\",\"target\":[\"https:\\\/\\\/www.bbmnoticias.com\\\/juventud-y-experiencia-se-suman-por-el-rumbo-de-salina-cruz-suman-filas-con-coco-leon\\\/\"]}]},{\"@type\":\"ImageObject\",\"inLanguage\":\"es\",\"@id\":\"https:\\\/\\\/www.bbmnoticias.com\\\/juventud-y-experiencia-se-suman-por-el-rumbo-de-salina-cruz-suman-filas-con-coco-leon\\\/#primaryimage\",\"url\":\"https:\\\/\\\/www.bbmnoticias.com\\\/labravaradiofm\\\/wp-content\\\/uploads\\\/sites\\\/5\\\/2026\\\/08\\\/coco_leon-1.jpg\",\"contentUrl\":\"https:\\\/\\\/www.bbmnoticias.com\\\/labravaradiofm\\\/wp-content\\\/uploads\\\/sites\\\/5\\\/2026\\\/08\\\/coco_leon-1.jpg\",\"width\":800,\"height\":538},{\"@type\":\"BreadcrumbList\",\"@id\":\"https:\\\/\\\/www.bbmnoticias.com\\\/juventud-y-experiencia-se-suman-por-el-rumbo-de-salina-cruz-suman-filas-con-coco-leon\\\/#breadcrumb\",\"itemListElement\":[{\"@type\":\"ListItem\",\"position\":1,\"name\":\"Inicio\",\"item\":\"https:\\\/\\\/www.bbmnoticias.com\\\/labravaradiofm\\\/\"},{\"@type\":\"ListItem\",\"position\":2,\"name\":\"Juventud y experiencia se suman por el rumbo de Salina Cruz: Suman filas con Coco Le\u00f3n\"}]},{\"@type\":\"WebSite\",\"@id\":\"https:\\\/\\\/www.bbmnoticias.com\\\/labravaradiofm\\\/#website\",\"url\":\"https:\\\/\\\/www.bbmnoticias.com\\\/labravaradiofm\\\/\",\"name\":\"LA BRAVA RADIO\",\"description\":\"Empresa productora de medios, Radiodifusi\u00f3n, Noticias, tendencias y todo lo que necesitas saber de la pol\u00edtica mexicana e internacional; entretenimiento, espect\u00e1culos, salud y mucho m\u00e1s.\",\"potentialAction\":[{\"@type\":\"SearchAction\",\"target\":{\"@type\":\"EntryPoint\",\"urlTemplate\":\"https:\\\/\\\/www.bbmnoticias.com\\\/labravaradiofm\\\/?s={search_term_string}\"},\"query-input\":{\"@type\":\"PropertyValueSpecification\",\"valueRequired\":true,\"valueName\":\"search_term_string\"}}],\"inLanguage\":\"es\"},{\"@type\":\"Person\",\"@id\":\"https:\\\/\\\/www.bbmnoticias.com\\\/labravaradiofm\\\/#\\\/schema\\\/person\\\/9eb037257fc48a09cdf31d9a2f45619f\",\"name\":\"Staff\",\"image\":{\"@type\":\"ImageObject\",\"inLanguage\":\"es\",\"@id\":\"https:\\\/\\\/secure.gravatar.com\\\/avatar\\\/fdd21ad66fd8b98c407f9dee5b5e588cfe7f0d8579ec20fa6527cd59bab7f0f0?s=96&d=mm&r=g\",\"url\":\"https:\\\/\\\/secure.gravatar.com\\\/avatar\\\/fdd21ad66fd8b98c407f9dee5b5e588cfe7f0d8579ec20fa6527cd59bab7f0f0?s=96&d=mm&r=g\",\"contentUrl\":\"https:\\\/\\\/secure.gravatar.com\\\/avatar\\\/fdd21ad66fd8b98c407f9dee5b5e588cfe7f0d8579ec20fa6527cd59bab7f0f0?s=96&d=mm&r=g\",\"caption\":\"Staff\"},\"url\":\"https:\\\/\\\/www.bbmnoticias.com\\\/labravaradiofm\\\/author\\\/redaccion\\\/\"}]}<\/script>\n<!-- \/ Yoast SEO plugin. -->","yoast_head_json":{"title":"Juventud y experiencia se suman por el rumbo de Salina Cruz: Suman filas con Coco Le\u00f3n - LA BRAVA RADIO","robots":{"index":"index","follow":"follow","max-snippet":"max-snippet:-1","max-image-preview":"max-image-preview:large","max-video-preview":"max-video-preview:-1"},"canonical":"https:\/\/www.bbmnoticias.com\/juventud-y-experiencia-se-suman-por-el-rumbo-de-salina-cruz-suman-filas-con-coco-leon\/","og_locale":"es_MX","og_type":"article","og_title":"Juventud y experiencia se suman por el rumbo de Salina Cruz: Suman filas con Coco Le\u00f3n - LA BRAVA RADIO","og_description":"Salina Cruz, Oaxaca. En un encuentro que marca un importante puente generacional, un grupo representativo de j\u00f3venes profesionistas y trabajadores sostuvo una reuni\u00f3n con el Lic. Rodolfo Le\u00f3n Arag\u00f3n, &#8220;Coco Le\u00f3n&#8221;, consolidando un respaldo abierto y directo a su proyecto pol\u00edtico. La reuni\u00f3n, encabezada por los licenciados Karini Hern\u00e1ndez Uribe y Mauricio Carballido, se desarroll\u00f3 [&hellip;]","og_url":"https:\/\/www.bbmnoticias.com\/juventud-y-experiencia-se-suman-por-el-rumbo-de-salina-cruz-suman-filas-con-coco-leon\/","og_site_name":"LA BRAVA RADIO","article_published_time":"2026-08-24T16:05:31+00:00","article_modified_time":"2026-08-24T16:05:34+00:00","og_image":[{"width":800,"height":538,"url":"https:\/\/www.bbmnoticias.com\/labravaradiofm\/wp-content\/uploads\/sites\/5\/2026\/08\/coco_leon-1.jpg","type":"image\/jpeg"}],"author":"Staff","twitter_card":"summary_large_image","twitter_misc":{"Escrito por":"Staff","Tiempo de lectura":"1 minuto"},"schema":{"@context":"https:\/\/schema.org","@graph":[{"@type":"Article","@id":"https:\/\/www.bbmnoticias.com\/juventud-y-experiencia-se-suman-por-el-rumbo-de-salina-cruz-suman-filas-con-coco-leon\/#article","isPartOf":{"@id":"https:\/\/www.bbmnoticias.com\/labravaradiofm\/2026\/08\/24\/juventud-y-experiencia-se-suman-por-el-rumbo-de-salina-cruz-suman-filas-con-coco-leon\/"},"author":{"name":"Staff","@id":"https:\/\/www.bbmnoticias.com\/labravaradiofm\/#\/schema\/person\/9eb037257fc48a09cdf31d9a2f45619f"},"headline":"Juventud y experiencia se suman por el rumbo de Salina Cruz: Suman filas con Coco Le\u00f3n","datePublished":"2026-08-24T16:05:31+00:00","dateModified":"2026-08-24T16:05:34+00:00","mainEntityOfPage":{"@id":"https:\/\/www.bbmnoticias.com\/labravaradiofm\/2026\/08\/24\/juventud-y-experiencia-se-suman-por-el-rumbo-de-salina-cruz-suman-filas-con-coco-leon\/"},"wordCount":182,"image":{"@id":"https:\/\/www.bbmnoticias.com\/juventud-y-experiencia-se-suman-por-el-rumbo-de-salina-cruz-suman-filas-con-coco-leon\/#primaryimage"},"thumbnailUrl":"https:\/\/www.bbmnoticias.com\/labravaradiofm\/wp-content\/uploads\/sites\/5\/2026\/08\/coco_leon-1.jpg","articleSection":["LOCAL"],"inLanguage":"es"},{"@type":"WebPage","@id":"https:\/\/www.bbmnoticias.com\/labravaradiofm\/2026\/08\/24\/juventud-y-experiencia-se-suman-por-el-rumbo-de-salina-cruz-suman-filas-con-coco-leon\/","url":"https:\/\/www.bbmnoticias.com\/juventud-y-experiencia-se-suman-por-el-rumbo-de-salina-cruz-suman-filas-con-coco-leon\/","name":"Juventud y experiencia se suman por el rumbo de Salina Cruz: Suman filas con Coco Le\u00f3n - LA BRAVA RADIO","isPartOf":{"@id":"https:\/\/www.bbmnoticias.com\/labravaradiofm\/#website"},"primaryImageOfPage":{"@id":"https:\/\/www.bbmnoticias.com\/juventud-y-experiencia-se-suman-por-el-rumbo-de-salina-cruz-suman-filas-con-coco-leon\/#primaryimage"},"image":{"@id":"https:\/\/www.bbmnoticias.com\/juventud-y-experiencia-se-suman-por-el-rumbo-de-salina-cruz-suman-filas-con-coco-leon\/#primaryimage"},"thumbnailUrl":"https:\/\/www.bbmnoticias.com\/labravaradiofm\/wp-content\/uploads\/sites\/5\/2026\/08\/coco_leon-1.jpg","datePublished":"2026-08-24T16:05:31+00:00","dateModified":"2026-08-24T16:05:34+00:00","author":{"@id":"https:\/\/www.bbmnoticias.com\/labravaradiofm\/#\/schema\/person\/9eb037257fc48a09cdf31d9a2f45619f"},"breadcrumb":{"@id":"https:\/\/www.bbmnoticias.com\/juventud-y-experiencia-se-suman-por-el-rumbo-de-salina-cruz-suman-filas-con-coco-leon\/#breadcrumb"},"inLanguage":"es","potentialAction":[{"@type":"ReadAction","target":["https:\/\/www.bbmnoticias.com\/juventud-y-experiencia-se-suman-por-el-rumbo-de-salina-cruz-suman-filas-con-coco-leon\/"]}]},{"@type":"ImageObject","inLanguage":"es","@id":"https:\/\/www.bbmnoticias.com\/juventud-y-experiencia-se-suman-por-el-rumbo-de-salina-cruz-suman-filas-con-coco-leon\/#primaryimage","url":"https:\/\/www.bbmnoticias.com\/labravaradiofm\/wp-content\/uploads\/sites\/5\/2026\/08\/coco_leon-1.jpg","contentUrl":"https:\/\/www.bbmnoticias.com\/labravaradiofm\/wp-content\/uploads\/sites\/5\/2026\/08\/coco_leon-1.jpg","width":800,"height":538},{"@type":"BreadcrumbList","@id":"https:\/\/www.bbmnoticias.com\/juventud-y-experiencia-se-suman-por-el-rumbo-de-salina-cruz-suman-filas-con-coco-leon\/#breadcrumb","itemListElement":[{"@type":"ListItem","position":1,"name":"Inicio","item":"https:\/\/www.bbmnoticias.com\/labravaradiofm\/"},{"@type":"ListItem","position":2,"name":"Juventud y experiencia se suman por el rumbo de Salina Cruz: Suman filas con Coco Le\u00f3n"}]},{"@type":"WebSite","@id":"https:\/\/www.bbmnoticias.com\/labravaradiofm\/#website","url":"https:\/\/www.bbmnoticias.com\/labravaradiofm\/","name":"LA BRAVA RADIO","description":"Empresa productora de medios, Radiodifusi\u00f3n, Noticias, tendencias y todo lo que necesitas saber de la pol\u00edtica mexicana e internacional; entretenimiento, espect\u00e1culos, salud y mucho m\u00e1s.","potentialAction":[{"@type":"SearchAction","target":{"@type":"EntryPoint","urlTemplate":"https:\/\/www.bbmnoticias.com\/labravaradiofm\/?s={search_term_string}"},"query-input":{"@type":"PropertyValueSpecification","valueRequired":true,"valueName":"search_term_string"}}],"inLanguage":"es"},{"@type":"Person","@id":"https:\/\/www.bbmnoticias.com\/labravaradiofm\/#\/schema\/person\/9eb037257fc48a09cdf31d9a2f45619f","name":"Staff","image":{"@type":"ImageObject","inLanguage":"es","@id":"https:\/\/secure.gravatar.com\/avatar\/fdd21ad66fd8b98c407f9dee5b5e588cfe7f0d8579ec20fa6527cd59bab7f0f0?s=96&d=mm&r=g","url":"https:\/\/secure.gravatar.com\/avatar\/fdd21ad66fd8b98c407f9dee5b5e588cfe7f0d8579ec20fa6527cd59bab7f0f0?s=96&d=mm&r=g","contentUrl":"https:\/\/secure.gravatar.com\/avatar\/fdd21ad66fd8b98c407f9dee5b5e588cfe7f0d8579ec20fa6527cd59bab7f0f0?s=96&d=mm&r=g","caption":"Staff"},"url":"https:\/\/www.bbmnoticias.com\/labravaradiofm\/author\/redaccion\/"}]}},"_links":{"self":[{"href":"https:\/\/www.bbmnoticias.com\/labravaradiofm\/wp-json\/wp\/v2\/posts\/80990","targetHints":{"allow":["GET"]}}],"collection":[{"href":"https:\/\/www.bbmnoticias.com\/labravaradiofm\/wp-json\/wp\/v2\/posts"}],"about":[{"href":"https:\/\/www.bbmnoticias.com\/labravaradiofm\/wp-json\/wp\/v2\/types\/post"}],"author":[{"embeddable":true,"href":"https:\/\/www.bbmnoticias.com\/labravaradiofm\/wp-json\/wp\/v2\/users\/2"}],"replies":[{"embeddable":true,"href":"https:\/\/www.bbmnoticias.com\/labravaradiofm\/wp-json\/wp\/v2\/comments?post=80990"}],"version-history":[{"count":1,"href":"https:\/\/www.bbmnoticias.com\/labravaradiofm\/wp-json\/wp\/v2\/posts\/80990\/revisions"}],"predecessor-version":[{"id":80991,"href":"https:\/\/www.bbmnoticias.com\/labravaradiofm\/wp-json\/wp\/v2\/posts\/80990\/revisions\/80991"}],"wp:featuredmedia":[{"embeddable":true,"href":"https:\/\/www.bbmnoticias.com\/labravaradiofm\/wp-json\/wp\/v2\/media\/80992"}],"wp:attachment":[{"href":"https:\/\/www.bbmnoticias.com\/labravaradiofm\/wp-json\/wp\/v2\/media?parent=80990"}],"wp:term":[{"taxonomy":"category","embeddable":true,"href":"https:\/\/www.bbmnoticias.com\/labravaradiofm\/wp-json\/wp\/v2\/categories?post=80990"},{"taxonomy":"post_tag","embeddable":true,"href":"https:\/\/www.bbmnoticias.com\/labravaradiofm\/wp-json\/wp\/v2\/tags?post=80990"}],"curies":[{"name":"wp","href":"https:\/\/api.w.org\/{rel}","templated":true}]}}