{"id":80984,"date":"2026-08-24T08:47:09","date_gmt":"2026-08-24T14:47:09","guid":{"rendered":"https:\/\/www.bbmnoticias.com\/labravaradiofm\/2026\/08\/24\/vinculan-a-proceso-a-segundo-detenido-por-desaparicion-de-persona-en-la-cuenca\/"},"modified":"2026-08-24T08:47:11","modified_gmt":"2026-08-24T14:47:11","slug":"vinculan-a-proceso-a-segundo-detenido-por-desaparicion-de-persona-en-la-cuenca","status":"publish","type":"post","link":"https:\/\/www.bbmnoticias.com\/labravaradiofm\/2026\/08\/24\/vinculan-a-proceso-a-segundo-detenido-por-desaparicion-de-persona-en-la-cuenca\/","title":{"rendered":"Vinculan a proceso a segundo detenido por desaparici\u00f3n de persona en la Cuenca"},"content":{"rendered":"\n<p class=\"wp-block-paragraph\"><strong>Oaxaca de Ju\u00e1rez, Oax.<\/strong>\u2014 La Fiscal\u00eda General del Estado de Oaxaca (FGEO) inform\u00f3 que obtuvo auto de vinculaci\u00f3n a proceso contra A.O.C., se\u00f1alado como presunto responsable del delito de desaparici\u00f3n de una persona cometida por particulares, ocurrido en la regi\u00f3n de la Cuenca del Papaloapan.<\/p>\n\n\n\n<p class=\"wp-block-paragraph\">Se trata del segundo detenido y procesado por este caso, luego de L.A.L.R., ambos se\u00f1alados de haber huido al estado de Veracruz tras los hechos para evadir la acci\u00f3n de la justicia. De acuerdo con la Fiscal\u00eda, los dos fueron localizados mediante acciones de colaboraci\u00f3n entre autoridades de Oaxaca y Veracruz.<\/p>\n\n\n\n<p class=\"wp-block-paragraph\">Los hechos se registraron el <strong>17 de agosto de 2023<\/strong>, en la comunidad de Temascal, municipio de San Miguel Soyaltepec. Seg\u00fan la causa penal, la v\u00edctima, identificada como J.M.A.T., se encontraba en un domicilio particular junto con otras personas cuando un comando armado irrumpi\u00f3 en el lugar.<\/p>\n\n\n\n<p class=\"wp-block-paragraph\">Los agresores habr\u00edan llegado a bordo de tres veh\u00edculos, portando armas de fuego de grueso calibre y vestimenta t\u00e1ctica con insignias ap\u00f3crifas similares a las utilizadas por corporaciones de seguridad p\u00fablica.<\/p>\n\n\n\n<p class=\"wp-block-paragraph\">Tras ingresar al inmueble, sometieron a las personas presentes, esposaron a la v\u00edctima y la obligaron a subir a uno de los veh\u00edculos, para posteriormente trasladarla con rumbo desconocido.<\/p>\n\n\n\n<p class=\"wp-block-paragraph\">La FGEO se\u00f1al\u00f3 que, mediante trabajos de inteligencia, investigaci\u00f3n y diligencias realizadas por la Vicefiscal\u00eda General de Atenci\u00f3n a V\u00edctimas y Derechos Humanos y la Agencia Estatal de Investigaciones (AEI), se logr\u00f3 establecer que los dos implicados se encontraban en territorio veracruzano.<\/p>\n\n\n\n<p class=\"wp-block-paragraph\">El primer detenido, L.A.L.R., fue localizado en calles de la colonia Tancochapa, en el municipio de Las Choapas, y qued\u00f3 vinculado a proceso el pasado <strong>11 de agosto<\/strong>.<\/p>\n\n\n\n<p class=\"wp-block-paragraph\">Posteriormente, A.O.C. fue ubicado y detenido en el municipio de Tres Valles por elementos de la Polic\u00eda de Investigaci\u00f3n de Veracruz. El imputado fue entregado a agentes de la AEI de Oaxaca y trasladado a Tuxtepec para continuar con el proceso judicial.<\/p>\n\n\n\n<p class=\"wp-block-paragraph\">Durante la audiencia, el Ministerio P\u00fablico present\u00f3 los datos de prueba que, de acuerdo con la Fiscal\u00eda, fueron determinantes para que el Juez de Control dictara auto de vinculaci\u00f3n a proceso contra A.O.C.<\/p>\n\n\n\n<p class=\"wp-block-paragraph\">Como medida cautelar se impuso <strong>prisi\u00f3n preventiva oficiosa<\/strong>, mientras que se estableci\u00f3 un plazo de <strong>tres meses para el cierre de la investigaci\u00f3n complementaria<\/strong>.<\/p>\n\n\n\n<p class=\"wp-block-paragraph\">La Fiscal\u00eda estatal indic\u00f3 que las investigaciones contin\u00faan para esclarecer los hechos y determinar las responsabilidades correspondientes.<\/p>\n\n\n\n<p class=\"wp-block-paragraph\"><\/p>\n","protected":false},"excerpt":{"rendered":"<p>Oaxaca de Ju\u00e1rez, Oax.\u2014 La Fiscal\u00eda General del Estado de Oaxaca (FGEO) inform\u00f3 que obtuvo auto de vinculaci\u00f3n a proceso contra A.O.C., se\u00f1alado como presunto responsable del delito de desaparici\u00f3n de una persona cometida por particulares, ocurrido en la regi\u00f3n de la Cuenca del Papaloapan. Se trata del segundo detenido y procesado por este caso, [&hellip;]<\/p>\n","protected":false},"author":2,"featured_media":80986,"comment_status":"closed","ping_status":"open","sticky":false,"template":"","format":"standard","meta":{"footnotes":""},"categories":[2,20],"tags":[],"class_list":["post-80984","post","type-post","status-publish","format-standard","has-post-thumbnail","hentry","category-oaxaca","category-policiaca"],"yoast_head":"<!-- This site is optimized with the Yoast SEO plugin v28.1 - https:\/\/yoast.com\/product\/yoast-seo-wordpress\/ -->\n<title>Vinculan a proceso a segundo detenido por desaparici\u00f3n de persona en la Cuenca - LA BRAVA RADIO<\/title>\n<meta name=\"robots\" content=\"index, follow, max-snippet:-1, max-image-preview:large, max-video-preview:-1\" \/>\n<link rel=\"canonical\" href=\"https:\/\/www.bbmnoticias.com\/vinculan-a-proceso-a-segundo-detenido-por-desaparicion-de-persona-en-la-cuenca\/\" \/>\n<meta property=\"og:locale\" content=\"es_MX\" \/>\n<meta property=\"og:type\" content=\"article\" \/>\n<meta property=\"og:title\" content=\"Vinculan a proceso a segundo detenido por desaparici\u00f3n de persona en la Cuenca - LA BRAVA RADIO\" \/>\n<meta property=\"og:description\" content=\"Oaxaca de Ju\u00e1rez, Oax.\u2014 La Fiscal\u00eda General del Estado de Oaxaca (FGEO) inform\u00f3 que obtuvo auto de vinculaci\u00f3n a proceso contra A.O.C., se\u00f1alado como presunto responsable del delito de desaparici\u00f3n de una persona cometida por particulares, ocurrido en la regi\u00f3n de la Cuenca del Papaloapan. Se trata del segundo detenido y procesado por este caso, [&hellip;]\" \/>\n<meta property=\"og:url\" content=\"https:\/\/www.bbmnoticias.com\/vinculan-a-proceso-a-segundo-detenido-por-desaparicion-de-persona-en-la-cuenca\/\" \/>\n<meta property=\"og:site_name\" content=\"LA BRAVA RADIO\" \/>\n<meta property=\"article:published_time\" content=\"2026-08-24T14:47:09+00:00\" \/>\n<meta property=\"article:modified_time\" content=\"2026-08-24T14:47:11+00:00\" \/>\n<meta property=\"og:image\" content=\"https:\/\/www.bbmnoticias.com\/labravaradiofm\/wp-content\/uploads\/sites\/5\/2026\/08\/detenido_en_veracruz.jpg\" \/>\n\t<meta property=\"og:image:width\" content=\"800\" \/>\n\t<meta property=\"og:image:height\" content=\"500\" \/>\n\t<meta property=\"og:image:type\" content=\"image\/jpeg\" \/>\n<meta name=\"author\" content=\"Staff\" \/>\n<meta name=\"twitter:card\" content=\"summary_large_image\" \/>\n<meta name=\"twitter:label1\" content=\"Escrito por\" \/>\n\t<meta name=\"twitter:data1\" content=\"Staff\" \/>\n\t<meta name=\"twitter:label2\" content=\"Tiempo de lectura\" \/>\n\t<meta name=\"twitter:data2\" content=\"2 minutos\" \/>\n<script type=\"application\/ld+json\" class=\"yoast-schema-graph\">{\"@context\":\"https:\\\/\\\/schema.org\",\"@graph\":[{\"@type\":\"Article\",\"@id\":\"https:\\\/\\\/www.bbmnoticias.com\\\/vinculan-a-proceso-a-segundo-detenido-por-desaparicion-de-persona-en-la-cuenca\\\/#article\",\"isPartOf\":{\"@id\":\"https:\\\/\\\/www.bbmnoticias.com\\\/labravaradiofm\\\/2026\\\/08\\\/24\\\/vinculan-a-proceso-a-segundo-detenido-por-desaparicion-de-persona-en-la-cuenca\\\/\"},\"author\":{\"name\":\"Staff\",\"@id\":\"https:\\\/\\\/www.bbmnoticias.com\\\/labravaradiofm\\\/#\\\/schema\\\/person\\\/9eb037257fc48a09cdf31d9a2f45619f\"},\"headline\":\"Vinculan a proceso a segundo detenido por desaparici\u00f3n de persona en la Cuenca\",\"datePublished\":\"2026-08-24T14:47:09+00:00\",\"dateModified\":\"2026-08-24T14:47:11+00:00\",\"mainEntityOfPage\":{\"@id\":\"https:\\\/\\\/www.bbmnoticias.com\\\/labravaradiofm\\\/2026\\\/08\\\/24\\\/vinculan-a-proceso-a-segundo-detenido-por-desaparicion-de-persona-en-la-cuenca\\\/\"},\"wordCount\":448,\"image\":{\"@id\":\"https:\\\/\\\/www.bbmnoticias.com\\\/vinculan-a-proceso-a-segundo-detenido-por-desaparicion-de-persona-en-la-cuenca\\\/#primaryimage\"},\"thumbnailUrl\":\"https:\\\/\\\/www.bbmnoticias.com\\\/labravaradiofm\\\/wp-content\\\/uploads\\\/sites\\\/5\\\/2026\\\/08\\\/detenido_en_veracruz.jpg\",\"articleSection\":[\"LOCAL\",\"POLICIACA\"],\"inLanguage\":\"es\"},{\"@type\":\"WebPage\",\"@id\":\"https:\\\/\\\/www.bbmnoticias.com\\\/labravaradiofm\\\/2026\\\/08\\\/24\\\/vinculan-a-proceso-a-segundo-detenido-por-desaparicion-de-persona-en-la-cuenca\\\/\",\"url\":\"https:\\\/\\\/www.bbmnoticias.com\\\/vinculan-a-proceso-a-segundo-detenido-por-desaparicion-de-persona-en-la-cuenca\\\/\",\"name\":\"Vinculan a proceso a segundo detenido por desaparici\u00f3n de persona en la Cuenca - LA BRAVA RADIO\",\"isPartOf\":{\"@id\":\"https:\\\/\\\/www.bbmnoticias.com\\\/labravaradiofm\\\/#website\"},\"primaryImageOfPage\":{\"@id\":\"https:\\\/\\\/www.bbmnoticias.com\\\/vinculan-a-proceso-a-segundo-detenido-por-desaparicion-de-persona-en-la-cuenca\\\/#primaryimage\"},\"image\":{\"@id\":\"https:\\\/\\\/www.bbmnoticias.com\\\/vinculan-a-proceso-a-segundo-detenido-por-desaparicion-de-persona-en-la-cuenca\\\/#primaryimage\"},\"thumbnailUrl\":\"https:\\\/\\\/www.bbmnoticias.com\\\/labravaradiofm\\\/wp-content\\\/uploads\\\/sites\\\/5\\\/2026\\\/08\\\/detenido_en_veracruz.jpg\",\"datePublished\":\"2026-08-24T14:47:09+00:00\",\"dateModified\":\"2026-08-24T14:47:11+00:00\",\"author\":{\"@id\":\"https:\\\/\\\/www.bbmnoticias.com\\\/labravaradiofm\\\/#\\\/schema\\\/person\\\/9eb037257fc48a09cdf31d9a2f45619f\"},\"breadcrumb\":{\"@id\":\"https:\\\/\\\/www.bbmnoticias.com\\\/vinculan-a-proceso-a-segundo-detenido-por-desaparicion-de-persona-en-la-cuenca\\\/#breadcrumb\"},\"inLanguage\":\"es\",\"potentialAction\":[{\"@type\":\"ReadAction\",\"target\":[\"https:\\\/\\\/www.bbmnoticias.com\\\/vinculan-a-proceso-a-segundo-detenido-por-desaparicion-de-persona-en-la-cuenca\\\/\"]}]},{\"@type\":\"ImageObject\",\"inLanguage\":\"es\",\"@id\":\"https:\\\/\\\/www.bbmnoticias.com\\\/vinculan-a-proceso-a-segundo-detenido-por-desaparicion-de-persona-en-la-cuenca\\\/#primaryimage\",\"url\":\"https:\\\/\\\/www.bbmnoticias.com\\\/labravaradiofm\\\/wp-content\\\/uploads\\\/sites\\\/5\\\/2026\\\/08\\\/detenido_en_veracruz.jpg\",\"contentUrl\":\"https:\\\/\\\/www.bbmnoticias.com\\\/labravaradiofm\\\/wp-content\\\/uploads\\\/sites\\\/5\\\/2026\\\/08\\\/detenido_en_veracruz.jpg\",\"width\":800,\"height\":500},{\"@type\":\"BreadcrumbList\",\"@id\":\"https:\\\/\\\/www.bbmnoticias.com\\\/vinculan-a-proceso-a-segundo-detenido-por-desaparicion-de-persona-en-la-cuenca\\\/#breadcrumb\",\"itemListElement\":[{\"@type\":\"ListItem\",\"position\":1,\"name\":\"Inicio\",\"item\":\"https:\\\/\\\/www.bbmnoticias.com\\\/labravaradiofm\\\/\"},{\"@type\":\"ListItem\",\"position\":2,\"name\":\"Vinculan a proceso a segundo detenido por desaparici\u00f3n de persona en la Cuenca\"}]},{\"@type\":\"WebSite\",\"@id\":\"https:\\\/\\\/www.bbmnoticias.com\\\/labravaradiofm\\\/#website\",\"url\":\"https:\\\/\\\/www.bbmnoticias.com\\\/labravaradiofm\\\/\",\"name\":\"LA BRAVA RADIO\",\"description\":\"Empresa productora de medios, Radiodifusi\u00f3n, Noticias, tendencias y todo lo que necesitas saber de la pol\u00edtica mexicana e internacional; entretenimiento, espect\u00e1culos, salud y mucho m\u00e1s.\",\"potentialAction\":[{\"@type\":\"SearchAction\",\"target\":{\"@type\":\"EntryPoint\",\"urlTemplate\":\"https:\\\/\\\/www.bbmnoticias.com\\\/labravaradiofm\\\/?s={search_term_string}\"},\"query-input\":{\"@type\":\"PropertyValueSpecification\",\"valueRequired\":true,\"valueName\":\"search_term_string\"}}],\"inLanguage\":\"es\"},{\"@type\":\"Person\",\"@id\":\"https:\\\/\\\/www.bbmnoticias.com\\\/labravaradiofm\\\/#\\\/schema\\\/person\\\/9eb037257fc48a09cdf31d9a2f45619f\",\"name\":\"Staff\",\"image\":{\"@type\":\"ImageObject\",\"inLanguage\":\"es\",\"@id\":\"https:\\\/\\\/secure.gravatar.com\\\/avatar\\\/fdd21ad66fd8b98c407f9dee5b5e588cfe7f0d8579ec20fa6527cd59bab7f0f0?s=96&d=mm&r=g\",\"url\":\"https:\\\/\\\/secure.gravatar.com\\\/avatar\\\/fdd21ad66fd8b98c407f9dee5b5e588cfe7f0d8579ec20fa6527cd59bab7f0f0?s=96&d=mm&r=g\",\"contentUrl\":\"https:\\\/\\\/secure.gravatar.com\\\/avatar\\\/fdd21ad66fd8b98c407f9dee5b5e588cfe7f0d8579ec20fa6527cd59bab7f0f0?s=96&d=mm&r=g\",\"caption\":\"Staff\"},\"url\":\"https:\\\/\\\/www.bbmnoticias.com\\\/labravaradiofm\\\/author\\\/redaccion\\\/\"}]}<\/script>\n<!-- \/ Yoast SEO plugin. -->","yoast_head_json":{"title":"Vinculan a proceso a segundo detenido por desaparici\u00f3n de persona en la Cuenca - LA BRAVA RADIO","robots":{"index":"index","follow":"follow","max-snippet":"max-snippet:-1","max-image-preview":"max-image-preview:large","max-video-preview":"max-video-preview:-1"},"canonical":"https:\/\/www.bbmnoticias.com\/vinculan-a-proceso-a-segundo-detenido-por-desaparicion-de-persona-en-la-cuenca\/","og_locale":"es_MX","og_type":"article","og_title":"Vinculan a proceso a segundo detenido por desaparici\u00f3n de persona en la Cuenca - LA BRAVA RADIO","og_description":"Oaxaca de Ju\u00e1rez, Oax.\u2014 La Fiscal\u00eda General del Estado de Oaxaca (FGEO) inform\u00f3 que obtuvo auto de vinculaci\u00f3n a proceso contra A.O.C., se\u00f1alado como presunto responsable del delito de desaparici\u00f3n de una persona cometida por particulares, ocurrido en la regi\u00f3n de la Cuenca del Papaloapan. Se trata del segundo detenido y procesado por este caso, [&hellip;]","og_url":"https:\/\/www.bbmnoticias.com\/vinculan-a-proceso-a-segundo-detenido-por-desaparicion-de-persona-en-la-cuenca\/","og_site_name":"LA BRAVA RADIO","article_published_time":"2026-08-24T14:47:09+00:00","article_modified_time":"2026-08-24T14:47:11+00:00","og_image":[{"width":800,"height":500,"url":"https:\/\/www.bbmnoticias.com\/labravaradiofm\/wp-content\/uploads\/sites\/5\/2026\/08\/detenido_en_veracruz.jpg","type":"image\/jpeg"}],"author":"Staff","twitter_card":"summary_large_image","twitter_misc":{"Escrito por":"Staff","Tiempo de lectura":"2 minutos"},"schema":{"@context":"https:\/\/schema.org","@graph":[{"@type":"Article","@id":"https:\/\/www.bbmnoticias.com\/vinculan-a-proceso-a-segundo-detenido-por-desaparicion-de-persona-en-la-cuenca\/#article","isPartOf":{"@id":"https:\/\/www.bbmnoticias.com\/labravaradiofm\/2026\/08\/24\/vinculan-a-proceso-a-segundo-detenido-por-desaparicion-de-persona-en-la-cuenca\/"},"author":{"name":"Staff","@id":"https:\/\/www.bbmnoticias.com\/labravaradiofm\/#\/schema\/person\/9eb037257fc48a09cdf31d9a2f45619f"},"headline":"Vinculan a proceso a segundo detenido por desaparici\u00f3n de persona en la Cuenca","datePublished":"2026-08-24T14:47:09+00:00","dateModified":"2026-08-24T14:47:11+00:00","mainEntityOfPage":{"@id":"https:\/\/www.bbmnoticias.com\/labravaradiofm\/2026\/08\/24\/vinculan-a-proceso-a-segundo-detenido-por-desaparicion-de-persona-en-la-cuenca\/"},"wordCount":448,"image":{"@id":"https:\/\/www.bbmnoticias.com\/vinculan-a-proceso-a-segundo-detenido-por-desaparicion-de-persona-en-la-cuenca\/#primaryimage"},"thumbnailUrl":"https:\/\/www.bbmnoticias.com\/labravaradiofm\/wp-content\/uploads\/sites\/5\/2026\/08\/detenido_en_veracruz.jpg","articleSection":["LOCAL","POLICIACA"],"inLanguage":"es"},{"@type":"WebPage","@id":"https:\/\/www.bbmnoticias.com\/labravaradiofm\/2026\/08\/24\/vinculan-a-proceso-a-segundo-detenido-por-desaparicion-de-persona-en-la-cuenca\/","url":"https:\/\/www.bbmnoticias.com\/vinculan-a-proceso-a-segundo-detenido-por-desaparicion-de-persona-en-la-cuenca\/","name":"Vinculan a proceso a segundo detenido por desaparici\u00f3n de persona en la Cuenca - LA BRAVA RADIO","isPartOf":{"@id":"https:\/\/www.bbmnoticias.com\/labravaradiofm\/#website"},"primaryImageOfPage":{"@id":"https:\/\/www.bbmnoticias.com\/vinculan-a-proceso-a-segundo-detenido-por-desaparicion-de-persona-en-la-cuenca\/#primaryimage"},"image":{"@id":"https:\/\/www.bbmnoticias.com\/vinculan-a-proceso-a-segundo-detenido-por-desaparicion-de-persona-en-la-cuenca\/#primaryimage"},"thumbnailUrl":"https:\/\/www.bbmnoticias.com\/labravaradiofm\/wp-content\/uploads\/sites\/5\/2026\/08\/detenido_en_veracruz.jpg","datePublished":"2026-08-24T14:47:09+00:00","dateModified":"2026-08-24T14:47:11+00:00","author":{"@id":"https:\/\/www.bbmnoticias.com\/labravaradiofm\/#\/schema\/person\/9eb037257fc48a09cdf31d9a2f45619f"},"breadcrumb":{"@id":"https:\/\/www.bbmnoticias.com\/vinculan-a-proceso-a-segundo-detenido-por-desaparicion-de-persona-en-la-cuenca\/#breadcrumb"},"inLanguage":"es","potentialAction":[{"@type":"ReadAction","target":["https:\/\/www.bbmnoticias.com\/vinculan-a-proceso-a-segundo-detenido-por-desaparicion-de-persona-en-la-cuenca\/"]}]},{"@type":"ImageObject","inLanguage":"es","@id":"https:\/\/www.bbmnoticias.com\/vinculan-a-proceso-a-segundo-detenido-por-desaparicion-de-persona-en-la-cuenca\/#primaryimage","url":"https:\/\/www.bbmnoticias.com\/labravaradiofm\/wp-content\/uploads\/sites\/5\/2026\/08\/detenido_en_veracruz.jpg","contentUrl":"https:\/\/www.bbmnoticias.com\/labravaradiofm\/wp-content\/uploads\/sites\/5\/2026\/08\/detenido_en_veracruz.jpg","width":800,"height":500},{"@type":"BreadcrumbList","@id":"https:\/\/www.bbmnoticias.com\/vinculan-a-proceso-a-segundo-detenido-por-desaparicion-de-persona-en-la-cuenca\/#breadcrumb","itemListElement":[{"@type":"ListItem","position":1,"name":"Inicio","item":"https:\/\/www.bbmnoticias.com\/labravaradiofm\/"},{"@type":"ListItem","position":2,"name":"Vinculan a proceso a segundo detenido por desaparici\u00f3n de persona en la Cuenca"}]},{"@type":"WebSite","@id":"https:\/\/www.bbmnoticias.com\/labravaradiofm\/#website","url":"https:\/\/www.bbmnoticias.com\/labravaradiofm\/","name":"LA BRAVA RADIO","description":"Empresa productora de medios, Radiodifusi\u00f3n, Noticias, tendencias y todo lo que necesitas saber de la pol\u00edtica mexicana e internacional; entretenimiento, espect\u00e1culos, salud y mucho m\u00e1s.","potentialAction":[{"@type":"SearchAction","target":{"@type":"EntryPoint","urlTemplate":"https:\/\/www.bbmnoticias.com\/labravaradiofm\/?s={search_term_string}"},"query-input":{"@type":"PropertyValueSpecification","valueRequired":true,"valueName":"search_term_string"}}],"inLanguage":"es"},{"@type":"Person","@id":"https:\/\/www.bbmnoticias.com\/labravaradiofm\/#\/schema\/person\/9eb037257fc48a09cdf31d9a2f45619f","name":"Staff","image":{"@type":"ImageObject","inLanguage":"es","@id":"https:\/\/secure.gravatar.com\/avatar\/fdd21ad66fd8b98c407f9dee5b5e588cfe7f0d8579ec20fa6527cd59bab7f0f0?s=96&d=mm&r=g","url":"https:\/\/secure.gravatar.com\/avatar\/fdd21ad66fd8b98c407f9dee5b5e588cfe7f0d8579ec20fa6527cd59bab7f0f0?s=96&d=mm&r=g","contentUrl":"https:\/\/secure.gravatar.com\/avatar\/fdd21ad66fd8b98c407f9dee5b5e588cfe7f0d8579ec20fa6527cd59bab7f0f0?s=96&d=mm&r=g","caption":"Staff"},"url":"https:\/\/www.bbmnoticias.com\/labravaradiofm\/author\/redaccion\/"}]}},"_links":{"self":[{"href":"https:\/\/www.bbmnoticias.com\/labravaradiofm\/wp-json\/wp\/v2\/posts\/80984","targetHints":{"allow":["GET"]}}],"collection":[{"href":"https:\/\/www.bbmnoticias.com\/labravaradiofm\/wp-json\/wp\/v2\/posts"}],"about":[{"href":"https:\/\/www.bbmnoticias.com\/labravaradiofm\/wp-json\/wp\/v2\/types\/post"}],"author":[{"embeddable":true,"href":"https:\/\/www.bbmnoticias.com\/labravaradiofm\/wp-json\/wp\/v2\/users\/2"}],"replies":[{"embeddable":true,"href":"https:\/\/www.bbmnoticias.com\/labravaradiofm\/wp-json\/wp\/v2\/comments?post=80984"}],"version-history":[{"count":1,"href":"https:\/\/www.bbmnoticias.com\/labravaradiofm\/wp-json\/wp\/v2\/posts\/80984\/revisions"}],"predecessor-version":[{"id":80985,"href":"https:\/\/www.bbmnoticias.com\/labravaradiofm\/wp-json\/wp\/v2\/posts\/80984\/revisions\/80985"}],"wp:featuredmedia":[{"embeddable":true,"href":"https:\/\/www.bbmnoticias.com\/labravaradiofm\/wp-json\/wp\/v2\/media\/80986"}],"wp:attachment":[{"href":"https:\/\/www.bbmnoticias.com\/labravaradiofm\/wp-json\/wp\/v2\/media?parent=80984"}],"wp:term":[{"taxonomy":"category","embeddable":true,"href":"https:\/\/www.bbmnoticias.com\/labravaradiofm\/wp-json\/wp\/v2\/categories?post=80984"},{"taxonomy":"post_tag","embeddable":true,"href":"https:\/\/www.bbmnoticias.com\/labravaradiofm\/wp-json\/wp\/v2\/tags?post=80984"}],"curies":[{"name":"wp","href":"https:\/\/api.w.org\/{rel}","templated":true}]}}