{"id":80981,"date":"2026-08-24T08:43:53","date_gmt":"2026-08-24T14:43:53","guid":{"rendered":"https:\/\/www.bbmnoticias.com\/labravaradiofm\/2026\/08\/24\/antonio-banderas-orgulloso-de-su-hermano-al-hacer-historia-al-conquistar-su-novena-copa-del-rey-mapfre\/"},"modified":"2026-08-24T08:43:56","modified_gmt":"2026-08-24T14:43:56","slug":"antonio-banderas-orgulloso-de-su-hermano-al-hacer-historia-al-conquistar-su-novena-copa-del-rey-mapfre","status":"publish","type":"post","link":"https:\/\/www.bbmnoticias.com\/labravaradiofm\/2026\/08\/24\/antonio-banderas-orgulloso-de-su-hermano-al-hacer-historia-al-conquistar-su-novena-copa-del-rey-mapfre\/","title":{"rendered":"Antonio Banderas orgulloso de su hermano al hacer historia al conquistar su novena Copa del Rey MAPFRE"},"content":{"rendered":"\n<p class=\"wp-block-paragraph\"><strong>Palma de Mallorca.- <\/strong>&nbsp;El Teatro del Soho San Miguel ha vuelto a hacer historia en la Bah\u00eda de Palma. Y el actor Antonio Banderas ha expresado su alegr\u00eda al ver que el equipo capitaneado por Javier Banderas ha conquistado su novena Copa del Rey MAPFRE, un hito extraordinario que ampl\u00eda el laureado palmar\u00e9s de un proyecto deportivo que ha convertido la excelencia, la resiliencia y el trabajo colectivo en sus grandes se\u00f1as de identidad.<\/p>\n\n\n\n<p class=\"wp-block-paragraph\">La consecuci\u00f3n de esta novena corona llega tras una edici\u00f3n de m\u00e1xima exigencia deportiva y, especialmente, tras tres meses de trabajo contrarreloj. Hace apenas dos meses, el proyecto de la Costa del Sol estren\u00f3 su nueva embarcaci\u00f3n, el XR 41, lo que oblig\u00f3 a activar un ambicioso e intensivo programa de I+D para descifrar sus caracter\u00edsticas, corregir sus carencias iniciales y dar con la configuraci\u00f3n \u00f3ptima para competir al m\u00e1ximo nivel. Este proceso de desarrollo, impulsado desde el \u00e1rea deportiva por Piti Est\u00e9banez, \u00c1ngel Medina y Luis Doreste bajo la direcci\u00f3n de Banderas, ha permitido transformar en tiempo r\u00e9cord las prestaciones del barco.<\/p>\n\n\n\n<p class=\"wp-block-paragraph\">El resultado de ese esfuerzo t\u00e9cnico se tradujo en el agua desde la primera jornada: el Teatro del Soho San Miguel ciment\u00f3 el campeonato desde la consistencia y la capacidad de mantenerse siempre en el grupo de cabeza, hasta llegar a la \u00faltima jornada en una posici\u00f3n privilegiada y rematar el t\u00edtulo.<\/p>\n\n\n\n<p class=\"wp-block-paragraph\">&#8220;Desde la regata de M\u00e1laga hace casi tres meses hasta aqu\u00ed se ha hecho un trabajo inmenso, muchas noches durmiendo poco, pero est\u00e1 claro que el trabajo duro saca resultados&#8221;, explicaba emocionado Domingo Manrique, trimmer del barco y medallista ol\u00edmpico. &#8220;Estamos muy satisfechos por todos los integrantes del equipo que se han dejado la piel optimizando este barco, por Javier Banderas, por Teatro del Soho y San Miguel, que apuestan por nosotros. Es un c\u00famulo de sensaciones que emocionan mucho; todo el equipo ha dado el 200% cada uno de los d\u00edas de competici\u00f3n&#8221;.<\/p>\n\n\n\n<p class=\"wp-block-paragraph\">Por su parte, Piti Est\u00e9banez, director deportivo de la embarcaci\u00f3n, quiso poner en valor la capacidad del grupo humano para superar la presi\u00f3n y resarcirse: &#8220;Ha sido la n\u00famero nueve, pero ha supuesto un esfuerzo brutal por parte de todo el equipo, sobre todo despu\u00e9s del batacazo que nos pegamos el a\u00f1o pasado. Nueve Copas del Rey necesitan un equipo como el que tenemos, que viene de lejos a lo largo de los a\u00f1os, que entiende la presi\u00f3n, c\u00f3mo llevarla y el respeto mutuo entre todos&#8221;.<\/p>\n\n\n\n<p class=\"wp-block-paragraph\">Para Javier Banderas, armador y l\u00edder del barco, este noveno trofeo tiene una resonancia \u00edntima y \u00fanica en su carrera: &#8220;De todas las Copas del Rey que llevo, sin ninguna duda esta es la que m\u00e1s ilusi\u00f3n me hace. Ha sido una apuesta importante, un reto enorme y mucho trabajo detr\u00e1s con un barco nuevo en el que notamos carencias nada m\u00e1s estrenarlo&#8221;.<\/p>\n\n\n\n<figure class=\"wp-block-image size-full\"><img decoding=\"async\" src=\"https:\/\/www.bbmnoticias.com\/wp-content\/uploads\/2026\/08\/copa_del_rey_mapfre2.jpg\" alt=\"\" class=\"wp-image-83370\"\/><\/figure>\n\n\n\n<p class=\"wp-block-paragraph\">M\u00e1s all\u00e1 del \u00e1mbito deportivo, Banderas quiso dedicar esta novena victoria a la memoria de tres personas fundamentales en la trayectoria del equipo que ya no est\u00e1n: Llopis (emblem\u00e1tico integrante en la \u00e9poca de Tau Cer\u00e1mica), Javier Vallejo &#8216;Mazinger&#8217; (<em>&#8220;nuestro &#8216;gentleman&#8217; y nuestro Brad Pitt particular&#8221;<\/em>) y Noluco Doreste.<\/p>\n\n\n\n<p class=\"wp-block-paragraph\">Con una sensibilidad especial, Banderas reconoci\u00f3 el esfuerzo sobrehumano de Luis Doreste, hermano de Noluco, al afrontar la regata a los pocos d\u00edas de su p\u00e9rdida: <em>&#8220;Me gustar\u00eda destacar a nuestro gran Luis Doreste que, tras el fallecimiento de su hermano a pocos d\u00edas de comenzar aqu\u00ed, lo ha dado todo en el agua y eso dice mucho de la persona que es. Nos quitamos el sombrero con \u00e9l&#8221;<\/em>.<\/p>\n\n\n\n<p class=\"wp-block-paragraph\">La jornada final del triunfo coincidi\u00f3 adem\u00e1s con una efem\u00e9ride hist\u00f3rica para la vela espa\u00f1ola: este 8 de agosto se cumplen 42 a\u00f1os desde que Luis Doreste conquistara su primera medalla de oro ol\u00edmpica junto a Roberto Molina en los Juegos Ol\u00edmpicos de Los \u00c1ngeles 1984.<\/p>\n\n\n\n<p class=\"wp-block-paragraph\">Cuatro d\u00e9cadas despu\u00e9s, el regatista canario contin\u00faa siendo la br\u00fajula t\u00e1ctica del Teatro del Soho San Miguel. Conocido cari\u00f1osamente en el equipo como el <em>&#8220;maestro de ajedrez&#8221;<\/em> por su magistral visi\u00f3n de regata, estrategia y capacidad de anticipaci\u00f3n, Doreste encarna la transmisi\u00f3n de conocimiento intergeneracional en una tripulaci\u00f3n que combina la veteran\u00eda con el talento joven.<\/p>\n\n\n\n<p class=\"wp-block-paragraph\">Con el noveno trofeo ya asegurado en las vitrinas del Real Club N\u00e1utico de Palma, el Teatro del Soho San Miguel cierra una edici\u00f3n \u00e9pica demostrando que las grandes victorias se fraguan en la uni\u00f3n, las horas de taller, el respeto y la pasi\u00f3n por la vela. La novena ya es historia de la Copa del Rey MAPFRE; el equipo ya mira a la d\u00e9cima.<\/p>\n","protected":false},"excerpt":{"rendered":"<p>Palma de Mallorca.- &nbsp;El Teatro del Soho San Miguel ha vuelto a hacer historia en la Bah\u00eda de Palma. Y el actor Antonio Banderas ha expresado su alegr\u00eda al ver que el equipo capitaneado por Javier Banderas ha conquistado su novena Copa del Rey MAPFRE, un hito extraordinario que ampl\u00eda el laureado palmar\u00e9s de un [&hellip;]<\/p>\n","protected":false},"author":6,"featured_media":80983,"comment_status":"closed","ping_status":"open","sticky":false,"template":"","format":"standard","meta":{"footnotes":""},"categories":[21,2],"tags":[],"class_list":["post-80981","post","type-post","status-publish","format-standard","has-post-thumbnail","hentry","category-deportes","category-oaxaca"],"yoast_head":"<!-- This site is optimized with the Yoast SEO plugin v28.1 - https:\/\/yoast.com\/product\/yoast-seo-wordpress\/ -->\n<title>Antonio Banderas orgulloso de su hermano al hacer historia al conquistar su novena Copa del Rey MAPFRE - LA BRAVA RADIO<\/title>\n<meta name=\"robots\" content=\"index, follow, max-snippet:-1, max-image-preview:large, max-video-preview:-1\" \/>\n<link rel=\"canonical\" href=\"https:\/\/www.bbmnoticias.com\/antonio-banderas-orgulloso-de-su-hermano-al-hacer-historia-al-conquistar-su-novena-copa-del-rey-mapfre\/\" \/>\n<meta property=\"og:locale\" content=\"es_MX\" \/>\n<meta property=\"og:type\" content=\"article\" \/>\n<meta property=\"og:title\" content=\"Antonio Banderas orgulloso de su hermano al hacer historia al conquistar su novena Copa del Rey MAPFRE - LA BRAVA RADIO\" \/>\n<meta property=\"og:description\" content=\"Palma de Mallorca.- &nbsp;El Teatro del Soho San Miguel ha vuelto a hacer historia en la Bah\u00eda de Palma. Y el actor Antonio Banderas ha expresado su alegr\u00eda al ver que el equipo capitaneado por Javier Banderas ha conquistado su novena Copa del Rey MAPFRE, un hito extraordinario que ampl\u00eda el laureado palmar\u00e9s de un [&hellip;]\" \/>\n<meta property=\"og:url\" content=\"https:\/\/www.bbmnoticias.com\/antonio-banderas-orgulloso-de-su-hermano-al-hacer-historia-al-conquistar-su-novena-copa-del-rey-mapfre\/\" \/>\n<meta property=\"og:site_name\" content=\"LA BRAVA RADIO\" \/>\n<meta property=\"article:published_time\" content=\"2026-08-24T14:43:53+00:00\" \/>\n<meta property=\"article:modified_time\" content=\"2026-08-24T14:43:56+00:00\" \/>\n<meta property=\"og:image\" content=\"https:\/\/www.bbmnoticias.com\/labravaradiofm\/wp-content\/uploads\/sites\/5\/2026\/08\/copa_del_rey_mapfre.jpg\" \/>\n\t<meta property=\"og:image:width\" content=\"800\" \/>\n\t<meta property=\"og:image:height\" content=\"533\" \/>\n\t<meta property=\"og:image:type\" content=\"image\/jpeg\" \/>\n<meta name=\"author\" content=\"Mar\u00eda Esther Beltr\u00e1n Mart\u00ednez\" \/>\n<meta name=\"twitter:card\" content=\"summary_large_image\" \/>\n<meta name=\"twitter:label1\" content=\"Escrito por\" \/>\n\t<meta name=\"twitter:data1\" content=\"Mar\u00eda Esther Beltr\u00e1n Mart\u00ednez\" \/>\n\t<meta name=\"twitter:label2\" content=\"Tiempo de lectura\" \/>\n\t<meta name=\"twitter:data2\" content=\"4 minutos\" \/>\n<script type=\"application\/ld+json\" class=\"yoast-schema-graph\">{\"@context\":\"https:\\\/\\\/schema.org\",\"@graph\":[{\"@type\":\"Article\",\"@id\":\"https:\\\/\\\/www.bbmnoticias.com\\\/antonio-banderas-orgulloso-de-su-hermano-al-hacer-historia-al-conquistar-su-novena-copa-del-rey-mapfre\\\/#article\",\"isPartOf\":{\"@id\":\"https:\\\/\\\/www.bbmnoticias.com\\\/labravaradiofm\\\/2026\\\/08\\\/24\\\/antonio-banderas-orgulloso-de-su-hermano-al-hacer-historia-al-conquistar-su-novena-copa-del-rey-mapfre\\\/\"},\"author\":{\"name\":\"Mar\u00eda Esther Beltr\u00e1n Mart\u00ednez\",\"@id\":\"https:\\\/\\\/www.bbmnoticias.com\\\/labravaradiofm\\\/#\\\/schema\\\/person\\\/1b98b561c4821caaafd50240c7f8bcfd\"},\"headline\":\"Antonio Banderas orgulloso de su hermano al hacer historia al conquistar su novena Copa del Rey MAPFRE\",\"datePublished\":\"2026-08-24T14:43:53+00:00\",\"dateModified\":\"2026-08-24T14:43:56+00:00\",\"mainEntityOfPage\":{\"@id\":\"https:\\\/\\\/www.bbmnoticias.com\\\/labravaradiofm\\\/2026\\\/08\\\/24\\\/antonio-banderas-orgulloso-de-su-hermano-al-hacer-historia-al-conquistar-su-novena-copa-del-rey-mapfre\\\/\"},\"wordCount\":840,\"image\":{\"@id\":\"https:\\\/\\\/www.bbmnoticias.com\\\/antonio-banderas-orgulloso-de-su-hermano-al-hacer-historia-al-conquistar-su-novena-copa-del-rey-mapfre\\\/#primaryimage\"},\"thumbnailUrl\":\"https:\\\/\\\/www.bbmnoticias.com\\\/labravaradiofm\\\/wp-content\\\/uploads\\\/sites\\\/5\\\/2026\\\/08\\\/copa_del_rey_mapfre.jpg\",\"articleSection\":[\"DEPORTES\",\"LOCAL\"],\"inLanguage\":\"es\"},{\"@type\":\"WebPage\",\"@id\":\"https:\\\/\\\/www.bbmnoticias.com\\\/labravaradiofm\\\/2026\\\/08\\\/24\\\/antonio-banderas-orgulloso-de-su-hermano-al-hacer-historia-al-conquistar-su-novena-copa-del-rey-mapfre\\\/\",\"url\":\"https:\\\/\\\/www.bbmnoticias.com\\\/antonio-banderas-orgulloso-de-su-hermano-al-hacer-historia-al-conquistar-su-novena-copa-del-rey-mapfre\\\/\",\"name\":\"Antonio Banderas orgulloso de su hermano al hacer historia al conquistar su novena Copa del Rey MAPFRE - LA BRAVA RADIO\",\"isPartOf\":{\"@id\":\"https:\\\/\\\/www.bbmnoticias.com\\\/labravaradiofm\\\/#website\"},\"primaryImageOfPage\":{\"@id\":\"https:\\\/\\\/www.bbmnoticias.com\\\/antonio-banderas-orgulloso-de-su-hermano-al-hacer-historia-al-conquistar-su-novena-copa-del-rey-mapfre\\\/#primaryimage\"},\"image\":{\"@id\":\"https:\\\/\\\/www.bbmnoticias.com\\\/antonio-banderas-orgulloso-de-su-hermano-al-hacer-historia-al-conquistar-su-novena-copa-del-rey-mapfre\\\/#primaryimage\"},\"thumbnailUrl\":\"https:\\\/\\\/www.bbmnoticias.com\\\/labravaradiofm\\\/wp-content\\\/uploads\\\/sites\\\/5\\\/2026\\\/08\\\/copa_del_rey_mapfre.jpg\",\"datePublished\":\"2026-08-24T14:43:53+00:00\",\"dateModified\":\"2026-08-24T14:43:56+00:00\",\"author\":{\"@id\":\"https:\\\/\\\/www.bbmnoticias.com\\\/labravaradiofm\\\/#\\\/schema\\\/person\\\/1b98b561c4821caaafd50240c7f8bcfd\"},\"breadcrumb\":{\"@id\":\"https:\\\/\\\/www.bbmnoticias.com\\\/antonio-banderas-orgulloso-de-su-hermano-al-hacer-historia-al-conquistar-su-novena-copa-del-rey-mapfre\\\/#breadcrumb\"},\"inLanguage\":\"es\",\"potentialAction\":[{\"@type\":\"ReadAction\",\"target\":[\"https:\\\/\\\/www.bbmnoticias.com\\\/antonio-banderas-orgulloso-de-su-hermano-al-hacer-historia-al-conquistar-su-novena-copa-del-rey-mapfre\\\/\"]}]},{\"@type\":\"ImageObject\",\"inLanguage\":\"es\",\"@id\":\"https:\\\/\\\/www.bbmnoticias.com\\\/antonio-banderas-orgulloso-de-su-hermano-al-hacer-historia-al-conquistar-su-novena-copa-del-rey-mapfre\\\/#primaryimage\",\"url\":\"https:\\\/\\\/www.bbmnoticias.com\\\/labravaradiofm\\\/wp-content\\\/uploads\\\/sites\\\/5\\\/2026\\\/08\\\/copa_del_rey_mapfre.jpg\",\"contentUrl\":\"https:\\\/\\\/www.bbmnoticias.com\\\/labravaradiofm\\\/wp-content\\\/uploads\\\/sites\\\/5\\\/2026\\\/08\\\/copa_del_rey_mapfre.jpg\",\"width\":800,\"height\":533},{\"@type\":\"BreadcrumbList\",\"@id\":\"https:\\\/\\\/www.bbmnoticias.com\\\/antonio-banderas-orgulloso-de-su-hermano-al-hacer-historia-al-conquistar-su-novena-copa-del-rey-mapfre\\\/#breadcrumb\",\"itemListElement\":[{\"@type\":\"ListItem\",\"position\":1,\"name\":\"Inicio\",\"item\":\"https:\\\/\\\/www.bbmnoticias.com\\\/labravaradiofm\\\/\"},{\"@type\":\"ListItem\",\"position\":2,\"name\":\"Antonio Banderas orgulloso de su hermano al hacer historia al conquistar su novena Copa del Rey MAPFRE\"}]},{\"@type\":\"WebSite\",\"@id\":\"https:\\\/\\\/www.bbmnoticias.com\\\/labravaradiofm\\\/#website\",\"url\":\"https:\\\/\\\/www.bbmnoticias.com\\\/labravaradiofm\\\/\",\"name\":\"LA BRAVA RADIO\",\"description\":\"Empresa productora de medios, Radiodifusi\u00f3n, Noticias, tendencias y todo lo que necesitas saber de la pol\u00edtica mexicana e internacional; entretenimiento, espect\u00e1culos, salud y mucho m\u00e1s.\",\"potentialAction\":[{\"@type\":\"SearchAction\",\"target\":{\"@type\":\"EntryPoint\",\"urlTemplate\":\"https:\\\/\\\/www.bbmnoticias.com\\\/labravaradiofm\\\/?s={search_term_string}\"},\"query-input\":{\"@type\":\"PropertyValueSpecification\",\"valueRequired\":true,\"valueName\":\"search_term_string\"}}],\"inLanguage\":\"es\"},{\"@type\":\"Person\",\"@id\":\"https:\\\/\\\/www.bbmnoticias.com\\\/labravaradiofm\\\/#\\\/schema\\\/person\\\/1b98b561c4821caaafd50240c7f8bcfd\",\"name\":\"Mar\u00eda Esther Beltr\u00e1n Mart\u00ednez\",\"image\":{\"@type\":\"ImageObject\",\"inLanguage\":\"es\",\"@id\":\"https:\\\/\\\/secure.gravatar.com\\\/avatar\\\/50efe5915c3eac137dcc550ff1c590bc6054705eb482a33520c9501c8eec550f?s=96&d=mm&r=g\",\"url\":\"https:\\\/\\\/secure.gravatar.com\\\/avatar\\\/50efe5915c3eac137dcc550ff1c590bc6054705eb482a33520c9501c8eec550f?s=96&d=mm&r=g\",\"contentUrl\":\"https:\\\/\\\/secure.gravatar.com\\\/avatar\\\/50efe5915c3eac137dcc550ff1c590bc6054705eb482a33520c9501c8eec550f?s=96&d=mm&r=g\",\"caption\":\"Mar\u00eda Esther Beltr\u00e1n Mart\u00ednez\"},\"url\":\"https:\\\/\\\/www.bbmnoticias.com\\\/labravaradiofm\\\/author\\\/maria\\\/\"}]}<\/script>\n<!-- \/ Yoast SEO plugin. -->","yoast_head_json":{"title":"Antonio Banderas orgulloso de su hermano al hacer historia al conquistar su novena Copa del Rey MAPFRE - LA BRAVA RADIO","robots":{"index":"index","follow":"follow","max-snippet":"max-snippet:-1","max-image-preview":"max-image-preview:large","max-video-preview":"max-video-preview:-1"},"canonical":"https:\/\/www.bbmnoticias.com\/antonio-banderas-orgulloso-de-su-hermano-al-hacer-historia-al-conquistar-su-novena-copa-del-rey-mapfre\/","og_locale":"es_MX","og_type":"article","og_title":"Antonio Banderas orgulloso de su hermano al hacer historia al conquistar su novena Copa del Rey MAPFRE - LA BRAVA RADIO","og_description":"Palma de Mallorca.- &nbsp;El Teatro del Soho San Miguel ha vuelto a hacer historia en la Bah\u00eda de Palma. Y el actor Antonio Banderas ha expresado su alegr\u00eda al ver que el equipo capitaneado por Javier Banderas ha conquistado su novena Copa del Rey MAPFRE, un hito extraordinario que ampl\u00eda el laureado palmar\u00e9s de un [&hellip;]","og_url":"https:\/\/www.bbmnoticias.com\/antonio-banderas-orgulloso-de-su-hermano-al-hacer-historia-al-conquistar-su-novena-copa-del-rey-mapfre\/","og_site_name":"LA BRAVA RADIO","article_published_time":"2026-08-24T14:43:53+00:00","article_modified_time":"2026-08-24T14:43:56+00:00","og_image":[{"width":800,"height":533,"url":"https:\/\/www.bbmnoticias.com\/labravaradiofm\/wp-content\/uploads\/sites\/5\/2026\/08\/copa_del_rey_mapfre.jpg","type":"image\/jpeg"}],"author":"Mar\u00eda Esther Beltr\u00e1n Mart\u00ednez","twitter_card":"summary_large_image","twitter_misc":{"Escrito por":"Mar\u00eda Esther Beltr\u00e1n Mart\u00ednez","Tiempo de lectura":"4 minutos"},"schema":{"@context":"https:\/\/schema.org","@graph":[{"@type":"Article","@id":"https:\/\/www.bbmnoticias.com\/antonio-banderas-orgulloso-de-su-hermano-al-hacer-historia-al-conquistar-su-novena-copa-del-rey-mapfre\/#article","isPartOf":{"@id":"https:\/\/www.bbmnoticias.com\/labravaradiofm\/2026\/08\/24\/antonio-banderas-orgulloso-de-su-hermano-al-hacer-historia-al-conquistar-su-novena-copa-del-rey-mapfre\/"},"author":{"name":"Mar\u00eda Esther Beltr\u00e1n Mart\u00ednez","@id":"https:\/\/www.bbmnoticias.com\/labravaradiofm\/#\/schema\/person\/1b98b561c4821caaafd50240c7f8bcfd"},"headline":"Antonio Banderas orgulloso de su hermano al hacer historia al conquistar su novena Copa del Rey MAPFRE","datePublished":"2026-08-24T14:43:53+00:00","dateModified":"2026-08-24T14:43:56+00:00","mainEntityOfPage":{"@id":"https:\/\/www.bbmnoticias.com\/labravaradiofm\/2026\/08\/24\/antonio-banderas-orgulloso-de-su-hermano-al-hacer-historia-al-conquistar-su-novena-copa-del-rey-mapfre\/"},"wordCount":840,"image":{"@id":"https:\/\/www.bbmnoticias.com\/antonio-banderas-orgulloso-de-su-hermano-al-hacer-historia-al-conquistar-su-novena-copa-del-rey-mapfre\/#primaryimage"},"thumbnailUrl":"https:\/\/www.bbmnoticias.com\/labravaradiofm\/wp-content\/uploads\/sites\/5\/2026\/08\/copa_del_rey_mapfre.jpg","articleSection":["DEPORTES","LOCAL"],"inLanguage":"es"},{"@type":"WebPage","@id":"https:\/\/www.bbmnoticias.com\/labravaradiofm\/2026\/08\/24\/antonio-banderas-orgulloso-de-su-hermano-al-hacer-historia-al-conquistar-su-novena-copa-del-rey-mapfre\/","url":"https:\/\/www.bbmnoticias.com\/antonio-banderas-orgulloso-de-su-hermano-al-hacer-historia-al-conquistar-su-novena-copa-del-rey-mapfre\/","name":"Antonio Banderas orgulloso de su hermano al hacer historia al conquistar su novena Copa del Rey MAPFRE - LA BRAVA RADIO","isPartOf":{"@id":"https:\/\/www.bbmnoticias.com\/labravaradiofm\/#website"},"primaryImageOfPage":{"@id":"https:\/\/www.bbmnoticias.com\/antonio-banderas-orgulloso-de-su-hermano-al-hacer-historia-al-conquistar-su-novena-copa-del-rey-mapfre\/#primaryimage"},"image":{"@id":"https:\/\/www.bbmnoticias.com\/antonio-banderas-orgulloso-de-su-hermano-al-hacer-historia-al-conquistar-su-novena-copa-del-rey-mapfre\/#primaryimage"},"thumbnailUrl":"https:\/\/www.bbmnoticias.com\/labravaradiofm\/wp-content\/uploads\/sites\/5\/2026\/08\/copa_del_rey_mapfre.jpg","datePublished":"2026-08-24T14:43:53+00:00","dateModified":"2026-08-24T14:43:56+00:00","author":{"@id":"https:\/\/www.bbmnoticias.com\/labravaradiofm\/#\/schema\/person\/1b98b561c4821caaafd50240c7f8bcfd"},"breadcrumb":{"@id":"https:\/\/www.bbmnoticias.com\/antonio-banderas-orgulloso-de-su-hermano-al-hacer-historia-al-conquistar-su-novena-copa-del-rey-mapfre\/#breadcrumb"},"inLanguage":"es","potentialAction":[{"@type":"ReadAction","target":["https:\/\/www.bbmnoticias.com\/antonio-banderas-orgulloso-de-su-hermano-al-hacer-historia-al-conquistar-su-novena-copa-del-rey-mapfre\/"]}]},{"@type":"ImageObject","inLanguage":"es","@id":"https:\/\/www.bbmnoticias.com\/antonio-banderas-orgulloso-de-su-hermano-al-hacer-historia-al-conquistar-su-novena-copa-del-rey-mapfre\/#primaryimage","url":"https:\/\/www.bbmnoticias.com\/labravaradiofm\/wp-content\/uploads\/sites\/5\/2026\/08\/copa_del_rey_mapfre.jpg","contentUrl":"https:\/\/www.bbmnoticias.com\/labravaradiofm\/wp-content\/uploads\/sites\/5\/2026\/08\/copa_del_rey_mapfre.jpg","width":800,"height":533},{"@type":"BreadcrumbList","@id":"https:\/\/www.bbmnoticias.com\/antonio-banderas-orgulloso-de-su-hermano-al-hacer-historia-al-conquistar-su-novena-copa-del-rey-mapfre\/#breadcrumb","itemListElement":[{"@type":"ListItem","position":1,"name":"Inicio","item":"https:\/\/www.bbmnoticias.com\/labravaradiofm\/"},{"@type":"ListItem","position":2,"name":"Antonio Banderas orgulloso de su hermano al hacer historia al conquistar su novena Copa del Rey MAPFRE"}]},{"@type":"WebSite","@id":"https:\/\/www.bbmnoticias.com\/labravaradiofm\/#website","url":"https:\/\/www.bbmnoticias.com\/labravaradiofm\/","name":"LA BRAVA RADIO","description":"Empresa productora de medios, Radiodifusi\u00f3n, Noticias, tendencias y todo lo que necesitas saber de la pol\u00edtica mexicana e internacional; entretenimiento, espect\u00e1culos, salud y mucho m\u00e1s.","potentialAction":[{"@type":"SearchAction","target":{"@type":"EntryPoint","urlTemplate":"https:\/\/www.bbmnoticias.com\/labravaradiofm\/?s={search_term_string}"},"query-input":{"@type":"PropertyValueSpecification","valueRequired":true,"valueName":"search_term_string"}}],"inLanguage":"es"},{"@type":"Person","@id":"https:\/\/www.bbmnoticias.com\/labravaradiofm\/#\/schema\/person\/1b98b561c4821caaafd50240c7f8bcfd","name":"Mar\u00eda Esther Beltr\u00e1n Mart\u00ednez","image":{"@type":"ImageObject","inLanguage":"es","@id":"https:\/\/secure.gravatar.com\/avatar\/50efe5915c3eac137dcc550ff1c590bc6054705eb482a33520c9501c8eec550f?s=96&d=mm&r=g","url":"https:\/\/secure.gravatar.com\/avatar\/50efe5915c3eac137dcc550ff1c590bc6054705eb482a33520c9501c8eec550f?s=96&d=mm&r=g","contentUrl":"https:\/\/secure.gravatar.com\/avatar\/50efe5915c3eac137dcc550ff1c590bc6054705eb482a33520c9501c8eec550f?s=96&d=mm&r=g","caption":"Mar\u00eda Esther Beltr\u00e1n Mart\u00ednez"},"url":"https:\/\/www.bbmnoticias.com\/labravaradiofm\/author\/maria\/"}]}},"_links":{"self":[{"href":"https:\/\/www.bbmnoticias.com\/labravaradiofm\/wp-json\/wp\/v2\/posts\/80981","targetHints":{"allow":["GET"]}}],"collection":[{"href":"https:\/\/www.bbmnoticias.com\/labravaradiofm\/wp-json\/wp\/v2\/posts"}],"about":[{"href":"https:\/\/www.bbmnoticias.com\/labravaradiofm\/wp-json\/wp\/v2\/types\/post"}],"author":[{"embeddable":true,"href":"https:\/\/www.bbmnoticias.com\/labravaradiofm\/wp-json\/wp\/v2\/users\/6"}],"replies":[{"embeddable":true,"href":"https:\/\/www.bbmnoticias.com\/labravaradiofm\/wp-json\/wp\/v2\/comments?post=80981"}],"version-history":[{"count":1,"href":"https:\/\/www.bbmnoticias.com\/labravaradiofm\/wp-json\/wp\/v2\/posts\/80981\/revisions"}],"predecessor-version":[{"id":80982,"href":"https:\/\/www.bbmnoticias.com\/labravaradiofm\/wp-json\/wp\/v2\/posts\/80981\/revisions\/80982"}],"wp:featuredmedia":[{"embeddable":true,"href":"https:\/\/www.bbmnoticias.com\/labravaradiofm\/wp-json\/wp\/v2\/media\/80983"}],"wp:attachment":[{"href":"https:\/\/www.bbmnoticias.com\/labravaradiofm\/wp-json\/wp\/v2\/media?parent=80981"}],"wp:term":[{"taxonomy":"category","embeddable":true,"href":"https:\/\/www.bbmnoticias.com\/labravaradiofm\/wp-json\/wp\/v2\/categories?post=80981"},{"taxonomy":"post_tag","embeddable":true,"href":"https:\/\/www.bbmnoticias.com\/labravaradiofm\/wp-json\/wp\/v2\/tags?post=80981"}],"curies":[{"name":"wp","href":"https:\/\/api.w.org\/{rel}","templated":true}]}}