{"id":80975,"date":"2026-08-24T08:29:14","date_gmt":"2026-08-24T14:29:14","guid":{"rendered":"https:\/\/www.bbmnoticias.com\/labravaradiofm\/2026\/08\/24\/antonino-morales-acompana-jornada-de-trabajo-y-resultados-por-la-costa-oaxaquena\/"},"modified":"2026-08-24T08:29:17","modified_gmt":"2026-08-24T14:29:17","slug":"antonino-morales-acompana-jornada-de-trabajo-y-resultados-por-la-costa-oaxaquena","status":"publish","type":"post","link":"https:\/\/www.bbmnoticias.com\/labravaradiofm\/2026\/08\/24\/antonino-morales-acompana-jornada-de-trabajo-y-resultados-por-la-costa-oaxaquena\/","title":{"rendered":"Antonino Morales acompa\u00f1a jornada de trabajo y resultados por la Costa oaxaque\u00f1a"},"content":{"rendered":"\n<p class=\"wp-block-paragraph\">El senador Antonino Morales Toledo acompa\u00f1\u00f3 al gobernador Salom\u00f3n Jara Cruz en una intensa jornada de trabajo por la Costa oaxaque\u00f1a, donde se impulsaron acciones para fortalecer el bienestar de las familias, apoyar al campo y reactivar la actividad tur\u00edstica.<\/p>\n\n\n\n<p class=\"wp-block-paragraph\">En San Pedro Pochutla y Santiago Pinotepa Nacional, fue testigo de la entrega de apoyos de Tandas Mujer Primavera y Tarjetas Margarita Maza, programas que representan un respaldo directo para las familias y fortalecen la autonom\u00eda econ\u00f3mica de las mujeres.<\/p>\n\n\n\n<p class=\"wp-block-paragraph\">En Puerto Escondido, acompa\u00f1\u00f3 la presentaci\u00f3n del programa \u201cVolver a Crecer\u201d, que brinda nuevas oportunidades a peque\u00f1os productores mediante la liberaci\u00f3n de adeudos hist\u00f3ricos. Asimismo, en Punta Zicatela, particip\u00f3 en la entrega de equipamiento para apoyar a prestadoras y prestadores de servicios tur\u00edsticos afectados por el incendio ocurrido meses atr\u00e1s.<\/p>\n\n\n\n<p class=\"wp-block-paragraph\">Como parte de esta agenda, Morales Toledo tambi\u00e9n acompa\u00f1\u00f3 al diputado federal Carmelo Cruz Mendoza en la presentaci\u00f3n de su Segundo Informe de Actividades Legislativas, donde reconoci\u00f3 su trabajo y compromiso con las familias oaxaque\u00f1as, as\u00ed como su respaldo a las iniciativas de la presidenta Claudia Sheinbaum Pardo.<\/p>\n\n\n\n<p class=\"wp-block-paragraph\">La jornada reflej\u00f3 el trabajo coordinado de representantes populares y autoridades para que los apoyos, programas y acciones lleguen a las comunidades y contribuyan a mejorar las condiciones de vida de las familias de la Costa.<\/p>\n\n\n\n<p class=\"wp-block-paragraph\"><\/p>\n","protected":false},"excerpt":{"rendered":"<p>El senador Antonino Morales Toledo acompa\u00f1\u00f3 al gobernador Salom\u00f3n Jara Cruz en una intensa jornada de trabajo por la Costa oaxaque\u00f1a, donde se impulsaron acciones para fortalecer el bienestar de las familias, apoyar al campo y reactivar la actividad tur\u00edstica. En San Pedro Pochutla y Santiago Pinotepa Nacional, fue testigo de la entrega de apoyos [&hellip;]<\/p>\n","protected":false},"author":2,"featured_media":80977,"comment_status":"closed","ping_status":"open","sticky":false,"template":"","format":"standard","meta":{"footnotes":""},"categories":[2],"tags":[],"class_list":["post-80975","post","type-post","status-publish","format-standard","has-post-thumbnail","hentry","category-oaxaca"],"yoast_head":"<!-- This site is optimized with the Yoast SEO plugin v28.1 - https:\/\/yoast.com\/product\/yoast-seo-wordpress\/ -->\n<title>Antonino Morales acompa\u00f1a jornada de trabajo y resultados por la Costa oaxaque\u00f1a - LA BRAVA RADIO<\/title>\n<meta name=\"robots\" content=\"index, follow, max-snippet:-1, max-image-preview:large, max-video-preview:-1\" \/>\n<link rel=\"canonical\" href=\"https:\/\/www.bbmnoticias.com\/antonino-morales-acompana-jornada-de-trabajo-y-resultados-por-la-costa-oaxaquena\/\" \/>\n<meta property=\"og:locale\" content=\"es_MX\" \/>\n<meta property=\"og:type\" content=\"article\" \/>\n<meta property=\"og:title\" content=\"Antonino Morales acompa\u00f1a jornada de trabajo y resultados por la Costa oaxaque\u00f1a - LA BRAVA RADIO\" \/>\n<meta property=\"og:description\" content=\"El senador Antonino Morales Toledo acompa\u00f1\u00f3 al gobernador Salom\u00f3n Jara Cruz en una intensa jornada de trabajo por la Costa oaxaque\u00f1a, donde se impulsaron acciones para fortalecer el bienestar de las familias, apoyar al campo y reactivar la actividad tur\u00edstica. En San Pedro Pochutla y Santiago Pinotepa Nacional, fue testigo de la entrega de apoyos [&hellip;]\" \/>\n<meta property=\"og:url\" content=\"https:\/\/www.bbmnoticias.com\/antonino-morales-acompana-jornada-de-trabajo-y-resultados-por-la-costa-oaxaquena\/\" \/>\n<meta property=\"og:site_name\" content=\"LA BRAVA RADIO\" \/>\n<meta property=\"article:published_time\" content=\"2026-08-24T14:29:14+00:00\" \/>\n<meta property=\"article:modified_time\" content=\"2026-08-24T14:29:17+00:00\" \/>\n<meta property=\"og:image\" content=\"https:\/\/www.bbmnoticias.com\/labravaradiofm\/wp-content\/uploads\/sites\/5\/2026\/08\/nino_morales-2.jpg\" \/>\n\t<meta property=\"og:image:width\" content=\"800\" \/>\n\t<meta property=\"og:image:height\" content=\"477\" \/>\n\t<meta property=\"og:image:type\" content=\"image\/jpeg\" \/>\n<meta name=\"author\" content=\"Staff\" \/>\n<meta name=\"twitter:card\" content=\"summary_large_image\" \/>\n<meta name=\"twitter:label1\" content=\"Escrito por\" \/>\n\t<meta name=\"twitter:data1\" content=\"Staff\" \/>\n\t<meta name=\"twitter:label2\" content=\"Tiempo de lectura\" \/>\n\t<meta name=\"twitter:data2\" content=\"1 minuto\" \/>\n<script type=\"application\/ld+json\" class=\"yoast-schema-graph\">{\"@context\":\"https:\\\/\\\/schema.org\",\"@graph\":[{\"@type\":\"Article\",\"@id\":\"https:\\\/\\\/www.bbmnoticias.com\\\/antonino-morales-acompana-jornada-de-trabajo-y-resultados-por-la-costa-oaxaquena\\\/#article\",\"isPartOf\":{\"@id\":\"https:\\\/\\\/www.bbmnoticias.com\\\/labravaradiofm\\\/2026\\\/08\\\/24\\\/antonino-morales-acompana-jornada-de-trabajo-y-resultados-por-la-costa-oaxaquena\\\/\"},\"author\":{\"name\":\"Staff\",\"@id\":\"https:\\\/\\\/www.bbmnoticias.com\\\/labravaradiofm\\\/#\\\/schema\\\/person\\\/9eb037257fc48a09cdf31d9a2f45619f\"},\"headline\":\"Antonino Morales acompa\u00f1a jornada de trabajo y resultados por la Costa oaxaque\u00f1a\",\"datePublished\":\"2026-08-24T14:29:14+00:00\",\"dateModified\":\"2026-08-24T14:29:17+00:00\",\"mainEntityOfPage\":{\"@id\":\"https:\\\/\\\/www.bbmnoticias.com\\\/labravaradiofm\\\/2026\\\/08\\\/24\\\/antonino-morales-acompana-jornada-de-trabajo-y-resultados-por-la-costa-oaxaquena\\\/\"},\"wordCount\":242,\"image\":{\"@id\":\"https:\\\/\\\/www.bbmnoticias.com\\\/antonino-morales-acompana-jornada-de-trabajo-y-resultados-por-la-costa-oaxaquena\\\/#primaryimage\"},\"thumbnailUrl\":\"https:\\\/\\\/www.bbmnoticias.com\\\/labravaradiofm\\\/wp-content\\\/uploads\\\/sites\\\/5\\\/2026\\\/08\\\/nino_morales-2.jpg\",\"articleSection\":[\"LOCAL\"],\"inLanguage\":\"es\"},{\"@type\":\"WebPage\",\"@id\":\"https:\\\/\\\/www.bbmnoticias.com\\\/labravaradiofm\\\/2026\\\/08\\\/24\\\/antonino-morales-acompana-jornada-de-trabajo-y-resultados-por-la-costa-oaxaquena\\\/\",\"url\":\"https:\\\/\\\/www.bbmnoticias.com\\\/antonino-morales-acompana-jornada-de-trabajo-y-resultados-por-la-costa-oaxaquena\\\/\",\"name\":\"Antonino Morales acompa\u00f1a jornada de trabajo y resultados por la Costa oaxaque\u00f1a - LA BRAVA RADIO\",\"isPartOf\":{\"@id\":\"https:\\\/\\\/www.bbmnoticias.com\\\/labravaradiofm\\\/#website\"},\"primaryImageOfPage\":{\"@id\":\"https:\\\/\\\/www.bbmnoticias.com\\\/antonino-morales-acompana-jornada-de-trabajo-y-resultados-por-la-costa-oaxaquena\\\/#primaryimage\"},\"image\":{\"@id\":\"https:\\\/\\\/www.bbmnoticias.com\\\/antonino-morales-acompana-jornada-de-trabajo-y-resultados-por-la-costa-oaxaquena\\\/#primaryimage\"},\"thumbnailUrl\":\"https:\\\/\\\/www.bbmnoticias.com\\\/labravaradiofm\\\/wp-content\\\/uploads\\\/sites\\\/5\\\/2026\\\/08\\\/nino_morales-2.jpg\",\"datePublished\":\"2026-08-24T14:29:14+00:00\",\"dateModified\":\"2026-08-24T14:29:17+00:00\",\"author\":{\"@id\":\"https:\\\/\\\/www.bbmnoticias.com\\\/labravaradiofm\\\/#\\\/schema\\\/person\\\/9eb037257fc48a09cdf31d9a2f45619f\"},\"breadcrumb\":{\"@id\":\"https:\\\/\\\/www.bbmnoticias.com\\\/antonino-morales-acompana-jornada-de-trabajo-y-resultados-por-la-costa-oaxaquena\\\/#breadcrumb\"},\"inLanguage\":\"es\",\"potentialAction\":[{\"@type\":\"ReadAction\",\"target\":[\"https:\\\/\\\/www.bbmnoticias.com\\\/antonino-morales-acompana-jornada-de-trabajo-y-resultados-por-la-costa-oaxaquena\\\/\"]}]},{\"@type\":\"ImageObject\",\"inLanguage\":\"es\",\"@id\":\"https:\\\/\\\/www.bbmnoticias.com\\\/antonino-morales-acompana-jornada-de-trabajo-y-resultados-por-la-costa-oaxaquena\\\/#primaryimage\",\"url\":\"https:\\\/\\\/www.bbmnoticias.com\\\/labravaradiofm\\\/wp-content\\\/uploads\\\/sites\\\/5\\\/2026\\\/08\\\/nino_morales-2.jpg\",\"contentUrl\":\"https:\\\/\\\/www.bbmnoticias.com\\\/labravaradiofm\\\/wp-content\\\/uploads\\\/sites\\\/5\\\/2026\\\/08\\\/nino_morales-2.jpg\",\"width\":800,\"height\":477},{\"@type\":\"BreadcrumbList\",\"@id\":\"https:\\\/\\\/www.bbmnoticias.com\\\/antonino-morales-acompana-jornada-de-trabajo-y-resultados-por-la-costa-oaxaquena\\\/#breadcrumb\",\"itemListElement\":[{\"@type\":\"ListItem\",\"position\":1,\"name\":\"Inicio\",\"item\":\"https:\\\/\\\/www.bbmnoticias.com\\\/labravaradiofm\\\/\"},{\"@type\":\"ListItem\",\"position\":2,\"name\":\"Antonino Morales acompa\u00f1a jornada de trabajo y resultados por la Costa oaxaque\u00f1a\"}]},{\"@type\":\"WebSite\",\"@id\":\"https:\\\/\\\/www.bbmnoticias.com\\\/labravaradiofm\\\/#website\",\"url\":\"https:\\\/\\\/www.bbmnoticias.com\\\/labravaradiofm\\\/\",\"name\":\"LA BRAVA RADIO\",\"description\":\"Empresa productora de medios, Radiodifusi\u00f3n, Noticias, tendencias y todo lo que necesitas saber de la pol\u00edtica mexicana e internacional; entretenimiento, espect\u00e1culos, salud y mucho m\u00e1s.\",\"potentialAction\":[{\"@type\":\"SearchAction\",\"target\":{\"@type\":\"EntryPoint\",\"urlTemplate\":\"https:\\\/\\\/www.bbmnoticias.com\\\/labravaradiofm\\\/?s={search_term_string}\"},\"query-input\":{\"@type\":\"PropertyValueSpecification\",\"valueRequired\":true,\"valueName\":\"search_term_string\"}}],\"inLanguage\":\"es\"},{\"@type\":\"Person\",\"@id\":\"https:\\\/\\\/www.bbmnoticias.com\\\/labravaradiofm\\\/#\\\/schema\\\/person\\\/9eb037257fc48a09cdf31d9a2f45619f\",\"name\":\"Staff\",\"image\":{\"@type\":\"ImageObject\",\"inLanguage\":\"es\",\"@id\":\"https:\\\/\\\/secure.gravatar.com\\\/avatar\\\/fdd21ad66fd8b98c407f9dee5b5e588cfe7f0d8579ec20fa6527cd59bab7f0f0?s=96&d=mm&r=g\",\"url\":\"https:\\\/\\\/secure.gravatar.com\\\/avatar\\\/fdd21ad66fd8b98c407f9dee5b5e588cfe7f0d8579ec20fa6527cd59bab7f0f0?s=96&d=mm&r=g\",\"contentUrl\":\"https:\\\/\\\/secure.gravatar.com\\\/avatar\\\/fdd21ad66fd8b98c407f9dee5b5e588cfe7f0d8579ec20fa6527cd59bab7f0f0?s=96&d=mm&r=g\",\"caption\":\"Staff\"},\"url\":\"https:\\\/\\\/www.bbmnoticias.com\\\/labravaradiofm\\\/author\\\/redaccion\\\/\"}]}<\/script>\n<!-- \/ Yoast SEO plugin. -->","yoast_head_json":{"title":"Antonino Morales acompa\u00f1a jornada de trabajo y resultados por la Costa oaxaque\u00f1a - LA BRAVA RADIO","robots":{"index":"index","follow":"follow","max-snippet":"max-snippet:-1","max-image-preview":"max-image-preview:large","max-video-preview":"max-video-preview:-1"},"canonical":"https:\/\/www.bbmnoticias.com\/antonino-morales-acompana-jornada-de-trabajo-y-resultados-por-la-costa-oaxaquena\/","og_locale":"es_MX","og_type":"article","og_title":"Antonino Morales acompa\u00f1a jornada de trabajo y resultados por la Costa oaxaque\u00f1a - LA BRAVA RADIO","og_description":"El senador Antonino Morales Toledo acompa\u00f1\u00f3 al gobernador Salom\u00f3n Jara Cruz en una intensa jornada de trabajo por la Costa oaxaque\u00f1a, donde se impulsaron acciones para fortalecer el bienestar de las familias, apoyar al campo y reactivar la actividad tur\u00edstica. En San Pedro Pochutla y Santiago Pinotepa Nacional, fue testigo de la entrega de apoyos [&hellip;]","og_url":"https:\/\/www.bbmnoticias.com\/antonino-morales-acompana-jornada-de-trabajo-y-resultados-por-la-costa-oaxaquena\/","og_site_name":"LA BRAVA RADIO","article_published_time":"2026-08-24T14:29:14+00:00","article_modified_time":"2026-08-24T14:29:17+00:00","og_image":[{"width":800,"height":477,"url":"https:\/\/www.bbmnoticias.com\/labravaradiofm\/wp-content\/uploads\/sites\/5\/2026\/08\/nino_morales-2.jpg","type":"image\/jpeg"}],"author":"Staff","twitter_card":"summary_large_image","twitter_misc":{"Escrito por":"Staff","Tiempo de lectura":"1 minuto"},"schema":{"@context":"https:\/\/schema.org","@graph":[{"@type":"Article","@id":"https:\/\/www.bbmnoticias.com\/antonino-morales-acompana-jornada-de-trabajo-y-resultados-por-la-costa-oaxaquena\/#article","isPartOf":{"@id":"https:\/\/www.bbmnoticias.com\/labravaradiofm\/2026\/08\/24\/antonino-morales-acompana-jornada-de-trabajo-y-resultados-por-la-costa-oaxaquena\/"},"author":{"name":"Staff","@id":"https:\/\/www.bbmnoticias.com\/labravaradiofm\/#\/schema\/person\/9eb037257fc48a09cdf31d9a2f45619f"},"headline":"Antonino Morales acompa\u00f1a jornada de trabajo y resultados por la Costa oaxaque\u00f1a","datePublished":"2026-08-24T14:29:14+00:00","dateModified":"2026-08-24T14:29:17+00:00","mainEntityOfPage":{"@id":"https:\/\/www.bbmnoticias.com\/labravaradiofm\/2026\/08\/24\/antonino-morales-acompana-jornada-de-trabajo-y-resultados-por-la-costa-oaxaquena\/"},"wordCount":242,"image":{"@id":"https:\/\/www.bbmnoticias.com\/antonino-morales-acompana-jornada-de-trabajo-y-resultados-por-la-costa-oaxaquena\/#primaryimage"},"thumbnailUrl":"https:\/\/www.bbmnoticias.com\/labravaradiofm\/wp-content\/uploads\/sites\/5\/2026\/08\/nino_morales-2.jpg","articleSection":["LOCAL"],"inLanguage":"es"},{"@type":"WebPage","@id":"https:\/\/www.bbmnoticias.com\/labravaradiofm\/2026\/08\/24\/antonino-morales-acompana-jornada-de-trabajo-y-resultados-por-la-costa-oaxaquena\/","url":"https:\/\/www.bbmnoticias.com\/antonino-morales-acompana-jornada-de-trabajo-y-resultados-por-la-costa-oaxaquena\/","name":"Antonino Morales acompa\u00f1a jornada de trabajo y resultados por la Costa oaxaque\u00f1a - LA BRAVA RADIO","isPartOf":{"@id":"https:\/\/www.bbmnoticias.com\/labravaradiofm\/#website"},"primaryImageOfPage":{"@id":"https:\/\/www.bbmnoticias.com\/antonino-morales-acompana-jornada-de-trabajo-y-resultados-por-la-costa-oaxaquena\/#primaryimage"},"image":{"@id":"https:\/\/www.bbmnoticias.com\/antonino-morales-acompana-jornada-de-trabajo-y-resultados-por-la-costa-oaxaquena\/#primaryimage"},"thumbnailUrl":"https:\/\/www.bbmnoticias.com\/labravaradiofm\/wp-content\/uploads\/sites\/5\/2026\/08\/nino_morales-2.jpg","datePublished":"2026-08-24T14:29:14+00:00","dateModified":"2026-08-24T14:29:17+00:00","author":{"@id":"https:\/\/www.bbmnoticias.com\/labravaradiofm\/#\/schema\/person\/9eb037257fc48a09cdf31d9a2f45619f"},"breadcrumb":{"@id":"https:\/\/www.bbmnoticias.com\/antonino-morales-acompana-jornada-de-trabajo-y-resultados-por-la-costa-oaxaquena\/#breadcrumb"},"inLanguage":"es","potentialAction":[{"@type":"ReadAction","target":["https:\/\/www.bbmnoticias.com\/antonino-morales-acompana-jornada-de-trabajo-y-resultados-por-la-costa-oaxaquena\/"]}]},{"@type":"ImageObject","inLanguage":"es","@id":"https:\/\/www.bbmnoticias.com\/antonino-morales-acompana-jornada-de-trabajo-y-resultados-por-la-costa-oaxaquena\/#primaryimage","url":"https:\/\/www.bbmnoticias.com\/labravaradiofm\/wp-content\/uploads\/sites\/5\/2026\/08\/nino_morales-2.jpg","contentUrl":"https:\/\/www.bbmnoticias.com\/labravaradiofm\/wp-content\/uploads\/sites\/5\/2026\/08\/nino_morales-2.jpg","width":800,"height":477},{"@type":"BreadcrumbList","@id":"https:\/\/www.bbmnoticias.com\/antonino-morales-acompana-jornada-de-trabajo-y-resultados-por-la-costa-oaxaquena\/#breadcrumb","itemListElement":[{"@type":"ListItem","position":1,"name":"Inicio","item":"https:\/\/www.bbmnoticias.com\/labravaradiofm\/"},{"@type":"ListItem","position":2,"name":"Antonino Morales acompa\u00f1a jornada de trabajo y resultados por la Costa oaxaque\u00f1a"}]},{"@type":"WebSite","@id":"https:\/\/www.bbmnoticias.com\/labravaradiofm\/#website","url":"https:\/\/www.bbmnoticias.com\/labravaradiofm\/","name":"LA BRAVA RADIO","description":"Empresa productora de medios, Radiodifusi\u00f3n, Noticias, tendencias y todo lo que necesitas saber de la pol\u00edtica mexicana e internacional; entretenimiento, espect\u00e1culos, salud y mucho m\u00e1s.","potentialAction":[{"@type":"SearchAction","target":{"@type":"EntryPoint","urlTemplate":"https:\/\/www.bbmnoticias.com\/labravaradiofm\/?s={search_term_string}"},"query-input":{"@type":"PropertyValueSpecification","valueRequired":true,"valueName":"search_term_string"}}],"inLanguage":"es"},{"@type":"Person","@id":"https:\/\/www.bbmnoticias.com\/labravaradiofm\/#\/schema\/person\/9eb037257fc48a09cdf31d9a2f45619f","name":"Staff","image":{"@type":"ImageObject","inLanguage":"es","@id":"https:\/\/secure.gravatar.com\/avatar\/fdd21ad66fd8b98c407f9dee5b5e588cfe7f0d8579ec20fa6527cd59bab7f0f0?s=96&d=mm&r=g","url":"https:\/\/secure.gravatar.com\/avatar\/fdd21ad66fd8b98c407f9dee5b5e588cfe7f0d8579ec20fa6527cd59bab7f0f0?s=96&d=mm&r=g","contentUrl":"https:\/\/secure.gravatar.com\/avatar\/fdd21ad66fd8b98c407f9dee5b5e588cfe7f0d8579ec20fa6527cd59bab7f0f0?s=96&d=mm&r=g","caption":"Staff"},"url":"https:\/\/www.bbmnoticias.com\/labravaradiofm\/author\/redaccion\/"}]}},"_links":{"self":[{"href":"https:\/\/www.bbmnoticias.com\/labravaradiofm\/wp-json\/wp\/v2\/posts\/80975","targetHints":{"allow":["GET"]}}],"collection":[{"href":"https:\/\/www.bbmnoticias.com\/labravaradiofm\/wp-json\/wp\/v2\/posts"}],"about":[{"href":"https:\/\/www.bbmnoticias.com\/labravaradiofm\/wp-json\/wp\/v2\/types\/post"}],"author":[{"embeddable":true,"href":"https:\/\/www.bbmnoticias.com\/labravaradiofm\/wp-json\/wp\/v2\/users\/2"}],"replies":[{"embeddable":true,"href":"https:\/\/www.bbmnoticias.com\/labravaradiofm\/wp-json\/wp\/v2\/comments?post=80975"}],"version-history":[{"count":1,"href":"https:\/\/www.bbmnoticias.com\/labravaradiofm\/wp-json\/wp\/v2\/posts\/80975\/revisions"}],"predecessor-version":[{"id":80976,"href":"https:\/\/www.bbmnoticias.com\/labravaradiofm\/wp-json\/wp\/v2\/posts\/80975\/revisions\/80976"}],"wp:featuredmedia":[{"embeddable":true,"href":"https:\/\/www.bbmnoticias.com\/labravaradiofm\/wp-json\/wp\/v2\/media\/80977"}],"wp:attachment":[{"href":"https:\/\/www.bbmnoticias.com\/labravaradiofm\/wp-json\/wp\/v2\/media?parent=80975"}],"wp:term":[{"taxonomy":"category","embeddable":true,"href":"https:\/\/www.bbmnoticias.com\/labravaradiofm\/wp-json\/wp\/v2\/categories?post=80975"},{"taxonomy":"post_tag","embeddable":true,"href":"https:\/\/www.bbmnoticias.com\/labravaradiofm\/wp-json\/wp\/v2\/tags?post=80975"}],"curies":[{"name":"wp","href":"https:\/\/api.w.org\/{rel}","templated":true}]}}