{"id":80969,"date":"2026-08-22T20:48:42","date_gmt":"2026-08-23T02:48:42","guid":{"rendered":"https:\/\/www.bbmnoticias.com\/labravaradiofm\/2026\/08\/22\/rocha-moya-duro-34-horas-en-el-cargo-vuelve-a-solicitar-licencia-por-tiempo-indefinido-como-gobernador-de-sinaloa\/"},"modified":"2026-08-22T20:48:44","modified_gmt":"2026-08-23T02:48:44","slug":"rocha-moya-duro-34-horas-en-el-cargo-vuelve-a-solicitar-licencia-por-tiempo-indefinido-como-gobernador-de-sinaloa","status":"publish","type":"post","link":"https:\/\/www.bbmnoticias.com\/labravaradiofm\/2026\/08\/22\/rocha-moya-duro-34-horas-en-el-cargo-vuelve-a-solicitar-licencia-por-tiempo-indefinido-como-gobernador-de-sinaloa\/","title":{"rendered":"Rocha Moya dur\u00f3 34 horas en el cargo; vuelve a solicitar licencia \u201cpor tiempo indefinido\u201d como gobernador de Sinaloa"},"content":{"rendered":"\n<h2 class=\"wp-block-heading\">Rub\u00e9n Rocha Moya solicita nuevamente licencia indefinida al cargo de Gobernador de Sinaloa<\/h2>\n\n\n\n<p class=\"wp-block-paragraph\"><em>Apenas 34 horas despu\u00e9s de haber retomado sus funciones, el mandatario estatal anunci\u00f3 su separaci\u00f3n definitiva del cargo tras una decisi\u00f3n de car\u00e1cter personal.<\/em><\/p>\n\n\n\n<p class=\"wp-block-paragraph\"><strong>Mazatl\u00e1n, Sin., a 22 de agosto de 2026.-<\/strong> A tan solo 34 horas de haber retomado sus funciones como gobernador de Sinaloa, el morenista <strong>Rub\u00e9n Rocha Moya<\/strong> anunci\u00f3 que solicit\u00f3 de nuevo licencia temporal con car\u00e1cter indefinido al cargo de Gobernador Constitucional del Estado.<\/p>\n\n\n\n<p class=\"wp-block-paragraph\">A trav\u00e9s de un mensaje publicado en su cuenta oficial de la red social X, el mandatario estatal comparti\u00f3 el documento entregado al Congreso del estado, se\u00f1alando que &#8220;Sinaloa, la naci\u00f3n y el movimiento de transformaci\u00f3n est\u00e1n por encima de todo&#8221;.<\/p>\n\n\n\n<h3 class=\"wp-block-heading\">Los motivos de la separaci\u00f3n<\/h3>\n\n\n\n<p class=\"wp-block-paragraph\">En el documento dirigido a Jes\u00fas Guerrero Verdugo, presidente de la diputaci\u00f3n permanente, Rocha Moya fundament\u00f3 su solicitud en el art\u00edculo 50, fracci\u00f3n VIII, de la Constituci\u00f3n Pol\u00edtica del Estado, pidiendo separarse del cargo por m\u00e1s de treinta d\u00edas.<\/p>\n\n\n\n<p class=\"wp-block-paragraph\">Esta nueva decisi\u00f3n ocurre despu\u00e9s de que, apenas ayer, retomara sus funciones tras 112 d\u00edas de haber solicitado licencia por primera vez el pasado 1 de mayo. Dicha ausencia inicial se deriv\u00f3 de los se\u00f1alamientos emitidos por Estados Unidos en contra de \u00e9l y otros nueve funcionarios estatales por presuntos v\u00ednculos con el narcotr\u00e1fico.<\/p>\n\n\n\n<p class=\"wp-block-paragraph\">Al regresar inicialmente a sus labores, el gobernador asegur\u00f3 en sus redes sociales que volv\u00eda con la &#8220;frente limpia y en alto&#8221;, afirmando que no exist\u00edan elementos de prueba en su contra por parte de la Fiscal\u00eda General de la Rep\u00fablica (FGR).<\/p>\n\n\n\n<h3 class=\"wp-block-heading\">Reacciones pol\u00edticas y postura federal<\/h3>\n\n\n\n<p class=\"wp-block-paragraph\">Tras este anuncio, la Secretar\u00eda de Gobernaci\u00f3n puntualiz\u00f3 que la decisi\u00f3n responde exclusivamente a una determinaci\u00f3n de car\u00e1cter personal, mientras contin\u00faan las investigaciones y se espera que desde Washington se env\u00eden mayores elementos sobre las acusaciones.<\/p>\n\n\n\n<p class=\"wp-block-paragraph\">Por su parte, los 23 gobernadores emanados de Morena emitieron un llamado a la madurez y responsabilidad, subrayando que la pol\u00edtica exige congruencia. En la misma l\u00ednea, la dirigencia nacional del partido y sus grupos parlamentarios en el Congreso se deslindaron de la medida, se\u00f1alando que no se inform\u00f3 previamente al movimiento.<\/p>\n\n\n\n<p class=\"wp-block-paragraph\">Finalmente, la Presidenta Claudia Sheinbaum se pronunci\u00f3 al respecto en sus redes sociales, destacando que ning\u00fan inter\u00e9s personal ni la ambici\u00f3n del poder pueden estar jam\u00e1s por encima de los intereses del pueblo y de la naci\u00f3n.<\/p>\n","protected":false},"excerpt":{"rendered":"<p>Rub\u00e9n Rocha Moya solicita nuevamente licencia indefinida al cargo de Gobernador de Sinaloa Apenas 34 horas despu\u00e9s de haber retomado sus funciones, el mandatario estatal anunci\u00f3 su separaci\u00f3n definitiva del cargo tras una decisi\u00f3n de car\u00e1cter personal. Mazatl\u00e1n, Sin., a 22 de agosto de 2026.- A tan solo 34 horas de haber retomado sus funciones [&hellip;]<\/p>\n","protected":false},"author":4,"featured_media":80971,"comment_status":"closed","ping_status":"open","sticky":false,"template":"","format":"standard","meta":{"footnotes":""},"categories":[2,19],"tags":[],"class_list":["post-80969","post","type-post","status-publish","format-standard","has-post-thumbnail","hentry","category-oaxaca","category-nacional"],"yoast_head":"<!-- This site is optimized with the Yoast SEO plugin v28.1 - https:\/\/yoast.com\/product\/yoast-seo-wordpress\/ -->\n<title>Rocha Moya dur\u00f3 34 horas en el cargo; vuelve a solicitar licencia \u201cpor tiempo indefinido\u201d como gobernador de Sinaloa - LA BRAVA RADIO<\/title>\n<meta name=\"robots\" content=\"index, follow, max-snippet:-1, max-image-preview:large, max-video-preview:-1\" \/>\n<link rel=\"canonical\" href=\"https:\/\/www.bbmnoticias.com\/rocha-moya-duro-34-horas-en-el-cargo-vuelve-a-solicitar-licencia-por-tiempo-indefinido-como-gobernador-de-sinaloa\/\" \/>\n<meta property=\"og:locale\" content=\"es_MX\" \/>\n<meta property=\"og:type\" content=\"article\" \/>\n<meta property=\"og:title\" content=\"Rocha Moya dur\u00f3 34 horas en el cargo; vuelve a solicitar licencia \u201cpor tiempo indefinido\u201d como gobernador de Sinaloa - LA BRAVA RADIO\" \/>\n<meta property=\"og:description\" content=\"Rub\u00e9n Rocha Moya solicita nuevamente licencia indefinida al cargo de Gobernador de Sinaloa Apenas 34 horas despu\u00e9s de haber retomado sus funciones, el mandatario estatal anunci\u00f3 su separaci\u00f3n definitiva del cargo tras una decisi\u00f3n de car\u00e1cter personal. Mazatl\u00e1n, Sin., a 22 de agosto de 2026.- A tan solo 34 horas de haber retomado sus funciones [&hellip;]\" \/>\n<meta property=\"og:url\" content=\"https:\/\/www.bbmnoticias.com\/rocha-moya-duro-34-horas-en-el-cargo-vuelve-a-solicitar-licencia-por-tiempo-indefinido-como-gobernador-de-sinaloa\/\" \/>\n<meta property=\"og:site_name\" content=\"LA BRAVA RADIO\" \/>\n<meta property=\"article:published_time\" content=\"2026-08-23T02:48:42+00:00\" \/>\n<meta property=\"article:modified_time\" content=\"2026-08-23T02:48:44+00:00\" \/>\n<meta property=\"og:image\" content=\"https:\/\/www.bbmnoticias.com\/labravaradiofm\/wp-content\/uploads\/sites\/5\/2026\/08\/ruben-rocha-moya-vuelve-a-solicitar-licencia-por-tiempo-indefinido-como-gobernador-de-sinaloa.webp\" \/>\n\t<meta property=\"og:image:width\" content=\"1200\" \/>\n\t<meta property=\"og:image:height\" content=\"679\" \/>\n\t<meta property=\"og:image:type\" content=\"image\/webp\" \/>\n<meta name=\"author\" content=\"Agencias\" \/>\n<meta name=\"twitter:card\" content=\"summary_large_image\" \/>\n<meta name=\"twitter:label1\" content=\"Escrito por\" \/>\n\t<meta name=\"twitter:data1\" content=\"Agencias\" \/>\n\t<meta name=\"twitter:label2\" content=\"Tiempo de lectura\" \/>\n\t<meta name=\"twitter:data2\" content=\"2 minutos\" \/>\n<script type=\"application\/ld+json\" class=\"yoast-schema-graph\">{\"@context\":\"https:\\\/\\\/schema.org\",\"@graph\":[{\"@type\":\"Article\",\"@id\":\"https:\\\/\\\/www.bbmnoticias.com\\\/rocha-moya-duro-34-horas-en-el-cargo-vuelve-a-solicitar-licencia-por-tiempo-indefinido-como-gobernador-de-sinaloa\\\/#article\",\"isPartOf\":{\"@id\":\"https:\\\/\\\/www.bbmnoticias.com\\\/labravaradiofm\\\/2026\\\/08\\\/22\\\/rocha-moya-duro-34-horas-en-el-cargo-vuelve-a-solicitar-licencia-por-tiempo-indefinido-como-gobernador-de-sinaloa\\\/\"},\"author\":{\"name\":\"Agencias\",\"@id\":\"https:\\\/\\\/www.bbmnoticias.com\\\/labravaradiofm\\\/#\\\/schema\\\/person\\\/9fbc5ce7940cac56d0ea1e2b03b6d30c\"},\"headline\":\"Rocha Moya dur\u00f3 34 horas en el cargo; vuelve a solicitar licencia \u201cpor tiempo indefinido\u201d como gobernador de Sinaloa\",\"datePublished\":\"2026-08-23T02:48:42+00:00\",\"dateModified\":\"2026-08-23T02:48:44+00:00\",\"mainEntityOfPage\":{\"@id\":\"https:\\\/\\\/www.bbmnoticias.com\\\/labravaradiofm\\\/2026\\\/08\\\/22\\\/rocha-moya-duro-34-horas-en-el-cargo-vuelve-a-solicitar-licencia-por-tiempo-indefinido-como-gobernador-de-sinaloa\\\/\"},\"wordCount\":451,\"image\":{\"@id\":\"https:\\\/\\\/www.bbmnoticias.com\\\/rocha-moya-duro-34-horas-en-el-cargo-vuelve-a-solicitar-licencia-por-tiempo-indefinido-como-gobernador-de-sinaloa\\\/#primaryimage\"},\"thumbnailUrl\":\"https:\\\/\\\/www.bbmnoticias.com\\\/labravaradiofm\\\/wp-content\\\/uploads\\\/sites\\\/5\\\/2026\\\/08\\\/ruben-rocha-moya-vuelve-a-solicitar-licencia-por-tiempo-indefinido-como-gobernador-de-sinaloa.webp\",\"articleSection\":[\"LOCAL\",\"NACIONAL\"],\"inLanguage\":\"es\"},{\"@type\":\"WebPage\",\"@id\":\"https:\\\/\\\/www.bbmnoticias.com\\\/labravaradiofm\\\/2026\\\/08\\\/22\\\/rocha-moya-duro-34-horas-en-el-cargo-vuelve-a-solicitar-licencia-por-tiempo-indefinido-como-gobernador-de-sinaloa\\\/\",\"url\":\"https:\\\/\\\/www.bbmnoticias.com\\\/rocha-moya-duro-34-horas-en-el-cargo-vuelve-a-solicitar-licencia-por-tiempo-indefinido-como-gobernador-de-sinaloa\\\/\",\"name\":\"Rocha Moya dur\u00f3 34 horas en el cargo; vuelve a solicitar licencia \u201cpor tiempo indefinido\u201d como gobernador de Sinaloa - LA BRAVA RADIO\",\"isPartOf\":{\"@id\":\"https:\\\/\\\/www.bbmnoticias.com\\\/labravaradiofm\\\/#website\"},\"primaryImageOfPage\":{\"@id\":\"https:\\\/\\\/www.bbmnoticias.com\\\/rocha-moya-duro-34-horas-en-el-cargo-vuelve-a-solicitar-licencia-por-tiempo-indefinido-como-gobernador-de-sinaloa\\\/#primaryimage\"},\"image\":{\"@id\":\"https:\\\/\\\/www.bbmnoticias.com\\\/rocha-moya-duro-34-horas-en-el-cargo-vuelve-a-solicitar-licencia-por-tiempo-indefinido-como-gobernador-de-sinaloa\\\/#primaryimage\"},\"thumbnailUrl\":\"https:\\\/\\\/www.bbmnoticias.com\\\/labravaradiofm\\\/wp-content\\\/uploads\\\/sites\\\/5\\\/2026\\\/08\\\/ruben-rocha-moya-vuelve-a-solicitar-licencia-por-tiempo-indefinido-como-gobernador-de-sinaloa.webp\",\"datePublished\":\"2026-08-23T02:48:42+00:00\",\"dateModified\":\"2026-08-23T02:48:44+00:00\",\"author\":{\"@id\":\"https:\\\/\\\/www.bbmnoticias.com\\\/labravaradiofm\\\/#\\\/schema\\\/person\\\/9fbc5ce7940cac56d0ea1e2b03b6d30c\"},\"breadcrumb\":{\"@id\":\"https:\\\/\\\/www.bbmnoticias.com\\\/rocha-moya-duro-34-horas-en-el-cargo-vuelve-a-solicitar-licencia-por-tiempo-indefinido-como-gobernador-de-sinaloa\\\/#breadcrumb\"},\"inLanguage\":\"es\",\"potentialAction\":[{\"@type\":\"ReadAction\",\"target\":[\"https:\\\/\\\/www.bbmnoticias.com\\\/rocha-moya-duro-34-horas-en-el-cargo-vuelve-a-solicitar-licencia-por-tiempo-indefinido-como-gobernador-de-sinaloa\\\/\"]}]},{\"@type\":\"ImageObject\",\"inLanguage\":\"es\",\"@id\":\"https:\\\/\\\/www.bbmnoticias.com\\\/rocha-moya-duro-34-horas-en-el-cargo-vuelve-a-solicitar-licencia-por-tiempo-indefinido-como-gobernador-de-sinaloa\\\/#primaryimage\",\"url\":\"https:\\\/\\\/www.bbmnoticias.com\\\/labravaradiofm\\\/wp-content\\\/uploads\\\/sites\\\/5\\\/2026\\\/08\\\/ruben-rocha-moya-vuelve-a-solicitar-licencia-por-tiempo-indefinido-como-gobernador-de-sinaloa.webp\",\"contentUrl\":\"https:\\\/\\\/www.bbmnoticias.com\\\/labravaradiofm\\\/wp-content\\\/uploads\\\/sites\\\/5\\\/2026\\\/08\\\/ruben-rocha-moya-vuelve-a-solicitar-licencia-por-tiempo-indefinido-como-gobernador-de-sinaloa.webp\",\"width\":1200,\"height\":679},{\"@type\":\"BreadcrumbList\",\"@id\":\"https:\\\/\\\/www.bbmnoticias.com\\\/rocha-moya-duro-34-horas-en-el-cargo-vuelve-a-solicitar-licencia-por-tiempo-indefinido-como-gobernador-de-sinaloa\\\/#breadcrumb\",\"itemListElement\":[{\"@type\":\"ListItem\",\"position\":1,\"name\":\"Inicio\",\"item\":\"https:\\\/\\\/www.bbmnoticias.com\\\/labravaradiofm\\\/\"},{\"@type\":\"ListItem\",\"position\":2,\"name\":\"Rocha Moya dur\u00f3 34 horas en el cargo; vuelve a solicitar licencia \u201cpor tiempo indefinido\u201d como gobernador de Sinaloa\"}]},{\"@type\":\"WebSite\",\"@id\":\"https:\\\/\\\/www.bbmnoticias.com\\\/labravaradiofm\\\/#website\",\"url\":\"https:\\\/\\\/www.bbmnoticias.com\\\/labravaradiofm\\\/\",\"name\":\"LA BRAVA RADIO\",\"description\":\"Empresa productora de medios, Radiodifusi\u00f3n, Noticias, tendencias y todo lo que necesitas saber de la pol\u00edtica mexicana e internacional; entretenimiento, espect\u00e1culos, salud y mucho m\u00e1s.\",\"potentialAction\":[{\"@type\":\"SearchAction\",\"target\":{\"@type\":\"EntryPoint\",\"urlTemplate\":\"https:\\\/\\\/www.bbmnoticias.com\\\/labravaradiofm\\\/?s={search_term_string}\"},\"query-input\":{\"@type\":\"PropertyValueSpecification\",\"valueRequired\":true,\"valueName\":\"search_term_string\"}}],\"inLanguage\":\"es\"},{\"@type\":\"Person\",\"@id\":\"https:\\\/\\\/www.bbmnoticias.com\\\/labravaradiofm\\\/#\\\/schema\\\/person\\\/9fbc5ce7940cac56d0ea1e2b03b6d30c\",\"name\":\"Agencias\",\"image\":{\"@type\":\"ImageObject\",\"inLanguage\":\"es\",\"@id\":\"https:\\\/\\\/secure.gravatar.com\\\/avatar\\\/739e0b61adf9e398b425c36718c8752286da0e8cd90f20ce9a86678abc26aa0d?s=96&d=mm&r=g\",\"url\":\"https:\\\/\\\/secure.gravatar.com\\\/avatar\\\/739e0b61adf9e398b425c36718c8752286da0e8cd90f20ce9a86678abc26aa0d?s=96&d=mm&r=g\",\"contentUrl\":\"https:\\\/\\\/secure.gravatar.com\\\/avatar\\\/739e0b61adf9e398b425c36718c8752286da0e8cd90f20ce9a86678abc26aa0d?s=96&d=mm&r=g\",\"caption\":\"Agencias\"},\"url\":\"https:\\\/\\\/www.bbmnoticias.com\\\/labravaradiofm\\\/author\\\/agencias\\\/\"}]}<\/script>\n<!-- \/ Yoast SEO plugin. -->","yoast_head_json":{"title":"Rocha Moya dur\u00f3 34 horas en el cargo; vuelve a solicitar licencia \u201cpor tiempo indefinido\u201d como gobernador de Sinaloa - LA BRAVA RADIO","robots":{"index":"index","follow":"follow","max-snippet":"max-snippet:-1","max-image-preview":"max-image-preview:large","max-video-preview":"max-video-preview:-1"},"canonical":"https:\/\/www.bbmnoticias.com\/rocha-moya-duro-34-horas-en-el-cargo-vuelve-a-solicitar-licencia-por-tiempo-indefinido-como-gobernador-de-sinaloa\/","og_locale":"es_MX","og_type":"article","og_title":"Rocha Moya dur\u00f3 34 horas en el cargo; vuelve a solicitar licencia \u201cpor tiempo indefinido\u201d como gobernador de Sinaloa - LA BRAVA RADIO","og_description":"Rub\u00e9n Rocha Moya solicita nuevamente licencia indefinida al cargo de Gobernador de Sinaloa Apenas 34 horas despu\u00e9s de haber retomado sus funciones, el mandatario estatal anunci\u00f3 su separaci\u00f3n definitiva del cargo tras una decisi\u00f3n de car\u00e1cter personal. Mazatl\u00e1n, Sin., a 22 de agosto de 2026.- A tan solo 34 horas de haber retomado sus funciones [&hellip;]","og_url":"https:\/\/www.bbmnoticias.com\/rocha-moya-duro-34-horas-en-el-cargo-vuelve-a-solicitar-licencia-por-tiempo-indefinido-como-gobernador-de-sinaloa\/","og_site_name":"LA BRAVA RADIO","article_published_time":"2026-08-23T02:48:42+00:00","article_modified_time":"2026-08-23T02:48:44+00:00","og_image":[{"width":1200,"height":679,"url":"https:\/\/www.bbmnoticias.com\/labravaradiofm\/wp-content\/uploads\/sites\/5\/2026\/08\/ruben-rocha-moya-vuelve-a-solicitar-licencia-por-tiempo-indefinido-como-gobernador-de-sinaloa.webp","type":"image\/webp"}],"author":"Agencias","twitter_card":"summary_large_image","twitter_misc":{"Escrito por":"Agencias","Tiempo de lectura":"2 minutos"},"schema":{"@context":"https:\/\/schema.org","@graph":[{"@type":"Article","@id":"https:\/\/www.bbmnoticias.com\/rocha-moya-duro-34-horas-en-el-cargo-vuelve-a-solicitar-licencia-por-tiempo-indefinido-como-gobernador-de-sinaloa\/#article","isPartOf":{"@id":"https:\/\/www.bbmnoticias.com\/labravaradiofm\/2026\/08\/22\/rocha-moya-duro-34-horas-en-el-cargo-vuelve-a-solicitar-licencia-por-tiempo-indefinido-como-gobernador-de-sinaloa\/"},"author":{"name":"Agencias","@id":"https:\/\/www.bbmnoticias.com\/labravaradiofm\/#\/schema\/person\/9fbc5ce7940cac56d0ea1e2b03b6d30c"},"headline":"Rocha Moya dur\u00f3 34 horas en el cargo; vuelve a solicitar licencia \u201cpor tiempo indefinido\u201d como gobernador de Sinaloa","datePublished":"2026-08-23T02:48:42+00:00","dateModified":"2026-08-23T02:48:44+00:00","mainEntityOfPage":{"@id":"https:\/\/www.bbmnoticias.com\/labravaradiofm\/2026\/08\/22\/rocha-moya-duro-34-horas-en-el-cargo-vuelve-a-solicitar-licencia-por-tiempo-indefinido-como-gobernador-de-sinaloa\/"},"wordCount":451,"image":{"@id":"https:\/\/www.bbmnoticias.com\/rocha-moya-duro-34-horas-en-el-cargo-vuelve-a-solicitar-licencia-por-tiempo-indefinido-como-gobernador-de-sinaloa\/#primaryimage"},"thumbnailUrl":"https:\/\/www.bbmnoticias.com\/labravaradiofm\/wp-content\/uploads\/sites\/5\/2026\/08\/ruben-rocha-moya-vuelve-a-solicitar-licencia-por-tiempo-indefinido-como-gobernador-de-sinaloa.webp","articleSection":["LOCAL","NACIONAL"],"inLanguage":"es"},{"@type":"WebPage","@id":"https:\/\/www.bbmnoticias.com\/labravaradiofm\/2026\/08\/22\/rocha-moya-duro-34-horas-en-el-cargo-vuelve-a-solicitar-licencia-por-tiempo-indefinido-como-gobernador-de-sinaloa\/","url":"https:\/\/www.bbmnoticias.com\/rocha-moya-duro-34-horas-en-el-cargo-vuelve-a-solicitar-licencia-por-tiempo-indefinido-como-gobernador-de-sinaloa\/","name":"Rocha Moya dur\u00f3 34 horas en el cargo; vuelve a solicitar licencia \u201cpor tiempo indefinido\u201d como gobernador de Sinaloa - LA BRAVA RADIO","isPartOf":{"@id":"https:\/\/www.bbmnoticias.com\/labravaradiofm\/#website"},"primaryImageOfPage":{"@id":"https:\/\/www.bbmnoticias.com\/rocha-moya-duro-34-horas-en-el-cargo-vuelve-a-solicitar-licencia-por-tiempo-indefinido-como-gobernador-de-sinaloa\/#primaryimage"},"image":{"@id":"https:\/\/www.bbmnoticias.com\/rocha-moya-duro-34-horas-en-el-cargo-vuelve-a-solicitar-licencia-por-tiempo-indefinido-como-gobernador-de-sinaloa\/#primaryimage"},"thumbnailUrl":"https:\/\/www.bbmnoticias.com\/labravaradiofm\/wp-content\/uploads\/sites\/5\/2026\/08\/ruben-rocha-moya-vuelve-a-solicitar-licencia-por-tiempo-indefinido-como-gobernador-de-sinaloa.webp","datePublished":"2026-08-23T02:48:42+00:00","dateModified":"2026-08-23T02:48:44+00:00","author":{"@id":"https:\/\/www.bbmnoticias.com\/labravaradiofm\/#\/schema\/person\/9fbc5ce7940cac56d0ea1e2b03b6d30c"},"breadcrumb":{"@id":"https:\/\/www.bbmnoticias.com\/rocha-moya-duro-34-horas-en-el-cargo-vuelve-a-solicitar-licencia-por-tiempo-indefinido-como-gobernador-de-sinaloa\/#breadcrumb"},"inLanguage":"es","potentialAction":[{"@type":"ReadAction","target":["https:\/\/www.bbmnoticias.com\/rocha-moya-duro-34-horas-en-el-cargo-vuelve-a-solicitar-licencia-por-tiempo-indefinido-como-gobernador-de-sinaloa\/"]}]},{"@type":"ImageObject","inLanguage":"es","@id":"https:\/\/www.bbmnoticias.com\/rocha-moya-duro-34-horas-en-el-cargo-vuelve-a-solicitar-licencia-por-tiempo-indefinido-como-gobernador-de-sinaloa\/#primaryimage","url":"https:\/\/www.bbmnoticias.com\/labravaradiofm\/wp-content\/uploads\/sites\/5\/2026\/08\/ruben-rocha-moya-vuelve-a-solicitar-licencia-por-tiempo-indefinido-como-gobernador-de-sinaloa.webp","contentUrl":"https:\/\/www.bbmnoticias.com\/labravaradiofm\/wp-content\/uploads\/sites\/5\/2026\/08\/ruben-rocha-moya-vuelve-a-solicitar-licencia-por-tiempo-indefinido-como-gobernador-de-sinaloa.webp","width":1200,"height":679},{"@type":"BreadcrumbList","@id":"https:\/\/www.bbmnoticias.com\/rocha-moya-duro-34-horas-en-el-cargo-vuelve-a-solicitar-licencia-por-tiempo-indefinido-como-gobernador-de-sinaloa\/#breadcrumb","itemListElement":[{"@type":"ListItem","position":1,"name":"Inicio","item":"https:\/\/www.bbmnoticias.com\/labravaradiofm\/"},{"@type":"ListItem","position":2,"name":"Rocha Moya dur\u00f3 34 horas en el cargo; vuelve a solicitar licencia \u201cpor tiempo indefinido\u201d como gobernador de Sinaloa"}]},{"@type":"WebSite","@id":"https:\/\/www.bbmnoticias.com\/labravaradiofm\/#website","url":"https:\/\/www.bbmnoticias.com\/labravaradiofm\/","name":"LA BRAVA RADIO","description":"Empresa productora de medios, Radiodifusi\u00f3n, Noticias, tendencias y todo lo que necesitas saber de la pol\u00edtica mexicana e internacional; entretenimiento, espect\u00e1culos, salud y mucho m\u00e1s.","potentialAction":[{"@type":"SearchAction","target":{"@type":"EntryPoint","urlTemplate":"https:\/\/www.bbmnoticias.com\/labravaradiofm\/?s={search_term_string}"},"query-input":{"@type":"PropertyValueSpecification","valueRequired":true,"valueName":"search_term_string"}}],"inLanguage":"es"},{"@type":"Person","@id":"https:\/\/www.bbmnoticias.com\/labravaradiofm\/#\/schema\/person\/9fbc5ce7940cac56d0ea1e2b03b6d30c","name":"Agencias","image":{"@type":"ImageObject","inLanguage":"es","@id":"https:\/\/secure.gravatar.com\/avatar\/739e0b61adf9e398b425c36718c8752286da0e8cd90f20ce9a86678abc26aa0d?s=96&d=mm&r=g","url":"https:\/\/secure.gravatar.com\/avatar\/739e0b61adf9e398b425c36718c8752286da0e8cd90f20ce9a86678abc26aa0d?s=96&d=mm&r=g","contentUrl":"https:\/\/secure.gravatar.com\/avatar\/739e0b61adf9e398b425c36718c8752286da0e8cd90f20ce9a86678abc26aa0d?s=96&d=mm&r=g","caption":"Agencias"},"url":"https:\/\/www.bbmnoticias.com\/labravaradiofm\/author\/agencias\/"}]}},"_links":{"self":[{"href":"https:\/\/www.bbmnoticias.com\/labravaradiofm\/wp-json\/wp\/v2\/posts\/80969","targetHints":{"allow":["GET"]}}],"collection":[{"href":"https:\/\/www.bbmnoticias.com\/labravaradiofm\/wp-json\/wp\/v2\/posts"}],"about":[{"href":"https:\/\/www.bbmnoticias.com\/labravaradiofm\/wp-json\/wp\/v2\/types\/post"}],"author":[{"embeddable":true,"href":"https:\/\/www.bbmnoticias.com\/labravaradiofm\/wp-json\/wp\/v2\/users\/4"}],"replies":[{"embeddable":true,"href":"https:\/\/www.bbmnoticias.com\/labravaradiofm\/wp-json\/wp\/v2\/comments?post=80969"}],"version-history":[{"count":1,"href":"https:\/\/www.bbmnoticias.com\/labravaradiofm\/wp-json\/wp\/v2\/posts\/80969\/revisions"}],"predecessor-version":[{"id":80970,"href":"https:\/\/www.bbmnoticias.com\/labravaradiofm\/wp-json\/wp\/v2\/posts\/80969\/revisions\/80970"}],"wp:featuredmedia":[{"embeddable":true,"href":"https:\/\/www.bbmnoticias.com\/labravaradiofm\/wp-json\/wp\/v2\/media\/80971"}],"wp:attachment":[{"href":"https:\/\/www.bbmnoticias.com\/labravaradiofm\/wp-json\/wp\/v2\/media?parent=80969"}],"wp:term":[{"taxonomy":"category","embeddable":true,"href":"https:\/\/www.bbmnoticias.com\/labravaradiofm\/wp-json\/wp\/v2\/categories?post=80969"},{"taxonomy":"post_tag","embeddable":true,"href":"https:\/\/www.bbmnoticias.com\/labravaradiofm\/wp-json\/wp\/v2\/tags?post=80969"}],"curies":[{"name":"wp","href":"https:\/\/api.w.org\/{rel}","templated":true}]}}