{"id":80966,"date":"2026-08-22T20:45:33","date_gmt":"2026-08-23T02:45:33","guid":{"rendered":"https:\/\/www.bbmnoticias.com\/labravaradiofm\/2026\/08\/22\/oaxaca-rompe-record-nacional-en-movilidad-binnibus-registra-un-crecimiento-historico-de-519-7\/"},"modified":"2026-08-22T20:45:36","modified_gmt":"2026-08-23T02:45:36","slug":"oaxaca-rompe-record-nacional-en-movilidad-binnibus-registra-un-crecimiento-historico-de-519-7","status":"publish","type":"post","link":"https:\/\/www.bbmnoticias.com\/labravaradiofm\/2026\/08\/22\/oaxaca-rompe-record-nacional-en-movilidad-binnibus-registra-un-crecimiento-historico-de-519-7\/","title":{"rendered":"Oaxaca rompe r\u00e9cord nacional en movilidad: BinniBus registra un crecimiento hist\u00f3rico de 519.7%"},"content":{"rendered":"\n<p class=\"wp-block-paragraph\"><em>El sistema de transporte metropolitano super\u00f3 a ciudades como Monterrey y Puebla, consolid\u00e1ndose como un referente de eficiencia y modernidad en el pa\u00eds, seg\u00fan datos del Inegi.<\/em><\/p>\n\n\n\n<p class=\"wp-block-paragraph\"><strong>Oaxaca de Ju\u00e1rez, Oax., a 22 de agosto de 2026.-<\/strong> En un hecho sin precedentes para la movilidad urbana en M\u00e9xico, el Sistema de Transporte Colectivo Metropolitano <strong>BinniBus<\/strong> se posicion\u00f3 como el servicio con mayor crecimiento porcentual a nivel nacional, al registrar un impresionante <strong>incremento anual de 519.7 por ciento<\/strong> en la movilizaci\u00f3n de pasajeras y pasajeros, de acuerdo con la Estad\u00edstica de Transporte Urbano de Pasajeros del Instituto Nacional de Estad\u00edstica y Geograf\u00eda (Inegi).<\/p>\n\n\n\n<h3 class=\"wp-block-heading\">Cifras que transforman la conectividad<\/h3>\n\n\n\n<p class=\"wp-block-paragraph\">Los datos correspondientes al mes de junio de 2026 reflejan el impacto de la estrategia impulsada por la administraci\u00f3n estatal:<\/p>\n\n\n\n<ul class=\"wp-block-list\">\n<li><strong>1.5 millones de usuarios:<\/strong> Pasajeras y pasajeros transportados de forma eficiente y segura durante el periodo.<\/li>\n\n\n\n<li><strong>1 mill\u00f3n de kil\u00f3metros recorridos:<\/strong> Lo que representa un aumento de 469.7 por ciento en comparaci\u00f3n con junio de 2025.<\/li>\n\n\n\n<li><strong>Liderazgo nacional:<\/strong> El BinniBus super\u00f3 el crecimiento reportado por otros sistemas del pa\u00eds, como el de Monterrey (30.7%) y el de Puebla (12.8%).<\/li>\n<\/ul>\n\n\n\n<h3 class=\"wp-block-heading\">Innovaci\u00f3n y servicio a la altura de la ciudadan\u00eda<\/h3>\n\n\n\n<p class=\"wp-block-paragraph\">Actualmente, el sistema atiende las necesidades de los habitantes de la Zona Metropolitana a trav\u00e9s de <strong>35 rutas estrat\u00e9gicas<\/strong> dise\u00f1adas bajo altos est\u00e1ndares de calidad y seguridad.<\/p>\n\n\n\n<p class=\"wp-block-paragraph\">Entre sus innovaciones m\u00e1s destacadas se encuentra la incorporaci\u00f3n de <strong>unidades de dos pisos<\/strong> en la ruta troncal RT02 \u201cYii Gap\u201d (Cerro Alto), convirtiendo a Oaxaca en la segunda entidad del pa\u00eds en contar con este tipo de transporte de gran capacidad. Asimismo, para garantizar una comunicaci\u00f3n cercana y directa, cuenta con un canal oficial de difusi\u00f3n en WhatsApp que mantiene informada a la ciudadan\u00eda en tiempo real sobre horarios, rutas y modificaciones.<\/p>\n\n\n\n<p class=\"wp-block-paragraph\">Con estos resultados, el Gobierno del Estado demuestra que la transformaci\u00f3n en la movilidad urbana avanza a paso firme, priorizando un desplazamiento digno, sostenible y eficiente para todas y todos los oaxaque\u00f1os.<\/p>\n\n\n\n<p class=\"wp-block-paragraph\"><\/p>\n","protected":false},"excerpt":{"rendered":"<p>El sistema de transporte metropolitano super\u00f3 a ciudades como Monterrey y Puebla, consolid\u00e1ndose como un referente de eficiencia y modernidad en el pa\u00eds, seg\u00fan datos del Inegi. Oaxaca de Ju\u00e1rez, Oax., a 22 de agosto de 2026.- En un hecho sin precedentes para la movilidad urbana en M\u00e9xico, el Sistema de Transporte Colectivo Metropolitano BinniBus [&hellip;]<\/p>\n","protected":false},"author":2,"featured_media":80968,"comment_status":"closed","ping_status":"open","sticky":false,"template":"","format":"standard","meta":{"footnotes":""},"categories":[2],"tags":[],"class_list":["post-80966","post","type-post","status-publish","format-standard","has-post-thumbnail","hentry","category-oaxaca"],"yoast_head":"<!-- This site is optimized with the Yoast SEO plugin v28.1 - https:\/\/yoast.com\/product\/yoast-seo-wordpress\/ -->\n<title>Oaxaca rompe r\u00e9cord nacional en movilidad: BinniBus registra un crecimiento hist\u00f3rico de 519.7% - LA BRAVA RADIO<\/title>\n<meta name=\"robots\" content=\"index, follow, max-snippet:-1, max-image-preview:large, max-video-preview:-1\" \/>\n<link rel=\"canonical\" href=\"https:\/\/www.bbmnoticias.com\/oaxaca-rompe-record-nacional-en-movilidad-binnibus-registra-un-crecimiento-historico-de-519-7\/\" \/>\n<meta property=\"og:locale\" content=\"es_MX\" \/>\n<meta property=\"og:type\" content=\"article\" \/>\n<meta property=\"og:title\" content=\"Oaxaca rompe r\u00e9cord nacional en movilidad: BinniBus registra un crecimiento hist\u00f3rico de 519.7% - LA BRAVA RADIO\" \/>\n<meta property=\"og:description\" content=\"El sistema de transporte metropolitano super\u00f3 a ciudades como Monterrey y Puebla, consolid\u00e1ndose como un referente de eficiencia y modernidad en el pa\u00eds, seg\u00fan datos del Inegi. Oaxaca de Ju\u00e1rez, Oax., a 22 de agosto de 2026.- En un hecho sin precedentes para la movilidad urbana en M\u00e9xico, el Sistema de Transporte Colectivo Metropolitano BinniBus [&hellip;]\" \/>\n<meta property=\"og:url\" content=\"https:\/\/www.bbmnoticias.com\/oaxaca-rompe-record-nacional-en-movilidad-binnibus-registra-un-crecimiento-historico-de-519-7\/\" \/>\n<meta property=\"og:site_name\" content=\"LA BRAVA RADIO\" \/>\n<meta property=\"article:published_time\" content=\"2026-08-23T02:45:33+00:00\" \/>\n<meta property=\"article:modified_time\" content=\"2026-08-23T02:45:36+00:00\" \/>\n<meta property=\"og:image\" content=\"https:\/\/www.bbmnoticias.com\/labravaradiofm\/wp-content\/uploads\/sites\/5\/2026\/08\/binnibus.jpg\" \/>\n\t<meta property=\"og:image:width\" content=\"800\" \/>\n\t<meta property=\"og:image:height\" content=\"534\" \/>\n\t<meta property=\"og:image:type\" content=\"image\/jpeg\" \/>\n<meta name=\"author\" content=\"Staff\" \/>\n<meta name=\"twitter:card\" content=\"summary_large_image\" \/>\n<meta name=\"twitter:label1\" content=\"Escrito por\" \/>\n\t<meta name=\"twitter:data1\" content=\"Staff\" \/>\n\t<meta name=\"twitter:label2\" content=\"Tiempo de lectura\" \/>\n\t<meta name=\"twitter:data2\" content=\"2 minutos\" \/>\n<script type=\"application\/ld+json\" class=\"yoast-schema-graph\">{\"@context\":\"https:\\\/\\\/schema.org\",\"@graph\":[{\"@type\":\"Article\",\"@id\":\"https:\\\/\\\/www.bbmnoticias.com\\\/oaxaca-rompe-record-nacional-en-movilidad-binnibus-registra-un-crecimiento-historico-de-519-7\\\/#article\",\"isPartOf\":{\"@id\":\"https:\\\/\\\/www.bbmnoticias.com\\\/labravaradiofm\\\/2026\\\/08\\\/22\\\/oaxaca-rompe-record-nacional-en-movilidad-binnibus-registra-un-crecimiento-historico-de-519-7\\\/\"},\"author\":{\"name\":\"Staff\",\"@id\":\"https:\\\/\\\/www.bbmnoticias.com\\\/labravaradiofm\\\/#\\\/schema\\\/person\\\/9eb037257fc48a09cdf31d9a2f45619f\"},\"headline\":\"Oaxaca rompe r\u00e9cord nacional en movilidad: BinniBus registra un crecimiento hist\u00f3rico de 519.7%\",\"datePublished\":\"2026-08-23T02:45:33+00:00\",\"dateModified\":\"2026-08-23T02:45:36+00:00\",\"mainEntityOfPage\":{\"@id\":\"https:\\\/\\\/www.bbmnoticias.com\\\/labravaradiofm\\\/2026\\\/08\\\/22\\\/oaxaca-rompe-record-nacional-en-movilidad-binnibus-registra-un-crecimiento-historico-de-519-7\\\/\"},\"wordCount\":359,\"image\":{\"@id\":\"https:\\\/\\\/www.bbmnoticias.com\\\/oaxaca-rompe-record-nacional-en-movilidad-binnibus-registra-un-crecimiento-historico-de-519-7\\\/#primaryimage\"},\"thumbnailUrl\":\"https:\\\/\\\/www.bbmnoticias.com\\\/labravaradiofm\\\/wp-content\\\/uploads\\\/sites\\\/5\\\/2026\\\/08\\\/binnibus.jpg\",\"articleSection\":[\"LOCAL\"],\"inLanguage\":\"es\"},{\"@type\":\"WebPage\",\"@id\":\"https:\\\/\\\/www.bbmnoticias.com\\\/labravaradiofm\\\/2026\\\/08\\\/22\\\/oaxaca-rompe-record-nacional-en-movilidad-binnibus-registra-un-crecimiento-historico-de-519-7\\\/\",\"url\":\"https:\\\/\\\/www.bbmnoticias.com\\\/oaxaca-rompe-record-nacional-en-movilidad-binnibus-registra-un-crecimiento-historico-de-519-7\\\/\",\"name\":\"Oaxaca rompe r\u00e9cord nacional en movilidad: BinniBus registra un crecimiento hist\u00f3rico de 519.7% - LA BRAVA RADIO\",\"isPartOf\":{\"@id\":\"https:\\\/\\\/www.bbmnoticias.com\\\/labravaradiofm\\\/#website\"},\"primaryImageOfPage\":{\"@id\":\"https:\\\/\\\/www.bbmnoticias.com\\\/oaxaca-rompe-record-nacional-en-movilidad-binnibus-registra-un-crecimiento-historico-de-519-7\\\/#primaryimage\"},\"image\":{\"@id\":\"https:\\\/\\\/www.bbmnoticias.com\\\/oaxaca-rompe-record-nacional-en-movilidad-binnibus-registra-un-crecimiento-historico-de-519-7\\\/#primaryimage\"},\"thumbnailUrl\":\"https:\\\/\\\/www.bbmnoticias.com\\\/labravaradiofm\\\/wp-content\\\/uploads\\\/sites\\\/5\\\/2026\\\/08\\\/binnibus.jpg\",\"datePublished\":\"2026-08-23T02:45:33+00:00\",\"dateModified\":\"2026-08-23T02:45:36+00:00\",\"author\":{\"@id\":\"https:\\\/\\\/www.bbmnoticias.com\\\/labravaradiofm\\\/#\\\/schema\\\/person\\\/9eb037257fc48a09cdf31d9a2f45619f\"},\"breadcrumb\":{\"@id\":\"https:\\\/\\\/www.bbmnoticias.com\\\/oaxaca-rompe-record-nacional-en-movilidad-binnibus-registra-un-crecimiento-historico-de-519-7\\\/#breadcrumb\"},\"inLanguage\":\"es\",\"potentialAction\":[{\"@type\":\"ReadAction\",\"target\":[\"https:\\\/\\\/www.bbmnoticias.com\\\/oaxaca-rompe-record-nacional-en-movilidad-binnibus-registra-un-crecimiento-historico-de-519-7\\\/\"]}]},{\"@type\":\"ImageObject\",\"inLanguage\":\"es\",\"@id\":\"https:\\\/\\\/www.bbmnoticias.com\\\/oaxaca-rompe-record-nacional-en-movilidad-binnibus-registra-un-crecimiento-historico-de-519-7\\\/#primaryimage\",\"url\":\"https:\\\/\\\/www.bbmnoticias.com\\\/labravaradiofm\\\/wp-content\\\/uploads\\\/sites\\\/5\\\/2026\\\/08\\\/binnibus.jpg\",\"contentUrl\":\"https:\\\/\\\/www.bbmnoticias.com\\\/labravaradiofm\\\/wp-content\\\/uploads\\\/sites\\\/5\\\/2026\\\/08\\\/binnibus.jpg\",\"width\":800,\"height\":534},{\"@type\":\"BreadcrumbList\",\"@id\":\"https:\\\/\\\/www.bbmnoticias.com\\\/oaxaca-rompe-record-nacional-en-movilidad-binnibus-registra-un-crecimiento-historico-de-519-7\\\/#breadcrumb\",\"itemListElement\":[{\"@type\":\"ListItem\",\"position\":1,\"name\":\"Inicio\",\"item\":\"https:\\\/\\\/www.bbmnoticias.com\\\/labravaradiofm\\\/\"},{\"@type\":\"ListItem\",\"position\":2,\"name\":\"Oaxaca rompe r\u00e9cord nacional en movilidad: BinniBus registra un crecimiento hist\u00f3rico de 519.7%\"}]},{\"@type\":\"WebSite\",\"@id\":\"https:\\\/\\\/www.bbmnoticias.com\\\/labravaradiofm\\\/#website\",\"url\":\"https:\\\/\\\/www.bbmnoticias.com\\\/labravaradiofm\\\/\",\"name\":\"LA BRAVA RADIO\",\"description\":\"Empresa productora de medios, Radiodifusi\u00f3n, Noticias, tendencias y todo lo que necesitas saber de la pol\u00edtica mexicana e internacional; entretenimiento, espect\u00e1culos, salud y mucho m\u00e1s.\",\"potentialAction\":[{\"@type\":\"SearchAction\",\"target\":{\"@type\":\"EntryPoint\",\"urlTemplate\":\"https:\\\/\\\/www.bbmnoticias.com\\\/labravaradiofm\\\/?s={search_term_string}\"},\"query-input\":{\"@type\":\"PropertyValueSpecification\",\"valueRequired\":true,\"valueName\":\"search_term_string\"}}],\"inLanguage\":\"es\"},{\"@type\":\"Person\",\"@id\":\"https:\\\/\\\/www.bbmnoticias.com\\\/labravaradiofm\\\/#\\\/schema\\\/person\\\/9eb037257fc48a09cdf31d9a2f45619f\",\"name\":\"Staff\",\"image\":{\"@type\":\"ImageObject\",\"inLanguage\":\"es\",\"@id\":\"https:\\\/\\\/secure.gravatar.com\\\/avatar\\\/fdd21ad66fd8b98c407f9dee5b5e588cfe7f0d8579ec20fa6527cd59bab7f0f0?s=96&d=mm&r=g\",\"url\":\"https:\\\/\\\/secure.gravatar.com\\\/avatar\\\/fdd21ad66fd8b98c407f9dee5b5e588cfe7f0d8579ec20fa6527cd59bab7f0f0?s=96&d=mm&r=g\",\"contentUrl\":\"https:\\\/\\\/secure.gravatar.com\\\/avatar\\\/fdd21ad66fd8b98c407f9dee5b5e588cfe7f0d8579ec20fa6527cd59bab7f0f0?s=96&d=mm&r=g\",\"caption\":\"Staff\"},\"url\":\"https:\\\/\\\/www.bbmnoticias.com\\\/labravaradiofm\\\/author\\\/redaccion\\\/\"}]}<\/script>\n<!-- \/ Yoast SEO plugin. -->","yoast_head_json":{"title":"Oaxaca rompe r\u00e9cord nacional en movilidad: BinniBus registra un crecimiento hist\u00f3rico de 519.7% - LA BRAVA RADIO","robots":{"index":"index","follow":"follow","max-snippet":"max-snippet:-1","max-image-preview":"max-image-preview:large","max-video-preview":"max-video-preview:-1"},"canonical":"https:\/\/www.bbmnoticias.com\/oaxaca-rompe-record-nacional-en-movilidad-binnibus-registra-un-crecimiento-historico-de-519-7\/","og_locale":"es_MX","og_type":"article","og_title":"Oaxaca rompe r\u00e9cord nacional en movilidad: BinniBus registra un crecimiento hist\u00f3rico de 519.7% - LA BRAVA RADIO","og_description":"El sistema de transporte metropolitano super\u00f3 a ciudades como Monterrey y Puebla, consolid\u00e1ndose como un referente de eficiencia y modernidad en el pa\u00eds, seg\u00fan datos del Inegi. Oaxaca de Ju\u00e1rez, Oax., a 22 de agosto de 2026.- En un hecho sin precedentes para la movilidad urbana en M\u00e9xico, el Sistema de Transporte Colectivo Metropolitano BinniBus [&hellip;]","og_url":"https:\/\/www.bbmnoticias.com\/oaxaca-rompe-record-nacional-en-movilidad-binnibus-registra-un-crecimiento-historico-de-519-7\/","og_site_name":"LA BRAVA RADIO","article_published_time":"2026-08-23T02:45:33+00:00","article_modified_time":"2026-08-23T02:45:36+00:00","og_image":[{"width":800,"height":534,"url":"https:\/\/www.bbmnoticias.com\/labravaradiofm\/wp-content\/uploads\/sites\/5\/2026\/08\/binnibus.jpg","type":"image\/jpeg"}],"author":"Staff","twitter_card":"summary_large_image","twitter_misc":{"Escrito por":"Staff","Tiempo de lectura":"2 minutos"},"schema":{"@context":"https:\/\/schema.org","@graph":[{"@type":"Article","@id":"https:\/\/www.bbmnoticias.com\/oaxaca-rompe-record-nacional-en-movilidad-binnibus-registra-un-crecimiento-historico-de-519-7\/#article","isPartOf":{"@id":"https:\/\/www.bbmnoticias.com\/labravaradiofm\/2026\/08\/22\/oaxaca-rompe-record-nacional-en-movilidad-binnibus-registra-un-crecimiento-historico-de-519-7\/"},"author":{"name":"Staff","@id":"https:\/\/www.bbmnoticias.com\/labravaradiofm\/#\/schema\/person\/9eb037257fc48a09cdf31d9a2f45619f"},"headline":"Oaxaca rompe r\u00e9cord nacional en movilidad: BinniBus registra un crecimiento hist\u00f3rico de 519.7%","datePublished":"2026-08-23T02:45:33+00:00","dateModified":"2026-08-23T02:45:36+00:00","mainEntityOfPage":{"@id":"https:\/\/www.bbmnoticias.com\/labravaradiofm\/2026\/08\/22\/oaxaca-rompe-record-nacional-en-movilidad-binnibus-registra-un-crecimiento-historico-de-519-7\/"},"wordCount":359,"image":{"@id":"https:\/\/www.bbmnoticias.com\/oaxaca-rompe-record-nacional-en-movilidad-binnibus-registra-un-crecimiento-historico-de-519-7\/#primaryimage"},"thumbnailUrl":"https:\/\/www.bbmnoticias.com\/labravaradiofm\/wp-content\/uploads\/sites\/5\/2026\/08\/binnibus.jpg","articleSection":["LOCAL"],"inLanguage":"es"},{"@type":"WebPage","@id":"https:\/\/www.bbmnoticias.com\/labravaradiofm\/2026\/08\/22\/oaxaca-rompe-record-nacional-en-movilidad-binnibus-registra-un-crecimiento-historico-de-519-7\/","url":"https:\/\/www.bbmnoticias.com\/oaxaca-rompe-record-nacional-en-movilidad-binnibus-registra-un-crecimiento-historico-de-519-7\/","name":"Oaxaca rompe r\u00e9cord nacional en movilidad: BinniBus registra un crecimiento hist\u00f3rico de 519.7% - LA BRAVA RADIO","isPartOf":{"@id":"https:\/\/www.bbmnoticias.com\/labravaradiofm\/#website"},"primaryImageOfPage":{"@id":"https:\/\/www.bbmnoticias.com\/oaxaca-rompe-record-nacional-en-movilidad-binnibus-registra-un-crecimiento-historico-de-519-7\/#primaryimage"},"image":{"@id":"https:\/\/www.bbmnoticias.com\/oaxaca-rompe-record-nacional-en-movilidad-binnibus-registra-un-crecimiento-historico-de-519-7\/#primaryimage"},"thumbnailUrl":"https:\/\/www.bbmnoticias.com\/labravaradiofm\/wp-content\/uploads\/sites\/5\/2026\/08\/binnibus.jpg","datePublished":"2026-08-23T02:45:33+00:00","dateModified":"2026-08-23T02:45:36+00:00","author":{"@id":"https:\/\/www.bbmnoticias.com\/labravaradiofm\/#\/schema\/person\/9eb037257fc48a09cdf31d9a2f45619f"},"breadcrumb":{"@id":"https:\/\/www.bbmnoticias.com\/oaxaca-rompe-record-nacional-en-movilidad-binnibus-registra-un-crecimiento-historico-de-519-7\/#breadcrumb"},"inLanguage":"es","potentialAction":[{"@type":"ReadAction","target":["https:\/\/www.bbmnoticias.com\/oaxaca-rompe-record-nacional-en-movilidad-binnibus-registra-un-crecimiento-historico-de-519-7\/"]}]},{"@type":"ImageObject","inLanguage":"es","@id":"https:\/\/www.bbmnoticias.com\/oaxaca-rompe-record-nacional-en-movilidad-binnibus-registra-un-crecimiento-historico-de-519-7\/#primaryimage","url":"https:\/\/www.bbmnoticias.com\/labravaradiofm\/wp-content\/uploads\/sites\/5\/2026\/08\/binnibus.jpg","contentUrl":"https:\/\/www.bbmnoticias.com\/labravaradiofm\/wp-content\/uploads\/sites\/5\/2026\/08\/binnibus.jpg","width":800,"height":534},{"@type":"BreadcrumbList","@id":"https:\/\/www.bbmnoticias.com\/oaxaca-rompe-record-nacional-en-movilidad-binnibus-registra-un-crecimiento-historico-de-519-7\/#breadcrumb","itemListElement":[{"@type":"ListItem","position":1,"name":"Inicio","item":"https:\/\/www.bbmnoticias.com\/labravaradiofm\/"},{"@type":"ListItem","position":2,"name":"Oaxaca rompe r\u00e9cord nacional en movilidad: BinniBus registra un crecimiento hist\u00f3rico de 519.7%"}]},{"@type":"WebSite","@id":"https:\/\/www.bbmnoticias.com\/labravaradiofm\/#website","url":"https:\/\/www.bbmnoticias.com\/labravaradiofm\/","name":"LA BRAVA RADIO","description":"Empresa productora de medios, Radiodifusi\u00f3n, Noticias, tendencias y todo lo que necesitas saber de la pol\u00edtica mexicana e internacional; entretenimiento, espect\u00e1culos, salud y mucho m\u00e1s.","potentialAction":[{"@type":"SearchAction","target":{"@type":"EntryPoint","urlTemplate":"https:\/\/www.bbmnoticias.com\/labravaradiofm\/?s={search_term_string}"},"query-input":{"@type":"PropertyValueSpecification","valueRequired":true,"valueName":"search_term_string"}}],"inLanguage":"es"},{"@type":"Person","@id":"https:\/\/www.bbmnoticias.com\/labravaradiofm\/#\/schema\/person\/9eb037257fc48a09cdf31d9a2f45619f","name":"Staff","image":{"@type":"ImageObject","inLanguage":"es","@id":"https:\/\/secure.gravatar.com\/avatar\/fdd21ad66fd8b98c407f9dee5b5e588cfe7f0d8579ec20fa6527cd59bab7f0f0?s=96&d=mm&r=g","url":"https:\/\/secure.gravatar.com\/avatar\/fdd21ad66fd8b98c407f9dee5b5e588cfe7f0d8579ec20fa6527cd59bab7f0f0?s=96&d=mm&r=g","contentUrl":"https:\/\/secure.gravatar.com\/avatar\/fdd21ad66fd8b98c407f9dee5b5e588cfe7f0d8579ec20fa6527cd59bab7f0f0?s=96&d=mm&r=g","caption":"Staff"},"url":"https:\/\/www.bbmnoticias.com\/labravaradiofm\/author\/redaccion\/"}]}},"_links":{"self":[{"href":"https:\/\/www.bbmnoticias.com\/labravaradiofm\/wp-json\/wp\/v2\/posts\/80966","targetHints":{"allow":["GET"]}}],"collection":[{"href":"https:\/\/www.bbmnoticias.com\/labravaradiofm\/wp-json\/wp\/v2\/posts"}],"about":[{"href":"https:\/\/www.bbmnoticias.com\/labravaradiofm\/wp-json\/wp\/v2\/types\/post"}],"author":[{"embeddable":true,"href":"https:\/\/www.bbmnoticias.com\/labravaradiofm\/wp-json\/wp\/v2\/users\/2"}],"replies":[{"embeddable":true,"href":"https:\/\/www.bbmnoticias.com\/labravaradiofm\/wp-json\/wp\/v2\/comments?post=80966"}],"version-history":[{"count":1,"href":"https:\/\/www.bbmnoticias.com\/labravaradiofm\/wp-json\/wp\/v2\/posts\/80966\/revisions"}],"predecessor-version":[{"id":80967,"href":"https:\/\/www.bbmnoticias.com\/labravaradiofm\/wp-json\/wp\/v2\/posts\/80966\/revisions\/80967"}],"wp:featuredmedia":[{"embeddable":true,"href":"https:\/\/www.bbmnoticias.com\/labravaradiofm\/wp-json\/wp\/v2\/media\/80968"}],"wp:attachment":[{"href":"https:\/\/www.bbmnoticias.com\/labravaradiofm\/wp-json\/wp\/v2\/media?parent=80966"}],"wp:term":[{"taxonomy":"category","embeddable":true,"href":"https:\/\/www.bbmnoticias.com\/labravaradiofm\/wp-json\/wp\/v2\/categories?post=80966"},{"taxonomy":"post_tag","embeddable":true,"href":"https:\/\/www.bbmnoticias.com\/labravaradiofm\/wp-json\/wp\/v2\/tags?post=80966"}],"curies":[{"name":"wp","href":"https:\/\/api.w.org\/{rel}","templated":true}]}}