{"id":80963,"date":"2026-08-21T16:41:38","date_gmt":"2026-08-21T22:41:38","guid":{"rendered":"https:\/\/www.bbmnoticias.com\/labravaradiofm\/2026\/08\/21\/unam-alerta-por-efectos-del-super-el-nino-estos-seran-los-estados-mas-afectados-por-este-fenomeno-meteorologico\/"},"modified":"2026-08-21T16:41:40","modified_gmt":"2026-08-21T22:41:40","slug":"unam-alerta-por-efectos-del-super-el-nino-estos-seran-los-estados-mas-afectados-por-este-fenomeno-meteorologico","status":"publish","type":"post","link":"https:\/\/www.bbmnoticias.com\/labravaradiofm\/2026\/08\/21\/unam-alerta-por-efectos-del-super-el-nino-estos-seran-los-estados-mas-afectados-por-este-fenomeno-meteorologico\/","title":{"rendered":"UNAM alerta por efectos del \u201csuper-El Ni\u00f1o\u201d, estos ser\u00e1n los estados m\u00e1s afectados por este fen\u00f3meno meteorol\u00f3gico"},"content":{"rendered":"\n<p class=\"wp-block-paragraph\">La Oficina Nacional de Administraci\u00f3n Oce\u00e1nica y Atmosf\u00e9rica (NOAA, por sus siglas en ingl\u00e9s) dio a conocer que el<strong> fen\u00f3meno meteorol\u00f3gico conocido como \u201cEl Ni\u00f1o\u201d <\/strong>se est\u00e1 fortaleciendo y ya acumula una probabilidad del 96% de presentar <strong>efectos \u201cmuy fuertes\u201d a partir de septiembre <\/strong>y al respecto, la<strong> Universidad Nacional Aut\u00f3noma de M\u00e9xico (UNAM)<\/strong> ya revel\u00f3 cu\u00e1les son los <strong>estados del territorio nacional que podr\u00edan verse m\u00e1s afectados<\/strong> por el referido fen\u00f3meno.<\/p>\n\n\n\n<p class=\"wp-block-paragraph\">Jorge Zavala Hidalgo, investigador del Instituto de Ciencias de la Atm\u00f3sfera y Cambio Clim\u00e1tico (ICAyCC) de la UNAM se\u00f1al\u00f3 para el portal Gaceta UNAM que el evento clim\u00e1tico conocido como \u201cEl Ni\u00f1o\u201d se trata de un <strong>calentamiento an\u00f3malo de las aguas en las capas superficiales del oc\u00e9ano Pac\u00edfico ecuatorial, central y oriental<\/strong> y se\u00f1al\u00f3 que, como consecuencia podr\u00eda provocar que disminuyan dr\u00e1sticamente las precipitaciones, lo cual, originar\u00e1 un incremento en la temperatura y hasta sequ\u00edas intensas.<\/p>\n\n\n\n<h2 class=\"wp-block-heading\">Estos son los estados mexicanos que podr\u00edan resultar m\u00e1s afectados por el super-El Ni\u00f1o<\/h2>\n\n\n\n<p class=\"wp-block-paragraph\">Seg\u00fan las declaraciones de<strong> Jorge Zavala Hidalgo<\/strong>, quien es f\u00edsico y doctor en Oceanograf\u00eda F\u00edsica, se espera que en las pr\u00f3ximas semanas<strong> disminuyan las lluvias<\/strong> y dicha situaci\u00f3n se prolongar\u00e1 hasta la primavera del 2027, provocando un <strong>aumento considerable de temperatura en la zona centro y sur del pa\u00eds, as\u00ed como en la pen\u00ednsula de Yucat\u00e1n.<\/strong><\/p>\n\n\n\n<p class=\"wp-block-paragraph\">El especialista tambi\u00e9n advirti\u00f3 que las altas temperaturas y la sequ\u00eda podr\u00edan contribuir a que incrementen los<strong> incendios forestales,<\/strong> por lo cual, se\u00f1alo que es fundamental que las autoridades competentes pongan especial atenci\u00f3n a dicha situaci\u00f3n durante los meses de febrero, marzo, abril y mayo de 2027.<\/p>\n\n\n\n<p class=\"wp-block-paragraph\">Otras de las consecuencias que el super-El Ni\u00f1o podr\u00edan tener son propiciar la<strong> mala calidad del aire, mayor radiaci\u00f3n solar por la disminuci\u00f3n de la nubosidad y las temperaturas altas,<\/strong> asimismo, el especialista de \u201cla m\u00e1xima casa de estudios\u201d, se\u00f1al\u00f3 que el aumento en la temperatura an\u00f3malo de las aguas en las capas superficiales del oc\u00e9ano Pac\u00edfico ecuatorial <strong>podr\u00eda facilitar el desarrollo de sistemas cicl\u00f3nicos para convertirse en poderosos huracanes de categor\u00eda 3,4 o hasta 5.<\/strong><\/p>\n","protected":false},"excerpt":{"rendered":"<p>La Oficina Nacional de Administraci\u00f3n Oce\u00e1nica y Atmosf\u00e9rica (NOAA, por sus siglas en ingl\u00e9s) dio a conocer que el fen\u00f3meno meteorol\u00f3gico conocido como \u201cEl Ni\u00f1o\u201d se est\u00e1 fortaleciendo y ya acumula una probabilidad del 96% de presentar efectos \u201cmuy fuertes\u201d a partir de septiembre y al respecto, la Universidad Nacional Aut\u00f3noma de M\u00e9xico (UNAM) ya [&hellip;]<\/p>\n","protected":false},"author":8,"featured_media":80965,"comment_status":"closed","ping_status":"open","sticky":false,"template":"","format":"standard","meta":{"footnotes":""},"categories":[2,19],"tags":[],"class_list":["post-80963","post","type-post","status-publish","format-standard","has-post-thumbnail","hentry","category-oaxaca","category-nacional"],"yoast_head":"<!-- This site is optimized with the Yoast SEO plugin v28.1 - https:\/\/yoast.com\/product\/yoast-seo-wordpress\/ -->\n<title>UNAM alerta por efectos del \u201csuper-El Ni\u00f1o\u201d, estos ser\u00e1n los estados m\u00e1s afectados por este fen\u00f3meno meteorol\u00f3gico - LA BRAVA RADIO<\/title>\n<meta name=\"robots\" content=\"index, follow, max-snippet:-1, max-image-preview:large, max-video-preview:-1\" \/>\n<link rel=\"canonical\" href=\"https:\/\/www.bbmnoticias.com\/unam-alerta-por-efectos-del-super-el-nino-estos-seran-los-estados-mas-afectados-por-este-fenomeno-meteorologico\/\" \/>\n<meta property=\"og:locale\" content=\"es_MX\" \/>\n<meta property=\"og:type\" content=\"article\" \/>\n<meta property=\"og:title\" content=\"UNAM alerta por efectos del \u201csuper-El Ni\u00f1o\u201d, estos ser\u00e1n los estados m\u00e1s afectados por este fen\u00f3meno meteorol\u00f3gico - LA BRAVA RADIO\" \/>\n<meta property=\"og:description\" content=\"La Oficina Nacional de Administraci\u00f3n Oce\u00e1nica y Atmosf\u00e9rica (NOAA, por sus siglas en ingl\u00e9s) dio a conocer que el fen\u00f3meno meteorol\u00f3gico conocido como \u201cEl Ni\u00f1o\u201d se est\u00e1 fortaleciendo y ya acumula una probabilidad del 96% de presentar efectos \u201cmuy fuertes\u201d a partir de septiembre y al respecto, la Universidad Nacional Aut\u00f3noma de M\u00e9xico (UNAM) ya [&hellip;]\" \/>\n<meta property=\"og:url\" content=\"https:\/\/www.bbmnoticias.com\/unam-alerta-por-efectos-del-super-el-nino-estos-seran-los-estados-mas-afectados-por-este-fenomeno-meteorologico\/\" \/>\n<meta property=\"og:site_name\" content=\"LA BRAVA RADIO\" \/>\n<meta property=\"article:published_time\" content=\"2026-08-21T22:41:38+00:00\" \/>\n<meta property=\"article:modified_time\" content=\"2026-08-21T22:41:40+00:00\" \/>\n<meta property=\"og:image\" content=\"https:\/\/www.bbmnoticias.com\/labravaradiofm\/wp-content\/uploads\/sites\/5\/2026\/08\/554468255.jpg\" \/>\n\t<meta property=\"og:image:width\" content=\"524\" \/>\n\t<meta property=\"og:image:height\" content=\"297\" \/>\n\t<meta property=\"og:image:type\" content=\"image\/jpeg\" \/>\n<meta name=\"author\" content=\"Exc\u00e9lsior\" \/>\n<meta name=\"twitter:card\" content=\"summary_large_image\" \/>\n<meta name=\"twitter:label1\" content=\"Escrito por\" \/>\n\t<meta name=\"twitter:data1\" content=\"Exc\u00e9lsior\" \/>\n\t<meta name=\"twitter:label2\" content=\"Tiempo de lectura\" \/>\n\t<meta name=\"twitter:data2\" content=\"2 minutos\" \/>\n<script type=\"application\/ld+json\" class=\"yoast-schema-graph\">{\"@context\":\"https:\\\/\\\/schema.org\",\"@graph\":[{\"@type\":\"Article\",\"@id\":\"https:\\\/\\\/www.bbmnoticias.com\\\/unam-alerta-por-efectos-del-super-el-nino-estos-seran-los-estados-mas-afectados-por-este-fenomeno-meteorologico\\\/#article\",\"isPartOf\":{\"@id\":\"https:\\\/\\\/www.bbmnoticias.com\\\/labravaradiofm\\\/2026\\\/08\\\/21\\\/unam-alerta-por-efectos-del-super-el-nino-estos-seran-los-estados-mas-afectados-por-este-fenomeno-meteorologico\\\/\"},\"author\":{\"name\":\"Exc\u00e9lsior\",\"@id\":\"https:\\\/\\\/www.bbmnoticias.com\\\/labravaradiofm\\\/#\\\/schema\\\/person\\\/92571928210861b7374edfc7068926ba\"},\"headline\":\"UNAM alerta por efectos del \u201csuper-El Ni\u00f1o\u201d, estos ser\u00e1n los estados m\u00e1s afectados por este fen\u00f3meno meteorol\u00f3gico\",\"datePublished\":\"2026-08-21T22:41:38+00:00\",\"dateModified\":\"2026-08-21T22:41:40+00:00\",\"mainEntityOfPage\":{\"@id\":\"https:\\\/\\\/www.bbmnoticias.com\\\/labravaradiofm\\\/2026\\\/08\\\/21\\\/unam-alerta-por-efectos-del-super-el-nino-estos-seran-los-estados-mas-afectados-por-este-fenomeno-meteorologico\\\/\"},\"wordCount\":413,\"image\":{\"@id\":\"https:\\\/\\\/www.bbmnoticias.com\\\/unam-alerta-por-efectos-del-super-el-nino-estos-seran-los-estados-mas-afectados-por-este-fenomeno-meteorologico\\\/#primaryimage\"},\"thumbnailUrl\":\"https:\\\/\\\/www.bbmnoticias.com\\\/labravaradiofm\\\/wp-content\\\/uploads\\\/sites\\\/5\\\/2026\\\/08\\\/554468255.jpg\",\"articleSection\":[\"LOCAL\",\"NACIONAL\"],\"inLanguage\":\"es\"},{\"@type\":\"WebPage\",\"@id\":\"https:\\\/\\\/www.bbmnoticias.com\\\/labravaradiofm\\\/2026\\\/08\\\/21\\\/unam-alerta-por-efectos-del-super-el-nino-estos-seran-los-estados-mas-afectados-por-este-fenomeno-meteorologico\\\/\",\"url\":\"https:\\\/\\\/www.bbmnoticias.com\\\/unam-alerta-por-efectos-del-super-el-nino-estos-seran-los-estados-mas-afectados-por-este-fenomeno-meteorologico\\\/\",\"name\":\"UNAM alerta por efectos del \u201csuper-El Ni\u00f1o\u201d, estos ser\u00e1n los estados m\u00e1s afectados por este fen\u00f3meno meteorol\u00f3gico - LA BRAVA RADIO\",\"isPartOf\":{\"@id\":\"https:\\\/\\\/www.bbmnoticias.com\\\/labravaradiofm\\\/#website\"},\"primaryImageOfPage\":{\"@id\":\"https:\\\/\\\/www.bbmnoticias.com\\\/unam-alerta-por-efectos-del-super-el-nino-estos-seran-los-estados-mas-afectados-por-este-fenomeno-meteorologico\\\/#primaryimage\"},\"image\":{\"@id\":\"https:\\\/\\\/www.bbmnoticias.com\\\/unam-alerta-por-efectos-del-super-el-nino-estos-seran-los-estados-mas-afectados-por-este-fenomeno-meteorologico\\\/#primaryimage\"},\"thumbnailUrl\":\"https:\\\/\\\/www.bbmnoticias.com\\\/labravaradiofm\\\/wp-content\\\/uploads\\\/sites\\\/5\\\/2026\\\/08\\\/554468255.jpg\",\"datePublished\":\"2026-08-21T22:41:38+00:00\",\"dateModified\":\"2026-08-21T22:41:40+00:00\",\"author\":{\"@id\":\"https:\\\/\\\/www.bbmnoticias.com\\\/labravaradiofm\\\/#\\\/schema\\\/person\\\/92571928210861b7374edfc7068926ba\"},\"breadcrumb\":{\"@id\":\"https:\\\/\\\/www.bbmnoticias.com\\\/unam-alerta-por-efectos-del-super-el-nino-estos-seran-los-estados-mas-afectados-por-este-fenomeno-meteorologico\\\/#breadcrumb\"},\"inLanguage\":\"es\",\"potentialAction\":[{\"@type\":\"ReadAction\",\"target\":[\"https:\\\/\\\/www.bbmnoticias.com\\\/unam-alerta-por-efectos-del-super-el-nino-estos-seran-los-estados-mas-afectados-por-este-fenomeno-meteorologico\\\/\"]}]},{\"@type\":\"ImageObject\",\"inLanguage\":\"es\",\"@id\":\"https:\\\/\\\/www.bbmnoticias.com\\\/unam-alerta-por-efectos-del-super-el-nino-estos-seran-los-estados-mas-afectados-por-este-fenomeno-meteorologico\\\/#primaryimage\",\"url\":\"https:\\\/\\\/www.bbmnoticias.com\\\/labravaradiofm\\\/wp-content\\\/uploads\\\/sites\\\/5\\\/2026\\\/08\\\/554468255.jpg\",\"contentUrl\":\"https:\\\/\\\/www.bbmnoticias.com\\\/labravaradiofm\\\/wp-content\\\/uploads\\\/sites\\\/5\\\/2026\\\/08\\\/554468255.jpg\",\"width\":524,\"height\":297},{\"@type\":\"BreadcrumbList\",\"@id\":\"https:\\\/\\\/www.bbmnoticias.com\\\/unam-alerta-por-efectos-del-super-el-nino-estos-seran-los-estados-mas-afectados-por-este-fenomeno-meteorologico\\\/#breadcrumb\",\"itemListElement\":[{\"@type\":\"ListItem\",\"position\":1,\"name\":\"Inicio\",\"item\":\"https:\\\/\\\/www.bbmnoticias.com\\\/labravaradiofm\\\/\"},{\"@type\":\"ListItem\",\"position\":2,\"name\":\"UNAM alerta por efectos del \u201csuper-El Ni\u00f1o\u201d, estos ser\u00e1n los estados m\u00e1s afectados por este fen\u00f3meno meteorol\u00f3gico\"}]},{\"@type\":\"WebSite\",\"@id\":\"https:\\\/\\\/www.bbmnoticias.com\\\/labravaradiofm\\\/#website\",\"url\":\"https:\\\/\\\/www.bbmnoticias.com\\\/labravaradiofm\\\/\",\"name\":\"LA BRAVA RADIO\",\"description\":\"Empresa productora de medios, Radiodifusi\u00f3n, Noticias, tendencias y todo lo que necesitas saber de la pol\u00edtica mexicana e internacional; entretenimiento, espect\u00e1culos, salud y mucho m\u00e1s.\",\"potentialAction\":[{\"@type\":\"SearchAction\",\"target\":{\"@type\":\"EntryPoint\",\"urlTemplate\":\"https:\\\/\\\/www.bbmnoticias.com\\\/labravaradiofm\\\/?s={search_term_string}\"},\"query-input\":{\"@type\":\"PropertyValueSpecification\",\"valueRequired\":true,\"valueName\":\"search_term_string\"}}],\"inLanguage\":\"es\"},{\"@type\":\"Person\",\"@id\":\"https:\\\/\\\/www.bbmnoticias.com\\\/labravaradiofm\\\/#\\\/schema\\\/person\\\/92571928210861b7374edfc7068926ba\",\"name\":\"Exc\u00e9lsior\",\"image\":{\"@type\":\"ImageObject\",\"inLanguage\":\"es\",\"@id\":\"https:\\\/\\\/secure.gravatar.com\\\/avatar\\\/497265c4dbe1cd0e2f3f1b19aba0f5779c7f95d09e139a5b83c1ecd47b4e780d?s=96&d=mm&r=g\",\"url\":\"https:\\\/\\\/secure.gravatar.com\\\/avatar\\\/497265c4dbe1cd0e2f3f1b19aba0f5779c7f95d09e139a5b83c1ecd47b4e780d?s=96&d=mm&r=g\",\"contentUrl\":\"https:\\\/\\\/secure.gravatar.com\\\/avatar\\\/497265c4dbe1cd0e2f3f1b19aba0f5779c7f95d09e139a5b83c1ecd47b4e780d?s=96&d=mm&r=g\",\"caption\":\"Exc\u00e9lsior\"},\"url\":\"https:\\\/\\\/www.bbmnoticias.com\\\/labravaradiofm\\\/author\\\/excelsior\\\/\"}]}<\/script>\n<!-- \/ Yoast SEO plugin. -->","yoast_head_json":{"title":"UNAM alerta por efectos del \u201csuper-El Ni\u00f1o\u201d, estos ser\u00e1n los estados m\u00e1s afectados por este fen\u00f3meno meteorol\u00f3gico - LA BRAVA RADIO","robots":{"index":"index","follow":"follow","max-snippet":"max-snippet:-1","max-image-preview":"max-image-preview:large","max-video-preview":"max-video-preview:-1"},"canonical":"https:\/\/www.bbmnoticias.com\/unam-alerta-por-efectos-del-super-el-nino-estos-seran-los-estados-mas-afectados-por-este-fenomeno-meteorologico\/","og_locale":"es_MX","og_type":"article","og_title":"UNAM alerta por efectos del \u201csuper-El Ni\u00f1o\u201d, estos ser\u00e1n los estados m\u00e1s afectados por este fen\u00f3meno meteorol\u00f3gico - LA BRAVA RADIO","og_description":"La Oficina Nacional de Administraci\u00f3n Oce\u00e1nica y Atmosf\u00e9rica (NOAA, por sus siglas en ingl\u00e9s) dio a conocer que el fen\u00f3meno meteorol\u00f3gico conocido como \u201cEl Ni\u00f1o\u201d se est\u00e1 fortaleciendo y ya acumula una probabilidad del 96% de presentar efectos \u201cmuy fuertes\u201d a partir de septiembre y al respecto, la Universidad Nacional Aut\u00f3noma de M\u00e9xico (UNAM) ya [&hellip;]","og_url":"https:\/\/www.bbmnoticias.com\/unam-alerta-por-efectos-del-super-el-nino-estos-seran-los-estados-mas-afectados-por-este-fenomeno-meteorologico\/","og_site_name":"LA BRAVA RADIO","article_published_time":"2026-08-21T22:41:38+00:00","article_modified_time":"2026-08-21T22:41:40+00:00","og_image":[{"width":524,"height":297,"url":"https:\/\/www.bbmnoticias.com\/labravaradiofm\/wp-content\/uploads\/sites\/5\/2026\/08\/554468255.jpg","type":"image\/jpeg"}],"author":"Exc\u00e9lsior","twitter_card":"summary_large_image","twitter_misc":{"Escrito por":"Exc\u00e9lsior","Tiempo de lectura":"2 minutos"},"schema":{"@context":"https:\/\/schema.org","@graph":[{"@type":"Article","@id":"https:\/\/www.bbmnoticias.com\/unam-alerta-por-efectos-del-super-el-nino-estos-seran-los-estados-mas-afectados-por-este-fenomeno-meteorologico\/#article","isPartOf":{"@id":"https:\/\/www.bbmnoticias.com\/labravaradiofm\/2026\/08\/21\/unam-alerta-por-efectos-del-super-el-nino-estos-seran-los-estados-mas-afectados-por-este-fenomeno-meteorologico\/"},"author":{"name":"Exc\u00e9lsior","@id":"https:\/\/www.bbmnoticias.com\/labravaradiofm\/#\/schema\/person\/92571928210861b7374edfc7068926ba"},"headline":"UNAM alerta por efectos del \u201csuper-El Ni\u00f1o\u201d, estos ser\u00e1n los estados m\u00e1s afectados por este fen\u00f3meno meteorol\u00f3gico","datePublished":"2026-08-21T22:41:38+00:00","dateModified":"2026-08-21T22:41:40+00:00","mainEntityOfPage":{"@id":"https:\/\/www.bbmnoticias.com\/labravaradiofm\/2026\/08\/21\/unam-alerta-por-efectos-del-super-el-nino-estos-seran-los-estados-mas-afectados-por-este-fenomeno-meteorologico\/"},"wordCount":413,"image":{"@id":"https:\/\/www.bbmnoticias.com\/unam-alerta-por-efectos-del-super-el-nino-estos-seran-los-estados-mas-afectados-por-este-fenomeno-meteorologico\/#primaryimage"},"thumbnailUrl":"https:\/\/www.bbmnoticias.com\/labravaradiofm\/wp-content\/uploads\/sites\/5\/2026\/08\/554468255.jpg","articleSection":["LOCAL","NACIONAL"],"inLanguage":"es"},{"@type":"WebPage","@id":"https:\/\/www.bbmnoticias.com\/labravaradiofm\/2026\/08\/21\/unam-alerta-por-efectos-del-super-el-nino-estos-seran-los-estados-mas-afectados-por-este-fenomeno-meteorologico\/","url":"https:\/\/www.bbmnoticias.com\/unam-alerta-por-efectos-del-super-el-nino-estos-seran-los-estados-mas-afectados-por-este-fenomeno-meteorologico\/","name":"UNAM alerta por efectos del \u201csuper-El Ni\u00f1o\u201d, estos ser\u00e1n los estados m\u00e1s afectados por este fen\u00f3meno meteorol\u00f3gico - LA BRAVA RADIO","isPartOf":{"@id":"https:\/\/www.bbmnoticias.com\/labravaradiofm\/#website"},"primaryImageOfPage":{"@id":"https:\/\/www.bbmnoticias.com\/unam-alerta-por-efectos-del-super-el-nino-estos-seran-los-estados-mas-afectados-por-este-fenomeno-meteorologico\/#primaryimage"},"image":{"@id":"https:\/\/www.bbmnoticias.com\/unam-alerta-por-efectos-del-super-el-nino-estos-seran-los-estados-mas-afectados-por-este-fenomeno-meteorologico\/#primaryimage"},"thumbnailUrl":"https:\/\/www.bbmnoticias.com\/labravaradiofm\/wp-content\/uploads\/sites\/5\/2026\/08\/554468255.jpg","datePublished":"2026-08-21T22:41:38+00:00","dateModified":"2026-08-21T22:41:40+00:00","author":{"@id":"https:\/\/www.bbmnoticias.com\/labravaradiofm\/#\/schema\/person\/92571928210861b7374edfc7068926ba"},"breadcrumb":{"@id":"https:\/\/www.bbmnoticias.com\/unam-alerta-por-efectos-del-super-el-nino-estos-seran-los-estados-mas-afectados-por-este-fenomeno-meteorologico\/#breadcrumb"},"inLanguage":"es","potentialAction":[{"@type":"ReadAction","target":["https:\/\/www.bbmnoticias.com\/unam-alerta-por-efectos-del-super-el-nino-estos-seran-los-estados-mas-afectados-por-este-fenomeno-meteorologico\/"]}]},{"@type":"ImageObject","inLanguage":"es","@id":"https:\/\/www.bbmnoticias.com\/unam-alerta-por-efectos-del-super-el-nino-estos-seran-los-estados-mas-afectados-por-este-fenomeno-meteorologico\/#primaryimage","url":"https:\/\/www.bbmnoticias.com\/labravaradiofm\/wp-content\/uploads\/sites\/5\/2026\/08\/554468255.jpg","contentUrl":"https:\/\/www.bbmnoticias.com\/labravaradiofm\/wp-content\/uploads\/sites\/5\/2026\/08\/554468255.jpg","width":524,"height":297},{"@type":"BreadcrumbList","@id":"https:\/\/www.bbmnoticias.com\/unam-alerta-por-efectos-del-super-el-nino-estos-seran-los-estados-mas-afectados-por-este-fenomeno-meteorologico\/#breadcrumb","itemListElement":[{"@type":"ListItem","position":1,"name":"Inicio","item":"https:\/\/www.bbmnoticias.com\/labravaradiofm\/"},{"@type":"ListItem","position":2,"name":"UNAM alerta por efectos del \u201csuper-El Ni\u00f1o\u201d, estos ser\u00e1n los estados m\u00e1s afectados por este fen\u00f3meno meteorol\u00f3gico"}]},{"@type":"WebSite","@id":"https:\/\/www.bbmnoticias.com\/labravaradiofm\/#website","url":"https:\/\/www.bbmnoticias.com\/labravaradiofm\/","name":"LA BRAVA RADIO","description":"Empresa productora de medios, Radiodifusi\u00f3n, Noticias, tendencias y todo lo que necesitas saber de la pol\u00edtica mexicana e internacional; entretenimiento, espect\u00e1culos, salud y mucho m\u00e1s.","potentialAction":[{"@type":"SearchAction","target":{"@type":"EntryPoint","urlTemplate":"https:\/\/www.bbmnoticias.com\/labravaradiofm\/?s={search_term_string}"},"query-input":{"@type":"PropertyValueSpecification","valueRequired":true,"valueName":"search_term_string"}}],"inLanguage":"es"},{"@type":"Person","@id":"https:\/\/www.bbmnoticias.com\/labravaradiofm\/#\/schema\/person\/92571928210861b7374edfc7068926ba","name":"Exc\u00e9lsior","image":{"@type":"ImageObject","inLanguage":"es","@id":"https:\/\/secure.gravatar.com\/avatar\/497265c4dbe1cd0e2f3f1b19aba0f5779c7f95d09e139a5b83c1ecd47b4e780d?s=96&d=mm&r=g","url":"https:\/\/secure.gravatar.com\/avatar\/497265c4dbe1cd0e2f3f1b19aba0f5779c7f95d09e139a5b83c1ecd47b4e780d?s=96&d=mm&r=g","contentUrl":"https:\/\/secure.gravatar.com\/avatar\/497265c4dbe1cd0e2f3f1b19aba0f5779c7f95d09e139a5b83c1ecd47b4e780d?s=96&d=mm&r=g","caption":"Exc\u00e9lsior"},"url":"https:\/\/www.bbmnoticias.com\/labravaradiofm\/author\/excelsior\/"}]}},"_links":{"self":[{"href":"https:\/\/www.bbmnoticias.com\/labravaradiofm\/wp-json\/wp\/v2\/posts\/80963","targetHints":{"allow":["GET"]}}],"collection":[{"href":"https:\/\/www.bbmnoticias.com\/labravaradiofm\/wp-json\/wp\/v2\/posts"}],"about":[{"href":"https:\/\/www.bbmnoticias.com\/labravaradiofm\/wp-json\/wp\/v2\/types\/post"}],"author":[{"embeddable":true,"href":"https:\/\/www.bbmnoticias.com\/labravaradiofm\/wp-json\/wp\/v2\/users\/8"}],"replies":[{"embeddable":true,"href":"https:\/\/www.bbmnoticias.com\/labravaradiofm\/wp-json\/wp\/v2\/comments?post=80963"}],"version-history":[{"count":1,"href":"https:\/\/www.bbmnoticias.com\/labravaradiofm\/wp-json\/wp\/v2\/posts\/80963\/revisions"}],"predecessor-version":[{"id":80964,"href":"https:\/\/www.bbmnoticias.com\/labravaradiofm\/wp-json\/wp\/v2\/posts\/80963\/revisions\/80964"}],"wp:featuredmedia":[{"embeddable":true,"href":"https:\/\/www.bbmnoticias.com\/labravaradiofm\/wp-json\/wp\/v2\/media\/80965"}],"wp:attachment":[{"href":"https:\/\/www.bbmnoticias.com\/labravaradiofm\/wp-json\/wp\/v2\/media?parent=80963"}],"wp:term":[{"taxonomy":"category","embeddable":true,"href":"https:\/\/www.bbmnoticias.com\/labravaradiofm\/wp-json\/wp\/v2\/categories?post=80963"},{"taxonomy":"post_tag","embeddable":true,"href":"https:\/\/www.bbmnoticias.com\/labravaradiofm\/wp-json\/wp\/v2\/tags?post=80963"}],"curies":[{"name":"wp","href":"https:\/\/api.w.org\/{rel}","templated":true}]}}