{"id":80957,"date":"2026-08-21T15:57:21","date_gmt":"2026-08-21T21:57:21","guid":{"rendered":"https:\/\/www.bbmnoticias.com\/labravaradiofm\/2026\/08\/21\/juchitan-y-sus-nuevas-generaciones-merecen-vivir-en-paz-jesus-romero\/"},"modified":"2026-08-21T15:57:24","modified_gmt":"2026-08-21T21:57:24","slug":"juchitan-y-sus-nuevas-generaciones-merecen-vivir-en-paz-jesus-romero","status":"publish","type":"post","link":"https:\/\/www.bbmnoticias.com\/labravaradiofm\/2026\/08\/21\/juchitan-y-sus-nuevas-generaciones-merecen-vivir-en-paz-jesus-romero\/","title":{"rendered":"Juchit\u00e1n y sus nuevas generaciones merecen vivir en paz: Jes\u00fas Romero"},"content":{"rendered":"\n<p class=\"wp-block-paragraph\">En Juchit\u00e1n viven m\u00e1s de 113 mil personas y cerca de la mitad son ni\u00f1as, ni\u00f1os y j\u00f3venes que hoy estudian, crecen y comienzan a construir su futuro. Por ellos, afirm\u00f3 el secretario de Gobierno, Jes\u00fas Romero L\u00f3pez, el Gobierno de Oaxaca trabaja para abrir oportunidades, fortalecer espacios para el deporte y la convivencia, impulsar sus talentos y preservar la riqueza de la cultura zapoteca, con herramientas que les permitan tomar decisiones alejadas de las drogas y de las cadenas delictivas.<\/p>\n\n\n\n<p class=\"wp-block-paragraph\">Reconoci\u00f3 que Juchit\u00e1n enfrenta una situaci\u00f3n compleja por delitos como el homicidio, el narcomenudeo y la extorsi\u00f3n, pero sostuvo que la violencia no puede convertirse en el destino del pueblo juchiteco. Detr\u00e1s de cada familia, se\u00f1al\u00f3, hay madres y padres que desean un mejor porvenir para sus hijas e hijos, y es precisamente hacia ellos donde debe dirigirse tambi\u00e9n el esfuerzo por recuperar la paz.<\/p>\n\n\n\n<p class=\"wp-block-paragraph\">Romero L\u00f3pez destac\u00f3 que el Gobierno del Estado fortalece su alianza con las familias y teje redes comunitarias para atender las causas de la violencia. \u201cEstamos trabajando para que nuestras ni\u00f1as, ni\u00f1os y j\u00f3venes puedan crecer en paz\u201d, expres\u00f3, al subrayar que construir un mejor futuro para Juchit\u00e1n es una responsabilidad compartida que el gobierno estatal seguir\u00e1 asumiendo junto con el pueblo.<\/p>\n\n\n\n<figure class=\"wp-block-embed is-type-rich is-provider-x wp-block-embed-x\"><div class=\"wp-block-embed__wrapper\">\n<blockquote class=\"twitter-tweet\" data-width=\"550\" data-dnt=\"true\"><p lang=\"es\" dir=\"ltr\">Jes\u00fas Romero L\u00f3pez destac\u00f3 que el Gobierno del Estado fortalece su alianza con las familias y teje redes comunitarias para atender las causas de la violencia. \u201cEstamos trabajando para que nuestras ni\u00f1as, ni\u00f1os y j\u00f3venes puedan crecer en paz\u201d <a href=\"https:\/\/x.com\/hashtag\/Oaxaca?src=hash&amp;ref_src=twsrc%5Etfw\">#Oaxaca<\/a> <a href=\"https:\/\/t.co\/ddB8ol5guV\">pic.twitter.com\/ddB8ol5guV<\/a><\/p>&mdash; bbmnoticias (@bbmnoticias1) <a href=\"https:\/\/x.com\/bbmnoticias1\/status\/2090920503984689516?ref_src=twsrc%5Etfw\">August 21, 2026<\/a><\/blockquote><script async src=\"https:\/\/platform.x.com\/widgets.js\" charset=\"utf-8\"><\/script>\n<\/div><\/figure>\n","protected":false},"excerpt":{"rendered":"<p>En Juchit\u00e1n viven m\u00e1s de 113 mil personas y cerca de la mitad son ni\u00f1as, ni\u00f1os y j\u00f3venes que hoy estudian, crecen y comienzan a construir su futuro. Por ellos, afirm\u00f3 el secretario de Gobierno, Jes\u00fas Romero L\u00f3pez, el Gobierno de Oaxaca trabaja para abrir oportunidades, fortalecer espacios para el deporte y la convivencia, impulsar [&hellip;]<\/p>\n","protected":false},"author":2,"featured_media":80959,"comment_status":"closed","ping_status":"open","sticky":false,"template":"","format":"standard","meta":{"footnotes":""},"categories":[2],"tags":[],"class_list":["post-80957","post","type-post","status-publish","format-standard","has-post-thumbnail","hentry","category-oaxaca"],"yoast_head":"<!-- This site is optimized with the Yoast SEO plugin v28.1 - https:\/\/yoast.com\/product\/yoast-seo-wordpress\/ -->\n<title>Juchit\u00e1n y sus nuevas generaciones merecen vivir en paz: Jes\u00fas Romero - LA BRAVA RADIO<\/title>\n<meta name=\"robots\" content=\"index, follow, max-snippet:-1, max-image-preview:large, max-video-preview:-1\" \/>\n<link rel=\"canonical\" href=\"https:\/\/www.bbmnoticias.com\/juchitan-y-sus-nuevas-generaciones-merecen-vivir-en-paz-jesus-romero\/\" \/>\n<meta property=\"og:locale\" content=\"es_MX\" \/>\n<meta property=\"og:type\" content=\"article\" \/>\n<meta property=\"og:title\" content=\"Juchit\u00e1n y sus nuevas generaciones merecen vivir en paz: Jes\u00fas Romero - LA BRAVA RADIO\" \/>\n<meta property=\"og:description\" content=\"En Juchit\u00e1n viven m\u00e1s de 113 mil personas y cerca de la mitad son ni\u00f1as, ni\u00f1os y j\u00f3venes que hoy estudian, crecen y comienzan a construir su futuro. Por ellos, afirm\u00f3 el secretario de Gobierno, Jes\u00fas Romero L\u00f3pez, el Gobierno de Oaxaca trabaja para abrir oportunidades, fortalecer espacios para el deporte y la convivencia, impulsar [&hellip;]\" \/>\n<meta property=\"og:url\" content=\"https:\/\/www.bbmnoticias.com\/juchitan-y-sus-nuevas-generaciones-merecen-vivir-en-paz-jesus-romero\/\" \/>\n<meta property=\"og:site_name\" content=\"LA BRAVA RADIO\" \/>\n<meta property=\"article:published_time\" content=\"2026-08-21T21:57:21+00:00\" \/>\n<meta property=\"article:modified_time\" content=\"2026-08-21T21:57:24+00:00\" \/>\n<meta property=\"og:image\" content=\"https:\/\/www.bbmnoticias.com\/labravaradiofm\/wp-content\/uploads\/sites\/5\/2026\/08\/jesus_romero-5.jpg\" \/>\n\t<meta property=\"og:image:width\" content=\"800\" \/>\n\t<meta property=\"og:image:height\" content=\"450\" \/>\n\t<meta property=\"og:image:type\" content=\"image\/jpeg\" \/>\n<meta name=\"author\" content=\"Staff\" \/>\n<meta name=\"twitter:card\" content=\"summary_large_image\" \/>\n<meta name=\"twitter:label1\" content=\"Escrito por\" \/>\n\t<meta name=\"twitter:data1\" content=\"Staff\" \/>\n\t<meta name=\"twitter:label2\" content=\"Tiempo de lectura\" \/>\n\t<meta name=\"twitter:data2\" content=\"1 minuto\" \/>\n<script type=\"application\/ld+json\" class=\"yoast-schema-graph\">{\"@context\":\"https:\\\/\\\/schema.org\",\"@graph\":[{\"@type\":\"Article\",\"@id\":\"https:\\\/\\\/www.bbmnoticias.com\\\/juchitan-y-sus-nuevas-generaciones-merecen-vivir-en-paz-jesus-romero\\\/#article\",\"isPartOf\":{\"@id\":\"https:\\\/\\\/www.bbmnoticias.com\\\/labravaradiofm\\\/2026\\\/08\\\/21\\\/juchitan-y-sus-nuevas-generaciones-merecen-vivir-en-paz-jesus-romero\\\/\"},\"author\":{\"name\":\"Staff\",\"@id\":\"https:\\\/\\\/www.bbmnoticias.com\\\/labravaradiofm\\\/#\\\/schema\\\/person\\\/9eb037257fc48a09cdf31d9a2f45619f\"},\"headline\":\"Juchit\u00e1n y sus nuevas generaciones merecen vivir en paz: Jes\u00fas Romero\",\"datePublished\":\"2026-08-21T21:57:21+00:00\",\"dateModified\":\"2026-08-21T21:57:24+00:00\",\"mainEntityOfPage\":{\"@id\":\"https:\\\/\\\/www.bbmnoticias.com\\\/labravaradiofm\\\/2026\\\/08\\\/21\\\/juchitan-y-sus-nuevas-generaciones-merecen-vivir-en-paz-jesus-romero\\\/\"},\"wordCount\":243,\"image\":{\"@id\":\"https:\\\/\\\/www.bbmnoticias.com\\\/juchitan-y-sus-nuevas-generaciones-merecen-vivir-en-paz-jesus-romero\\\/#primaryimage\"},\"thumbnailUrl\":\"https:\\\/\\\/www.bbmnoticias.com\\\/labravaradiofm\\\/wp-content\\\/uploads\\\/sites\\\/5\\\/2026\\\/08\\\/jesus_romero-5.jpg\",\"articleSection\":[\"LOCAL\"],\"inLanguage\":\"es\"},{\"@type\":\"WebPage\",\"@id\":\"https:\\\/\\\/www.bbmnoticias.com\\\/labravaradiofm\\\/2026\\\/08\\\/21\\\/juchitan-y-sus-nuevas-generaciones-merecen-vivir-en-paz-jesus-romero\\\/\",\"url\":\"https:\\\/\\\/www.bbmnoticias.com\\\/juchitan-y-sus-nuevas-generaciones-merecen-vivir-en-paz-jesus-romero\\\/\",\"name\":\"Juchit\u00e1n y sus nuevas generaciones merecen vivir en paz: Jes\u00fas Romero - LA BRAVA RADIO\",\"isPartOf\":{\"@id\":\"https:\\\/\\\/www.bbmnoticias.com\\\/labravaradiofm\\\/#website\"},\"primaryImageOfPage\":{\"@id\":\"https:\\\/\\\/www.bbmnoticias.com\\\/juchitan-y-sus-nuevas-generaciones-merecen-vivir-en-paz-jesus-romero\\\/#primaryimage\"},\"image\":{\"@id\":\"https:\\\/\\\/www.bbmnoticias.com\\\/juchitan-y-sus-nuevas-generaciones-merecen-vivir-en-paz-jesus-romero\\\/#primaryimage\"},\"thumbnailUrl\":\"https:\\\/\\\/www.bbmnoticias.com\\\/labravaradiofm\\\/wp-content\\\/uploads\\\/sites\\\/5\\\/2026\\\/08\\\/jesus_romero-5.jpg\",\"datePublished\":\"2026-08-21T21:57:21+00:00\",\"dateModified\":\"2026-08-21T21:57:24+00:00\",\"author\":{\"@id\":\"https:\\\/\\\/www.bbmnoticias.com\\\/labravaradiofm\\\/#\\\/schema\\\/person\\\/9eb037257fc48a09cdf31d9a2f45619f\"},\"breadcrumb\":{\"@id\":\"https:\\\/\\\/www.bbmnoticias.com\\\/juchitan-y-sus-nuevas-generaciones-merecen-vivir-en-paz-jesus-romero\\\/#breadcrumb\"},\"inLanguage\":\"es\",\"potentialAction\":[{\"@type\":\"ReadAction\",\"target\":[\"https:\\\/\\\/www.bbmnoticias.com\\\/juchitan-y-sus-nuevas-generaciones-merecen-vivir-en-paz-jesus-romero\\\/\"]}]},{\"@type\":\"ImageObject\",\"inLanguage\":\"es\",\"@id\":\"https:\\\/\\\/www.bbmnoticias.com\\\/juchitan-y-sus-nuevas-generaciones-merecen-vivir-en-paz-jesus-romero\\\/#primaryimage\",\"url\":\"https:\\\/\\\/www.bbmnoticias.com\\\/labravaradiofm\\\/wp-content\\\/uploads\\\/sites\\\/5\\\/2026\\\/08\\\/jesus_romero-5.jpg\",\"contentUrl\":\"https:\\\/\\\/www.bbmnoticias.com\\\/labravaradiofm\\\/wp-content\\\/uploads\\\/sites\\\/5\\\/2026\\\/08\\\/jesus_romero-5.jpg\",\"width\":800,\"height\":450},{\"@type\":\"BreadcrumbList\",\"@id\":\"https:\\\/\\\/www.bbmnoticias.com\\\/juchitan-y-sus-nuevas-generaciones-merecen-vivir-en-paz-jesus-romero\\\/#breadcrumb\",\"itemListElement\":[{\"@type\":\"ListItem\",\"position\":1,\"name\":\"Inicio\",\"item\":\"https:\\\/\\\/www.bbmnoticias.com\\\/labravaradiofm\\\/\"},{\"@type\":\"ListItem\",\"position\":2,\"name\":\"Juchit\u00e1n y sus nuevas generaciones merecen vivir en paz: Jes\u00fas Romero\"}]},{\"@type\":\"WebSite\",\"@id\":\"https:\\\/\\\/www.bbmnoticias.com\\\/labravaradiofm\\\/#website\",\"url\":\"https:\\\/\\\/www.bbmnoticias.com\\\/labravaradiofm\\\/\",\"name\":\"LA BRAVA RADIO\",\"description\":\"Empresa productora de medios, Radiodifusi\u00f3n, Noticias, tendencias y todo lo que necesitas saber de la pol\u00edtica mexicana e internacional; entretenimiento, espect\u00e1culos, salud y mucho m\u00e1s.\",\"potentialAction\":[{\"@type\":\"SearchAction\",\"target\":{\"@type\":\"EntryPoint\",\"urlTemplate\":\"https:\\\/\\\/www.bbmnoticias.com\\\/labravaradiofm\\\/?s={search_term_string}\"},\"query-input\":{\"@type\":\"PropertyValueSpecification\",\"valueRequired\":true,\"valueName\":\"search_term_string\"}}],\"inLanguage\":\"es\"},{\"@type\":\"Person\",\"@id\":\"https:\\\/\\\/www.bbmnoticias.com\\\/labravaradiofm\\\/#\\\/schema\\\/person\\\/9eb037257fc48a09cdf31d9a2f45619f\",\"name\":\"Staff\",\"image\":{\"@type\":\"ImageObject\",\"inLanguage\":\"es\",\"@id\":\"https:\\\/\\\/secure.gravatar.com\\\/avatar\\\/fdd21ad66fd8b98c407f9dee5b5e588cfe7f0d8579ec20fa6527cd59bab7f0f0?s=96&d=mm&r=g\",\"url\":\"https:\\\/\\\/secure.gravatar.com\\\/avatar\\\/fdd21ad66fd8b98c407f9dee5b5e588cfe7f0d8579ec20fa6527cd59bab7f0f0?s=96&d=mm&r=g\",\"contentUrl\":\"https:\\\/\\\/secure.gravatar.com\\\/avatar\\\/fdd21ad66fd8b98c407f9dee5b5e588cfe7f0d8579ec20fa6527cd59bab7f0f0?s=96&d=mm&r=g\",\"caption\":\"Staff\"},\"url\":\"https:\\\/\\\/www.bbmnoticias.com\\\/labravaradiofm\\\/author\\\/redaccion\\\/\"}]}<\/script>\n<!-- \/ Yoast SEO plugin. -->","yoast_head_json":{"title":"Juchit\u00e1n y sus nuevas generaciones merecen vivir en paz: Jes\u00fas Romero - LA BRAVA RADIO","robots":{"index":"index","follow":"follow","max-snippet":"max-snippet:-1","max-image-preview":"max-image-preview:large","max-video-preview":"max-video-preview:-1"},"canonical":"https:\/\/www.bbmnoticias.com\/juchitan-y-sus-nuevas-generaciones-merecen-vivir-en-paz-jesus-romero\/","og_locale":"es_MX","og_type":"article","og_title":"Juchit\u00e1n y sus nuevas generaciones merecen vivir en paz: Jes\u00fas Romero - LA BRAVA RADIO","og_description":"En Juchit\u00e1n viven m\u00e1s de 113 mil personas y cerca de la mitad son ni\u00f1as, ni\u00f1os y j\u00f3venes que hoy estudian, crecen y comienzan a construir su futuro. Por ellos, afirm\u00f3 el secretario de Gobierno, Jes\u00fas Romero L\u00f3pez, el Gobierno de Oaxaca trabaja para abrir oportunidades, fortalecer espacios para el deporte y la convivencia, impulsar [&hellip;]","og_url":"https:\/\/www.bbmnoticias.com\/juchitan-y-sus-nuevas-generaciones-merecen-vivir-en-paz-jesus-romero\/","og_site_name":"LA BRAVA RADIO","article_published_time":"2026-08-21T21:57:21+00:00","article_modified_time":"2026-08-21T21:57:24+00:00","og_image":[{"width":800,"height":450,"url":"https:\/\/www.bbmnoticias.com\/labravaradiofm\/wp-content\/uploads\/sites\/5\/2026\/08\/jesus_romero-5.jpg","type":"image\/jpeg"}],"author":"Staff","twitter_card":"summary_large_image","twitter_misc":{"Escrito por":"Staff","Tiempo de lectura":"1 minuto"},"schema":{"@context":"https:\/\/schema.org","@graph":[{"@type":"Article","@id":"https:\/\/www.bbmnoticias.com\/juchitan-y-sus-nuevas-generaciones-merecen-vivir-en-paz-jesus-romero\/#article","isPartOf":{"@id":"https:\/\/www.bbmnoticias.com\/labravaradiofm\/2026\/08\/21\/juchitan-y-sus-nuevas-generaciones-merecen-vivir-en-paz-jesus-romero\/"},"author":{"name":"Staff","@id":"https:\/\/www.bbmnoticias.com\/labravaradiofm\/#\/schema\/person\/9eb037257fc48a09cdf31d9a2f45619f"},"headline":"Juchit\u00e1n y sus nuevas generaciones merecen vivir en paz: Jes\u00fas Romero","datePublished":"2026-08-21T21:57:21+00:00","dateModified":"2026-08-21T21:57:24+00:00","mainEntityOfPage":{"@id":"https:\/\/www.bbmnoticias.com\/labravaradiofm\/2026\/08\/21\/juchitan-y-sus-nuevas-generaciones-merecen-vivir-en-paz-jesus-romero\/"},"wordCount":243,"image":{"@id":"https:\/\/www.bbmnoticias.com\/juchitan-y-sus-nuevas-generaciones-merecen-vivir-en-paz-jesus-romero\/#primaryimage"},"thumbnailUrl":"https:\/\/www.bbmnoticias.com\/labravaradiofm\/wp-content\/uploads\/sites\/5\/2026\/08\/jesus_romero-5.jpg","articleSection":["LOCAL"],"inLanguage":"es"},{"@type":"WebPage","@id":"https:\/\/www.bbmnoticias.com\/labravaradiofm\/2026\/08\/21\/juchitan-y-sus-nuevas-generaciones-merecen-vivir-en-paz-jesus-romero\/","url":"https:\/\/www.bbmnoticias.com\/juchitan-y-sus-nuevas-generaciones-merecen-vivir-en-paz-jesus-romero\/","name":"Juchit\u00e1n y sus nuevas generaciones merecen vivir en paz: Jes\u00fas Romero - LA BRAVA RADIO","isPartOf":{"@id":"https:\/\/www.bbmnoticias.com\/labravaradiofm\/#website"},"primaryImageOfPage":{"@id":"https:\/\/www.bbmnoticias.com\/juchitan-y-sus-nuevas-generaciones-merecen-vivir-en-paz-jesus-romero\/#primaryimage"},"image":{"@id":"https:\/\/www.bbmnoticias.com\/juchitan-y-sus-nuevas-generaciones-merecen-vivir-en-paz-jesus-romero\/#primaryimage"},"thumbnailUrl":"https:\/\/www.bbmnoticias.com\/labravaradiofm\/wp-content\/uploads\/sites\/5\/2026\/08\/jesus_romero-5.jpg","datePublished":"2026-08-21T21:57:21+00:00","dateModified":"2026-08-21T21:57:24+00:00","author":{"@id":"https:\/\/www.bbmnoticias.com\/labravaradiofm\/#\/schema\/person\/9eb037257fc48a09cdf31d9a2f45619f"},"breadcrumb":{"@id":"https:\/\/www.bbmnoticias.com\/juchitan-y-sus-nuevas-generaciones-merecen-vivir-en-paz-jesus-romero\/#breadcrumb"},"inLanguage":"es","potentialAction":[{"@type":"ReadAction","target":["https:\/\/www.bbmnoticias.com\/juchitan-y-sus-nuevas-generaciones-merecen-vivir-en-paz-jesus-romero\/"]}]},{"@type":"ImageObject","inLanguage":"es","@id":"https:\/\/www.bbmnoticias.com\/juchitan-y-sus-nuevas-generaciones-merecen-vivir-en-paz-jesus-romero\/#primaryimage","url":"https:\/\/www.bbmnoticias.com\/labravaradiofm\/wp-content\/uploads\/sites\/5\/2026\/08\/jesus_romero-5.jpg","contentUrl":"https:\/\/www.bbmnoticias.com\/labravaradiofm\/wp-content\/uploads\/sites\/5\/2026\/08\/jesus_romero-5.jpg","width":800,"height":450},{"@type":"BreadcrumbList","@id":"https:\/\/www.bbmnoticias.com\/juchitan-y-sus-nuevas-generaciones-merecen-vivir-en-paz-jesus-romero\/#breadcrumb","itemListElement":[{"@type":"ListItem","position":1,"name":"Inicio","item":"https:\/\/www.bbmnoticias.com\/labravaradiofm\/"},{"@type":"ListItem","position":2,"name":"Juchit\u00e1n y sus nuevas generaciones merecen vivir en paz: Jes\u00fas Romero"}]},{"@type":"WebSite","@id":"https:\/\/www.bbmnoticias.com\/labravaradiofm\/#website","url":"https:\/\/www.bbmnoticias.com\/labravaradiofm\/","name":"LA BRAVA RADIO","description":"Empresa productora de medios, Radiodifusi\u00f3n, Noticias, tendencias y todo lo que necesitas saber de la pol\u00edtica mexicana e internacional; entretenimiento, espect\u00e1culos, salud y mucho m\u00e1s.","potentialAction":[{"@type":"SearchAction","target":{"@type":"EntryPoint","urlTemplate":"https:\/\/www.bbmnoticias.com\/labravaradiofm\/?s={search_term_string}"},"query-input":{"@type":"PropertyValueSpecification","valueRequired":true,"valueName":"search_term_string"}}],"inLanguage":"es"},{"@type":"Person","@id":"https:\/\/www.bbmnoticias.com\/labravaradiofm\/#\/schema\/person\/9eb037257fc48a09cdf31d9a2f45619f","name":"Staff","image":{"@type":"ImageObject","inLanguage":"es","@id":"https:\/\/secure.gravatar.com\/avatar\/fdd21ad66fd8b98c407f9dee5b5e588cfe7f0d8579ec20fa6527cd59bab7f0f0?s=96&d=mm&r=g","url":"https:\/\/secure.gravatar.com\/avatar\/fdd21ad66fd8b98c407f9dee5b5e588cfe7f0d8579ec20fa6527cd59bab7f0f0?s=96&d=mm&r=g","contentUrl":"https:\/\/secure.gravatar.com\/avatar\/fdd21ad66fd8b98c407f9dee5b5e588cfe7f0d8579ec20fa6527cd59bab7f0f0?s=96&d=mm&r=g","caption":"Staff"},"url":"https:\/\/www.bbmnoticias.com\/labravaradiofm\/author\/redaccion\/"}]}},"_links":{"self":[{"href":"https:\/\/www.bbmnoticias.com\/labravaradiofm\/wp-json\/wp\/v2\/posts\/80957","targetHints":{"allow":["GET"]}}],"collection":[{"href":"https:\/\/www.bbmnoticias.com\/labravaradiofm\/wp-json\/wp\/v2\/posts"}],"about":[{"href":"https:\/\/www.bbmnoticias.com\/labravaradiofm\/wp-json\/wp\/v2\/types\/post"}],"author":[{"embeddable":true,"href":"https:\/\/www.bbmnoticias.com\/labravaradiofm\/wp-json\/wp\/v2\/users\/2"}],"replies":[{"embeddable":true,"href":"https:\/\/www.bbmnoticias.com\/labravaradiofm\/wp-json\/wp\/v2\/comments?post=80957"}],"version-history":[{"count":1,"href":"https:\/\/www.bbmnoticias.com\/labravaradiofm\/wp-json\/wp\/v2\/posts\/80957\/revisions"}],"predecessor-version":[{"id":80958,"href":"https:\/\/www.bbmnoticias.com\/labravaradiofm\/wp-json\/wp\/v2\/posts\/80957\/revisions\/80958"}],"wp:featuredmedia":[{"embeddable":true,"href":"https:\/\/www.bbmnoticias.com\/labravaradiofm\/wp-json\/wp\/v2\/media\/80959"}],"wp:attachment":[{"href":"https:\/\/www.bbmnoticias.com\/labravaradiofm\/wp-json\/wp\/v2\/media?parent=80957"}],"wp:term":[{"taxonomy":"category","embeddable":true,"href":"https:\/\/www.bbmnoticias.com\/labravaradiofm\/wp-json\/wp\/v2\/categories?post=80957"},{"taxonomy":"post_tag","embeddable":true,"href":"https:\/\/www.bbmnoticias.com\/labravaradiofm\/wp-json\/wp\/v2\/tags?post=80957"}],"curies":[{"name":"wp","href":"https:\/\/api.w.org\/{rel}","templated":true}]}}