{"id":80953,"date":"2026-08-21T15:54:43","date_gmt":"2026-08-21T21:54:43","guid":{"rendered":"https:\/\/www.bbmnoticias.com\/labravaradiofm\/2026\/08\/21\/condena-oposicion-retorno-de-rocha-moya-al-gobierno-de-sinaloa\/"},"modified":"2026-08-21T15:57:02","modified_gmt":"2026-08-21T21:57:02","slug":"condena-oposicion-retorno-de-rocha-moya-al-gobierno-de-sinaloa","status":"publish","type":"post","link":"https:\/\/www.bbmnoticias.com\/labravaradiofm\/2026\/08\/21\/condena-oposicion-retorno-de-rocha-moya-al-gobierno-de-sinaloa\/","title":{"rendered":"Segob informa que reincorporaci\u00f3n de Rub\u00e9n Rocha Moya al gobierno de Sinaloa responde a determinaci\u00f3n personal; FGR mantiene abiertas carpetas de investigaci\u00f3n"},"content":{"rendered":"\n<p class=\"wp-block-paragraph\">El regreso de <strong>Rub\u00e9n Rocha Moya<\/strong> como gobernador del estado de <strong>Sinaloa<\/strong> se debe a una determinaci\u00f3n de car\u00e1cter personal. As\u00ed lo precis\u00f3 la <strong>Secretar\u00eda de Gobernaci\u00f3n<\/strong>&nbsp;(Segob).<\/p>\n\n\n\n<p class=\"wp-block-paragraph\">Adicionalmente la dependencia federal asegur\u00f3 que la <strong>Fiscal\u00eda General de la Rep\u00fablica<\/strong>&nbsp;(FGR) mantiene abiertas carpetas de investigaci\u00f3n contra las <strong>10 personas<\/strong> se\u00f1aladas por el <strong>Departamento de Justicia de los Estados Unidos<\/strong>. Entre las 10 personas figura el propio mandatario sinaloense.<\/p>\n\n\n\n<p class=\"wp-block-paragraph\">Desde la <strong>Secretar\u00eda de Relaciones Exteriores<\/strong> se ha pedido en varias ocasiones al <strong>Departamento de Justicia<\/strong> estadounidense entregar las pruebas que sustenten los se\u00f1alamientos. La ruta busca acompa\u00f1ar el tr\u00e1mite institucional entre ambos pa\u00edses.<\/p>\n\n\n\n<p class=\"wp-block-paragraph\"><strong>Gobernaci\u00f3n<\/strong> tambi\u00e9n acot\u00f3 que el manejo del caso recae en las instituciones competentes&nbsp;y al debido proceso en el desarrollo de cualquier investigaci\u00f3n.<\/p>\n","protected":false},"excerpt":{"rendered":"<p>El regreso de Rub\u00e9n Rocha Moya como gobernador del estado de Sinaloa se debe a una determinaci\u00f3n de car\u00e1cter personal. As\u00ed lo precis\u00f3 la Secretar\u00eda de Gobernaci\u00f3n&nbsp;(Segob). Adicionalmente la dependencia federal asegur\u00f3 que la Fiscal\u00eda General de la Rep\u00fablica&nbsp;(FGR) mantiene abiertas carpetas de investigaci\u00f3n contra las 10 personas se\u00f1aladas por el Departamento de Justicia de [&hellip;]<\/p>\n","protected":false},"author":8,"featured_media":80955,"comment_status":"closed","ping_status":"open","sticky":false,"template":"","format":"standard","meta":{"footnotes":""},"categories":[2,19],"tags":[],"class_list":["post-80953","post","type-post","status-publish","format-standard","has-post-thumbnail","hentry","category-oaxaca","category-nacional"],"yoast_head":"<!-- This site is optimized with the Yoast SEO plugin v28.1 - https:\/\/yoast.com\/product\/yoast-seo-wordpress\/ -->\n<title>Segob informa que reincorporaci\u00f3n de Rub\u00e9n Rocha Moya al gobierno de Sinaloa responde a determinaci\u00f3n personal; FGR mantiene abiertas carpetas de investigaci\u00f3n - LA BRAVA RADIO<\/title>\n<meta name=\"robots\" content=\"index, follow, max-snippet:-1, max-image-preview:large, max-video-preview:-1\" \/>\n<link rel=\"canonical\" href=\"https:\/\/www.bbmnoticias.com\/condena-oposicion-retorno-de-rocha-moya-al-gobierno-de-sinaloa\/\" \/>\n<meta property=\"og:locale\" content=\"es_MX\" \/>\n<meta property=\"og:type\" content=\"article\" \/>\n<meta property=\"og:title\" content=\"Segob informa que reincorporaci\u00f3n de Rub\u00e9n Rocha Moya al gobierno de Sinaloa responde a determinaci\u00f3n personal; FGR mantiene abiertas carpetas de investigaci\u00f3n - LA BRAVA RADIO\" \/>\n<meta property=\"og:description\" content=\"El regreso de Rub\u00e9n Rocha Moya como gobernador del estado de Sinaloa se debe a una determinaci\u00f3n de car\u00e1cter personal. As\u00ed lo precis\u00f3 la Secretar\u00eda de Gobernaci\u00f3n&nbsp;(Segob). Adicionalmente la dependencia federal asegur\u00f3 que la Fiscal\u00eda General de la Rep\u00fablica&nbsp;(FGR) mantiene abiertas carpetas de investigaci\u00f3n contra las 10 personas se\u00f1aladas por el Departamento de Justicia de [&hellip;]\" \/>\n<meta property=\"og:url\" content=\"https:\/\/www.bbmnoticias.com\/condena-oposicion-retorno-de-rocha-moya-al-gobierno-de-sinaloa\/\" \/>\n<meta property=\"og:site_name\" content=\"LA BRAVA RADIO\" \/>\n<meta property=\"article:published_time\" content=\"2026-08-21T21:54:43+00:00\" \/>\n<meta property=\"article:modified_time\" content=\"2026-08-21T21:57:02+00:00\" \/>\n<meta property=\"og:image\" content=\"https:\/\/www.bbmnoticias.com\/labravaradiofm\/wp-content\/uploads\/sites\/5\/2026\/08\/6a054bfc9fb7d.jpeg\" \/>\n\t<meta property=\"og:image:width\" content=\"813\" \/>\n\t<meta property=\"og:image:height\" content=\"542\" \/>\n\t<meta property=\"og:image:type\" content=\"image\/jpeg\" \/>\n<meta name=\"author\" content=\"Exc\u00e9lsior\" \/>\n<meta name=\"twitter:card\" content=\"summary_large_image\" \/>\n<meta name=\"twitter:label1\" content=\"Escrito por\" \/>\n\t<meta name=\"twitter:data1\" content=\"Exc\u00e9lsior\" \/>\n\t<meta name=\"twitter:label2\" content=\"Tiempo de lectura\" \/>\n\t<meta name=\"twitter:data2\" content=\"1 minuto\" \/>\n<script type=\"application\/ld+json\" class=\"yoast-schema-graph\">{\"@context\":\"https:\\\/\\\/schema.org\",\"@graph\":[{\"@type\":\"Article\",\"@id\":\"https:\\\/\\\/www.bbmnoticias.com\\\/condena-oposicion-retorno-de-rocha-moya-al-gobierno-de-sinaloa\\\/#article\",\"isPartOf\":{\"@id\":\"https:\\\/\\\/www.bbmnoticias.com\\\/labravaradiofm\\\/2026\\\/08\\\/21\\\/condena-oposicion-retorno-de-rocha-moya-al-gobierno-de-sinaloa\\\/\"},\"author\":{\"name\":\"Exc\u00e9lsior\",\"@id\":\"https:\\\/\\\/www.bbmnoticias.com\\\/labravaradiofm\\\/#\\\/schema\\\/person\\\/92571928210861b7374edfc7068926ba\"},\"headline\":\"Segob informa que reincorporaci\u00f3n de Rub\u00e9n Rocha Moya al gobierno de Sinaloa responde a determinaci\u00f3n personal; FGR mantiene abiertas carpetas de investigaci\u00f3n\",\"datePublished\":\"2026-08-21T21:54:43+00:00\",\"dateModified\":\"2026-08-21T21:57:02+00:00\",\"mainEntityOfPage\":{\"@id\":\"https:\\\/\\\/www.bbmnoticias.com\\\/labravaradiofm\\\/2026\\\/08\\\/21\\\/condena-oposicion-retorno-de-rocha-moya-al-gobierno-de-sinaloa\\\/\"},\"wordCount\":170,\"image\":{\"@id\":\"https:\\\/\\\/www.bbmnoticias.com\\\/condena-oposicion-retorno-de-rocha-moya-al-gobierno-de-sinaloa\\\/#primaryimage\"},\"thumbnailUrl\":\"https:\\\/\\\/www.bbmnoticias.com\\\/labravaradiofm\\\/wp-content\\\/uploads\\\/sites\\\/5\\\/2026\\\/08\\\/6a054bfc9fb7d.jpeg\",\"articleSection\":[\"LOCAL\",\"NACIONAL\"],\"inLanguage\":\"es\"},{\"@type\":\"WebPage\",\"@id\":\"https:\\\/\\\/www.bbmnoticias.com\\\/labravaradiofm\\\/2026\\\/08\\\/21\\\/condena-oposicion-retorno-de-rocha-moya-al-gobierno-de-sinaloa\\\/\",\"url\":\"https:\\\/\\\/www.bbmnoticias.com\\\/condena-oposicion-retorno-de-rocha-moya-al-gobierno-de-sinaloa\\\/\",\"name\":\"Segob informa que reincorporaci\u00f3n de Rub\u00e9n Rocha Moya al gobierno de Sinaloa responde a determinaci\u00f3n personal; FGR mantiene abiertas carpetas de investigaci\u00f3n - LA BRAVA RADIO\",\"isPartOf\":{\"@id\":\"https:\\\/\\\/www.bbmnoticias.com\\\/labravaradiofm\\\/#website\"},\"primaryImageOfPage\":{\"@id\":\"https:\\\/\\\/www.bbmnoticias.com\\\/condena-oposicion-retorno-de-rocha-moya-al-gobierno-de-sinaloa\\\/#primaryimage\"},\"image\":{\"@id\":\"https:\\\/\\\/www.bbmnoticias.com\\\/condena-oposicion-retorno-de-rocha-moya-al-gobierno-de-sinaloa\\\/#primaryimage\"},\"thumbnailUrl\":\"https:\\\/\\\/www.bbmnoticias.com\\\/labravaradiofm\\\/wp-content\\\/uploads\\\/sites\\\/5\\\/2026\\\/08\\\/6a054bfc9fb7d.jpeg\",\"datePublished\":\"2026-08-21T21:54:43+00:00\",\"dateModified\":\"2026-08-21T21:57:02+00:00\",\"author\":{\"@id\":\"https:\\\/\\\/www.bbmnoticias.com\\\/labravaradiofm\\\/#\\\/schema\\\/person\\\/92571928210861b7374edfc7068926ba\"},\"breadcrumb\":{\"@id\":\"https:\\\/\\\/www.bbmnoticias.com\\\/condena-oposicion-retorno-de-rocha-moya-al-gobierno-de-sinaloa\\\/#breadcrumb\"},\"inLanguage\":\"es\",\"potentialAction\":[{\"@type\":\"ReadAction\",\"target\":[\"https:\\\/\\\/www.bbmnoticias.com\\\/condena-oposicion-retorno-de-rocha-moya-al-gobierno-de-sinaloa\\\/\"]}]},{\"@type\":\"ImageObject\",\"inLanguage\":\"es\",\"@id\":\"https:\\\/\\\/www.bbmnoticias.com\\\/condena-oposicion-retorno-de-rocha-moya-al-gobierno-de-sinaloa\\\/#primaryimage\",\"url\":\"https:\\\/\\\/www.bbmnoticias.com\\\/labravaradiofm\\\/wp-content\\\/uploads\\\/sites\\\/5\\\/2026\\\/08\\\/6a054bfc9fb7d.jpeg\",\"contentUrl\":\"https:\\\/\\\/www.bbmnoticias.com\\\/labravaradiofm\\\/wp-content\\\/uploads\\\/sites\\\/5\\\/2026\\\/08\\\/6a054bfc9fb7d.jpeg\",\"width\":813,\"height\":542},{\"@type\":\"BreadcrumbList\",\"@id\":\"https:\\\/\\\/www.bbmnoticias.com\\\/condena-oposicion-retorno-de-rocha-moya-al-gobierno-de-sinaloa\\\/#breadcrumb\",\"itemListElement\":[{\"@type\":\"ListItem\",\"position\":1,\"name\":\"Inicio\",\"item\":\"https:\\\/\\\/www.bbmnoticias.com\\\/labravaradiofm\\\/\"},{\"@type\":\"ListItem\",\"position\":2,\"name\":\"Segob informa que reincorporaci\u00f3n de Rub\u00e9n Rocha Moya al gobierno de Sinaloa responde a determinaci\u00f3n personal; FGR mantiene abiertas carpetas de investigaci\u00f3n\"}]},{\"@type\":\"WebSite\",\"@id\":\"https:\\\/\\\/www.bbmnoticias.com\\\/labravaradiofm\\\/#website\",\"url\":\"https:\\\/\\\/www.bbmnoticias.com\\\/labravaradiofm\\\/\",\"name\":\"LA BRAVA RADIO\",\"description\":\"Empresa productora de medios, Radiodifusi\u00f3n, Noticias, tendencias y todo lo que necesitas saber de la pol\u00edtica mexicana e internacional; entretenimiento, espect\u00e1culos, salud y mucho m\u00e1s.\",\"potentialAction\":[{\"@type\":\"SearchAction\",\"target\":{\"@type\":\"EntryPoint\",\"urlTemplate\":\"https:\\\/\\\/www.bbmnoticias.com\\\/labravaradiofm\\\/?s={search_term_string}\"},\"query-input\":{\"@type\":\"PropertyValueSpecification\",\"valueRequired\":true,\"valueName\":\"search_term_string\"}}],\"inLanguage\":\"es\"},{\"@type\":\"Person\",\"@id\":\"https:\\\/\\\/www.bbmnoticias.com\\\/labravaradiofm\\\/#\\\/schema\\\/person\\\/92571928210861b7374edfc7068926ba\",\"name\":\"Exc\u00e9lsior\",\"image\":{\"@type\":\"ImageObject\",\"inLanguage\":\"es\",\"@id\":\"https:\\\/\\\/secure.gravatar.com\\\/avatar\\\/497265c4dbe1cd0e2f3f1b19aba0f5779c7f95d09e139a5b83c1ecd47b4e780d?s=96&d=mm&r=g\",\"url\":\"https:\\\/\\\/secure.gravatar.com\\\/avatar\\\/497265c4dbe1cd0e2f3f1b19aba0f5779c7f95d09e139a5b83c1ecd47b4e780d?s=96&d=mm&r=g\",\"contentUrl\":\"https:\\\/\\\/secure.gravatar.com\\\/avatar\\\/497265c4dbe1cd0e2f3f1b19aba0f5779c7f95d09e139a5b83c1ecd47b4e780d?s=96&d=mm&r=g\",\"caption\":\"Exc\u00e9lsior\"},\"url\":\"https:\\\/\\\/www.bbmnoticias.com\\\/labravaradiofm\\\/author\\\/excelsior\\\/\"}]}<\/script>\n<!-- \/ Yoast SEO plugin. -->","yoast_head_json":{"title":"Segob informa que reincorporaci\u00f3n de Rub\u00e9n Rocha Moya al gobierno de Sinaloa responde a determinaci\u00f3n personal; FGR mantiene abiertas carpetas de investigaci\u00f3n - LA BRAVA RADIO","robots":{"index":"index","follow":"follow","max-snippet":"max-snippet:-1","max-image-preview":"max-image-preview:large","max-video-preview":"max-video-preview:-1"},"canonical":"https:\/\/www.bbmnoticias.com\/condena-oposicion-retorno-de-rocha-moya-al-gobierno-de-sinaloa\/","og_locale":"es_MX","og_type":"article","og_title":"Segob informa que reincorporaci\u00f3n de Rub\u00e9n Rocha Moya al gobierno de Sinaloa responde a determinaci\u00f3n personal; FGR mantiene abiertas carpetas de investigaci\u00f3n - LA BRAVA RADIO","og_description":"El regreso de Rub\u00e9n Rocha Moya como gobernador del estado de Sinaloa se debe a una determinaci\u00f3n de car\u00e1cter personal. As\u00ed lo precis\u00f3 la Secretar\u00eda de Gobernaci\u00f3n&nbsp;(Segob). Adicionalmente la dependencia federal asegur\u00f3 que la Fiscal\u00eda General de la Rep\u00fablica&nbsp;(FGR) mantiene abiertas carpetas de investigaci\u00f3n contra las 10 personas se\u00f1aladas por el Departamento de Justicia de [&hellip;]","og_url":"https:\/\/www.bbmnoticias.com\/condena-oposicion-retorno-de-rocha-moya-al-gobierno-de-sinaloa\/","og_site_name":"LA BRAVA RADIO","article_published_time":"2026-08-21T21:54:43+00:00","article_modified_time":"2026-08-21T21:57:02+00:00","og_image":[{"width":813,"height":542,"url":"https:\/\/www.bbmnoticias.com\/labravaradiofm\/wp-content\/uploads\/sites\/5\/2026\/08\/6a054bfc9fb7d.jpeg","type":"image\/jpeg"}],"author":"Exc\u00e9lsior","twitter_card":"summary_large_image","twitter_misc":{"Escrito por":"Exc\u00e9lsior","Tiempo de lectura":"1 minuto"},"schema":{"@context":"https:\/\/schema.org","@graph":[{"@type":"Article","@id":"https:\/\/www.bbmnoticias.com\/condena-oposicion-retorno-de-rocha-moya-al-gobierno-de-sinaloa\/#article","isPartOf":{"@id":"https:\/\/www.bbmnoticias.com\/labravaradiofm\/2026\/08\/21\/condena-oposicion-retorno-de-rocha-moya-al-gobierno-de-sinaloa\/"},"author":{"name":"Exc\u00e9lsior","@id":"https:\/\/www.bbmnoticias.com\/labravaradiofm\/#\/schema\/person\/92571928210861b7374edfc7068926ba"},"headline":"Segob informa que reincorporaci\u00f3n de Rub\u00e9n Rocha Moya al gobierno de Sinaloa responde a determinaci\u00f3n personal; FGR mantiene abiertas carpetas de investigaci\u00f3n","datePublished":"2026-08-21T21:54:43+00:00","dateModified":"2026-08-21T21:57:02+00:00","mainEntityOfPage":{"@id":"https:\/\/www.bbmnoticias.com\/labravaradiofm\/2026\/08\/21\/condena-oposicion-retorno-de-rocha-moya-al-gobierno-de-sinaloa\/"},"wordCount":170,"image":{"@id":"https:\/\/www.bbmnoticias.com\/condena-oposicion-retorno-de-rocha-moya-al-gobierno-de-sinaloa\/#primaryimage"},"thumbnailUrl":"https:\/\/www.bbmnoticias.com\/labravaradiofm\/wp-content\/uploads\/sites\/5\/2026\/08\/6a054bfc9fb7d.jpeg","articleSection":["LOCAL","NACIONAL"],"inLanguage":"es"},{"@type":"WebPage","@id":"https:\/\/www.bbmnoticias.com\/labravaradiofm\/2026\/08\/21\/condena-oposicion-retorno-de-rocha-moya-al-gobierno-de-sinaloa\/","url":"https:\/\/www.bbmnoticias.com\/condena-oposicion-retorno-de-rocha-moya-al-gobierno-de-sinaloa\/","name":"Segob informa que reincorporaci\u00f3n de Rub\u00e9n Rocha Moya al gobierno de Sinaloa responde a determinaci\u00f3n personal; FGR mantiene abiertas carpetas de investigaci\u00f3n - LA BRAVA RADIO","isPartOf":{"@id":"https:\/\/www.bbmnoticias.com\/labravaradiofm\/#website"},"primaryImageOfPage":{"@id":"https:\/\/www.bbmnoticias.com\/condena-oposicion-retorno-de-rocha-moya-al-gobierno-de-sinaloa\/#primaryimage"},"image":{"@id":"https:\/\/www.bbmnoticias.com\/condena-oposicion-retorno-de-rocha-moya-al-gobierno-de-sinaloa\/#primaryimage"},"thumbnailUrl":"https:\/\/www.bbmnoticias.com\/labravaradiofm\/wp-content\/uploads\/sites\/5\/2026\/08\/6a054bfc9fb7d.jpeg","datePublished":"2026-08-21T21:54:43+00:00","dateModified":"2026-08-21T21:57:02+00:00","author":{"@id":"https:\/\/www.bbmnoticias.com\/labravaradiofm\/#\/schema\/person\/92571928210861b7374edfc7068926ba"},"breadcrumb":{"@id":"https:\/\/www.bbmnoticias.com\/condena-oposicion-retorno-de-rocha-moya-al-gobierno-de-sinaloa\/#breadcrumb"},"inLanguage":"es","potentialAction":[{"@type":"ReadAction","target":["https:\/\/www.bbmnoticias.com\/condena-oposicion-retorno-de-rocha-moya-al-gobierno-de-sinaloa\/"]}]},{"@type":"ImageObject","inLanguage":"es","@id":"https:\/\/www.bbmnoticias.com\/condena-oposicion-retorno-de-rocha-moya-al-gobierno-de-sinaloa\/#primaryimage","url":"https:\/\/www.bbmnoticias.com\/labravaradiofm\/wp-content\/uploads\/sites\/5\/2026\/08\/6a054bfc9fb7d.jpeg","contentUrl":"https:\/\/www.bbmnoticias.com\/labravaradiofm\/wp-content\/uploads\/sites\/5\/2026\/08\/6a054bfc9fb7d.jpeg","width":813,"height":542},{"@type":"BreadcrumbList","@id":"https:\/\/www.bbmnoticias.com\/condena-oposicion-retorno-de-rocha-moya-al-gobierno-de-sinaloa\/#breadcrumb","itemListElement":[{"@type":"ListItem","position":1,"name":"Inicio","item":"https:\/\/www.bbmnoticias.com\/labravaradiofm\/"},{"@type":"ListItem","position":2,"name":"Segob informa que reincorporaci\u00f3n de Rub\u00e9n Rocha Moya al gobierno de Sinaloa responde a determinaci\u00f3n personal; FGR mantiene abiertas carpetas de investigaci\u00f3n"}]},{"@type":"WebSite","@id":"https:\/\/www.bbmnoticias.com\/labravaradiofm\/#website","url":"https:\/\/www.bbmnoticias.com\/labravaradiofm\/","name":"LA BRAVA RADIO","description":"Empresa productora de medios, Radiodifusi\u00f3n, Noticias, tendencias y todo lo que necesitas saber de la pol\u00edtica mexicana e internacional; entretenimiento, espect\u00e1culos, salud y mucho m\u00e1s.","potentialAction":[{"@type":"SearchAction","target":{"@type":"EntryPoint","urlTemplate":"https:\/\/www.bbmnoticias.com\/labravaradiofm\/?s={search_term_string}"},"query-input":{"@type":"PropertyValueSpecification","valueRequired":true,"valueName":"search_term_string"}}],"inLanguage":"es"},{"@type":"Person","@id":"https:\/\/www.bbmnoticias.com\/labravaradiofm\/#\/schema\/person\/92571928210861b7374edfc7068926ba","name":"Exc\u00e9lsior","image":{"@type":"ImageObject","inLanguage":"es","@id":"https:\/\/secure.gravatar.com\/avatar\/497265c4dbe1cd0e2f3f1b19aba0f5779c7f95d09e139a5b83c1ecd47b4e780d?s=96&d=mm&r=g","url":"https:\/\/secure.gravatar.com\/avatar\/497265c4dbe1cd0e2f3f1b19aba0f5779c7f95d09e139a5b83c1ecd47b4e780d?s=96&d=mm&r=g","contentUrl":"https:\/\/secure.gravatar.com\/avatar\/497265c4dbe1cd0e2f3f1b19aba0f5779c7f95d09e139a5b83c1ecd47b4e780d?s=96&d=mm&r=g","caption":"Exc\u00e9lsior"},"url":"https:\/\/www.bbmnoticias.com\/labravaradiofm\/author\/excelsior\/"}]}},"_links":{"self":[{"href":"https:\/\/www.bbmnoticias.com\/labravaradiofm\/wp-json\/wp\/v2\/posts\/80953","targetHints":{"allow":["GET"]}}],"collection":[{"href":"https:\/\/www.bbmnoticias.com\/labravaradiofm\/wp-json\/wp\/v2\/posts"}],"about":[{"href":"https:\/\/www.bbmnoticias.com\/labravaradiofm\/wp-json\/wp\/v2\/types\/post"}],"author":[{"embeddable":true,"href":"https:\/\/www.bbmnoticias.com\/labravaradiofm\/wp-json\/wp\/v2\/users\/8"}],"replies":[{"embeddable":true,"href":"https:\/\/www.bbmnoticias.com\/labravaradiofm\/wp-json\/wp\/v2\/comments?post=80953"}],"version-history":[{"count":2,"href":"https:\/\/www.bbmnoticias.com\/labravaradiofm\/wp-json\/wp\/v2\/posts\/80953\/revisions"}],"predecessor-version":[{"id":80956,"href":"https:\/\/www.bbmnoticias.com\/labravaradiofm\/wp-json\/wp\/v2\/posts\/80953\/revisions\/80956"}],"wp:featuredmedia":[{"embeddable":true,"href":"https:\/\/www.bbmnoticias.com\/labravaradiofm\/wp-json\/wp\/v2\/media\/80955"}],"wp:attachment":[{"href":"https:\/\/www.bbmnoticias.com\/labravaradiofm\/wp-json\/wp\/v2\/media?parent=80953"}],"wp:term":[{"taxonomy":"category","embeddable":true,"href":"https:\/\/www.bbmnoticias.com\/labravaradiofm\/wp-json\/wp\/v2\/categories?post=80953"},{"taxonomy":"post_tag","embeddable":true,"href":"https:\/\/www.bbmnoticias.com\/labravaradiofm\/wp-json\/wp\/v2\/tags?post=80953"}],"curies":[{"name":"wp","href":"https:\/\/api.w.org\/{rel}","templated":true}]}}