{"id":80949,"date":"2026-08-21T15:11:12","date_gmt":"2026-08-21T21:11:12","guid":{"rendered":"https:\/\/www.bbmnoticias.com\/labravaradiofm\/2026\/08\/21\/y-por-que-le-temen-al-coco-lejos-de-hacerle-un-mal-le-hicieron-un-bien-despertaron-al-leon-desmintio-que-va-por-una-alianza-del-pripanverde-pedro-botero\/"},"modified":"2026-08-21T15:11:19","modified_gmt":"2026-08-21T21:11:19","slug":"y-por-que-le-temen-al-coco-lejos-de-hacerle-un-mal-le-hicieron-un-bien-despertaron-al-leon-desmintio-que-va-por-una-alianza-del-pripanverde-pedro-botero","status":"publish","type":"post","link":"https:\/\/www.bbmnoticias.com\/labravaradiofm\/2026\/08\/21\/y-por-que-le-temen-al-coco-lejos-de-hacerle-un-mal-le-hicieron-un-bien-despertaron-al-leon-desmintio-que-va-por-una-alianza-del-pripanverde-pedro-botero\/","title":{"rendered":"\u00bfY por qu\u00e9 le temen al coco? *Lejos de hacerle un mal, le hicieron un bien\u201d\u00a0*Despertaron al Le\u00f3n\u00a0\u00a0*Desminti\u00f3 que va por una alianza del PRI,PAN,VERDE &#8211; Pedro Botero"},"content":{"rendered":"\n<p class=\"wp-block-paragraph\">Vaya ruido medi\u00e1tico provoc\u00f3 con su presencia en el CDE de Morena el \u201cHombre Leyenda\u201d <strong>Lic. Rodolfo \u201cCoco\u201d Le\u00f3n Arag\u00f3n<\/strong>. \u201c<strong>El tiro les sali\u00f3 por la culata\u201d, dice el sabio refr\u00e1n.&nbsp;<\/strong>&nbsp;<\/p>\n\n\n\n<p class=\"wp-block-paragraph\">Lejos de hacerle un mal, le hicieron un bien al <strong>\u201cHijo prodigo de Salina Cruz\u201d<\/strong>. La respuesta de los istme\u00f1os en brindarle su respaldo y apoyo en las redes sociales fue contundente.&nbsp;&nbsp;<\/p>\n\n\n\n<p class=\"wp-block-paragraph\">Un personaje tan importante por su trayectoria p\u00fablica\u2014sin duda\u2014es una figura destacada en pol\u00edtica. Ese personaje es el Lic. Coco Le\u00f3n.&nbsp;&nbsp;<\/p>\n\n\n\n<p class=\"wp-block-paragraph\"><strong>Escuchando en su potcast&nbsp; a la conductora de radio Esmeralda (La Yoya) Dominguez<\/strong>, en torno a la <strong>trayectoria del Lic. Le\u00f3n Arag\u00f3n<\/strong>, primero reconozco su trabajo de an\u00e1lisis de su persona. De hecho, el titulo de la <strong>columna \u00bfY por qu\u00e9 le temen al Coco?&#8230;<\/strong> es el titulo de su trabajo. <strong>Me voy a permitir reproducir su an\u00e1lisis de la colega Esmeralda<\/strong>, que me parecieron puntuales, exactos de lo que es COCO y del miedo que le tienen.&nbsp;<\/p>\n\n\n\n<p class=\"wp-block-paragraph\"><strong>Comillas de principio a fin:&nbsp;<\/strong>&nbsp;<\/p>\n\n\n\n<p class=\"wp-block-paragraph\"><em>\u201cVaya esc\u00e1ndalo pol\u00edtico el que se desat\u00f3 ayer alrededor de Rodolfo Le\u00f3n Arag\u00f3n. Cocole\u00f3n. Y quiz\u00e1 todo esto deber\u00eda servirnos tambi\u00e9n para reflexionar sobre lo sucio, la perversa que puede llegar a ser la pol\u00edtica cuando cae en manos de personas sin escr\u00fapulos, dispuestas a destruir la trayectoria y reputaci\u00f3n de alguien con tal de proteger intereses y aspiraciones.\u201d<\/em>&nbsp;<\/p>\n\n\n\n<p class=\"wp-block-paragraph\"><em>\u201cPero en medio de tanto ruido hay preguntas que inevitablemente surgen. \u00bfPor qu\u00e9 ahora? Cocole\u00f3n no apareci\u00f3 ayer en la vida p\u00fablica, tiene d\u00e9cadas de trayectoria profesional y pol\u00edtica, ha ocupado responsabilidades importantes y ha participado en distintos momentos de la vida p\u00fablica de nuestro pa\u00eds y de Salina Cruz. Entonces, \u00bfpor qu\u00e9 precisamente ahora resurgen viejos se\u00f1alamientos con semejante despliegue medi\u00e1tico? \u00bfPor qu\u00e9 de que le invirtieron, le invirtieron? \u00bfQui\u00e9n se est\u00e1 tomando tantas molestias? \u00bfA qui\u00e9n incomoda Cocole\u00f3n? \u00bfQu\u00e9 representa hoy para provocar semejante reacci\u00f3n? Hay algo que debemos tener muy en claro.\u201d<\/em>&nbsp;<\/p>\n\n\n\n<p class=\"wp-block-paragraph\"><em>\u201cUna acusaci\u00f3n, un se\u00f1alamiento o una publicaci\u00f3n period\u00edstica no equivalen por s\u00ed mismos a una sentencia de culpabilidad. Cada episodio tiene una historia completa. Qu\u00e9 se se\u00f1al\u00f3, qu\u00e9 se investig\u00f3, qu\u00e9 determinaron las autoridades y ocurri\u00f3 posteriormente\u201d.<\/em>&nbsp;<\/p>\n\n\n\n<p class=\"wp-block-paragraph\"><em>\u201cY por eso, lejos de esconder el pasado, hablemos del pasado, pero hablemos de todo el pasado. Porque tampoco se puede borrar de un plumazo la trayectoria profesional de un hombre que lleg\u00f3 a ocupar responsabilidades de gran relevancia y que ha formado parte de la historia p\u00fablica de Salina Cruz durante d\u00e9cadas. \u00bfY qui\u00e9nes son originarios de Salina Cruz? Pues tienen memoria, \u00bfno? Hay generaciones que lo conocieron, personas que trabajaron con \u00e9l, ciudadanos que lo vivieron y hombres y mujeres que tienen sus propias historias y testimonios sobre qui\u00e9n es Cocole\u00f3n.\u201d<\/em>&nbsp;<\/p>\n\n\n\n<p class=\"wp-block-paragraph\"><em>\u201c\u00bfY qu\u00e9 ha hecho por este puerto durante toda su vida? Esos testimonios tambi\u00e9n forman parte de la historia. Sus aciertos, sus errores, sus momentos dif\u00edciles, sus responsabilidades profesionales y todo aquello que construy\u00f3 durante d\u00e9cadas tambi\u00e9n forma parte de ella. Un esc\u00e1ndalo puede ocupar los titulares de un d\u00eda\u201d.<\/em>&nbsp;<\/p>\n\n\n\n<p class=\"wp-block-paragraph\"><em>\u201cUn legado construido durante toda una vida no puede borrarse con ellos. Y aqu\u00ed hay algo fundamental, mis queridos amigos, que no podemos perder de vista. No estamos hablando de un hombre pr\u00f3fugo que est\u00e9 escondido o huyendo de la justicia.\u201d<\/em>&nbsp;<\/p>\n\n\n\n<p class=\"wp-block-paragraph\"><em>\u201cEstamos hablando de una persona cuyo nombre apareci\u00f3 en distintos momentos de su vida profesional, dentro de investigaciones y se\u00f1alamientos que tuvieron su propio curso ante las autoridades y una cosa es aparecer mencionado o ser investigado y otra muy distinta ser declarado culpable. Si vamos a hablar de esos casos, entonces hablemos completo. Hablemos de qu\u00e9 se investig\u00f3, hablemos de qu\u00e9 resolvieron las autoridades, hablemos de qui\u00e9nes fueron encontrados responsables cuando as\u00ed ocurri\u00f3 y hablemos tambi\u00e9n de cu\u00e1l fue la situaci\u00f3n jur\u00eddica de Rodolfo Le\u00f3n Arag\u00f3n\u201d.<\/em>&nbsp;<\/p>\n\n\n\n<p class=\"wp-block-paragraph\"><em>Al concluir esos procesos, porque despu\u00e9s de aquellos episodios Coco continu\u00f3 su vida, s\u00ed, su vida p\u00fablica y pol\u00edtica. Ha podido ejercer sus derechos pol\u00edticos, ha participado nuevamente como candidato, lleg\u00f3 a ocupar la presidencia municipal de Salina Cruz, o sea, no es tan inhabilitado. Entonces, no presentemos hoy viejos se\u00f1alamientos como si una acusaci\u00f3n fuera sin\u00f3nimo de culpabilidad o como si estuvi\u00e9ramos frente a hechos que acaban de descubrirse.<\/em>&nbsp;<\/p>\n\n\n\n<p class=\"wp-block-paragraph\"><em>Por favor, la historia ya tuvo cap\u00edtulos posteriores y esos cap\u00edtulos tambi\u00e9n deben contarse. Por eso es muy f\u00e1cil dejarnos arrastrar por un titular, por el esc\u00e1ndalo, por el chisme o por una publicaci\u00f3n que recupera los fragmentos pol\u00e9micos de una historia sin detenernos a conocer c\u00f3mo terminaron. Y justamente ah\u00ed es donde quiero invitarte a pensar.<\/em>&nbsp;<\/p>\n\n\n\n<p class=\"wp-block-paragraph\"><em>No pretendo pedirte que defiendas a Coco, no pretendo imponerte una opini\u00f3n, mucho menos pedirte que ignores lo que se ha publicado. Yo quiero invitarte a investigar, pero a investigar la historia completa, porque Salina Cruz s\u00ed tiene memoria. Coco ya fue candidato, Coco ya fue presidente municipal, Coco sigui\u00f3 participando en la vida p\u00fablica despu\u00e9s de aquellos se\u00f1alamientos.<\/em>&nbsp;<\/p>\n\n\n\n<p class=\"wp-block-paragraph\"><em>Entonces, antes de condenar, pregunt\u00e9monos qu\u00e9 ocurri\u00f3 jur\u00eddicamente con aquellas acusaciones y por qu\u00e9 tantos a\u00f1os despu\u00e9s se pretende que un se\u00f1alamiento del pasado pese m\u00e1s que el desenlace de los propios casos y de toda una trayectoria. Es muy f\u00e1cil sumirnos en el esc\u00e1ndalo, compartir, se\u00f1alar, opinar ciegamente sin detenernos, analizar el contexto ni todo lo que est\u00e1 ocurriendo alrededor de nuestro puerto y de la pol\u00edtica en el Istmo de Tehuantepec, porque est\u00e1n ocurriendo much\u00edsimas cosas, mis amigos, se est\u00e1n moviendo piezas, se est\u00e1n tocando muchos intereses, se est\u00e1n definiendo proyectos y aspiraciones, y comienza esa guerra encarnizada llamada pol\u00edtica, esa que tantas veces aparece cuando llegan los tiempos y de las definiciones y determinados intereses comienzan a sentirse amenazados. Por eso, en estos momentos, es todav\u00eda m\u00e1s importante no permitir que el esc\u00e1ndalo sustituya los hechos.<\/em>&nbsp;<\/p>\n\n\n\n<p class=\"wp-block-paragraph\"><em>No te estoy diciendo qu\u00e9 pensar, \u00bfeh? No, estoy tratando de sembrar una opini\u00f3n en ti. Te estoy invitando a hacer algo mucho m\u00e1s poderoso. Pensar, investigar, cuestionar, conocer el contexto y escuchar la historia completa antes de juzgar a un hombre solamente por una parte de ella.<\/em>&nbsp;<\/p>\n\n\n\n<p class=\"wp-block-paragraph\"><em>Porque si vamos a hablar de Rodolfo Le\u00f3n Arag\u00f3n, si vamos a hablar de Cocole\u00f3n, hablemos de todo. De los se\u00f1alamientos, s\u00ed, pero tambi\u00e9n de lo que ocurri\u00f3 despu\u00e9s, de las resoluciones, de su trayectoria, de quienes lo conocieron, de quienes trabajaron con \u00e9l, de quienes tienen algo que contar. Hablemos de la historia completa y despu\u00e9s de conocerla, que cada quien piense, reflexione y saque sus propias conclusiones.<\/em>&nbsp;<\/p>\n\n\n\n<p class=\"wp-block-paragraph\"><em>Y recuerden, esto solo es un mensaje. Si vas a escribir en los comentarios, te recomiendo dar opiniones concretas respecto al caso. No me est\u00e1n pagando, no estoy recibiendo nada.<\/em>&nbsp;<\/p>\n\n\n\n<p class=\"wp-block-paragraph\"><em>Simplemente estoy analizando por qu\u00e9 de la noche a la ma\u00f1ana comenz\u00f3 esta persecuci\u00f3n. No se vale. Los que quieran participar, que participen.<\/em>&nbsp;<\/p>\n\n\n\n<p class=\"wp-block-paragraph\"><em>Los que quieran ganarse la voluntad del pueblo, que luchen por hacerlo. Pero no se vale hacer trampas. No se vale hacer esc\u00e1ndalos medi\u00e1ticos solamente para perjudicar.<\/em>&nbsp;<\/p>\n\n\n\n<p class=\"wp-block-paragraph\"><em>Y recuerden, si vas a escribir, si vas a atacar, ve directamente al mensaje. No al mensajero. Informo para Radio Pueblo, Esmeralda Dom\u00ednguez.<\/em>&nbsp;<\/p>\n\n\n\n<p class=\"wp-block-paragraph\">Hasta aqu\u00ed el trabajo de an\u00e1lisis de la colega <strong>Esmeralda Dominguez<\/strong>. Muy buen trabajo del perfil del <strong>\u201cHombre Leyenda\u201d.&nbsp;<\/strong>&nbsp;<\/p>\n\n\n\n<p class=\"wp-block-paragraph\">El ataque medi\u00e1tico premeditado y orquestado debi\u00f3 <strong>\u201csalirle un ojo de la cara\u201d.<\/strong> El costo econ\u00f3mico fue enorme. <strong>Mover los medios \u201cconvencionales\u201d dir\u00eda AMLO<\/strong>, no cuesta barato. La pregunta es \u00bfDe d\u00f3nde sali\u00f3 el recurso? Y \u00bfde parte de qui\u00e9n?&nbsp;<\/p>\n\n\n\n<p class=\"wp-block-paragraph\"><strong>La respuesta de JUAN PUEBLO fue igual o m\u00e1s contundente que el ataque<\/strong>\u2026sin un peso de inversi\u00f3n. Simplemente fue la respuesta de quienes conocen a Coco Le\u00f3n, su trayectoria y las investigaciones correspondientes llevadas a cabo por la autoridad competente. <strong>Caso juzgado.&nbsp;<\/strong>&nbsp;<\/p>\n\n\n\n<p class=\"wp-block-paragraph\"><strong>Fue tan contundente la respuesta de JUAN PUEBLO<\/strong>, que ahora no solo lo ven con los <strong>\u201ctama\u00f1os suficientes\u201d para gobernar su Salina Cruz,<\/strong> sino como gobernador de Oaxaca; y m\u00e1s en estos momentos <strong>de tanta INSEGURIDAD que vive la entidad. Despertaron al Le\u00f3n.&nbsp;<\/strong>&nbsp;<\/p>\n\n\n\n<p class=\"wp-block-paragraph\">El caso de Coco Le\u00f3n me recuerda aquellos a\u00f1os de inicio de los 90\u00b4cuando la ca\u00edda del LIDER PETROLERO Don Joaqu\u00edn Hern\u00e1ndez Galicia \u201cLa Quina\u201d&nbsp; y el encarcelamiento de <strong>Don Alfredo L\u00f3pez Ramos. El l\u00edder petrolero de la Secci\u00f3n 38 qued\u00f3 EXONERADO libre y directo, primero a la candidatura a la gubernatura y de all\u00ed&nbsp; a la PRESIDENCIA MUNICIPAL de Salina Cruz, como candidato del Partido del Frente Cardenista. As\u00ed se escribe la historia.&nbsp;<\/strong>&nbsp;<\/p>\n\n\n\n<p class=\"wp-block-paragraph\"><strong>Los temas de Coco Le\u00f3n est\u00e1n superados sin responsabilidad y sin culpa de delitos. Como dir\u00eda AMLO: \u201cVil politiquer\u00eda\u201d \u2026 y miedos porque les sali\u00f3 el COCO.&nbsp;<\/strong>&nbsp;<\/p>\n\n\n\n<p class=\"wp-block-paragraph\"><strong>Queda a esperar que dice quien ordena y gobierna en Oaxaca. El Verde, el PTEO y PAZ \u201cvelan armas\u201d.&nbsp;<\/strong>&nbsp;<\/p>\n\n\n\n<p class=\"wp-block-paragraph\"><strong>Y por otro lado, Rodolfo Le\u00f3n Arag\u00f3n DESMENTI\u00d3 lo trascendido<\/strong> en redes sociales de que ser\u00eda el candidato a la presidencia municipal de Salina Cruz por el <strong>PRI, PAN y VERDE. Totalmente falso.&nbsp;<\/strong>&nbsp;<\/p>\n\n\n\n<p class=\"wp-block-paragraph\"><strong>All\u00ed les hablan a los involucrados en orquestar el ataque a Coco Le\u00f3n. S\u00ed, a ustedes que est\u00e1n detr\u00e1s de todo ello.&nbsp;<\/strong>&nbsp;<\/p>\n\n\n\n<p class=\"wp-block-paragraph\"><strong>Por hoy es tocho. Recuerden, cuando el B\u00faho Canta el indio muere. Pd.- <\/strong>Felicidades a todos los que componemos la <strong>generaci\u00f3n 1971-1976 del Ilustre Instituto Veracruzano IIV<\/strong> (la famosa Prepa) del puerto de Veracruz, por su 50 Aniversario de egresados. Uff 50 a\u00f1os\u2026pareciera que fue ayer cuando disfrutamos de la mejor etapa de nuestra juventud.&nbsp; <strong>Enhorabuena y a divertirse hoy viernes y s\u00e1bado en el puerto jarocho. \u00a1\u00a1\u00a1All\u00ed nos vemos!!!&nbsp;<\/strong>&nbsp;<\/p>\n\n\n\n<p class=\"wp-block-paragraph\"><strong>Recuerde escucharnos en NOTICIEROS BBM NOTICIAS de lunes a viernes 06:00 a 09:00 hrs de lunes a viernes 106.5 FM XHSCCK LA BRAVA y en facebbok bbmnoticias Oaxaca&nbsp;<\/strong>&nbsp;<\/p>\n","protected":false},"excerpt":{"rendered":"<p>Vaya ruido medi\u00e1tico provoc\u00f3 con su presencia en el CDE de Morena el \u201cHombre Leyenda\u201d Lic. Rodolfo \u201cCoco\u201d Le\u00f3n Arag\u00f3n. \u201cEl tiro les sali\u00f3 por la culata\u201d, dice el sabio refr\u00e1n.&nbsp;&nbsp; Lejos de hacerle un mal, le hicieron un bien al \u201cHijo prodigo de Salina Cruz\u201d. La respuesta de los istme\u00f1os en brindarle su respaldo [&hellip;]<\/p>\n","protected":false},"author":18,"featured_media":80952,"comment_status":"closed","ping_status":"open","sticky":false,"template":"","format":"standard","meta":{"footnotes":""},"categories":[950,2,22],"tags":[],"class_list":["post-80949","post","type-post","status-publish","format-standard","has-post-thumbnail","hentry","category-el-canto-del-buho","category-oaxaca","category-opinion"],"yoast_head":"<!-- This site is optimized with the Yoast SEO plugin v28.1 - https:\/\/yoast.com\/product\/yoast-seo-wordpress\/ -->\n<title>\u00bfY por qu\u00e9 le temen al coco? *Lejos de hacerle un mal, le hicieron un bien\u201d\u00a0*Despertaron al Le\u00f3n\u00a0\u00a0*Desminti\u00f3 que va por una alianza del PRI,PAN,VERDE - Pedro Botero - LA BRAVA RADIO<\/title>\n<meta name=\"robots\" content=\"index, follow, max-snippet:-1, max-image-preview:large, max-video-preview:-1\" \/>\n<link rel=\"canonical\" href=\"https:\/\/www.bbmnoticias.com\/y-por-que-le-temen-al-coco-lejos-de-hacerle-un-mal-le-hicieron-un-bien-despertaron-al-leon-desmintio-que-va-por-una-alianza-del-pripanverde-pedro-botero\/\" \/>\n<meta property=\"og:locale\" content=\"es_MX\" \/>\n<meta property=\"og:type\" content=\"article\" \/>\n<meta property=\"og:title\" content=\"\u00bfY por qu\u00e9 le temen al coco? *Lejos de hacerle un mal, le hicieron un bien\u201d\u00a0*Despertaron al Le\u00f3n\u00a0\u00a0*Desminti\u00f3 que va por una alianza del PRI,PAN,VERDE - Pedro Botero - LA BRAVA RADIO\" \/>\n<meta property=\"og:description\" content=\"Vaya ruido medi\u00e1tico provoc\u00f3 con su presencia en el CDE de Morena el \u201cHombre Leyenda\u201d Lic. Rodolfo \u201cCoco\u201d Le\u00f3n Arag\u00f3n. \u201cEl tiro les sali\u00f3 por la culata\u201d, dice el sabio refr\u00e1n.&nbsp;&nbsp; Lejos de hacerle un mal, le hicieron un bien al \u201cHijo prodigo de Salina Cruz\u201d. La respuesta de los istme\u00f1os en brindarle su respaldo [&hellip;]\" \/>\n<meta property=\"og:url\" content=\"https:\/\/www.bbmnoticias.com\/y-por-que-le-temen-al-coco-lejos-de-hacerle-un-mal-le-hicieron-un-bien-despertaron-al-leon-desmintio-que-va-por-una-alianza-del-pripanverde-pedro-botero\/\" \/>\n<meta property=\"og:site_name\" content=\"LA BRAVA RADIO\" \/>\n<meta property=\"article:published_time\" content=\"2026-08-21T21:11:12+00:00\" \/>\n<meta property=\"article:modified_time\" content=\"2026-08-21T21:11:19+00:00\" \/>\n<meta property=\"og:image\" content=\"https:\/\/www.bbmnoticias.com\/labravaradiofm\/wp-content\/uploads\/sites\/5\/2026\/08\/elcanto21082026.jpg\" \/>\n\t<meta property=\"og:image:width\" content=\"750\" \/>\n\t<meta property=\"og:image:height\" content=\"415\" \/>\n\t<meta property=\"og:image:type\" content=\"image\/jpeg\" \/>\n<meta name=\"author\" content=\"Pedro Botero\" \/>\n<meta name=\"twitter:card\" content=\"summary_large_image\" \/>\n<meta name=\"twitter:label1\" content=\"Escrito por\" \/>\n\t<meta name=\"twitter:data1\" content=\"Pedro Botero\" \/>\n\t<meta name=\"twitter:label2\" content=\"Tiempo de lectura\" \/>\n\t<meta name=\"twitter:data2\" content=\"9 minutos\" \/>\n<script type=\"application\/ld+json\" class=\"yoast-schema-graph\">{\"@context\":\"https:\\\/\\\/schema.org\",\"@graph\":[{\"@type\":\"Article\",\"@id\":\"https:\\\/\\\/www.bbmnoticias.com\\\/y-por-que-le-temen-al-coco-lejos-de-hacerle-un-mal-le-hicieron-un-bien-despertaron-al-leon-desmintio-que-va-por-una-alianza-del-pripanverde-pedro-botero\\\/#article\",\"isPartOf\":{\"@id\":\"https:\\\/\\\/www.bbmnoticias.com\\\/labravaradiofm\\\/2026\\\/08\\\/21\\\/y-por-que-le-temen-al-coco-lejos-de-hacerle-un-mal-le-hicieron-un-bien-despertaron-al-leon-desmintio-que-va-por-una-alianza-del-pripanverde-pedro-botero\\\/\"},\"author\":{\"name\":\"Pedro Botero\",\"@id\":\"https:\\\/\\\/www.bbmnoticias.com\\\/labravaradiofm\\\/#\\\/schema\\\/person\\\/c841a04cc29e321ddfd55b1146c65c11\"},\"headline\":\"\u00bfY por qu\u00e9 le temen al coco? *Lejos de hacerle un mal, le hicieron un bien\u201d\u00a0*Despertaron al Le\u00f3n\u00a0\u00a0*Desminti\u00f3 que va por una alianza del PRI,PAN,VERDE &#8211; Pedro Botero\",\"datePublished\":\"2026-08-21T21:11:12+00:00\",\"dateModified\":\"2026-08-21T21:11:19+00:00\",\"mainEntityOfPage\":{\"@id\":\"https:\\\/\\\/www.bbmnoticias.com\\\/labravaradiofm\\\/2026\\\/08\\\/21\\\/y-por-que-le-temen-al-coco-lejos-de-hacerle-un-mal-le-hicieron-un-bien-despertaron-al-leon-desmintio-que-va-por-una-alianza-del-pripanverde-pedro-botero\\\/\"},\"wordCount\":1820,\"image\":{\"@id\":\"https:\\\/\\\/www.bbmnoticias.com\\\/y-por-que-le-temen-al-coco-lejos-de-hacerle-un-mal-le-hicieron-un-bien-despertaron-al-leon-desmintio-que-va-por-una-alianza-del-pripanverde-pedro-botero\\\/#primaryimage\"},\"thumbnailUrl\":\"https:\\\/\\\/www.bbmnoticias.com\\\/labravaradiofm\\\/wp-content\\\/uploads\\\/sites\\\/5\\\/2026\\\/08\\\/elcanto21082026.jpg\",\"articleSection\":[\"EL CANTO DEL B\u00daHO\",\"LOCAL\",\"OPINI\u00d3N\"],\"inLanguage\":\"es\"},{\"@type\":\"WebPage\",\"@id\":\"https:\\\/\\\/www.bbmnoticias.com\\\/labravaradiofm\\\/2026\\\/08\\\/21\\\/y-por-que-le-temen-al-coco-lejos-de-hacerle-un-mal-le-hicieron-un-bien-despertaron-al-leon-desmintio-que-va-por-una-alianza-del-pripanverde-pedro-botero\\\/\",\"url\":\"https:\\\/\\\/www.bbmnoticias.com\\\/y-por-que-le-temen-al-coco-lejos-de-hacerle-un-mal-le-hicieron-un-bien-despertaron-al-leon-desmintio-que-va-por-una-alianza-del-pripanverde-pedro-botero\\\/\",\"name\":\"\u00bfY por qu\u00e9 le temen al coco? *Lejos de hacerle un mal, le hicieron un bien\u201d\u00a0*Despertaron al Le\u00f3n\u00a0\u00a0*Desminti\u00f3 que va por una alianza del PRI,PAN,VERDE - Pedro Botero - LA BRAVA RADIO\",\"isPartOf\":{\"@id\":\"https:\\\/\\\/www.bbmnoticias.com\\\/labravaradiofm\\\/#website\"},\"primaryImageOfPage\":{\"@id\":\"https:\\\/\\\/www.bbmnoticias.com\\\/y-por-que-le-temen-al-coco-lejos-de-hacerle-un-mal-le-hicieron-un-bien-despertaron-al-leon-desmintio-que-va-por-una-alianza-del-pripanverde-pedro-botero\\\/#primaryimage\"},\"image\":{\"@id\":\"https:\\\/\\\/www.bbmnoticias.com\\\/y-por-que-le-temen-al-coco-lejos-de-hacerle-un-mal-le-hicieron-un-bien-despertaron-al-leon-desmintio-que-va-por-una-alianza-del-pripanverde-pedro-botero\\\/#primaryimage\"},\"thumbnailUrl\":\"https:\\\/\\\/www.bbmnoticias.com\\\/labravaradiofm\\\/wp-content\\\/uploads\\\/sites\\\/5\\\/2026\\\/08\\\/elcanto21082026.jpg\",\"datePublished\":\"2026-08-21T21:11:12+00:00\",\"dateModified\":\"2026-08-21T21:11:19+00:00\",\"author\":{\"@id\":\"https:\\\/\\\/www.bbmnoticias.com\\\/labravaradiofm\\\/#\\\/schema\\\/person\\\/c841a04cc29e321ddfd55b1146c65c11\"},\"breadcrumb\":{\"@id\":\"https:\\\/\\\/www.bbmnoticias.com\\\/y-por-que-le-temen-al-coco-lejos-de-hacerle-un-mal-le-hicieron-un-bien-despertaron-al-leon-desmintio-que-va-por-una-alianza-del-pripanverde-pedro-botero\\\/#breadcrumb\"},\"inLanguage\":\"es\",\"potentialAction\":[{\"@type\":\"ReadAction\",\"target\":[\"https:\\\/\\\/www.bbmnoticias.com\\\/y-por-que-le-temen-al-coco-lejos-de-hacerle-un-mal-le-hicieron-un-bien-despertaron-al-leon-desmintio-que-va-por-una-alianza-del-pripanverde-pedro-botero\\\/\"]}]},{\"@type\":\"ImageObject\",\"inLanguage\":\"es\",\"@id\":\"https:\\\/\\\/www.bbmnoticias.com\\\/y-por-que-le-temen-al-coco-lejos-de-hacerle-un-mal-le-hicieron-un-bien-despertaron-al-leon-desmintio-que-va-por-una-alianza-del-pripanverde-pedro-botero\\\/#primaryimage\",\"url\":\"https:\\\/\\\/www.bbmnoticias.com\\\/labravaradiofm\\\/wp-content\\\/uploads\\\/sites\\\/5\\\/2026\\\/08\\\/elcanto21082026.jpg\",\"contentUrl\":\"https:\\\/\\\/www.bbmnoticias.com\\\/labravaradiofm\\\/wp-content\\\/uploads\\\/sites\\\/5\\\/2026\\\/08\\\/elcanto21082026.jpg\",\"width\":750,\"height\":415},{\"@type\":\"BreadcrumbList\",\"@id\":\"https:\\\/\\\/www.bbmnoticias.com\\\/y-por-que-le-temen-al-coco-lejos-de-hacerle-un-mal-le-hicieron-un-bien-despertaron-al-leon-desmintio-que-va-por-una-alianza-del-pripanverde-pedro-botero\\\/#breadcrumb\",\"itemListElement\":[{\"@type\":\"ListItem\",\"position\":1,\"name\":\"Inicio\",\"item\":\"https:\\\/\\\/www.bbmnoticias.com\\\/labravaradiofm\\\/\"},{\"@type\":\"ListItem\",\"position\":2,\"name\":\"\u00bfY por qu\u00e9 le temen al coco? *Lejos de hacerle un mal, le hicieron un bien\u201d\u00a0*Despertaron al Le\u00f3n\u00a0\u00a0*Desminti\u00f3 que va por una alianza del PRI,PAN,VERDE &#8211; Pedro Botero\"}]},{\"@type\":\"WebSite\",\"@id\":\"https:\\\/\\\/www.bbmnoticias.com\\\/labravaradiofm\\\/#website\",\"url\":\"https:\\\/\\\/www.bbmnoticias.com\\\/labravaradiofm\\\/\",\"name\":\"LA BRAVA RADIO\",\"description\":\"Empresa productora de medios, Radiodifusi\u00f3n, Noticias, tendencias y todo lo que necesitas saber de la pol\u00edtica mexicana e internacional; entretenimiento, espect\u00e1culos, salud y mucho m\u00e1s.\",\"potentialAction\":[{\"@type\":\"SearchAction\",\"target\":{\"@type\":\"EntryPoint\",\"urlTemplate\":\"https:\\\/\\\/www.bbmnoticias.com\\\/labravaradiofm\\\/?s={search_term_string}\"},\"query-input\":{\"@type\":\"PropertyValueSpecification\",\"valueRequired\":true,\"valueName\":\"search_term_string\"}}],\"inLanguage\":\"es\"},{\"@type\":\"Person\",\"@id\":\"https:\\\/\\\/www.bbmnoticias.com\\\/labravaradiofm\\\/#\\\/schema\\\/person\\\/c841a04cc29e321ddfd55b1146c65c11\",\"name\":\"Pedro Botero\",\"image\":{\"@type\":\"ImageObject\",\"inLanguage\":\"es\",\"@id\":\"https:\\\/\\\/secure.gravatar.com\\\/avatar\\\/3e1604f74223697b158b4f0509f030050c1609806bd1c24b9ac5d9759b30b353?s=96&d=mm&r=g\",\"url\":\"https:\\\/\\\/secure.gravatar.com\\\/avatar\\\/3e1604f74223697b158b4f0509f030050c1609806bd1c24b9ac5d9759b30b353?s=96&d=mm&r=g\",\"contentUrl\":\"https:\\\/\\\/secure.gravatar.com\\\/avatar\\\/3e1604f74223697b158b4f0509f030050c1609806bd1c24b9ac5d9759b30b353?s=96&d=mm&r=g\",\"caption\":\"Pedro Botero\"},\"sameAs\":[\"http:\\\/\\\/www.bbmnoticias.com\"],\"url\":\"https:\\\/\\\/www.bbmnoticias.com\\\/labravaradiofm\\\/author\\\/pedrobotero\\\/\"}]}<\/script>\n<!-- \/ Yoast SEO plugin. -->","yoast_head_json":{"title":"\u00bfY por qu\u00e9 le temen al coco? *Lejos de hacerle un mal, le hicieron un bien\u201d\u00a0*Despertaron al Le\u00f3n\u00a0\u00a0*Desminti\u00f3 que va por una alianza del PRI,PAN,VERDE - Pedro Botero - LA BRAVA RADIO","robots":{"index":"index","follow":"follow","max-snippet":"max-snippet:-1","max-image-preview":"max-image-preview:large","max-video-preview":"max-video-preview:-1"},"canonical":"https:\/\/www.bbmnoticias.com\/y-por-que-le-temen-al-coco-lejos-de-hacerle-un-mal-le-hicieron-un-bien-despertaron-al-leon-desmintio-que-va-por-una-alianza-del-pripanverde-pedro-botero\/","og_locale":"es_MX","og_type":"article","og_title":"\u00bfY por qu\u00e9 le temen al coco? *Lejos de hacerle un mal, le hicieron un bien\u201d\u00a0*Despertaron al Le\u00f3n\u00a0\u00a0*Desminti\u00f3 que va por una alianza del PRI,PAN,VERDE - Pedro Botero - LA BRAVA RADIO","og_description":"Vaya ruido medi\u00e1tico provoc\u00f3 con su presencia en el CDE de Morena el \u201cHombre Leyenda\u201d Lic. Rodolfo \u201cCoco\u201d Le\u00f3n Arag\u00f3n. \u201cEl tiro les sali\u00f3 por la culata\u201d, dice el sabio refr\u00e1n.&nbsp;&nbsp; Lejos de hacerle un mal, le hicieron un bien al \u201cHijo prodigo de Salina Cruz\u201d. La respuesta de los istme\u00f1os en brindarle su respaldo [&hellip;]","og_url":"https:\/\/www.bbmnoticias.com\/y-por-que-le-temen-al-coco-lejos-de-hacerle-un-mal-le-hicieron-un-bien-despertaron-al-leon-desmintio-que-va-por-una-alianza-del-pripanverde-pedro-botero\/","og_site_name":"LA BRAVA RADIO","article_published_time":"2026-08-21T21:11:12+00:00","article_modified_time":"2026-08-21T21:11:19+00:00","og_image":[{"width":750,"height":415,"url":"https:\/\/www.bbmnoticias.com\/labravaradiofm\/wp-content\/uploads\/sites\/5\/2026\/08\/elcanto21082026.jpg","type":"image\/jpeg"}],"author":"Pedro Botero","twitter_card":"summary_large_image","twitter_misc":{"Escrito por":"Pedro Botero","Tiempo de lectura":"9 minutos"},"schema":{"@context":"https:\/\/schema.org","@graph":[{"@type":"Article","@id":"https:\/\/www.bbmnoticias.com\/y-por-que-le-temen-al-coco-lejos-de-hacerle-un-mal-le-hicieron-un-bien-despertaron-al-leon-desmintio-que-va-por-una-alianza-del-pripanverde-pedro-botero\/#article","isPartOf":{"@id":"https:\/\/www.bbmnoticias.com\/labravaradiofm\/2026\/08\/21\/y-por-que-le-temen-al-coco-lejos-de-hacerle-un-mal-le-hicieron-un-bien-despertaron-al-leon-desmintio-que-va-por-una-alianza-del-pripanverde-pedro-botero\/"},"author":{"name":"Pedro Botero","@id":"https:\/\/www.bbmnoticias.com\/labravaradiofm\/#\/schema\/person\/c841a04cc29e321ddfd55b1146c65c11"},"headline":"\u00bfY por qu\u00e9 le temen al coco? *Lejos de hacerle un mal, le hicieron un bien\u201d\u00a0*Despertaron al Le\u00f3n\u00a0\u00a0*Desminti\u00f3 que va por una alianza del PRI,PAN,VERDE &#8211; Pedro Botero","datePublished":"2026-08-21T21:11:12+00:00","dateModified":"2026-08-21T21:11:19+00:00","mainEntityOfPage":{"@id":"https:\/\/www.bbmnoticias.com\/labravaradiofm\/2026\/08\/21\/y-por-que-le-temen-al-coco-lejos-de-hacerle-un-mal-le-hicieron-un-bien-despertaron-al-leon-desmintio-que-va-por-una-alianza-del-pripanverde-pedro-botero\/"},"wordCount":1820,"image":{"@id":"https:\/\/www.bbmnoticias.com\/y-por-que-le-temen-al-coco-lejos-de-hacerle-un-mal-le-hicieron-un-bien-despertaron-al-leon-desmintio-que-va-por-una-alianza-del-pripanverde-pedro-botero\/#primaryimage"},"thumbnailUrl":"https:\/\/www.bbmnoticias.com\/labravaradiofm\/wp-content\/uploads\/sites\/5\/2026\/08\/elcanto21082026.jpg","articleSection":["EL CANTO DEL B\u00daHO","LOCAL","OPINI\u00d3N"],"inLanguage":"es"},{"@type":"WebPage","@id":"https:\/\/www.bbmnoticias.com\/labravaradiofm\/2026\/08\/21\/y-por-que-le-temen-al-coco-lejos-de-hacerle-un-mal-le-hicieron-un-bien-despertaron-al-leon-desmintio-que-va-por-una-alianza-del-pripanverde-pedro-botero\/","url":"https:\/\/www.bbmnoticias.com\/y-por-que-le-temen-al-coco-lejos-de-hacerle-un-mal-le-hicieron-un-bien-despertaron-al-leon-desmintio-que-va-por-una-alianza-del-pripanverde-pedro-botero\/","name":"\u00bfY por qu\u00e9 le temen al coco? *Lejos de hacerle un mal, le hicieron un bien\u201d\u00a0*Despertaron al Le\u00f3n\u00a0\u00a0*Desminti\u00f3 que va por una alianza del PRI,PAN,VERDE - Pedro Botero - LA BRAVA RADIO","isPartOf":{"@id":"https:\/\/www.bbmnoticias.com\/labravaradiofm\/#website"},"primaryImageOfPage":{"@id":"https:\/\/www.bbmnoticias.com\/y-por-que-le-temen-al-coco-lejos-de-hacerle-un-mal-le-hicieron-un-bien-despertaron-al-leon-desmintio-que-va-por-una-alianza-del-pripanverde-pedro-botero\/#primaryimage"},"image":{"@id":"https:\/\/www.bbmnoticias.com\/y-por-que-le-temen-al-coco-lejos-de-hacerle-un-mal-le-hicieron-un-bien-despertaron-al-leon-desmintio-que-va-por-una-alianza-del-pripanverde-pedro-botero\/#primaryimage"},"thumbnailUrl":"https:\/\/www.bbmnoticias.com\/labravaradiofm\/wp-content\/uploads\/sites\/5\/2026\/08\/elcanto21082026.jpg","datePublished":"2026-08-21T21:11:12+00:00","dateModified":"2026-08-21T21:11:19+00:00","author":{"@id":"https:\/\/www.bbmnoticias.com\/labravaradiofm\/#\/schema\/person\/c841a04cc29e321ddfd55b1146c65c11"},"breadcrumb":{"@id":"https:\/\/www.bbmnoticias.com\/y-por-que-le-temen-al-coco-lejos-de-hacerle-un-mal-le-hicieron-un-bien-despertaron-al-leon-desmintio-que-va-por-una-alianza-del-pripanverde-pedro-botero\/#breadcrumb"},"inLanguage":"es","potentialAction":[{"@type":"ReadAction","target":["https:\/\/www.bbmnoticias.com\/y-por-que-le-temen-al-coco-lejos-de-hacerle-un-mal-le-hicieron-un-bien-despertaron-al-leon-desmintio-que-va-por-una-alianza-del-pripanverde-pedro-botero\/"]}]},{"@type":"ImageObject","inLanguage":"es","@id":"https:\/\/www.bbmnoticias.com\/y-por-que-le-temen-al-coco-lejos-de-hacerle-un-mal-le-hicieron-un-bien-despertaron-al-leon-desmintio-que-va-por-una-alianza-del-pripanverde-pedro-botero\/#primaryimage","url":"https:\/\/www.bbmnoticias.com\/labravaradiofm\/wp-content\/uploads\/sites\/5\/2026\/08\/elcanto21082026.jpg","contentUrl":"https:\/\/www.bbmnoticias.com\/labravaradiofm\/wp-content\/uploads\/sites\/5\/2026\/08\/elcanto21082026.jpg","width":750,"height":415},{"@type":"BreadcrumbList","@id":"https:\/\/www.bbmnoticias.com\/y-por-que-le-temen-al-coco-lejos-de-hacerle-un-mal-le-hicieron-un-bien-despertaron-al-leon-desmintio-que-va-por-una-alianza-del-pripanverde-pedro-botero\/#breadcrumb","itemListElement":[{"@type":"ListItem","position":1,"name":"Inicio","item":"https:\/\/www.bbmnoticias.com\/labravaradiofm\/"},{"@type":"ListItem","position":2,"name":"\u00bfY por qu\u00e9 le temen al coco? *Lejos de hacerle un mal, le hicieron un bien\u201d\u00a0*Despertaron al Le\u00f3n\u00a0\u00a0*Desminti\u00f3 que va por una alianza del PRI,PAN,VERDE &#8211; Pedro Botero"}]},{"@type":"WebSite","@id":"https:\/\/www.bbmnoticias.com\/labravaradiofm\/#website","url":"https:\/\/www.bbmnoticias.com\/labravaradiofm\/","name":"LA BRAVA RADIO","description":"Empresa productora de medios, Radiodifusi\u00f3n, Noticias, tendencias y todo lo que necesitas saber de la pol\u00edtica mexicana e internacional; entretenimiento, espect\u00e1culos, salud y mucho m\u00e1s.","potentialAction":[{"@type":"SearchAction","target":{"@type":"EntryPoint","urlTemplate":"https:\/\/www.bbmnoticias.com\/labravaradiofm\/?s={search_term_string}"},"query-input":{"@type":"PropertyValueSpecification","valueRequired":true,"valueName":"search_term_string"}}],"inLanguage":"es"},{"@type":"Person","@id":"https:\/\/www.bbmnoticias.com\/labravaradiofm\/#\/schema\/person\/c841a04cc29e321ddfd55b1146c65c11","name":"Pedro Botero","image":{"@type":"ImageObject","inLanguage":"es","@id":"https:\/\/secure.gravatar.com\/avatar\/3e1604f74223697b158b4f0509f030050c1609806bd1c24b9ac5d9759b30b353?s=96&d=mm&r=g","url":"https:\/\/secure.gravatar.com\/avatar\/3e1604f74223697b158b4f0509f030050c1609806bd1c24b9ac5d9759b30b353?s=96&d=mm&r=g","contentUrl":"https:\/\/secure.gravatar.com\/avatar\/3e1604f74223697b158b4f0509f030050c1609806bd1c24b9ac5d9759b30b353?s=96&d=mm&r=g","caption":"Pedro Botero"},"sameAs":["http:\/\/www.bbmnoticias.com"],"url":"https:\/\/www.bbmnoticias.com\/labravaradiofm\/author\/pedrobotero\/"}]}},"_links":{"self":[{"href":"https:\/\/www.bbmnoticias.com\/labravaradiofm\/wp-json\/wp\/v2\/posts\/80949","targetHints":{"allow":["GET"]}}],"collection":[{"href":"https:\/\/www.bbmnoticias.com\/labravaradiofm\/wp-json\/wp\/v2\/posts"}],"about":[{"href":"https:\/\/www.bbmnoticias.com\/labravaradiofm\/wp-json\/wp\/v2\/types\/post"}],"author":[{"embeddable":true,"href":"https:\/\/www.bbmnoticias.com\/labravaradiofm\/wp-json\/wp\/v2\/users\/18"}],"replies":[{"embeddable":true,"href":"https:\/\/www.bbmnoticias.com\/labravaradiofm\/wp-json\/wp\/v2\/comments?post=80949"}],"version-history":[{"count":1,"href":"https:\/\/www.bbmnoticias.com\/labravaradiofm\/wp-json\/wp\/v2\/posts\/80949\/revisions"}],"predecessor-version":[{"id":80950,"href":"https:\/\/www.bbmnoticias.com\/labravaradiofm\/wp-json\/wp\/v2\/posts\/80949\/revisions\/80950"}],"wp:featuredmedia":[{"embeddable":true,"href":"https:\/\/www.bbmnoticias.com\/labravaradiofm\/wp-json\/wp\/v2\/media\/80952"}],"wp:attachment":[{"href":"https:\/\/www.bbmnoticias.com\/labravaradiofm\/wp-json\/wp\/v2\/media?parent=80949"}],"wp:term":[{"taxonomy":"category","embeddable":true,"href":"https:\/\/www.bbmnoticias.com\/labravaradiofm\/wp-json\/wp\/v2\/categories?post=80949"},{"taxonomy":"post_tag","embeddable":true,"href":"https:\/\/www.bbmnoticias.com\/labravaradiofm\/wp-json\/wp\/v2\/tags?post=80949"}],"curies":[{"name":"wp","href":"https:\/\/api.w.org\/{rel}","templated":true}]}}