{"id":80943,"date":"2026-08-21T13:39:25","date_gmt":"2026-08-21T19:39:25","guid":{"rendered":"https:\/\/www.bbmnoticias.com\/labravaradiofm\/2026\/08\/21\/oaxaca-en-condiciones-y-con-apertura-a-las-inversiones-salomon-jara\/"},"modified":"2026-08-21T13:39:29","modified_gmt":"2026-08-21T19:39:29","slug":"oaxaca-en-condiciones-y-con-apertura-a-las-inversiones-salomon-jara","status":"publish","type":"post","link":"https:\/\/www.bbmnoticias.com\/labravaradiofm\/2026\/08\/21\/oaxaca-en-condiciones-y-con-apertura-a-las-inversiones-salomon-jara\/","title":{"rendered":"Oaxaca, en condiciones y con apertura a las inversiones: Salom\u00f3n Jara"},"content":{"rendered":"\n<p class=\"wp-block-paragraph\"><strong>Oaxaca<\/strong> se posiciona como una entidad que brinda seguridad y estabilidad econ\u00f3mica, prueba de ello, es la inauguraci\u00f3n de una <strong>nueva tienda Chedraui,<\/strong> sobre la carretera federal 190, en la <strong>Agencia de Santa Rosa Panzacola<\/strong>, de la ciudad capital.<\/p>\n\n\n\n<p class=\"wp-block-paragraph\">Ante el subdirector regional de <strong>Grupo Chedraui,<\/strong> Luis Alejandro Jim\u00e9nez Mora, el <strong>gobernador Salom\u00f3n Jara Cruz <\/strong>indic\u00f3 que la apertura de esta tienda tendr\u00e1 un significativo impacto para las familias de la capital, ya que generar\u00e1 267 <strong>empleos directos<\/strong> y 178 indirectos.<\/p>\n\n\n\n<blockquote class=\"wp-block-quote is-layout-flow wp-block-quote-is-layout-flow\">\n<p class=\"wp-block-paragraph\">Esto significa oportunidades para cientos de familias y un nuevo impulso para la econom\u00eda de nuestra ciudad. Agradecemos profundamente la confianza que hoy depositan en <strong>Oaxaca<\/strong>, esta apertura demuestra que la entidad est\u00e1 abierta a la <strong>inversi\u00f3n<\/strong>\u201d, afirm\u00f3.<\/p>\n<\/blockquote>\n\n\n\n<p class=\"wp-block-paragraph\">Dijo que la <strong>Primavera Oaxaque\u00f1a <\/strong>acompa\u00f1a los proyectos, genera condiciones de certeza y trabaja de manera coordinada con municipios y el sector empresarial, porque al llegar una <strong>inversi\u00f3n<\/strong> gana la empresa; pero tambi\u00e9n las y los trabajadores, sus familias, los proveedores y, en consecuencia, gana<strong> Oaxaca<\/strong>.<\/p>\n\n\n\n<p class=\"wp-block-paragraph\">El secretario de Desarrollo Econ\u00f3mico, Ra\u00fal Ruiz Robles mencion\u00f3 que en <strong>Oaxaca <\/strong>hay voluntad y toda la disposici\u00f3n para trabajar coordinadamente en la promoci\u00f3n de inversiones, mediante la activa capacidad de cercan\u00eda, di\u00e1logo y resoluci\u00f3n para generar condiciones que sean sin\u00f3nimos de progreso.<\/p>\n\n\n\n<p class=\"wp-block-paragraph\">El subdirector de <strong>Grupo Chedraui,<\/strong> Luis Alejandro Jim\u00e9nez Mora afirm\u00f3 que la estabilidad que hoy existe en la entidad, brinda certeza al empresariado, \u201creconocemos que somos muy afortunados, el mayor crecimiento del sur, son nuestras tiendas instaladas en Oaxaca, eso habla muy bien del trabajo del actual <strong>Gobierno<\/strong>\u201d.<\/p>\n\n\n\n<p class=\"wp-block-paragraph\">El empresario asegur\u00f3: \u201csentimos que, sin <strong>Oaxaca<\/strong> Chedraui no ser\u00eda la empresa que a nivel nacional hoy es, \u00a1Gracias <strong>Oaxaca<\/strong>!\u201d.<\/p>\n\n\n\n<p class=\"wp-block-paragraph\">Indic\u00f3 que actualmente, m\u00e1s de 100 productos oaxaque\u00f1os est\u00e1n en sus anaqueles distribuidos en diversas entidades de la Rep\u00fablica, muchos de ellos, tambi\u00e9n susceptibles para poder ser exportados a las tiendas de esta cadena ubicadas en <strong>Estados Unidos<\/strong>. Este establecimiento es el doceavo en toda la entidad y representa una inversi\u00f3n privada de m\u00e1s de 157.6 millones de pesos.<\/p>\n","protected":false},"excerpt":{"rendered":"<p>Oaxaca se posiciona como una entidad que brinda seguridad y estabilidad econ\u00f3mica, prueba de ello, es la inauguraci\u00f3n de una nueva tienda Chedraui, sobre la carretera federal 190, en la Agencia de Santa Rosa Panzacola, de la ciudad capital. Ante el subdirector regional de Grupo Chedraui, Luis Alejandro Jim\u00e9nez Mora, el gobernador Salom\u00f3n Jara Cruz [&hellip;]<\/p>\n","protected":false},"author":15,"featured_media":80945,"comment_status":"closed","ping_status":"open","sticky":false,"template":"","format":"standard","meta":{"footnotes":""},"categories":[2,19],"tags":[],"class_list":["post-80943","post","type-post","status-publish","format-standard","has-post-thumbnail","hentry","category-oaxaca","category-nacional"],"yoast_head":"<!-- This site is optimized with the Yoast SEO plugin v28.1 - https:\/\/yoast.com\/product\/yoast-seo-wordpress\/ -->\n<title>Oaxaca, en condiciones y con apertura a las inversiones: Salom\u00f3n Jara - LA BRAVA RADIO<\/title>\n<meta name=\"robots\" content=\"index, follow, max-snippet:-1, max-image-preview:large, max-video-preview:-1\" \/>\n<link rel=\"canonical\" href=\"https:\/\/www.bbmnoticias.com\/oaxaca-en-condiciones-y-con-apertura-a-las-inversiones-salomon-jara\/\" \/>\n<meta property=\"og:locale\" content=\"es_MX\" \/>\n<meta property=\"og:type\" content=\"article\" \/>\n<meta property=\"og:title\" content=\"Oaxaca, en condiciones y con apertura a las inversiones: Salom\u00f3n Jara - LA BRAVA RADIO\" \/>\n<meta property=\"og:description\" content=\"Oaxaca se posiciona como una entidad que brinda seguridad y estabilidad econ\u00f3mica, prueba de ello, es la inauguraci\u00f3n de una nueva tienda Chedraui, sobre la carretera federal 190, en la Agencia de Santa Rosa Panzacola, de la ciudad capital. Ante el subdirector regional de Grupo Chedraui, Luis Alejandro Jim\u00e9nez Mora, el gobernador Salom\u00f3n Jara Cruz [&hellip;]\" \/>\n<meta property=\"og:url\" content=\"https:\/\/www.bbmnoticias.com\/oaxaca-en-condiciones-y-con-apertura-a-las-inversiones-salomon-jara\/\" \/>\n<meta property=\"og:site_name\" content=\"LA BRAVA RADIO\" \/>\n<meta property=\"article:published_time\" content=\"2026-08-21T19:39:25+00:00\" \/>\n<meta property=\"article:modified_time\" content=\"2026-08-21T19:39:29+00:00\" \/>\n<meta property=\"og:image\" content=\"https:\/\/www.bbmnoticias.com\/labravaradiofm\/wp-content\/uploads\/sites\/5\/2026\/08\/Oaxaca-se-posissiona-en-el-mercado.jpg\" \/>\n\t<meta property=\"og:image:width\" content=\"743\" \/>\n\t<meta property=\"og:image:height\" content=\"409\" \/>\n\t<meta property=\"og:image:type\" content=\"image\/jpeg\" \/>\n<meta name=\"author\" content=\"El Heraldo\" \/>\n<meta name=\"twitter:card\" content=\"summary_large_image\" \/>\n<meta name=\"twitter:label1\" content=\"Escrito por\" \/>\n\t<meta name=\"twitter:data1\" content=\"El Heraldo\" \/>\n\t<meta name=\"twitter:label2\" content=\"Tiempo de lectura\" \/>\n\t<meta name=\"twitter:data2\" content=\"2 minutos\" \/>\n<script type=\"application\/ld+json\" class=\"yoast-schema-graph\">{\"@context\":\"https:\\\/\\\/schema.org\",\"@graph\":[{\"@type\":\"Article\",\"@id\":\"https:\\\/\\\/www.bbmnoticias.com\\\/oaxaca-en-condiciones-y-con-apertura-a-las-inversiones-salomon-jara\\\/#article\",\"isPartOf\":{\"@id\":\"https:\\\/\\\/www.bbmnoticias.com\\\/labravaradiofm\\\/2026\\\/08\\\/21\\\/oaxaca-en-condiciones-y-con-apertura-a-las-inversiones-salomon-jara\\\/\"},\"author\":{\"name\":\"El Heraldo\",\"@id\":\"https:\\\/\\\/www.bbmnoticias.com\\\/labravaradiofm\\\/#\\\/schema\\\/person\\\/32f1fc7382033a43789e6a250ee81243\"},\"headline\":\"Oaxaca, en condiciones y con apertura a las inversiones: Salom\u00f3n Jara\",\"datePublished\":\"2026-08-21T19:39:25+00:00\",\"dateModified\":\"2026-08-21T19:39:29+00:00\",\"mainEntityOfPage\":{\"@id\":\"https:\\\/\\\/www.bbmnoticias.com\\\/labravaradiofm\\\/2026\\\/08\\\/21\\\/oaxaca-en-condiciones-y-con-apertura-a-las-inversiones-salomon-jara\\\/\"},\"wordCount\":369,\"image\":{\"@id\":\"https:\\\/\\\/www.bbmnoticias.com\\\/oaxaca-en-condiciones-y-con-apertura-a-las-inversiones-salomon-jara\\\/#primaryimage\"},\"thumbnailUrl\":\"https:\\\/\\\/www.bbmnoticias.com\\\/labravaradiofm\\\/wp-content\\\/uploads\\\/sites\\\/5\\\/2026\\\/08\\\/Oaxaca-se-posissiona-en-el-mercado.jpg\",\"articleSection\":[\"LOCAL\",\"NACIONAL\"],\"inLanguage\":\"es\"},{\"@type\":\"WebPage\",\"@id\":\"https:\\\/\\\/www.bbmnoticias.com\\\/labravaradiofm\\\/2026\\\/08\\\/21\\\/oaxaca-en-condiciones-y-con-apertura-a-las-inversiones-salomon-jara\\\/\",\"url\":\"https:\\\/\\\/www.bbmnoticias.com\\\/oaxaca-en-condiciones-y-con-apertura-a-las-inversiones-salomon-jara\\\/\",\"name\":\"Oaxaca, en condiciones y con apertura a las inversiones: Salom\u00f3n Jara - LA BRAVA RADIO\",\"isPartOf\":{\"@id\":\"https:\\\/\\\/www.bbmnoticias.com\\\/labravaradiofm\\\/#website\"},\"primaryImageOfPage\":{\"@id\":\"https:\\\/\\\/www.bbmnoticias.com\\\/oaxaca-en-condiciones-y-con-apertura-a-las-inversiones-salomon-jara\\\/#primaryimage\"},\"image\":{\"@id\":\"https:\\\/\\\/www.bbmnoticias.com\\\/oaxaca-en-condiciones-y-con-apertura-a-las-inversiones-salomon-jara\\\/#primaryimage\"},\"thumbnailUrl\":\"https:\\\/\\\/www.bbmnoticias.com\\\/labravaradiofm\\\/wp-content\\\/uploads\\\/sites\\\/5\\\/2026\\\/08\\\/Oaxaca-se-posissiona-en-el-mercado.jpg\",\"datePublished\":\"2026-08-21T19:39:25+00:00\",\"dateModified\":\"2026-08-21T19:39:29+00:00\",\"author\":{\"@id\":\"https:\\\/\\\/www.bbmnoticias.com\\\/labravaradiofm\\\/#\\\/schema\\\/person\\\/32f1fc7382033a43789e6a250ee81243\"},\"breadcrumb\":{\"@id\":\"https:\\\/\\\/www.bbmnoticias.com\\\/oaxaca-en-condiciones-y-con-apertura-a-las-inversiones-salomon-jara\\\/#breadcrumb\"},\"inLanguage\":\"es\",\"potentialAction\":[{\"@type\":\"ReadAction\",\"target\":[\"https:\\\/\\\/www.bbmnoticias.com\\\/oaxaca-en-condiciones-y-con-apertura-a-las-inversiones-salomon-jara\\\/\"]}]},{\"@type\":\"ImageObject\",\"inLanguage\":\"es\",\"@id\":\"https:\\\/\\\/www.bbmnoticias.com\\\/oaxaca-en-condiciones-y-con-apertura-a-las-inversiones-salomon-jara\\\/#primaryimage\",\"url\":\"https:\\\/\\\/www.bbmnoticias.com\\\/labravaradiofm\\\/wp-content\\\/uploads\\\/sites\\\/5\\\/2026\\\/08\\\/Oaxaca-se-posissiona-en-el-mercado.jpg\",\"contentUrl\":\"https:\\\/\\\/www.bbmnoticias.com\\\/labravaradiofm\\\/wp-content\\\/uploads\\\/sites\\\/5\\\/2026\\\/08\\\/Oaxaca-se-posissiona-en-el-mercado.jpg\",\"width\":743,\"height\":409},{\"@type\":\"BreadcrumbList\",\"@id\":\"https:\\\/\\\/www.bbmnoticias.com\\\/oaxaca-en-condiciones-y-con-apertura-a-las-inversiones-salomon-jara\\\/#breadcrumb\",\"itemListElement\":[{\"@type\":\"ListItem\",\"position\":1,\"name\":\"Inicio\",\"item\":\"https:\\\/\\\/www.bbmnoticias.com\\\/labravaradiofm\\\/\"},{\"@type\":\"ListItem\",\"position\":2,\"name\":\"Oaxaca, en condiciones y con apertura a las inversiones: Salom\u00f3n Jara\"}]},{\"@type\":\"WebSite\",\"@id\":\"https:\\\/\\\/www.bbmnoticias.com\\\/labravaradiofm\\\/#website\",\"url\":\"https:\\\/\\\/www.bbmnoticias.com\\\/labravaradiofm\\\/\",\"name\":\"LA BRAVA RADIO\",\"description\":\"Empresa productora de medios, Radiodifusi\u00f3n, Noticias, tendencias y todo lo que necesitas saber de la pol\u00edtica mexicana e internacional; entretenimiento, espect\u00e1culos, salud y mucho m\u00e1s.\",\"potentialAction\":[{\"@type\":\"SearchAction\",\"target\":{\"@type\":\"EntryPoint\",\"urlTemplate\":\"https:\\\/\\\/www.bbmnoticias.com\\\/labravaradiofm\\\/?s={search_term_string}\"},\"query-input\":{\"@type\":\"PropertyValueSpecification\",\"valueRequired\":true,\"valueName\":\"search_term_string\"}}],\"inLanguage\":\"es\"},{\"@type\":\"Person\",\"@id\":\"https:\\\/\\\/www.bbmnoticias.com\\\/labravaradiofm\\\/#\\\/schema\\\/person\\\/32f1fc7382033a43789e6a250ee81243\",\"name\":\"El Heraldo\",\"image\":{\"@type\":\"ImageObject\",\"inLanguage\":\"es\",\"@id\":\"https:\\\/\\\/secure.gravatar.com\\\/avatar\\\/463017be041288b5a196814ef7242bd62699b857f306e4b5b61b533e8a87f404?s=96&d=mm&r=g\",\"url\":\"https:\\\/\\\/secure.gravatar.com\\\/avatar\\\/463017be041288b5a196814ef7242bd62699b857f306e4b5b61b533e8a87f404?s=96&d=mm&r=g\",\"contentUrl\":\"https:\\\/\\\/secure.gravatar.com\\\/avatar\\\/463017be041288b5a196814ef7242bd62699b857f306e4b5b61b533e8a87f404?s=96&d=mm&r=g\",\"caption\":\"El Heraldo\"},\"url\":\"https:\\\/\\\/www.bbmnoticias.com\\\/labravaradiofm\\\/author\\\/heraldo\\\/\"}]}<\/script>\n<!-- \/ Yoast SEO plugin. -->","yoast_head_json":{"title":"Oaxaca, en condiciones y con apertura a las inversiones: Salom\u00f3n Jara - LA BRAVA RADIO","robots":{"index":"index","follow":"follow","max-snippet":"max-snippet:-1","max-image-preview":"max-image-preview:large","max-video-preview":"max-video-preview:-1"},"canonical":"https:\/\/www.bbmnoticias.com\/oaxaca-en-condiciones-y-con-apertura-a-las-inversiones-salomon-jara\/","og_locale":"es_MX","og_type":"article","og_title":"Oaxaca, en condiciones y con apertura a las inversiones: Salom\u00f3n Jara - LA BRAVA RADIO","og_description":"Oaxaca se posiciona como una entidad que brinda seguridad y estabilidad econ\u00f3mica, prueba de ello, es la inauguraci\u00f3n de una nueva tienda Chedraui, sobre la carretera federal 190, en la Agencia de Santa Rosa Panzacola, de la ciudad capital. Ante el subdirector regional de Grupo Chedraui, Luis Alejandro Jim\u00e9nez Mora, el gobernador Salom\u00f3n Jara Cruz [&hellip;]","og_url":"https:\/\/www.bbmnoticias.com\/oaxaca-en-condiciones-y-con-apertura-a-las-inversiones-salomon-jara\/","og_site_name":"LA BRAVA RADIO","article_published_time":"2026-08-21T19:39:25+00:00","article_modified_time":"2026-08-21T19:39:29+00:00","og_image":[{"width":743,"height":409,"url":"https:\/\/www.bbmnoticias.com\/labravaradiofm\/wp-content\/uploads\/sites\/5\/2026\/08\/Oaxaca-se-posissiona-en-el-mercado.jpg","type":"image\/jpeg"}],"author":"El Heraldo","twitter_card":"summary_large_image","twitter_misc":{"Escrito por":"El Heraldo","Tiempo de lectura":"2 minutos"},"schema":{"@context":"https:\/\/schema.org","@graph":[{"@type":"Article","@id":"https:\/\/www.bbmnoticias.com\/oaxaca-en-condiciones-y-con-apertura-a-las-inversiones-salomon-jara\/#article","isPartOf":{"@id":"https:\/\/www.bbmnoticias.com\/labravaradiofm\/2026\/08\/21\/oaxaca-en-condiciones-y-con-apertura-a-las-inversiones-salomon-jara\/"},"author":{"name":"El Heraldo","@id":"https:\/\/www.bbmnoticias.com\/labravaradiofm\/#\/schema\/person\/32f1fc7382033a43789e6a250ee81243"},"headline":"Oaxaca, en condiciones y con apertura a las inversiones: Salom\u00f3n Jara","datePublished":"2026-08-21T19:39:25+00:00","dateModified":"2026-08-21T19:39:29+00:00","mainEntityOfPage":{"@id":"https:\/\/www.bbmnoticias.com\/labravaradiofm\/2026\/08\/21\/oaxaca-en-condiciones-y-con-apertura-a-las-inversiones-salomon-jara\/"},"wordCount":369,"image":{"@id":"https:\/\/www.bbmnoticias.com\/oaxaca-en-condiciones-y-con-apertura-a-las-inversiones-salomon-jara\/#primaryimage"},"thumbnailUrl":"https:\/\/www.bbmnoticias.com\/labravaradiofm\/wp-content\/uploads\/sites\/5\/2026\/08\/Oaxaca-se-posissiona-en-el-mercado.jpg","articleSection":["LOCAL","NACIONAL"],"inLanguage":"es"},{"@type":"WebPage","@id":"https:\/\/www.bbmnoticias.com\/labravaradiofm\/2026\/08\/21\/oaxaca-en-condiciones-y-con-apertura-a-las-inversiones-salomon-jara\/","url":"https:\/\/www.bbmnoticias.com\/oaxaca-en-condiciones-y-con-apertura-a-las-inversiones-salomon-jara\/","name":"Oaxaca, en condiciones y con apertura a las inversiones: Salom\u00f3n Jara - LA BRAVA RADIO","isPartOf":{"@id":"https:\/\/www.bbmnoticias.com\/labravaradiofm\/#website"},"primaryImageOfPage":{"@id":"https:\/\/www.bbmnoticias.com\/oaxaca-en-condiciones-y-con-apertura-a-las-inversiones-salomon-jara\/#primaryimage"},"image":{"@id":"https:\/\/www.bbmnoticias.com\/oaxaca-en-condiciones-y-con-apertura-a-las-inversiones-salomon-jara\/#primaryimage"},"thumbnailUrl":"https:\/\/www.bbmnoticias.com\/labravaradiofm\/wp-content\/uploads\/sites\/5\/2026\/08\/Oaxaca-se-posissiona-en-el-mercado.jpg","datePublished":"2026-08-21T19:39:25+00:00","dateModified":"2026-08-21T19:39:29+00:00","author":{"@id":"https:\/\/www.bbmnoticias.com\/labravaradiofm\/#\/schema\/person\/32f1fc7382033a43789e6a250ee81243"},"breadcrumb":{"@id":"https:\/\/www.bbmnoticias.com\/oaxaca-en-condiciones-y-con-apertura-a-las-inversiones-salomon-jara\/#breadcrumb"},"inLanguage":"es","potentialAction":[{"@type":"ReadAction","target":["https:\/\/www.bbmnoticias.com\/oaxaca-en-condiciones-y-con-apertura-a-las-inversiones-salomon-jara\/"]}]},{"@type":"ImageObject","inLanguage":"es","@id":"https:\/\/www.bbmnoticias.com\/oaxaca-en-condiciones-y-con-apertura-a-las-inversiones-salomon-jara\/#primaryimage","url":"https:\/\/www.bbmnoticias.com\/labravaradiofm\/wp-content\/uploads\/sites\/5\/2026\/08\/Oaxaca-se-posissiona-en-el-mercado.jpg","contentUrl":"https:\/\/www.bbmnoticias.com\/labravaradiofm\/wp-content\/uploads\/sites\/5\/2026\/08\/Oaxaca-se-posissiona-en-el-mercado.jpg","width":743,"height":409},{"@type":"BreadcrumbList","@id":"https:\/\/www.bbmnoticias.com\/oaxaca-en-condiciones-y-con-apertura-a-las-inversiones-salomon-jara\/#breadcrumb","itemListElement":[{"@type":"ListItem","position":1,"name":"Inicio","item":"https:\/\/www.bbmnoticias.com\/labravaradiofm\/"},{"@type":"ListItem","position":2,"name":"Oaxaca, en condiciones y con apertura a las inversiones: Salom\u00f3n Jara"}]},{"@type":"WebSite","@id":"https:\/\/www.bbmnoticias.com\/labravaradiofm\/#website","url":"https:\/\/www.bbmnoticias.com\/labravaradiofm\/","name":"LA BRAVA RADIO","description":"Empresa productora de medios, Radiodifusi\u00f3n, Noticias, tendencias y todo lo que necesitas saber de la pol\u00edtica mexicana e internacional; entretenimiento, espect\u00e1culos, salud y mucho m\u00e1s.","potentialAction":[{"@type":"SearchAction","target":{"@type":"EntryPoint","urlTemplate":"https:\/\/www.bbmnoticias.com\/labravaradiofm\/?s={search_term_string}"},"query-input":{"@type":"PropertyValueSpecification","valueRequired":true,"valueName":"search_term_string"}}],"inLanguage":"es"},{"@type":"Person","@id":"https:\/\/www.bbmnoticias.com\/labravaradiofm\/#\/schema\/person\/32f1fc7382033a43789e6a250ee81243","name":"El Heraldo","image":{"@type":"ImageObject","inLanguage":"es","@id":"https:\/\/secure.gravatar.com\/avatar\/463017be041288b5a196814ef7242bd62699b857f306e4b5b61b533e8a87f404?s=96&d=mm&r=g","url":"https:\/\/secure.gravatar.com\/avatar\/463017be041288b5a196814ef7242bd62699b857f306e4b5b61b533e8a87f404?s=96&d=mm&r=g","contentUrl":"https:\/\/secure.gravatar.com\/avatar\/463017be041288b5a196814ef7242bd62699b857f306e4b5b61b533e8a87f404?s=96&d=mm&r=g","caption":"El Heraldo"},"url":"https:\/\/www.bbmnoticias.com\/labravaradiofm\/author\/heraldo\/"}]}},"_links":{"self":[{"href":"https:\/\/www.bbmnoticias.com\/labravaradiofm\/wp-json\/wp\/v2\/posts\/80943","targetHints":{"allow":["GET"]}}],"collection":[{"href":"https:\/\/www.bbmnoticias.com\/labravaradiofm\/wp-json\/wp\/v2\/posts"}],"about":[{"href":"https:\/\/www.bbmnoticias.com\/labravaradiofm\/wp-json\/wp\/v2\/types\/post"}],"author":[{"embeddable":true,"href":"https:\/\/www.bbmnoticias.com\/labravaradiofm\/wp-json\/wp\/v2\/users\/15"}],"replies":[{"embeddable":true,"href":"https:\/\/www.bbmnoticias.com\/labravaradiofm\/wp-json\/wp\/v2\/comments?post=80943"}],"version-history":[{"count":1,"href":"https:\/\/www.bbmnoticias.com\/labravaradiofm\/wp-json\/wp\/v2\/posts\/80943\/revisions"}],"predecessor-version":[{"id":80944,"href":"https:\/\/www.bbmnoticias.com\/labravaradiofm\/wp-json\/wp\/v2\/posts\/80943\/revisions\/80944"}],"wp:featuredmedia":[{"embeddable":true,"href":"https:\/\/www.bbmnoticias.com\/labravaradiofm\/wp-json\/wp\/v2\/media\/80945"}],"wp:attachment":[{"href":"https:\/\/www.bbmnoticias.com\/labravaradiofm\/wp-json\/wp\/v2\/media?parent=80943"}],"wp:term":[{"taxonomy":"category","embeddable":true,"href":"https:\/\/www.bbmnoticias.com\/labravaradiofm\/wp-json\/wp\/v2\/categories?post=80943"},{"taxonomy":"post_tag","embeddable":true,"href":"https:\/\/www.bbmnoticias.com\/labravaradiofm\/wp-json\/wp\/v2\/tags?post=80943"}],"curies":[{"name":"wp","href":"https:\/\/api.w.org\/{rel}","templated":true}]}}