{"id":8094,"date":"2022-01-04T09:43:38","date_gmt":"2022-01-04T15:43:38","guid":{"rendered":"https:\/\/www.bbmnoticias.com\/labravaradiofm\/?p=8094"},"modified":"2022-01-04T09:43:40","modified_gmt":"2022-01-04T15:43:40","slug":"emite-cepco-alertamiento-por-temperaturas-alrededor-de-la-marca-de-congelacion","status":"publish","type":"post","link":"https:\/\/www.bbmnoticias.com\/labravaradiofm\/2022\/01\/04\/emite-cepco-alertamiento-por-temperaturas-alrededor-de-la-marca-de-congelacion\/","title":{"rendered":"Emite CEPCO alertamiento por temperaturas alrededor de la marca de congelaci\u00f3n"},"content":{"rendered":"<div style=\"margin-top: 0px; margin-bottom: 0px;\" class=\"sharethis-inline-share-buttons\" ><\/div>\n<p><strong>Oaxaca de Ju\u00e1rez, Oax. 04 de enero de 2022. <\/strong>La Coordinaci\u00f3n Estatal de Protecci\u00f3n Civil de Oaxaca (CEPCO) informa que el Frente Fr\u00edo n\u00famero 19, seguir\u00e1 desplaz\u00e1ndose hacia el Mar Caribe, donde tomar\u00e1 caracter\u00edsticas de estacionario, y continuar\u00e1 ocasionando lluvias y lloviznas, as\u00ed como nieblas aisladas y ocasionales sobre algunos sectores de la Sierra Norte, Cuenca del Papaloapan y norte del Istmo.<\/p>\n\n\n\n<p>Mientras que las temperaturas m\u00ednimas estar\u00e1n registr\u00e1ndose alrededor de la marca de congelaci\u00f3n, lo que permitir\u00e1 se forme algo de escarcha o cencellada en elevaciones entre 1700 a 2000 metros de la Mixteca, Sierra Norte y Sierra Sur y amaneciendo entre 3 a 8 grados en Valles Centrales y Ca\u00f1ada, y torn\u00e1ndose fresco en el Istmo y Costa.<\/p>\n\n\n\n<p>Mientras que las r\u00e1fagas de viento pudieran exceder los 90 km\/h en el oriente del Istmo y alcanzar rachas mayores en el tramo La Venta-La Ventosa, extendi\u00e9ndose hacia aguas mar\u00edtimas del Golfo de Tehuantepec donde seguir\u00e1 el oleaje elevado de hasta cuatro metros de altura.<\/p>\n\n\n\n<p>La CEPCO pide a la ciudadan\u00eda extremar precauciones, toda vez que los vientos fuertes crean condiciones dif\u00edciles para conducir veh\u00edculos, y NO se puede descartar cortes de energ\u00eda el\u00e9ctrica aislados, ca\u00edda de vallas espectaculares y \u00e1rboles que han perdido su verticalidad, adem\u00e1s de propagar incendios de pastizales con mayor rapidez<\/p>\n\n\n\n<p>Por ello, la Coordinaci\u00f3n estatal de Protecci\u00f3n Civil emite las siguientes<strong> recomendaciones:<\/strong><\/p>\n\n\n\n<ul class=\"wp-block-list\"><li>Se le exhorta a los pescadores ribere\u00f1os y a la pesca menor que se resguarden para evitar p\u00e9rdidas humanas y materiales por el alto oleaje y vientos del norte.<\/li><li>Abrigar a ni\u00f1as, ni\u00f1os y adultos mayores ante el marcado descenso de la temperatura.<\/li><li>Se le exhorta a los pescadores ribere\u00f1os y a la pesca menor que se resguarden para evitar p\u00e9rdidas humanas y materiales por el alto oleaje y vientos del norte.<\/li><li>Abrigar a ni\u00f1as, ni\u00f1os y adultos mayores ante el marcado descenso de la temperatura.<\/li><li>Vestir con ropa gruesa, cubriendo todo el cuerpo (chamarra, abrigo, bufanda, gorro, guantes. Etc.).<\/li><li>Informarse a trav\u00e9s de los medios de comunicaci\u00f3n sobre el pron\u00f3stico del tiempo<\/li><li>Comer frutas amarillas ricas en vitamina A y C<\/li><li>Al salir de un lugar caliente cubrir boca y nariz para evitar respirar aire fr\u00edo<\/li><li>Los ni\u00f1os, adultos mayores, enfermos cr\u00f3nicos y personas indigentes son m\u00e1s vulnerables, por lo que se debe tener especial atenci\u00f3n con ellos y cob\u00edjalos.<\/li><li>Al utilizar chimeneas, calentadores u hornillos verificar que haya ventilaci\u00f3n adecuada para evitar intoxicaciones, cuidar que los ni\u00f1os no se acerquen para evitar accidentes.<\/li><li>Sellar puertas y ventanas con papel peri\u00f3dico para evitar cruces de corrientes y salida de calor acumulado en su casa.<\/li><li>No encender estufas ni anafres dentro de habitaciones que carezcan de ventilaci\u00f3n adecuada ya que pueden generar mon\u00f3xido de carbono, este es un gas que no se ve ni tiene olor y es altamente nocivo para la salud.<\/li><\/ul>\n","protected":false},"excerpt":{"rendered":"<p>Oaxaca de Ju\u00e1rez, Oax. 04 de enero de 2022. La Coordinaci\u00f3n Estatal de Protecci\u00f3n Civil de Oaxaca (CEPCO) informa que el Frente Fr\u00edo n\u00famero 19, seguir\u00e1 desplaz\u00e1ndose hacia el Mar Caribe, donde tomar\u00e1 caracter\u00edsticas de estacionario, y continuar\u00e1 ocasionando lluvias y lloviznas, as\u00ed como nieblas aisladas y ocasionales sobre algunos sectores de la Sierra Norte, [&hellip;]<\/p>\n","protected":false},"author":2,"featured_media":8095,"comment_status":"closed","ping_status":"closed","sticky":false,"template":"","format":"standard","meta":{"footnotes":""},"categories":[1],"tags":[],"class_list":{"0":"post-8094","1":"post","2":"type-post","3":"status-publish","4":"format-standard","5":"has-post-thumbnail","7":"category-sin-categoria"},"yoast_head":"<!-- This site is optimized with the Yoast SEO plugin v27.4 - https:\/\/yoast.com\/product\/yoast-seo-wordpress\/ -->\n<title>Emite CEPCO alertamiento por temperaturas alrededor de la marca de congelaci\u00f3n - LA BRAVA RADIO<\/title>\n<meta name=\"robots\" content=\"index, follow, max-snippet:-1, max-image-preview:large, max-video-preview:-1\" \/>\n<link rel=\"canonical\" href=\"https:\/\/www.bbmnoticias.com\/labravaradiofm\/2022\/01\/04\/emite-cepco-alertamiento-por-temperaturas-alrededor-de-la-marca-de-congelacion\/\" \/>\n<meta property=\"og:locale\" content=\"es_MX\" \/>\n<meta property=\"og:type\" content=\"article\" \/>\n<meta property=\"og:title\" content=\"Emite CEPCO alertamiento por temperaturas alrededor de la marca de congelaci\u00f3n - LA BRAVA RADIO\" \/>\n<meta property=\"og:description\" content=\"Oaxaca de Ju\u00e1rez, Oax. 04 de enero de 2022. La Coordinaci\u00f3n Estatal de Protecci\u00f3n Civil de Oaxaca (CEPCO) informa que el Frente Fr\u00edo n\u00famero 19, seguir\u00e1 desplaz\u00e1ndose hacia el Mar Caribe, donde tomar\u00e1 caracter\u00edsticas de estacionario, y continuar\u00e1 ocasionando lluvias y lloviznas, as\u00ed como nieblas aisladas y ocasionales sobre algunos sectores de la Sierra Norte, [&hellip;]\" \/>\n<meta property=\"og:url\" content=\"https:\/\/www.bbmnoticias.com\/labravaradiofm\/2022\/01\/04\/emite-cepco-alertamiento-por-temperaturas-alrededor-de-la-marca-de-congelacion\/\" \/>\n<meta property=\"og:site_name\" content=\"LA BRAVA RADIO\" \/>\n<meta property=\"article:published_time\" content=\"2022-01-04T15:43:38+00:00\" \/>\n<meta property=\"article:modified_time\" content=\"2022-01-04T15:43:40+00:00\" \/>\n<meta property=\"og:image\" content=\"https:\/\/www.bbmnoticias.com\/labravaradiofm\/wp-content\/uploads\/sites\/5\/2022\/01\/frio-oaxaca.jpg\" \/>\n\t<meta property=\"og:image:width\" content=\"1080\" \/>\n\t<meta property=\"og:image:height\" content=\"609\" \/>\n\t<meta property=\"og:image:type\" content=\"image\/jpeg\" \/>\n<meta name=\"author\" content=\"Staff\" \/>\n<meta name=\"twitter:card\" content=\"summary_large_image\" \/>\n<meta name=\"twitter:label1\" content=\"Escrito por\" \/>\n\t<meta name=\"twitter:data1\" content=\"Staff\" \/>\n\t<meta name=\"twitter:label2\" content=\"Tiempo de lectura\" \/>\n\t<meta name=\"twitter:data2\" content=\"3 minutos\" \/>\n<script type=\"application\/ld+json\" class=\"yoast-schema-graph\">{\"@context\":\"https:\\\/\\\/schema.org\",\"@graph\":[{\"@type\":\"Article\",\"@id\":\"https:\\\/\\\/www.bbmnoticias.com\\\/labravaradiofm\\\/2022\\\/01\\\/04\\\/emite-cepco-alertamiento-por-temperaturas-alrededor-de-la-marca-de-congelacion\\\/#article\",\"isPartOf\":{\"@id\":\"https:\\\/\\\/www.bbmnoticias.com\\\/labravaradiofm\\\/2022\\\/01\\\/04\\\/emite-cepco-alertamiento-por-temperaturas-alrededor-de-la-marca-de-congelacion\\\/\"},\"author\":{\"name\":\"Staff\",\"@id\":\"https:\\\/\\\/www.bbmnoticias.com\\\/labravaradiofm\\\/#\\\/schema\\\/person\\\/68a9e9036ef3c5b55aeb2b71dc8bab45\"},\"headline\":\"Emite CEPCO alertamiento por temperaturas alrededor de la marca de congelaci\u00f3n\",\"datePublished\":\"2022-01-04T15:43:38+00:00\",\"dateModified\":\"2022-01-04T15:43:40+00:00\",\"mainEntityOfPage\":{\"@id\":\"https:\\\/\\\/www.bbmnoticias.com\\\/labravaradiofm\\\/2022\\\/01\\\/04\\\/emite-cepco-alertamiento-por-temperaturas-alrededor-de-la-marca-de-congelacion\\\/\"},\"wordCount\":522,\"image\":{\"@id\":\"https:\\\/\\\/www.bbmnoticias.com\\\/labravaradiofm\\\/2022\\\/01\\\/04\\\/emite-cepco-alertamiento-por-temperaturas-alrededor-de-la-marca-de-congelacion\\\/#primaryimage\"},\"thumbnailUrl\":\"https:\\\/\\\/www.bbmnoticias.com\\\/labravaradiofm\\\/wp-content\\\/uploads\\\/sites\\\/5\\\/2022\\\/01\\\/frio-oaxaca.jpg\",\"inLanguage\":\"es\"},{\"@type\":\"WebPage\",\"@id\":\"https:\\\/\\\/www.bbmnoticias.com\\\/labravaradiofm\\\/2022\\\/01\\\/04\\\/emite-cepco-alertamiento-por-temperaturas-alrededor-de-la-marca-de-congelacion\\\/\",\"url\":\"https:\\\/\\\/www.bbmnoticias.com\\\/labravaradiofm\\\/2022\\\/01\\\/04\\\/emite-cepco-alertamiento-por-temperaturas-alrededor-de-la-marca-de-congelacion\\\/\",\"name\":\"Emite CEPCO alertamiento por temperaturas alrededor de la marca de congelaci\u00f3n - LA BRAVA RADIO\",\"isPartOf\":{\"@id\":\"https:\\\/\\\/www.bbmnoticias.com\\\/labravaradiofm\\\/#website\"},\"primaryImageOfPage\":{\"@id\":\"https:\\\/\\\/www.bbmnoticias.com\\\/labravaradiofm\\\/2022\\\/01\\\/04\\\/emite-cepco-alertamiento-por-temperaturas-alrededor-de-la-marca-de-congelacion\\\/#primaryimage\"},\"image\":{\"@id\":\"https:\\\/\\\/www.bbmnoticias.com\\\/labravaradiofm\\\/2022\\\/01\\\/04\\\/emite-cepco-alertamiento-por-temperaturas-alrededor-de-la-marca-de-congelacion\\\/#primaryimage\"},\"thumbnailUrl\":\"https:\\\/\\\/www.bbmnoticias.com\\\/labravaradiofm\\\/wp-content\\\/uploads\\\/sites\\\/5\\\/2022\\\/01\\\/frio-oaxaca.jpg\",\"datePublished\":\"2022-01-04T15:43:38+00:00\",\"dateModified\":\"2022-01-04T15:43:40+00:00\",\"author\":{\"@id\":\"https:\\\/\\\/www.bbmnoticias.com\\\/labravaradiofm\\\/#\\\/schema\\\/person\\\/68a9e9036ef3c5b55aeb2b71dc8bab45\"},\"breadcrumb\":{\"@id\":\"https:\\\/\\\/www.bbmnoticias.com\\\/labravaradiofm\\\/2022\\\/01\\\/04\\\/emite-cepco-alertamiento-por-temperaturas-alrededor-de-la-marca-de-congelacion\\\/#breadcrumb\"},\"inLanguage\":\"es\",\"potentialAction\":[{\"@type\":\"ReadAction\",\"target\":[\"https:\\\/\\\/www.bbmnoticias.com\\\/labravaradiofm\\\/2022\\\/01\\\/04\\\/emite-cepco-alertamiento-por-temperaturas-alrededor-de-la-marca-de-congelacion\\\/\"]}]},{\"@type\":\"ImageObject\",\"inLanguage\":\"es\",\"@id\":\"https:\\\/\\\/www.bbmnoticias.com\\\/labravaradiofm\\\/2022\\\/01\\\/04\\\/emite-cepco-alertamiento-por-temperaturas-alrededor-de-la-marca-de-congelacion\\\/#primaryimage\",\"url\":\"https:\\\/\\\/www.bbmnoticias.com\\\/labravaradiofm\\\/wp-content\\\/uploads\\\/sites\\\/5\\\/2022\\\/01\\\/frio-oaxaca.jpg\",\"contentUrl\":\"https:\\\/\\\/www.bbmnoticias.com\\\/labravaradiofm\\\/wp-content\\\/uploads\\\/sites\\\/5\\\/2022\\\/01\\\/frio-oaxaca.jpg\",\"width\":1080,\"height\":609},{\"@type\":\"BreadcrumbList\",\"@id\":\"https:\\\/\\\/www.bbmnoticias.com\\\/labravaradiofm\\\/2022\\\/01\\\/04\\\/emite-cepco-alertamiento-por-temperaturas-alrededor-de-la-marca-de-congelacion\\\/#breadcrumb\",\"itemListElement\":[{\"@type\":\"ListItem\",\"position\":1,\"name\":\"Inicio\",\"item\":\"https:\\\/\\\/www.bbmnoticias.com\\\/labravaradiofm\\\/\"},{\"@type\":\"ListItem\",\"position\":2,\"name\":\"Emite CEPCO alertamiento por temperaturas alrededor de la marca de congelaci\u00f3n\"}]},{\"@type\":\"WebSite\",\"@id\":\"https:\\\/\\\/www.bbmnoticias.com\\\/labravaradiofm\\\/#website\",\"url\":\"https:\\\/\\\/www.bbmnoticias.com\\\/labravaradiofm\\\/\",\"name\":\"LA BRAVA RADIO\",\"description\":\"Empresa productora de medios, Radiodifusi\u00f3n, Noticias, tendencias y todo lo que necesitas saber de la pol\u00edtica mexicana e internacional; entretenimiento, espect\u00e1culos, salud y mucho m\u00e1s.\",\"potentialAction\":[{\"@type\":\"SearchAction\",\"target\":{\"@type\":\"EntryPoint\",\"urlTemplate\":\"https:\\\/\\\/www.bbmnoticias.com\\\/labravaradiofm\\\/?s={search_term_string}\"},\"query-input\":{\"@type\":\"PropertyValueSpecification\",\"valueRequired\":true,\"valueName\":\"search_term_string\"}}],\"inLanguage\":\"es\"},{\"@type\":\"Person\",\"@id\":\"https:\\\/\\\/www.bbmnoticias.com\\\/labravaradiofm\\\/#\\\/schema\\\/person\\\/68a9e9036ef3c5b55aeb2b71dc8bab45\",\"name\":\"Staff\",\"image\":{\"@type\":\"ImageObject\",\"inLanguage\":\"es\",\"@id\":\"https:\\\/\\\/secure.gravatar.com\\\/avatar\\\/fdd21ad66fd8b98c407f9dee5b5e588cfe7f0d8579ec20fa6527cd59bab7f0f0?s=96&d=mm&r=g\",\"url\":\"https:\\\/\\\/secure.gravatar.com\\\/avatar\\\/fdd21ad66fd8b98c407f9dee5b5e588cfe7f0d8579ec20fa6527cd59bab7f0f0?s=96&d=mm&r=g\",\"contentUrl\":\"https:\\\/\\\/secure.gravatar.com\\\/avatar\\\/fdd21ad66fd8b98c407f9dee5b5e588cfe7f0d8579ec20fa6527cd59bab7f0f0?s=96&d=mm&r=g\",\"caption\":\"Staff\"},\"url\":\"https:\\\/\\\/www.bbmnoticias.com\\\/labravaradiofm\\\/author\\\/redaccion\\\/\"}]}<\/script>\n<!-- \/ Yoast SEO plugin. -->","yoast_head_json":{"title":"Emite CEPCO alertamiento por temperaturas alrededor de la marca de congelaci\u00f3n - LA BRAVA RADIO","robots":{"index":"index","follow":"follow","max-snippet":"max-snippet:-1","max-image-preview":"max-image-preview:large","max-video-preview":"max-video-preview:-1"},"canonical":"https:\/\/www.bbmnoticias.com\/labravaradiofm\/2022\/01\/04\/emite-cepco-alertamiento-por-temperaturas-alrededor-de-la-marca-de-congelacion\/","og_locale":"es_MX","og_type":"article","og_title":"Emite CEPCO alertamiento por temperaturas alrededor de la marca de congelaci\u00f3n - LA BRAVA RADIO","og_description":"Oaxaca de Ju\u00e1rez, Oax. 04 de enero de 2022. La Coordinaci\u00f3n Estatal de Protecci\u00f3n Civil de Oaxaca (CEPCO) informa que el Frente Fr\u00edo n\u00famero 19, seguir\u00e1 desplaz\u00e1ndose hacia el Mar Caribe, donde tomar\u00e1 caracter\u00edsticas de estacionario, y continuar\u00e1 ocasionando lluvias y lloviznas, as\u00ed como nieblas aisladas y ocasionales sobre algunos sectores de la Sierra Norte, [&hellip;]","og_url":"https:\/\/www.bbmnoticias.com\/labravaradiofm\/2022\/01\/04\/emite-cepco-alertamiento-por-temperaturas-alrededor-de-la-marca-de-congelacion\/","og_site_name":"LA BRAVA RADIO","article_published_time":"2022-01-04T15:43:38+00:00","article_modified_time":"2022-01-04T15:43:40+00:00","og_image":[{"width":1080,"height":609,"url":"https:\/\/www.bbmnoticias.com\/labravaradiofm\/wp-content\/uploads\/sites\/5\/2022\/01\/frio-oaxaca.jpg","type":"image\/jpeg"}],"author":"Staff","twitter_card":"summary_large_image","twitter_misc":{"Escrito por":"Staff","Tiempo de lectura":"3 minutos"},"schema":{"@context":"https:\/\/schema.org","@graph":[{"@type":"Article","@id":"https:\/\/www.bbmnoticias.com\/labravaradiofm\/2022\/01\/04\/emite-cepco-alertamiento-por-temperaturas-alrededor-de-la-marca-de-congelacion\/#article","isPartOf":{"@id":"https:\/\/www.bbmnoticias.com\/labravaradiofm\/2022\/01\/04\/emite-cepco-alertamiento-por-temperaturas-alrededor-de-la-marca-de-congelacion\/"},"author":{"name":"Staff","@id":"https:\/\/www.bbmnoticias.com\/labravaradiofm\/#\/schema\/person\/68a9e9036ef3c5b55aeb2b71dc8bab45"},"headline":"Emite CEPCO alertamiento por temperaturas alrededor de la marca de congelaci\u00f3n","datePublished":"2022-01-04T15:43:38+00:00","dateModified":"2022-01-04T15:43:40+00:00","mainEntityOfPage":{"@id":"https:\/\/www.bbmnoticias.com\/labravaradiofm\/2022\/01\/04\/emite-cepco-alertamiento-por-temperaturas-alrededor-de-la-marca-de-congelacion\/"},"wordCount":522,"image":{"@id":"https:\/\/www.bbmnoticias.com\/labravaradiofm\/2022\/01\/04\/emite-cepco-alertamiento-por-temperaturas-alrededor-de-la-marca-de-congelacion\/#primaryimage"},"thumbnailUrl":"https:\/\/www.bbmnoticias.com\/labravaradiofm\/wp-content\/uploads\/sites\/5\/2022\/01\/frio-oaxaca.jpg","inLanguage":"es"},{"@type":"WebPage","@id":"https:\/\/www.bbmnoticias.com\/labravaradiofm\/2022\/01\/04\/emite-cepco-alertamiento-por-temperaturas-alrededor-de-la-marca-de-congelacion\/","url":"https:\/\/www.bbmnoticias.com\/labravaradiofm\/2022\/01\/04\/emite-cepco-alertamiento-por-temperaturas-alrededor-de-la-marca-de-congelacion\/","name":"Emite CEPCO alertamiento por temperaturas alrededor de la marca de congelaci\u00f3n - LA BRAVA RADIO","isPartOf":{"@id":"https:\/\/www.bbmnoticias.com\/labravaradiofm\/#website"},"primaryImageOfPage":{"@id":"https:\/\/www.bbmnoticias.com\/labravaradiofm\/2022\/01\/04\/emite-cepco-alertamiento-por-temperaturas-alrededor-de-la-marca-de-congelacion\/#primaryimage"},"image":{"@id":"https:\/\/www.bbmnoticias.com\/labravaradiofm\/2022\/01\/04\/emite-cepco-alertamiento-por-temperaturas-alrededor-de-la-marca-de-congelacion\/#primaryimage"},"thumbnailUrl":"https:\/\/www.bbmnoticias.com\/labravaradiofm\/wp-content\/uploads\/sites\/5\/2022\/01\/frio-oaxaca.jpg","datePublished":"2022-01-04T15:43:38+00:00","dateModified":"2022-01-04T15:43:40+00:00","author":{"@id":"https:\/\/www.bbmnoticias.com\/labravaradiofm\/#\/schema\/person\/68a9e9036ef3c5b55aeb2b71dc8bab45"},"breadcrumb":{"@id":"https:\/\/www.bbmnoticias.com\/labravaradiofm\/2022\/01\/04\/emite-cepco-alertamiento-por-temperaturas-alrededor-de-la-marca-de-congelacion\/#breadcrumb"},"inLanguage":"es","potentialAction":[{"@type":"ReadAction","target":["https:\/\/www.bbmnoticias.com\/labravaradiofm\/2022\/01\/04\/emite-cepco-alertamiento-por-temperaturas-alrededor-de-la-marca-de-congelacion\/"]}]},{"@type":"ImageObject","inLanguage":"es","@id":"https:\/\/www.bbmnoticias.com\/labravaradiofm\/2022\/01\/04\/emite-cepco-alertamiento-por-temperaturas-alrededor-de-la-marca-de-congelacion\/#primaryimage","url":"https:\/\/www.bbmnoticias.com\/labravaradiofm\/wp-content\/uploads\/sites\/5\/2022\/01\/frio-oaxaca.jpg","contentUrl":"https:\/\/www.bbmnoticias.com\/labravaradiofm\/wp-content\/uploads\/sites\/5\/2022\/01\/frio-oaxaca.jpg","width":1080,"height":609},{"@type":"BreadcrumbList","@id":"https:\/\/www.bbmnoticias.com\/labravaradiofm\/2022\/01\/04\/emite-cepco-alertamiento-por-temperaturas-alrededor-de-la-marca-de-congelacion\/#breadcrumb","itemListElement":[{"@type":"ListItem","position":1,"name":"Inicio","item":"https:\/\/www.bbmnoticias.com\/labravaradiofm\/"},{"@type":"ListItem","position":2,"name":"Emite CEPCO alertamiento por temperaturas alrededor de la marca de congelaci\u00f3n"}]},{"@type":"WebSite","@id":"https:\/\/www.bbmnoticias.com\/labravaradiofm\/#website","url":"https:\/\/www.bbmnoticias.com\/labravaradiofm\/","name":"LA BRAVA RADIO","description":"Empresa productora de medios, Radiodifusi\u00f3n, Noticias, tendencias y todo lo que necesitas saber de la pol\u00edtica mexicana e internacional; entretenimiento, espect\u00e1culos, salud y mucho m\u00e1s.","potentialAction":[{"@type":"SearchAction","target":{"@type":"EntryPoint","urlTemplate":"https:\/\/www.bbmnoticias.com\/labravaradiofm\/?s={search_term_string}"},"query-input":{"@type":"PropertyValueSpecification","valueRequired":true,"valueName":"search_term_string"}}],"inLanguage":"es"},{"@type":"Person","@id":"https:\/\/www.bbmnoticias.com\/labravaradiofm\/#\/schema\/person\/68a9e9036ef3c5b55aeb2b71dc8bab45","name":"Staff","image":{"@type":"ImageObject","inLanguage":"es","@id":"https:\/\/secure.gravatar.com\/avatar\/fdd21ad66fd8b98c407f9dee5b5e588cfe7f0d8579ec20fa6527cd59bab7f0f0?s=96&d=mm&r=g","url":"https:\/\/secure.gravatar.com\/avatar\/fdd21ad66fd8b98c407f9dee5b5e588cfe7f0d8579ec20fa6527cd59bab7f0f0?s=96&d=mm&r=g","contentUrl":"https:\/\/secure.gravatar.com\/avatar\/fdd21ad66fd8b98c407f9dee5b5e588cfe7f0d8579ec20fa6527cd59bab7f0f0?s=96&d=mm&r=g","caption":"Staff"},"url":"https:\/\/www.bbmnoticias.com\/labravaradiofm\/author\/redaccion\/"}]}},"_links":{"self":[{"href":"https:\/\/www.bbmnoticias.com\/labravaradiofm\/wp-json\/wp\/v2\/posts\/8094","targetHints":{"allow":["GET"]}}],"collection":[{"href":"https:\/\/www.bbmnoticias.com\/labravaradiofm\/wp-json\/wp\/v2\/posts"}],"about":[{"href":"https:\/\/www.bbmnoticias.com\/labravaradiofm\/wp-json\/wp\/v2\/types\/post"}],"author":[{"embeddable":true,"href":"https:\/\/www.bbmnoticias.com\/labravaradiofm\/wp-json\/wp\/v2\/users\/2"}],"replies":[{"embeddable":true,"href":"https:\/\/www.bbmnoticias.com\/labravaradiofm\/wp-json\/wp\/v2\/comments?post=8094"}],"version-history":[{"count":0,"href":"https:\/\/www.bbmnoticias.com\/labravaradiofm\/wp-json\/wp\/v2\/posts\/8094\/revisions"}],"wp:featuredmedia":[{"embeddable":true,"href":"https:\/\/www.bbmnoticias.com\/labravaradiofm\/wp-json\/wp\/v2\/media\/8095"}],"wp:attachment":[{"href":"https:\/\/www.bbmnoticias.com\/labravaradiofm\/wp-json\/wp\/v2\/media?parent=8094"}],"wp:term":[{"taxonomy":"category","embeddable":true,"href":"https:\/\/www.bbmnoticias.com\/labravaradiofm\/wp-json\/wp\/v2\/categories?post=8094"},{"taxonomy":"post_tag","embeddable":true,"href":"https:\/\/www.bbmnoticias.com\/labravaradiofm\/wp-json\/wp\/v2\/tags?post=8094"}],"curies":[{"name":"wp","href":"https:\/\/api.w.org\/{rel}","templated":true}]}}