{"id":80937,"date":"2026-08-21T13:31:56","date_gmt":"2026-08-21T19:31:56","guid":{"rendered":"https:\/\/www.bbmnoticias.com\/labravaradiofm\/2026\/08\/21\/mexico-reclama-a-eu-por-deportacion-de-mexicanos-a-terceros-paises-le-pide-respetar-acuerdo\/"},"modified":"2026-08-21T13:31:59","modified_gmt":"2026-08-21T19:31:59","slug":"mexico-reclama-a-eu-por-deportacion-de-mexicanos-a-terceros-paises-le-pide-respetar-acuerdo","status":"publish","type":"post","link":"https:\/\/www.bbmnoticias.com\/labravaradiofm\/2026\/08\/21\/mexico-reclama-a-eu-por-deportacion-de-mexicanos-a-terceros-paises-le-pide-respetar-acuerdo\/","title":{"rendered":"M\u00e9xico reclama a EU por deportaci\u00f3n de mexicanos a terceros pa\u00edses; le pide respetar acuerdo"},"content":{"rendered":"\n<p class=\"wp-block-paragraph\">a secretaria de Gobernaci\u00f3n, <strong>Rosa Icela Rodr\u00edguez<\/strong>, extern\u00f3 un reclamo formal al embajador de Estados Unidos en M\u00e9xico, Ronald Johnson, por la deportaci\u00f3n de su pa\u00eds de connacionales a terceros pa\u00edses en lugar de M\u00e9xico.<\/p>\n\n\n\n<p class=\"wp-block-paragraph\">En sustituci\u00f3n de la presidenta Claudia Sheinbaum Pardo, la titular de Gobernaci\u00f3n encabez\u00f3 la conferencia matutina, donde abord\u00f3 los temas que trat\u00f3 en la reuni\u00f3n de este jueves con Ronald Johnson, en donde el gobierno mexicano <strong>rechaz\u00f3 que los migrantes connacionales deportados sean enviados a terceros pa\u00edses<\/strong> como Guatemala, Honduras o Costa Rica, en lugar de ser repatriados directamente a territorio nacional.<\/p>\n\n\n\n<p class=\"wp-block-paragraph\"><em>\u201cNosotros manifestamos que respetamos las decisiones que tomen otros pa\u00edses en pol\u00edtica migratoria, pero que no compartimos que nuestros connacionales sean trasladados a un tercer pa\u00eds antes de llegar a M\u00e9xico, puesto que nosotros los estamos recibiendo de manera directa y con un acuerdo que tenemos con ellos, nosotros los estamos recibiendo inmediatamente en diferentes aeropuertos y por la frontera norte, y que si hay un acuerdo, sigamos ese acuerdo que no necesitamos que los env\u00eden a un tercer pa\u00eds&#8221;<\/em>, reproch\u00f3.<\/p>\n\n\n\n<p class=\"wp-block-paragraph\">Rosa Icela Rodr\u00edguez destac\u00f3 que hay una ca\u00edda del 96% en la migraci\u00f3n irregular y en la reuni\u00f3n se abord\u00f3 el combate al fentanilo con apoyo de inteligencia, manteniendo comunicaci\u00f3n constante. Del encuentro dijo que se revis\u00f3 la agenda bilateral y la cooperaci\u00f3n conjunta.<\/p>\n\n\n\n<p class=\"wp-block-paragraph\">Adem\u00e1s, la titular de Gobernaci\u00f3n manifest\u00f3 que hay comunicaci\u00f3n por parte del Instituto Nacional de Migraci\u00f3n (INM) y el CBP (Customs and Border Protection o Oficina de Aduanas y Protecci\u00f3n Fronteriza de Estados Unidos).<\/p>\n","protected":false},"excerpt":{"rendered":"<p>a secretaria de Gobernaci\u00f3n, Rosa Icela Rodr\u00edguez, extern\u00f3 un reclamo formal al embajador de Estados Unidos en M\u00e9xico, Ronald Johnson, por la deportaci\u00f3n de su pa\u00eds de connacionales a terceros pa\u00edses en lugar de M\u00e9xico. En sustituci\u00f3n de la presidenta Claudia Sheinbaum Pardo, la titular de Gobernaci\u00f3n encabez\u00f3 la conferencia matutina, donde abord\u00f3 los temas [&hellip;]<\/p>\n","protected":false},"author":8,"featured_media":80939,"comment_status":"closed","ping_status":"open","sticky":false,"template":"","format":"standard","meta":{"footnotes":""},"categories":[2,19],"tags":[],"class_list":["post-80937","post","type-post","status-publish","format-standard","has-post-thumbnail","hentry","category-oaxaca","category-nacional"],"yoast_head":"<!-- This site is optimized with the Yoast SEO plugin v28.1 - https:\/\/yoast.com\/product\/yoast-seo-wordpress\/ -->\n<title>M\u00e9xico reclama a EU por deportaci\u00f3n de mexicanos a terceros pa\u00edses; le pide respetar acuerdo - LA BRAVA RADIO<\/title>\n<meta name=\"robots\" content=\"index, follow, max-snippet:-1, max-image-preview:large, max-video-preview:-1\" \/>\n<link rel=\"canonical\" href=\"https:\/\/www.bbmnoticias.com\/mexico-reclama-a-eu-por-deportacion-de-mexicanos-a-terceros-paises-le-pide-respetar-acuerdo\/\" \/>\n<meta property=\"og:locale\" content=\"es_MX\" \/>\n<meta property=\"og:type\" content=\"article\" \/>\n<meta property=\"og:title\" content=\"M\u00e9xico reclama a EU por deportaci\u00f3n de mexicanos a terceros pa\u00edses; le pide respetar acuerdo - LA BRAVA RADIO\" \/>\n<meta property=\"og:description\" content=\"a secretaria de Gobernaci\u00f3n, Rosa Icela Rodr\u00edguez, extern\u00f3 un reclamo formal al embajador de Estados Unidos en M\u00e9xico, Ronald Johnson, por la deportaci\u00f3n de su pa\u00eds de connacionales a terceros pa\u00edses en lugar de M\u00e9xico. En sustituci\u00f3n de la presidenta Claudia Sheinbaum Pardo, la titular de Gobernaci\u00f3n encabez\u00f3 la conferencia matutina, donde abord\u00f3 los temas [&hellip;]\" \/>\n<meta property=\"og:url\" content=\"https:\/\/www.bbmnoticias.com\/mexico-reclama-a-eu-por-deportacion-de-mexicanos-a-terceros-paises-le-pide-respetar-acuerdo\/\" \/>\n<meta property=\"og:site_name\" content=\"LA BRAVA RADIO\" \/>\n<meta property=\"article:published_time\" content=\"2026-08-21T19:31:56+00:00\" \/>\n<meta property=\"article:modified_time\" content=\"2026-08-21T19:31:59+00:00\" \/>\n<meta property=\"og:image\" content=\"https:\/\/www.bbmnoticias.com\/labravaradiofm\/wp-content\/uploads\/sites\/5\/2026\/08\/6a888ced58ce1.jpeg\" \/>\n\t<meta property=\"og:image:width\" content=\"1200\" \/>\n\t<meta property=\"og:image:height\" content=\"800\" \/>\n\t<meta property=\"og:image:type\" content=\"image\/jpeg\" \/>\n<meta name=\"author\" content=\"Exc\u00e9lsior\" \/>\n<meta name=\"twitter:card\" content=\"summary_large_image\" \/>\n<meta name=\"twitter:label1\" content=\"Escrito por\" \/>\n\t<meta name=\"twitter:data1\" content=\"Exc\u00e9lsior\" \/>\n\t<meta name=\"twitter:label2\" content=\"Tiempo de lectura\" \/>\n\t<meta name=\"twitter:data2\" content=\"1 minuto\" \/>\n<script type=\"application\/ld+json\" class=\"yoast-schema-graph\">{\"@context\":\"https:\\\/\\\/schema.org\",\"@graph\":[{\"@type\":\"Article\",\"@id\":\"https:\\\/\\\/www.bbmnoticias.com\\\/mexico-reclama-a-eu-por-deportacion-de-mexicanos-a-terceros-paises-le-pide-respetar-acuerdo\\\/#article\",\"isPartOf\":{\"@id\":\"https:\\\/\\\/www.bbmnoticias.com\\\/labravaradiofm\\\/2026\\\/08\\\/21\\\/mexico-reclama-a-eu-por-deportacion-de-mexicanos-a-terceros-paises-le-pide-respetar-acuerdo\\\/\"},\"author\":{\"name\":\"Exc\u00e9lsior\",\"@id\":\"https:\\\/\\\/www.bbmnoticias.com\\\/labravaradiofm\\\/#\\\/schema\\\/person\\\/92571928210861b7374edfc7068926ba\"},\"headline\":\"M\u00e9xico reclama a EU por deportaci\u00f3n de mexicanos a terceros pa\u00edses; le pide respetar acuerdo\",\"datePublished\":\"2026-08-21T19:31:56+00:00\",\"dateModified\":\"2026-08-21T19:31:59+00:00\",\"mainEntityOfPage\":{\"@id\":\"https:\\\/\\\/www.bbmnoticias.com\\\/labravaradiofm\\\/2026\\\/08\\\/21\\\/mexico-reclama-a-eu-por-deportacion-de-mexicanos-a-terceros-paises-le-pide-respetar-acuerdo\\\/\"},\"wordCount\":301,\"image\":{\"@id\":\"https:\\\/\\\/www.bbmnoticias.com\\\/mexico-reclama-a-eu-por-deportacion-de-mexicanos-a-terceros-paises-le-pide-respetar-acuerdo\\\/#primaryimage\"},\"thumbnailUrl\":\"https:\\\/\\\/www.bbmnoticias.com\\\/labravaradiofm\\\/wp-content\\\/uploads\\\/sites\\\/5\\\/2026\\\/08\\\/6a888ced58ce1.jpeg\",\"articleSection\":[\"LOCAL\",\"NACIONAL\"],\"inLanguage\":\"es\"},{\"@type\":\"WebPage\",\"@id\":\"https:\\\/\\\/www.bbmnoticias.com\\\/labravaradiofm\\\/2026\\\/08\\\/21\\\/mexico-reclama-a-eu-por-deportacion-de-mexicanos-a-terceros-paises-le-pide-respetar-acuerdo\\\/\",\"url\":\"https:\\\/\\\/www.bbmnoticias.com\\\/mexico-reclama-a-eu-por-deportacion-de-mexicanos-a-terceros-paises-le-pide-respetar-acuerdo\\\/\",\"name\":\"M\u00e9xico reclama a EU por deportaci\u00f3n de mexicanos a terceros pa\u00edses; le pide respetar acuerdo - LA BRAVA RADIO\",\"isPartOf\":{\"@id\":\"https:\\\/\\\/www.bbmnoticias.com\\\/labravaradiofm\\\/#website\"},\"primaryImageOfPage\":{\"@id\":\"https:\\\/\\\/www.bbmnoticias.com\\\/mexico-reclama-a-eu-por-deportacion-de-mexicanos-a-terceros-paises-le-pide-respetar-acuerdo\\\/#primaryimage\"},\"image\":{\"@id\":\"https:\\\/\\\/www.bbmnoticias.com\\\/mexico-reclama-a-eu-por-deportacion-de-mexicanos-a-terceros-paises-le-pide-respetar-acuerdo\\\/#primaryimage\"},\"thumbnailUrl\":\"https:\\\/\\\/www.bbmnoticias.com\\\/labravaradiofm\\\/wp-content\\\/uploads\\\/sites\\\/5\\\/2026\\\/08\\\/6a888ced58ce1.jpeg\",\"datePublished\":\"2026-08-21T19:31:56+00:00\",\"dateModified\":\"2026-08-21T19:31:59+00:00\",\"author\":{\"@id\":\"https:\\\/\\\/www.bbmnoticias.com\\\/labravaradiofm\\\/#\\\/schema\\\/person\\\/92571928210861b7374edfc7068926ba\"},\"breadcrumb\":{\"@id\":\"https:\\\/\\\/www.bbmnoticias.com\\\/mexico-reclama-a-eu-por-deportacion-de-mexicanos-a-terceros-paises-le-pide-respetar-acuerdo\\\/#breadcrumb\"},\"inLanguage\":\"es\",\"potentialAction\":[{\"@type\":\"ReadAction\",\"target\":[\"https:\\\/\\\/www.bbmnoticias.com\\\/mexico-reclama-a-eu-por-deportacion-de-mexicanos-a-terceros-paises-le-pide-respetar-acuerdo\\\/\"]}]},{\"@type\":\"ImageObject\",\"inLanguage\":\"es\",\"@id\":\"https:\\\/\\\/www.bbmnoticias.com\\\/mexico-reclama-a-eu-por-deportacion-de-mexicanos-a-terceros-paises-le-pide-respetar-acuerdo\\\/#primaryimage\",\"url\":\"https:\\\/\\\/www.bbmnoticias.com\\\/labravaradiofm\\\/wp-content\\\/uploads\\\/sites\\\/5\\\/2026\\\/08\\\/6a888ced58ce1.jpeg\",\"contentUrl\":\"https:\\\/\\\/www.bbmnoticias.com\\\/labravaradiofm\\\/wp-content\\\/uploads\\\/sites\\\/5\\\/2026\\\/08\\\/6a888ced58ce1.jpeg\",\"width\":1200,\"height\":800},{\"@type\":\"BreadcrumbList\",\"@id\":\"https:\\\/\\\/www.bbmnoticias.com\\\/mexico-reclama-a-eu-por-deportacion-de-mexicanos-a-terceros-paises-le-pide-respetar-acuerdo\\\/#breadcrumb\",\"itemListElement\":[{\"@type\":\"ListItem\",\"position\":1,\"name\":\"Inicio\",\"item\":\"https:\\\/\\\/www.bbmnoticias.com\\\/labravaradiofm\\\/\"},{\"@type\":\"ListItem\",\"position\":2,\"name\":\"M\u00e9xico reclama a EU por deportaci\u00f3n de mexicanos a terceros pa\u00edses; le pide respetar acuerdo\"}]},{\"@type\":\"WebSite\",\"@id\":\"https:\\\/\\\/www.bbmnoticias.com\\\/labravaradiofm\\\/#website\",\"url\":\"https:\\\/\\\/www.bbmnoticias.com\\\/labravaradiofm\\\/\",\"name\":\"LA BRAVA RADIO\",\"description\":\"Empresa productora de medios, Radiodifusi\u00f3n, Noticias, tendencias y todo lo que necesitas saber de la pol\u00edtica mexicana e internacional; entretenimiento, espect\u00e1culos, salud y mucho m\u00e1s.\",\"potentialAction\":[{\"@type\":\"SearchAction\",\"target\":{\"@type\":\"EntryPoint\",\"urlTemplate\":\"https:\\\/\\\/www.bbmnoticias.com\\\/labravaradiofm\\\/?s={search_term_string}\"},\"query-input\":{\"@type\":\"PropertyValueSpecification\",\"valueRequired\":true,\"valueName\":\"search_term_string\"}}],\"inLanguage\":\"es\"},{\"@type\":\"Person\",\"@id\":\"https:\\\/\\\/www.bbmnoticias.com\\\/labravaradiofm\\\/#\\\/schema\\\/person\\\/92571928210861b7374edfc7068926ba\",\"name\":\"Exc\u00e9lsior\",\"image\":{\"@type\":\"ImageObject\",\"inLanguage\":\"es\",\"@id\":\"https:\\\/\\\/secure.gravatar.com\\\/avatar\\\/497265c4dbe1cd0e2f3f1b19aba0f5779c7f95d09e139a5b83c1ecd47b4e780d?s=96&d=mm&r=g\",\"url\":\"https:\\\/\\\/secure.gravatar.com\\\/avatar\\\/497265c4dbe1cd0e2f3f1b19aba0f5779c7f95d09e139a5b83c1ecd47b4e780d?s=96&d=mm&r=g\",\"contentUrl\":\"https:\\\/\\\/secure.gravatar.com\\\/avatar\\\/497265c4dbe1cd0e2f3f1b19aba0f5779c7f95d09e139a5b83c1ecd47b4e780d?s=96&d=mm&r=g\",\"caption\":\"Exc\u00e9lsior\"},\"url\":\"https:\\\/\\\/www.bbmnoticias.com\\\/labravaradiofm\\\/author\\\/excelsior\\\/\"}]}<\/script>\n<!-- \/ Yoast SEO plugin. -->","yoast_head_json":{"title":"M\u00e9xico reclama a EU por deportaci\u00f3n de mexicanos a terceros pa\u00edses; le pide respetar acuerdo - LA BRAVA RADIO","robots":{"index":"index","follow":"follow","max-snippet":"max-snippet:-1","max-image-preview":"max-image-preview:large","max-video-preview":"max-video-preview:-1"},"canonical":"https:\/\/www.bbmnoticias.com\/mexico-reclama-a-eu-por-deportacion-de-mexicanos-a-terceros-paises-le-pide-respetar-acuerdo\/","og_locale":"es_MX","og_type":"article","og_title":"M\u00e9xico reclama a EU por deportaci\u00f3n de mexicanos a terceros pa\u00edses; le pide respetar acuerdo - LA BRAVA RADIO","og_description":"a secretaria de Gobernaci\u00f3n, Rosa Icela Rodr\u00edguez, extern\u00f3 un reclamo formal al embajador de Estados Unidos en M\u00e9xico, Ronald Johnson, por la deportaci\u00f3n de su pa\u00eds de connacionales a terceros pa\u00edses en lugar de M\u00e9xico. En sustituci\u00f3n de la presidenta Claudia Sheinbaum Pardo, la titular de Gobernaci\u00f3n encabez\u00f3 la conferencia matutina, donde abord\u00f3 los temas [&hellip;]","og_url":"https:\/\/www.bbmnoticias.com\/mexico-reclama-a-eu-por-deportacion-de-mexicanos-a-terceros-paises-le-pide-respetar-acuerdo\/","og_site_name":"LA BRAVA RADIO","article_published_time":"2026-08-21T19:31:56+00:00","article_modified_time":"2026-08-21T19:31:59+00:00","og_image":[{"width":1200,"height":800,"url":"https:\/\/www.bbmnoticias.com\/labravaradiofm\/wp-content\/uploads\/sites\/5\/2026\/08\/6a888ced58ce1.jpeg","type":"image\/jpeg"}],"author":"Exc\u00e9lsior","twitter_card":"summary_large_image","twitter_misc":{"Escrito por":"Exc\u00e9lsior","Tiempo de lectura":"1 minuto"},"schema":{"@context":"https:\/\/schema.org","@graph":[{"@type":"Article","@id":"https:\/\/www.bbmnoticias.com\/mexico-reclama-a-eu-por-deportacion-de-mexicanos-a-terceros-paises-le-pide-respetar-acuerdo\/#article","isPartOf":{"@id":"https:\/\/www.bbmnoticias.com\/labravaradiofm\/2026\/08\/21\/mexico-reclama-a-eu-por-deportacion-de-mexicanos-a-terceros-paises-le-pide-respetar-acuerdo\/"},"author":{"name":"Exc\u00e9lsior","@id":"https:\/\/www.bbmnoticias.com\/labravaradiofm\/#\/schema\/person\/92571928210861b7374edfc7068926ba"},"headline":"M\u00e9xico reclama a EU por deportaci\u00f3n de mexicanos a terceros pa\u00edses; le pide respetar acuerdo","datePublished":"2026-08-21T19:31:56+00:00","dateModified":"2026-08-21T19:31:59+00:00","mainEntityOfPage":{"@id":"https:\/\/www.bbmnoticias.com\/labravaradiofm\/2026\/08\/21\/mexico-reclama-a-eu-por-deportacion-de-mexicanos-a-terceros-paises-le-pide-respetar-acuerdo\/"},"wordCount":301,"image":{"@id":"https:\/\/www.bbmnoticias.com\/mexico-reclama-a-eu-por-deportacion-de-mexicanos-a-terceros-paises-le-pide-respetar-acuerdo\/#primaryimage"},"thumbnailUrl":"https:\/\/www.bbmnoticias.com\/labravaradiofm\/wp-content\/uploads\/sites\/5\/2026\/08\/6a888ced58ce1.jpeg","articleSection":["LOCAL","NACIONAL"],"inLanguage":"es"},{"@type":"WebPage","@id":"https:\/\/www.bbmnoticias.com\/labravaradiofm\/2026\/08\/21\/mexico-reclama-a-eu-por-deportacion-de-mexicanos-a-terceros-paises-le-pide-respetar-acuerdo\/","url":"https:\/\/www.bbmnoticias.com\/mexico-reclama-a-eu-por-deportacion-de-mexicanos-a-terceros-paises-le-pide-respetar-acuerdo\/","name":"M\u00e9xico reclama a EU por deportaci\u00f3n de mexicanos a terceros pa\u00edses; le pide respetar acuerdo - LA BRAVA RADIO","isPartOf":{"@id":"https:\/\/www.bbmnoticias.com\/labravaradiofm\/#website"},"primaryImageOfPage":{"@id":"https:\/\/www.bbmnoticias.com\/mexico-reclama-a-eu-por-deportacion-de-mexicanos-a-terceros-paises-le-pide-respetar-acuerdo\/#primaryimage"},"image":{"@id":"https:\/\/www.bbmnoticias.com\/mexico-reclama-a-eu-por-deportacion-de-mexicanos-a-terceros-paises-le-pide-respetar-acuerdo\/#primaryimage"},"thumbnailUrl":"https:\/\/www.bbmnoticias.com\/labravaradiofm\/wp-content\/uploads\/sites\/5\/2026\/08\/6a888ced58ce1.jpeg","datePublished":"2026-08-21T19:31:56+00:00","dateModified":"2026-08-21T19:31:59+00:00","author":{"@id":"https:\/\/www.bbmnoticias.com\/labravaradiofm\/#\/schema\/person\/92571928210861b7374edfc7068926ba"},"breadcrumb":{"@id":"https:\/\/www.bbmnoticias.com\/mexico-reclama-a-eu-por-deportacion-de-mexicanos-a-terceros-paises-le-pide-respetar-acuerdo\/#breadcrumb"},"inLanguage":"es","potentialAction":[{"@type":"ReadAction","target":["https:\/\/www.bbmnoticias.com\/mexico-reclama-a-eu-por-deportacion-de-mexicanos-a-terceros-paises-le-pide-respetar-acuerdo\/"]}]},{"@type":"ImageObject","inLanguage":"es","@id":"https:\/\/www.bbmnoticias.com\/mexico-reclama-a-eu-por-deportacion-de-mexicanos-a-terceros-paises-le-pide-respetar-acuerdo\/#primaryimage","url":"https:\/\/www.bbmnoticias.com\/labravaradiofm\/wp-content\/uploads\/sites\/5\/2026\/08\/6a888ced58ce1.jpeg","contentUrl":"https:\/\/www.bbmnoticias.com\/labravaradiofm\/wp-content\/uploads\/sites\/5\/2026\/08\/6a888ced58ce1.jpeg","width":1200,"height":800},{"@type":"BreadcrumbList","@id":"https:\/\/www.bbmnoticias.com\/mexico-reclama-a-eu-por-deportacion-de-mexicanos-a-terceros-paises-le-pide-respetar-acuerdo\/#breadcrumb","itemListElement":[{"@type":"ListItem","position":1,"name":"Inicio","item":"https:\/\/www.bbmnoticias.com\/labravaradiofm\/"},{"@type":"ListItem","position":2,"name":"M\u00e9xico reclama a EU por deportaci\u00f3n de mexicanos a terceros pa\u00edses; le pide respetar acuerdo"}]},{"@type":"WebSite","@id":"https:\/\/www.bbmnoticias.com\/labravaradiofm\/#website","url":"https:\/\/www.bbmnoticias.com\/labravaradiofm\/","name":"LA BRAVA RADIO","description":"Empresa productora de medios, Radiodifusi\u00f3n, Noticias, tendencias y todo lo que necesitas saber de la pol\u00edtica mexicana e internacional; entretenimiento, espect\u00e1culos, salud y mucho m\u00e1s.","potentialAction":[{"@type":"SearchAction","target":{"@type":"EntryPoint","urlTemplate":"https:\/\/www.bbmnoticias.com\/labravaradiofm\/?s={search_term_string}"},"query-input":{"@type":"PropertyValueSpecification","valueRequired":true,"valueName":"search_term_string"}}],"inLanguage":"es"},{"@type":"Person","@id":"https:\/\/www.bbmnoticias.com\/labravaradiofm\/#\/schema\/person\/92571928210861b7374edfc7068926ba","name":"Exc\u00e9lsior","image":{"@type":"ImageObject","inLanguage":"es","@id":"https:\/\/secure.gravatar.com\/avatar\/497265c4dbe1cd0e2f3f1b19aba0f5779c7f95d09e139a5b83c1ecd47b4e780d?s=96&d=mm&r=g","url":"https:\/\/secure.gravatar.com\/avatar\/497265c4dbe1cd0e2f3f1b19aba0f5779c7f95d09e139a5b83c1ecd47b4e780d?s=96&d=mm&r=g","contentUrl":"https:\/\/secure.gravatar.com\/avatar\/497265c4dbe1cd0e2f3f1b19aba0f5779c7f95d09e139a5b83c1ecd47b4e780d?s=96&d=mm&r=g","caption":"Exc\u00e9lsior"},"url":"https:\/\/www.bbmnoticias.com\/labravaradiofm\/author\/excelsior\/"}]}},"_links":{"self":[{"href":"https:\/\/www.bbmnoticias.com\/labravaradiofm\/wp-json\/wp\/v2\/posts\/80937","targetHints":{"allow":["GET"]}}],"collection":[{"href":"https:\/\/www.bbmnoticias.com\/labravaradiofm\/wp-json\/wp\/v2\/posts"}],"about":[{"href":"https:\/\/www.bbmnoticias.com\/labravaradiofm\/wp-json\/wp\/v2\/types\/post"}],"author":[{"embeddable":true,"href":"https:\/\/www.bbmnoticias.com\/labravaradiofm\/wp-json\/wp\/v2\/users\/8"}],"replies":[{"embeddable":true,"href":"https:\/\/www.bbmnoticias.com\/labravaradiofm\/wp-json\/wp\/v2\/comments?post=80937"}],"version-history":[{"count":1,"href":"https:\/\/www.bbmnoticias.com\/labravaradiofm\/wp-json\/wp\/v2\/posts\/80937\/revisions"}],"predecessor-version":[{"id":80938,"href":"https:\/\/www.bbmnoticias.com\/labravaradiofm\/wp-json\/wp\/v2\/posts\/80937\/revisions\/80938"}],"wp:featuredmedia":[{"embeddable":true,"href":"https:\/\/www.bbmnoticias.com\/labravaradiofm\/wp-json\/wp\/v2\/media\/80939"}],"wp:attachment":[{"href":"https:\/\/www.bbmnoticias.com\/labravaradiofm\/wp-json\/wp\/v2\/media?parent=80937"}],"wp:term":[{"taxonomy":"category","embeddable":true,"href":"https:\/\/www.bbmnoticias.com\/labravaradiofm\/wp-json\/wp\/v2\/categories?post=80937"},{"taxonomy":"post_tag","embeddable":true,"href":"https:\/\/www.bbmnoticias.com\/labravaradiofm\/wp-json\/wp\/v2\/tags?post=80937"}],"curies":[{"name":"wp","href":"https:\/\/api.w.org\/{rel}","templated":true}]}}