{"id":80922,"date":"2026-08-21T08:46:51","date_gmt":"2026-08-21T14:46:51","guid":{"rendered":"https:\/\/www.bbmnoticias.com\/labravaradiofm\/2026\/08\/21\/arriba-farias-laguna-al-aicm-se-dispone-su-traslado-al-altiplano\/"},"modified":"2026-08-21T08:46:54","modified_gmt":"2026-08-21T14:46:54","slug":"arriba-farias-laguna-al-aicm-se-dispone-su-traslado-al-altiplano","status":"publish","type":"post","link":"https:\/\/www.bbmnoticias.com\/labravaradiofm\/2026\/08\/21\/arriba-farias-laguna-al-aicm-se-dispone-su-traslado-al-altiplano\/","title":{"rendered":"Arriba Far\u00edas Laguna al AICM; se dispone su traslado al Altiplano"},"content":{"rendered":"\n<p class=\"wp-block-paragraph\"><em>Ciudad de M\u00e9xico. <\/em>El contralmirante Fernando Far\u00edas Laguna arrib\u00f3 poco despu\u00e9s de las tres de la ma\u00f1ana al Aeropuerto Internacional de la Ciudad M\u00e9xico y las autoridades se disponen a trasladarlo al penal de m\u00e1xima seguridad del Altiplano, donde ser\u00e1 puesto a disposici\u00f3n de un juez federal para que se le imputen delitos en materia de hidrocarburos, lavado de dinero y delincuencia organizada.<\/p>\n\n\n\n<p class=\"wp-block-paragraph\">El avi\u00f3n Gulfstream G450, matr\u00edcula ANX1202 de la Secretar\u00eda de Marina-Armada de M\u00e9xico (Semar), que lo traslad\u00f3 de Buenos Aires, Argentina a la terminal \u00e1rea capitalina, arrib\u00f3 a las 3:03 horas luego de un vuelo que dur\u00f3 10 horas y once minutos, con una escala en el Aeropuerto Internacional Alfonso Bonilla, en Cali, Colombia<\/p>\n\n\n\n<p class=\"wp-block-paragraph\">Far\u00edas Laguna fue recibido en el hangar de la Fiscal\u00eda General de la Rep\u00fablica (FGR), luego de que las autoridades argentinas concedieron su expulsi\u00f3n y fue llevado de la c\u00e1rcel de Ezeiza, a la terminal a\u00e9rea Ministro Piastrini, tambi\u00e9n en Buenos Aires.<\/p>\n\n\n\n<p class=\"wp-block-paragraph\">En el horario local 19:08 horas mientras en M\u00e9xico eran poco m\u00e1s de las 15:39 horas, la aeronave de la Semar parti\u00f3 con ruta al AICM y luego de una revisi\u00f3n m\u00e9dica, personal de la Guardia Nacional y de la Semar custodiar\u00e1n a Fernando Far\u00edas, en un vuelo que se realizar\u00e1 en helic\u00f3ptero, hasta la prisi\u00f3n de m\u00e1xima seguridad, denominada oficialmente Centro Federal de Readaptaci\u00f3n Social (Cefereso), n\u00famero 1, Altiplano.<\/p>\n\n\n\n<p class=\"wp-block-paragraph\">Ah\u00ed est\u00e1n recluidas 15 personas que han sido se\u00f1aladas de formar parte de una organizaci\u00f3n delictiva que habr\u00eda facilitado que 32 barcos contrabandearan a M\u00e9xico millones de litros de combustible procedente de Estados Unidos, sin que se cubriera el correspondiente pago de impuestos, y falsificando en los pedimentos aduanales, para ocultar el verdadero contenido de los productos que eran ingresados a M\u00e9xico y distribu\u00edan en territorio nacional, ya que en los documentos de importaci\u00f3n se establec\u00eda que eran aceites y aditivos.<\/p>\n\n\n\n<p class=\"wp-block-paragraph\">La Fiscal\u00eda General de la Rep\u00fablica (FGR) inform\u00f3 poco despu\u00e9s de la seis de la ma\u00f1ana &nbsp;que luego de su expulsi\u00f3n de Argentina, Fernando Far\u00edas, \u201cposiblemente relacionado con una compleja red criminal dedicada al contrabando, dispersi\u00f3n y distribuci\u00f3n de combustible, arrib\u00f3 a la Ciudad de M\u00e9xico\u201d.<\/p>\n\n\n\n<p class=\"wp-block-paragraph\">La instituci\u00f3n ministerial indic\u00f3 que tras el arribo de la aeronave que lo transport\u00f3 a la capital del pa\u00eds, el contralmirante \u201cfue presentado ante un m\u00e9dico legista con la finalidad de ser certificado m\u00e9dicamente\u201d y ya fue trasladado al Altiplano, donde quedar\u00e1 a disposici\u00f3n de la autoridad judicial que lo requiri\u00f3.<\/p>\n","protected":false},"excerpt":{"rendered":"<p>Ciudad de M\u00e9xico. El contralmirante Fernando Far\u00edas Laguna arrib\u00f3 poco despu\u00e9s de las tres de la ma\u00f1ana al Aeropuerto Internacional de la Ciudad M\u00e9xico y las autoridades se disponen a trasladarlo al penal de m\u00e1xima seguridad del Altiplano, donde ser\u00e1 puesto a disposici\u00f3n de un juez federal para que se le imputen delitos en materia [&hellip;]<\/p>\n","protected":false},"author":20,"featured_media":0,"comment_status":"closed","ping_status":"open","sticky":false,"template":"","format":"standard","meta":{"footnotes":""},"categories":[2,19],"tags":[],"class_list":["post-80922","post","type-post","status-publish","format-standard","hentry","category-oaxaca","category-nacional"],"yoast_head":"<!-- This site is optimized with the Yoast SEO plugin v28.1 - https:\/\/yoast.com\/product\/yoast-seo-wordpress\/ -->\n<title>Arriba Far\u00edas Laguna al AICM; se dispone su traslado al Altiplano - LA BRAVA RADIO<\/title>\n<meta name=\"robots\" content=\"index, follow, max-snippet:-1, max-image-preview:large, max-video-preview:-1\" \/>\n<link rel=\"canonical\" href=\"https:\/\/www.bbmnoticias.com\/arriba-farias-laguna-al-aicm-se-dispone-su-traslado-al-altiplano\/\" \/>\n<meta property=\"og:locale\" content=\"es_MX\" \/>\n<meta property=\"og:type\" content=\"article\" \/>\n<meta property=\"og:title\" content=\"Arriba Far\u00edas Laguna al AICM; se dispone su traslado al Altiplano - LA BRAVA RADIO\" \/>\n<meta property=\"og:description\" content=\"Ciudad de M\u00e9xico. El contralmirante Fernando Far\u00edas Laguna arrib\u00f3 poco despu\u00e9s de las tres de la ma\u00f1ana al Aeropuerto Internacional de la Ciudad M\u00e9xico y las autoridades se disponen a trasladarlo al penal de m\u00e1xima seguridad del Altiplano, donde ser\u00e1 puesto a disposici\u00f3n de un juez federal para que se le imputen delitos en materia [&hellip;]\" \/>\n<meta property=\"og:url\" content=\"https:\/\/www.bbmnoticias.com\/arriba-farias-laguna-al-aicm-se-dispone-su-traslado-al-altiplano\/\" \/>\n<meta property=\"og:site_name\" content=\"LA BRAVA RADIO\" \/>\n<meta property=\"article:published_time\" content=\"2026-08-21T14:46:51+00:00\" \/>\n<meta property=\"article:modified_time\" content=\"2026-08-21T14:46:54+00:00\" \/>\n<meta name=\"author\" content=\"La jornada\" \/>\n<meta name=\"twitter:card\" content=\"summary_large_image\" \/>\n<meta name=\"twitter:label1\" content=\"Escrito por\" \/>\n\t<meta name=\"twitter:data1\" content=\"La jornada\" \/>\n\t<meta name=\"twitter:label2\" content=\"Tiempo de lectura\" \/>\n\t<meta name=\"twitter:data2\" content=\"2 minutos\" \/>\n<script type=\"application\/ld+json\" class=\"yoast-schema-graph\">{\"@context\":\"https:\\\/\\\/schema.org\",\"@graph\":[{\"@type\":\"Article\",\"@id\":\"https:\\\/\\\/www.bbmnoticias.com\\\/arriba-farias-laguna-al-aicm-se-dispone-su-traslado-al-altiplano\\\/#article\",\"isPartOf\":{\"@id\":\"https:\\\/\\\/www.bbmnoticias.com\\\/labravaradiofm\\\/2026\\\/08\\\/21\\\/arriba-farias-laguna-al-aicm-se-dispone-su-traslado-al-altiplano\\\/\"},\"author\":{\"name\":\"La jornada\",\"@id\":\"https:\\\/\\\/www.bbmnoticias.com\\\/labravaradiofm\\\/#\\\/schema\\\/person\\\/a0b5a4288f28a59d6732cd10a7b83122\"},\"headline\":\"Arriba Far\u00edas Laguna al AICM; se dispone su traslado al Altiplano\",\"datePublished\":\"2026-08-21T14:46:51+00:00\",\"dateModified\":\"2026-08-21T14:46:54+00:00\",\"mainEntityOfPage\":{\"@id\":\"https:\\\/\\\/www.bbmnoticias.com\\\/labravaradiofm\\\/2026\\\/08\\\/21\\\/arriba-farias-laguna-al-aicm-se-dispone-su-traslado-al-altiplano\\\/\"},\"wordCount\":465,\"articleSection\":[\"LOCAL\",\"NACIONAL\"],\"inLanguage\":\"es\"},{\"@type\":\"WebPage\",\"@id\":\"https:\\\/\\\/www.bbmnoticias.com\\\/labravaradiofm\\\/2026\\\/08\\\/21\\\/arriba-farias-laguna-al-aicm-se-dispone-su-traslado-al-altiplano\\\/\",\"url\":\"https:\\\/\\\/www.bbmnoticias.com\\\/arriba-farias-laguna-al-aicm-se-dispone-su-traslado-al-altiplano\\\/\",\"name\":\"Arriba Far\u00edas Laguna al AICM; se dispone su traslado al Altiplano - LA BRAVA RADIO\",\"isPartOf\":{\"@id\":\"https:\\\/\\\/www.bbmnoticias.com\\\/labravaradiofm\\\/#website\"},\"datePublished\":\"2026-08-21T14:46:51+00:00\",\"dateModified\":\"2026-08-21T14:46:54+00:00\",\"author\":{\"@id\":\"https:\\\/\\\/www.bbmnoticias.com\\\/labravaradiofm\\\/#\\\/schema\\\/person\\\/a0b5a4288f28a59d6732cd10a7b83122\"},\"breadcrumb\":{\"@id\":\"https:\\\/\\\/www.bbmnoticias.com\\\/arriba-farias-laguna-al-aicm-se-dispone-su-traslado-al-altiplano\\\/#breadcrumb\"},\"inLanguage\":\"es\",\"potentialAction\":[{\"@type\":\"ReadAction\",\"target\":[\"https:\\\/\\\/www.bbmnoticias.com\\\/arriba-farias-laguna-al-aicm-se-dispone-su-traslado-al-altiplano\\\/\"]}]},{\"@type\":\"BreadcrumbList\",\"@id\":\"https:\\\/\\\/www.bbmnoticias.com\\\/arriba-farias-laguna-al-aicm-se-dispone-su-traslado-al-altiplano\\\/#breadcrumb\",\"itemListElement\":[{\"@type\":\"ListItem\",\"position\":1,\"name\":\"Inicio\",\"item\":\"https:\\\/\\\/www.bbmnoticias.com\\\/labravaradiofm\\\/\"},{\"@type\":\"ListItem\",\"position\":2,\"name\":\"Arriba Far\u00edas Laguna al AICM; se dispone su traslado al Altiplano\"}]},{\"@type\":\"WebSite\",\"@id\":\"https:\\\/\\\/www.bbmnoticias.com\\\/labravaradiofm\\\/#website\",\"url\":\"https:\\\/\\\/www.bbmnoticias.com\\\/labravaradiofm\\\/\",\"name\":\"LA BRAVA RADIO\",\"description\":\"Empresa productora de medios, Radiodifusi\u00f3n, Noticias, tendencias y todo lo que necesitas saber de la pol\u00edtica mexicana e internacional; entretenimiento, espect\u00e1culos, salud y mucho m\u00e1s.\",\"potentialAction\":[{\"@type\":\"SearchAction\",\"target\":{\"@type\":\"EntryPoint\",\"urlTemplate\":\"https:\\\/\\\/www.bbmnoticias.com\\\/labravaradiofm\\\/?s={search_term_string}\"},\"query-input\":{\"@type\":\"PropertyValueSpecification\",\"valueRequired\":true,\"valueName\":\"search_term_string\"}}],\"inLanguage\":\"es\"},{\"@type\":\"Person\",\"@id\":\"https:\\\/\\\/www.bbmnoticias.com\\\/labravaradiofm\\\/#\\\/schema\\\/person\\\/a0b5a4288f28a59d6732cd10a7b83122\",\"name\":\"La jornada\",\"image\":{\"@type\":\"ImageObject\",\"inLanguage\":\"es\",\"@id\":\"https:\\\/\\\/secure.gravatar.com\\\/avatar\\\/f001d4094255fa8b6aa73ccba38f89ac42819d4fe44fb98dd4c02f7c02ee8e20?s=96&d=mm&r=g\",\"url\":\"https:\\\/\\\/secure.gravatar.com\\\/avatar\\\/f001d4094255fa8b6aa73ccba38f89ac42819d4fe44fb98dd4c02f7c02ee8e20?s=96&d=mm&r=g\",\"contentUrl\":\"https:\\\/\\\/secure.gravatar.com\\\/avatar\\\/f001d4094255fa8b6aa73ccba38f89ac42819d4fe44fb98dd4c02f7c02ee8e20?s=96&d=mm&r=g\",\"caption\":\"La jornada\"},\"url\":\"https:\\\/\\\/www.bbmnoticias.com\\\/labravaradiofm\\\/author\\\/lajornada\\\/\"}]}<\/script>\n<!-- \/ Yoast SEO plugin. -->","yoast_head_json":{"title":"Arriba Far\u00edas Laguna al AICM; se dispone su traslado al Altiplano - LA BRAVA RADIO","robots":{"index":"index","follow":"follow","max-snippet":"max-snippet:-1","max-image-preview":"max-image-preview:large","max-video-preview":"max-video-preview:-1"},"canonical":"https:\/\/www.bbmnoticias.com\/arriba-farias-laguna-al-aicm-se-dispone-su-traslado-al-altiplano\/","og_locale":"es_MX","og_type":"article","og_title":"Arriba Far\u00edas Laguna al AICM; se dispone su traslado al Altiplano - LA BRAVA RADIO","og_description":"Ciudad de M\u00e9xico. El contralmirante Fernando Far\u00edas Laguna arrib\u00f3 poco despu\u00e9s de las tres de la ma\u00f1ana al Aeropuerto Internacional de la Ciudad M\u00e9xico y las autoridades se disponen a trasladarlo al penal de m\u00e1xima seguridad del Altiplano, donde ser\u00e1 puesto a disposici\u00f3n de un juez federal para que se le imputen delitos en materia [&hellip;]","og_url":"https:\/\/www.bbmnoticias.com\/arriba-farias-laguna-al-aicm-se-dispone-su-traslado-al-altiplano\/","og_site_name":"LA BRAVA RADIO","article_published_time":"2026-08-21T14:46:51+00:00","article_modified_time":"2026-08-21T14:46:54+00:00","author":"La jornada","twitter_card":"summary_large_image","twitter_misc":{"Escrito por":"La jornada","Tiempo de lectura":"2 minutos"},"schema":{"@context":"https:\/\/schema.org","@graph":[{"@type":"Article","@id":"https:\/\/www.bbmnoticias.com\/arriba-farias-laguna-al-aicm-se-dispone-su-traslado-al-altiplano\/#article","isPartOf":{"@id":"https:\/\/www.bbmnoticias.com\/labravaradiofm\/2026\/08\/21\/arriba-farias-laguna-al-aicm-se-dispone-su-traslado-al-altiplano\/"},"author":{"name":"La jornada","@id":"https:\/\/www.bbmnoticias.com\/labravaradiofm\/#\/schema\/person\/a0b5a4288f28a59d6732cd10a7b83122"},"headline":"Arriba Far\u00edas Laguna al AICM; se dispone su traslado al Altiplano","datePublished":"2026-08-21T14:46:51+00:00","dateModified":"2026-08-21T14:46:54+00:00","mainEntityOfPage":{"@id":"https:\/\/www.bbmnoticias.com\/labravaradiofm\/2026\/08\/21\/arriba-farias-laguna-al-aicm-se-dispone-su-traslado-al-altiplano\/"},"wordCount":465,"articleSection":["LOCAL","NACIONAL"],"inLanguage":"es"},{"@type":"WebPage","@id":"https:\/\/www.bbmnoticias.com\/labravaradiofm\/2026\/08\/21\/arriba-farias-laguna-al-aicm-se-dispone-su-traslado-al-altiplano\/","url":"https:\/\/www.bbmnoticias.com\/arriba-farias-laguna-al-aicm-se-dispone-su-traslado-al-altiplano\/","name":"Arriba Far\u00edas Laguna al AICM; se dispone su traslado al Altiplano - LA BRAVA RADIO","isPartOf":{"@id":"https:\/\/www.bbmnoticias.com\/labravaradiofm\/#website"},"datePublished":"2026-08-21T14:46:51+00:00","dateModified":"2026-08-21T14:46:54+00:00","author":{"@id":"https:\/\/www.bbmnoticias.com\/labravaradiofm\/#\/schema\/person\/a0b5a4288f28a59d6732cd10a7b83122"},"breadcrumb":{"@id":"https:\/\/www.bbmnoticias.com\/arriba-farias-laguna-al-aicm-se-dispone-su-traslado-al-altiplano\/#breadcrumb"},"inLanguage":"es","potentialAction":[{"@type":"ReadAction","target":["https:\/\/www.bbmnoticias.com\/arriba-farias-laguna-al-aicm-se-dispone-su-traslado-al-altiplano\/"]}]},{"@type":"BreadcrumbList","@id":"https:\/\/www.bbmnoticias.com\/arriba-farias-laguna-al-aicm-se-dispone-su-traslado-al-altiplano\/#breadcrumb","itemListElement":[{"@type":"ListItem","position":1,"name":"Inicio","item":"https:\/\/www.bbmnoticias.com\/labravaradiofm\/"},{"@type":"ListItem","position":2,"name":"Arriba Far\u00edas Laguna al AICM; se dispone su traslado al Altiplano"}]},{"@type":"WebSite","@id":"https:\/\/www.bbmnoticias.com\/labravaradiofm\/#website","url":"https:\/\/www.bbmnoticias.com\/labravaradiofm\/","name":"LA BRAVA RADIO","description":"Empresa productora de medios, Radiodifusi\u00f3n, Noticias, tendencias y todo lo que necesitas saber de la pol\u00edtica mexicana e internacional; entretenimiento, espect\u00e1culos, salud y mucho m\u00e1s.","potentialAction":[{"@type":"SearchAction","target":{"@type":"EntryPoint","urlTemplate":"https:\/\/www.bbmnoticias.com\/labravaradiofm\/?s={search_term_string}"},"query-input":{"@type":"PropertyValueSpecification","valueRequired":true,"valueName":"search_term_string"}}],"inLanguage":"es"},{"@type":"Person","@id":"https:\/\/www.bbmnoticias.com\/labravaradiofm\/#\/schema\/person\/a0b5a4288f28a59d6732cd10a7b83122","name":"La jornada","image":{"@type":"ImageObject","inLanguage":"es","@id":"https:\/\/secure.gravatar.com\/avatar\/f001d4094255fa8b6aa73ccba38f89ac42819d4fe44fb98dd4c02f7c02ee8e20?s=96&d=mm&r=g","url":"https:\/\/secure.gravatar.com\/avatar\/f001d4094255fa8b6aa73ccba38f89ac42819d4fe44fb98dd4c02f7c02ee8e20?s=96&d=mm&r=g","contentUrl":"https:\/\/secure.gravatar.com\/avatar\/f001d4094255fa8b6aa73ccba38f89ac42819d4fe44fb98dd4c02f7c02ee8e20?s=96&d=mm&r=g","caption":"La jornada"},"url":"https:\/\/www.bbmnoticias.com\/labravaradiofm\/author\/lajornada\/"}]}},"_links":{"self":[{"href":"https:\/\/www.bbmnoticias.com\/labravaradiofm\/wp-json\/wp\/v2\/posts\/80922","targetHints":{"allow":["GET"]}}],"collection":[{"href":"https:\/\/www.bbmnoticias.com\/labravaradiofm\/wp-json\/wp\/v2\/posts"}],"about":[{"href":"https:\/\/www.bbmnoticias.com\/labravaradiofm\/wp-json\/wp\/v2\/types\/post"}],"author":[{"embeddable":true,"href":"https:\/\/www.bbmnoticias.com\/labravaradiofm\/wp-json\/wp\/v2\/users\/20"}],"replies":[{"embeddable":true,"href":"https:\/\/www.bbmnoticias.com\/labravaradiofm\/wp-json\/wp\/v2\/comments?post=80922"}],"version-history":[{"count":1,"href":"https:\/\/www.bbmnoticias.com\/labravaradiofm\/wp-json\/wp\/v2\/posts\/80922\/revisions"}],"predecessor-version":[{"id":80923,"href":"https:\/\/www.bbmnoticias.com\/labravaradiofm\/wp-json\/wp\/v2\/posts\/80922\/revisions\/80923"}],"wp:attachment":[{"href":"https:\/\/www.bbmnoticias.com\/labravaradiofm\/wp-json\/wp\/v2\/media?parent=80922"}],"wp:term":[{"taxonomy":"category","embeddable":true,"href":"https:\/\/www.bbmnoticias.com\/labravaradiofm\/wp-json\/wp\/v2\/categories?post=80922"},{"taxonomy":"post_tag","embeddable":true,"href":"https:\/\/www.bbmnoticias.com\/labravaradiofm\/wp-json\/wp\/v2\/tags?post=80922"}],"curies":[{"name":"wp","href":"https:\/\/api.w.org\/{rel}","templated":true}]}}