{"id":80919,"date":"2026-08-21T08:45:39","date_gmt":"2026-08-21T14:45:39","guid":{"rendered":"https:\/\/www.bbmnoticias.com\/labravaradiofm\/2026\/08\/21\/presuntos-normalistas-toman-nuevamente-la-caseta-de-san-pablo-huitzo-en-oaxaca\/"},"modified":"2026-08-21T08:45:42","modified_gmt":"2026-08-21T14:45:42","slug":"presuntos-normalistas-toman-nuevamente-la-caseta-de-san-pablo-huitzo-en-oaxaca","status":"publish","type":"post","link":"https:\/\/www.bbmnoticias.com\/labravaradiofm\/2026\/08\/21\/presuntos-normalistas-toman-nuevamente-la-caseta-de-san-pablo-huitzo-en-oaxaca\/","title":{"rendered":"Presuntos normalistas toman nuevamente la caseta de San Pablo Huitzo en Oaxaca"},"content":{"rendered":"\n<p class=\"wp-block-paragraph\"><strong>Oaxaca de Ju\u00e1rez, Oax.\u2014<\/strong> Un grupo de personas tom\u00f3 este viernes la <strong>Caseta de Peaje de San Pablo Huitzo<\/strong>, en la regi\u00f3n de los Valles Centrales de Oaxaca, donde retiraron al personal de Caminos y Puentes Federales (Capufe) y comenzaron a realizar acciones de protesta.<\/p>\n\n\n\n<p class=\"wp-block-paragraph\">De acuerdo con los primeros reportes, los manifestantes arribaron a bordo de veh\u00edculos del transporte p\u00fablico y ocuparon las instalaciones de la caseta para permitir el paso de automovilistas mediante el cobro de una <strong>cuota voluntaria<\/strong>.<\/p>\n\n\n\n<p class=\"wp-block-paragraph\">La movilizaci\u00f3n ocurre apenas un d\u00eda despu\u00e9s de que fuera liberado el paso en este tramo carretero, luego de que pobladores de San Pablo Huitzo mantuvieran tomada la caseta durante una protesta.<\/p>\n\n\n\n<h3 class=\"wp-block-heading\">Reportan presencia de presuntos estudiantes normalistas<\/h3>\n\n\n\n<p class=\"wp-block-paragraph\">De manera preliminar, se inform\u00f3 que el nuevo grupo de manifestantes estar\u00eda integrado por <strong>presuntos estudiantes normalistas<\/strong>, aunque hasta el momento no se han dado a conocer detalles oficiales sobre sus demandas.<\/p>\n\n\n\n<p class=\"wp-block-paragraph\">La toma de la caseta genera nuevamente afectaciones a la operaci\u00f3n habitual de este punto de peaje y mantiene bajo atenci\u00f3n el tr\u00e1nsito de veh\u00edculos que circulan por esta v\u00eda de los Valles Centrales.<\/p>\n\n\n\n<p class=\"wp-block-paragraph\">Hasta el momento, no se ha informado cu\u00e1nto tiempo permanecer\u00e1n los manifestantes en las instalaciones ni si existe alg\u00fan acuerdo para liberar nuevamente la caseta.<\/p>\n\n\n\n<p class=\"wp-block-paragraph\"><\/p>\n","protected":false},"excerpt":{"rendered":"<p>Oaxaca de Ju\u00e1rez, Oax.\u2014 Un grupo de personas tom\u00f3 este viernes la Caseta de Peaje de San Pablo Huitzo, en la regi\u00f3n de los Valles Centrales de Oaxaca, donde retiraron al personal de Caminos y Puentes Federales (Capufe) y comenzaron a realizar acciones de protesta. De acuerdo con los primeros reportes, los manifestantes arribaron a [&hellip;]<\/p>\n","protected":false},"author":2,"featured_media":80921,"comment_status":"closed","ping_status":"open","sticky":false,"template":"","format":"standard","meta":{"footnotes":""},"categories":[2],"tags":[],"class_list":["post-80919","post","type-post","status-publish","format-standard","has-post-thumbnail","hentry","category-oaxaca"],"yoast_head":"<!-- This site is optimized with the Yoast SEO plugin v28.1 - https:\/\/yoast.com\/product\/yoast-seo-wordpress\/ -->\n<title>Presuntos normalistas toman nuevamente la caseta de San Pablo Huitzo en Oaxaca - LA BRAVA RADIO<\/title>\n<meta name=\"robots\" content=\"index, follow, max-snippet:-1, max-image-preview:large, max-video-preview:-1\" \/>\n<link rel=\"canonical\" href=\"https:\/\/www.bbmnoticias.com\/presuntos-normalistas-toman-nuevamente-la-caseta-de-san-pablo-huitzo-en-oaxaca\/\" \/>\n<meta property=\"og:locale\" content=\"es_MX\" \/>\n<meta property=\"og:type\" content=\"article\" \/>\n<meta property=\"og:title\" content=\"Presuntos normalistas toman nuevamente la caseta de San Pablo Huitzo en Oaxaca - LA BRAVA RADIO\" \/>\n<meta property=\"og:description\" content=\"Oaxaca de Ju\u00e1rez, Oax.\u2014 Un grupo de personas tom\u00f3 este viernes la Caseta de Peaje de San Pablo Huitzo, en la regi\u00f3n de los Valles Centrales de Oaxaca, donde retiraron al personal de Caminos y Puentes Federales (Capufe) y comenzaron a realizar acciones de protesta. De acuerdo con los primeros reportes, los manifestantes arribaron a [&hellip;]\" \/>\n<meta property=\"og:url\" content=\"https:\/\/www.bbmnoticias.com\/presuntos-normalistas-toman-nuevamente-la-caseta-de-san-pablo-huitzo-en-oaxaca\/\" \/>\n<meta property=\"og:site_name\" content=\"LA BRAVA RADIO\" \/>\n<meta property=\"article:published_time\" content=\"2026-08-21T14:45:39+00:00\" \/>\n<meta property=\"article:modified_time\" content=\"2026-08-21T14:45:42+00:00\" \/>\n<meta property=\"og:image\" content=\"https:\/\/www.bbmnoticias.com\/labravaradiofm\/wp-content\/uploads\/sites\/5\/2026\/08\/caseta_huitzo.jpg\" \/>\n\t<meta property=\"og:image:width\" content=\"750\" \/>\n\t<meta property=\"og:image:height\" content=\"493\" \/>\n\t<meta property=\"og:image:type\" content=\"image\/jpeg\" \/>\n<meta name=\"author\" content=\"Staff\" \/>\n<meta name=\"twitter:card\" content=\"summary_large_image\" \/>\n<meta name=\"twitter:label1\" content=\"Escrito por\" \/>\n\t<meta name=\"twitter:data1\" content=\"Staff\" \/>\n\t<meta name=\"twitter:label2\" content=\"Tiempo de lectura\" \/>\n\t<meta name=\"twitter:data2\" content=\"1 minuto\" \/>\n<script type=\"application\/ld+json\" class=\"yoast-schema-graph\">{\"@context\":\"https:\\\/\\\/schema.org\",\"@graph\":[{\"@type\":\"Article\",\"@id\":\"https:\\\/\\\/www.bbmnoticias.com\\\/presuntos-normalistas-toman-nuevamente-la-caseta-de-san-pablo-huitzo-en-oaxaca\\\/#article\",\"isPartOf\":{\"@id\":\"https:\\\/\\\/www.bbmnoticias.com\\\/labravaradiofm\\\/2026\\\/08\\\/21\\\/presuntos-normalistas-toman-nuevamente-la-caseta-de-san-pablo-huitzo-en-oaxaca\\\/\"},\"author\":{\"name\":\"Staff\",\"@id\":\"https:\\\/\\\/www.bbmnoticias.com\\\/labravaradiofm\\\/#\\\/schema\\\/person\\\/9eb037257fc48a09cdf31d9a2f45619f\"},\"headline\":\"Presuntos normalistas toman nuevamente la caseta de San Pablo Huitzo en Oaxaca\",\"datePublished\":\"2026-08-21T14:45:39+00:00\",\"dateModified\":\"2026-08-21T14:45:42+00:00\",\"mainEntityOfPage\":{\"@id\":\"https:\\\/\\\/www.bbmnoticias.com\\\/labravaradiofm\\\/2026\\\/08\\\/21\\\/presuntos-normalistas-toman-nuevamente-la-caseta-de-san-pablo-huitzo-en-oaxaca\\\/\"},\"wordCount\":238,\"image\":{\"@id\":\"https:\\\/\\\/www.bbmnoticias.com\\\/presuntos-normalistas-toman-nuevamente-la-caseta-de-san-pablo-huitzo-en-oaxaca\\\/#primaryimage\"},\"thumbnailUrl\":\"https:\\\/\\\/www.bbmnoticias.com\\\/labravaradiofm\\\/wp-content\\\/uploads\\\/sites\\\/5\\\/2026\\\/08\\\/caseta_huitzo.jpg\",\"articleSection\":[\"LOCAL\"],\"inLanguage\":\"es\"},{\"@type\":\"WebPage\",\"@id\":\"https:\\\/\\\/www.bbmnoticias.com\\\/labravaradiofm\\\/2026\\\/08\\\/21\\\/presuntos-normalistas-toman-nuevamente-la-caseta-de-san-pablo-huitzo-en-oaxaca\\\/\",\"url\":\"https:\\\/\\\/www.bbmnoticias.com\\\/presuntos-normalistas-toman-nuevamente-la-caseta-de-san-pablo-huitzo-en-oaxaca\\\/\",\"name\":\"Presuntos normalistas toman nuevamente la caseta de San Pablo Huitzo en Oaxaca - LA BRAVA RADIO\",\"isPartOf\":{\"@id\":\"https:\\\/\\\/www.bbmnoticias.com\\\/labravaradiofm\\\/#website\"},\"primaryImageOfPage\":{\"@id\":\"https:\\\/\\\/www.bbmnoticias.com\\\/presuntos-normalistas-toman-nuevamente-la-caseta-de-san-pablo-huitzo-en-oaxaca\\\/#primaryimage\"},\"image\":{\"@id\":\"https:\\\/\\\/www.bbmnoticias.com\\\/presuntos-normalistas-toman-nuevamente-la-caseta-de-san-pablo-huitzo-en-oaxaca\\\/#primaryimage\"},\"thumbnailUrl\":\"https:\\\/\\\/www.bbmnoticias.com\\\/labravaradiofm\\\/wp-content\\\/uploads\\\/sites\\\/5\\\/2026\\\/08\\\/caseta_huitzo.jpg\",\"datePublished\":\"2026-08-21T14:45:39+00:00\",\"dateModified\":\"2026-08-21T14:45:42+00:00\",\"author\":{\"@id\":\"https:\\\/\\\/www.bbmnoticias.com\\\/labravaradiofm\\\/#\\\/schema\\\/person\\\/9eb037257fc48a09cdf31d9a2f45619f\"},\"breadcrumb\":{\"@id\":\"https:\\\/\\\/www.bbmnoticias.com\\\/presuntos-normalistas-toman-nuevamente-la-caseta-de-san-pablo-huitzo-en-oaxaca\\\/#breadcrumb\"},\"inLanguage\":\"es\",\"potentialAction\":[{\"@type\":\"ReadAction\",\"target\":[\"https:\\\/\\\/www.bbmnoticias.com\\\/presuntos-normalistas-toman-nuevamente-la-caseta-de-san-pablo-huitzo-en-oaxaca\\\/\"]}]},{\"@type\":\"ImageObject\",\"inLanguage\":\"es\",\"@id\":\"https:\\\/\\\/www.bbmnoticias.com\\\/presuntos-normalistas-toman-nuevamente-la-caseta-de-san-pablo-huitzo-en-oaxaca\\\/#primaryimage\",\"url\":\"https:\\\/\\\/www.bbmnoticias.com\\\/labravaradiofm\\\/wp-content\\\/uploads\\\/sites\\\/5\\\/2026\\\/08\\\/caseta_huitzo.jpg\",\"contentUrl\":\"https:\\\/\\\/www.bbmnoticias.com\\\/labravaradiofm\\\/wp-content\\\/uploads\\\/sites\\\/5\\\/2026\\\/08\\\/caseta_huitzo.jpg\",\"width\":750,\"height\":493},{\"@type\":\"BreadcrumbList\",\"@id\":\"https:\\\/\\\/www.bbmnoticias.com\\\/presuntos-normalistas-toman-nuevamente-la-caseta-de-san-pablo-huitzo-en-oaxaca\\\/#breadcrumb\",\"itemListElement\":[{\"@type\":\"ListItem\",\"position\":1,\"name\":\"Inicio\",\"item\":\"https:\\\/\\\/www.bbmnoticias.com\\\/labravaradiofm\\\/\"},{\"@type\":\"ListItem\",\"position\":2,\"name\":\"Presuntos normalistas toman nuevamente la caseta de San Pablo Huitzo en Oaxaca\"}]},{\"@type\":\"WebSite\",\"@id\":\"https:\\\/\\\/www.bbmnoticias.com\\\/labravaradiofm\\\/#website\",\"url\":\"https:\\\/\\\/www.bbmnoticias.com\\\/labravaradiofm\\\/\",\"name\":\"LA BRAVA RADIO\",\"description\":\"Empresa productora de medios, Radiodifusi\u00f3n, Noticias, tendencias y todo lo que necesitas saber de la pol\u00edtica mexicana e internacional; entretenimiento, espect\u00e1culos, salud y mucho m\u00e1s.\",\"potentialAction\":[{\"@type\":\"SearchAction\",\"target\":{\"@type\":\"EntryPoint\",\"urlTemplate\":\"https:\\\/\\\/www.bbmnoticias.com\\\/labravaradiofm\\\/?s={search_term_string}\"},\"query-input\":{\"@type\":\"PropertyValueSpecification\",\"valueRequired\":true,\"valueName\":\"search_term_string\"}}],\"inLanguage\":\"es\"},{\"@type\":\"Person\",\"@id\":\"https:\\\/\\\/www.bbmnoticias.com\\\/labravaradiofm\\\/#\\\/schema\\\/person\\\/9eb037257fc48a09cdf31d9a2f45619f\",\"name\":\"Staff\",\"image\":{\"@type\":\"ImageObject\",\"inLanguage\":\"es\",\"@id\":\"https:\\\/\\\/secure.gravatar.com\\\/avatar\\\/fdd21ad66fd8b98c407f9dee5b5e588cfe7f0d8579ec20fa6527cd59bab7f0f0?s=96&d=mm&r=g\",\"url\":\"https:\\\/\\\/secure.gravatar.com\\\/avatar\\\/fdd21ad66fd8b98c407f9dee5b5e588cfe7f0d8579ec20fa6527cd59bab7f0f0?s=96&d=mm&r=g\",\"contentUrl\":\"https:\\\/\\\/secure.gravatar.com\\\/avatar\\\/fdd21ad66fd8b98c407f9dee5b5e588cfe7f0d8579ec20fa6527cd59bab7f0f0?s=96&d=mm&r=g\",\"caption\":\"Staff\"},\"url\":\"https:\\\/\\\/www.bbmnoticias.com\\\/labravaradiofm\\\/author\\\/redaccion\\\/\"}]}<\/script>\n<!-- \/ Yoast SEO plugin. -->","yoast_head_json":{"title":"Presuntos normalistas toman nuevamente la caseta de San Pablo Huitzo en Oaxaca - LA BRAVA RADIO","robots":{"index":"index","follow":"follow","max-snippet":"max-snippet:-1","max-image-preview":"max-image-preview:large","max-video-preview":"max-video-preview:-1"},"canonical":"https:\/\/www.bbmnoticias.com\/presuntos-normalistas-toman-nuevamente-la-caseta-de-san-pablo-huitzo-en-oaxaca\/","og_locale":"es_MX","og_type":"article","og_title":"Presuntos normalistas toman nuevamente la caseta de San Pablo Huitzo en Oaxaca - LA BRAVA RADIO","og_description":"Oaxaca de Ju\u00e1rez, Oax.\u2014 Un grupo de personas tom\u00f3 este viernes la Caseta de Peaje de San Pablo Huitzo, en la regi\u00f3n de los Valles Centrales de Oaxaca, donde retiraron al personal de Caminos y Puentes Federales (Capufe) y comenzaron a realizar acciones de protesta. De acuerdo con los primeros reportes, los manifestantes arribaron a [&hellip;]","og_url":"https:\/\/www.bbmnoticias.com\/presuntos-normalistas-toman-nuevamente-la-caseta-de-san-pablo-huitzo-en-oaxaca\/","og_site_name":"LA BRAVA RADIO","article_published_time":"2026-08-21T14:45:39+00:00","article_modified_time":"2026-08-21T14:45:42+00:00","og_image":[{"width":750,"height":493,"url":"https:\/\/www.bbmnoticias.com\/labravaradiofm\/wp-content\/uploads\/sites\/5\/2026\/08\/caseta_huitzo.jpg","type":"image\/jpeg"}],"author":"Staff","twitter_card":"summary_large_image","twitter_misc":{"Escrito por":"Staff","Tiempo de lectura":"1 minuto"},"schema":{"@context":"https:\/\/schema.org","@graph":[{"@type":"Article","@id":"https:\/\/www.bbmnoticias.com\/presuntos-normalistas-toman-nuevamente-la-caseta-de-san-pablo-huitzo-en-oaxaca\/#article","isPartOf":{"@id":"https:\/\/www.bbmnoticias.com\/labravaradiofm\/2026\/08\/21\/presuntos-normalistas-toman-nuevamente-la-caseta-de-san-pablo-huitzo-en-oaxaca\/"},"author":{"name":"Staff","@id":"https:\/\/www.bbmnoticias.com\/labravaradiofm\/#\/schema\/person\/9eb037257fc48a09cdf31d9a2f45619f"},"headline":"Presuntos normalistas toman nuevamente la caseta de San Pablo Huitzo en Oaxaca","datePublished":"2026-08-21T14:45:39+00:00","dateModified":"2026-08-21T14:45:42+00:00","mainEntityOfPage":{"@id":"https:\/\/www.bbmnoticias.com\/labravaradiofm\/2026\/08\/21\/presuntos-normalistas-toman-nuevamente-la-caseta-de-san-pablo-huitzo-en-oaxaca\/"},"wordCount":238,"image":{"@id":"https:\/\/www.bbmnoticias.com\/presuntos-normalistas-toman-nuevamente-la-caseta-de-san-pablo-huitzo-en-oaxaca\/#primaryimage"},"thumbnailUrl":"https:\/\/www.bbmnoticias.com\/labravaradiofm\/wp-content\/uploads\/sites\/5\/2026\/08\/caseta_huitzo.jpg","articleSection":["LOCAL"],"inLanguage":"es"},{"@type":"WebPage","@id":"https:\/\/www.bbmnoticias.com\/labravaradiofm\/2026\/08\/21\/presuntos-normalistas-toman-nuevamente-la-caseta-de-san-pablo-huitzo-en-oaxaca\/","url":"https:\/\/www.bbmnoticias.com\/presuntos-normalistas-toman-nuevamente-la-caseta-de-san-pablo-huitzo-en-oaxaca\/","name":"Presuntos normalistas toman nuevamente la caseta de San Pablo Huitzo en Oaxaca - LA BRAVA RADIO","isPartOf":{"@id":"https:\/\/www.bbmnoticias.com\/labravaradiofm\/#website"},"primaryImageOfPage":{"@id":"https:\/\/www.bbmnoticias.com\/presuntos-normalistas-toman-nuevamente-la-caseta-de-san-pablo-huitzo-en-oaxaca\/#primaryimage"},"image":{"@id":"https:\/\/www.bbmnoticias.com\/presuntos-normalistas-toman-nuevamente-la-caseta-de-san-pablo-huitzo-en-oaxaca\/#primaryimage"},"thumbnailUrl":"https:\/\/www.bbmnoticias.com\/labravaradiofm\/wp-content\/uploads\/sites\/5\/2026\/08\/caseta_huitzo.jpg","datePublished":"2026-08-21T14:45:39+00:00","dateModified":"2026-08-21T14:45:42+00:00","author":{"@id":"https:\/\/www.bbmnoticias.com\/labravaradiofm\/#\/schema\/person\/9eb037257fc48a09cdf31d9a2f45619f"},"breadcrumb":{"@id":"https:\/\/www.bbmnoticias.com\/presuntos-normalistas-toman-nuevamente-la-caseta-de-san-pablo-huitzo-en-oaxaca\/#breadcrumb"},"inLanguage":"es","potentialAction":[{"@type":"ReadAction","target":["https:\/\/www.bbmnoticias.com\/presuntos-normalistas-toman-nuevamente-la-caseta-de-san-pablo-huitzo-en-oaxaca\/"]}]},{"@type":"ImageObject","inLanguage":"es","@id":"https:\/\/www.bbmnoticias.com\/presuntos-normalistas-toman-nuevamente-la-caseta-de-san-pablo-huitzo-en-oaxaca\/#primaryimage","url":"https:\/\/www.bbmnoticias.com\/labravaradiofm\/wp-content\/uploads\/sites\/5\/2026\/08\/caseta_huitzo.jpg","contentUrl":"https:\/\/www.bbmnoticias.com\/labravaradiofm\/wp-content\/uploads\/sites\/5\/2026\/08\/caseta_huitzo.jpg","width":750,"height":493},{"@type":"BreadcrumbList","@id":"https:\/\/www.bbmnoticias.com\/presuntos-normalistas-toman-nuevamente-la-caseta-de-san-pablo-huitzo-en-oaxaca\/#breadcrumb","itemListElement":[{"@type":"ListItem","position":1,"name":"Inicio","item":"https:\/\/www.bbmnoticias.com\/labravaradiofm\/"},{"@type":"ListItem","position":2,"name":"Presuntos normalistas toman nuevamente la caseta de San Pablo Huitzo en Oaxaca"}]},{"@type":"WebSite","@id":"https:\/\/www.bbmnoticias.com\/labravaradiofm\/#website","url":"https:\/\/www.bbmnoticias.com\/labravaradiofm\/","name":"LA BRAVA RADIO","description":"Empresa productora de medios, Radiodifusi\u00f3n, Noticias, tendencias y todo lo que necesitas saber de la pol\u00edtica mexicana e internacional; entretenimiento, espect\u00e1culos, salud y mucho m\u00e1s.","potentialAction":[{"@type":"SearchAction","target":{"@type":"EntryPoint","urlTemplate":"https:\/\/www.bbmnoticias.com\/labravaradiofm\/?s={search_term_string}"},"query-input":{"@type":"PropertyValueSpecification","valueRequired":true,"valueName":"search_term_string"}}],"inLanguage":"es"},{"@type":"Person","@id":"https:\/\/www.bbmnoticias.com\/labravaradiofm\/#\/schema\/person\/9eb037257fc48a09cdf31d9a2f45619f","name":"Staff","image":{"@type":"ImageObject","inLanguage":"es","@id":"https:\/\/secure.gravatar.com\/avatar\/fdd21ad66fd8b98c407f9dee5b5e588cfe7f0d8579ec20fa6527cd59bab7f0f0?s=96&d=mm&r=g","url":"https:\/\/secure.gravatar.com\/avatar\/fdd21ad66fd8b98c407f9dee5b5e588cfe7f0d8579ec20fa6527cd59bab7f0f0?s=96&d=mm&r=g","contentUrl":"https:\/\/secure.gravatar.com\/avatar\/fdd21ad66fd8b98c407f9dee5b5e588cfe7f0d8579ec20fa6527cd59bab7f0f0?s=96&d=mm&r=g","caption":"Staff"},"url":"https:\/\/www.bbmnoticias.com\/labravaradiofm\/author\/redaccion\/"}]}},"_links":{"self":[{"href":"https:\/\/www.bbmnoticias.com\/labravaradiofm\/wp-json\/wp\/v2\/posts\/80919","targetHints":{"allow":["GET"]}}],"collection":[{"href":"https:\/\/www.bbmnoticias.com\/labravaradiofm\/wp-json\/wp\/v2\/posts"}],"about":[{"href":"https:\/\/www.bbmnoticias.com\/labravaradiofm\/wp-json\/wp\/v2\/types\/post"}],"author":[{"embeddable":true,"href":"https:\/\/www.bbmnoticias.com\/labravaradiofm\/wp-json\/wp\/v2\/users\/2"}],"replies":[{"embeddable":true,"href":"https:\/\/www.bbmnoticias.com\/labravaradiofm\/wp-json\/wp\/v2\/comments?post=80919"}],"version-history":[{"count":1,"href":"https:\/\/www.bbmnoticias.com\/labravaradiofm\/wp-json\/wp\/v2\/posts\/80919\/revisions"}],"predecessor-version":[{"id":80920,"href":"https:\/\/www.bbmnoticias.com\/labravaradiofm\/wp-json\/wp\/v2\/posts\/80919\/revisions\/80920"}],"wp:featuredmedia":[{"embeddable":true,"href":"https:\/\/www.bbmnoticias.com\/labravaradiofm\/wp-json\/wp\/v2\/media\/80921"}],"wp:attachment":[{"href":"https:\/\/www.bbmnoticias.com\/labravaradiofm\/wp-json\/wp\/v2\/media?parent=80919"}],"wp:term":[{"taxonomy":"category","embeddable":true,"href":"https:\/\/www.bbmnoticias.com\/labravaradiofm\/wp-json\/wp\/v2\/categories?post=80919"},{"taxonomy":"post_tag","embeddable":true,"href":"https:\/\/www.bbmnoticias.com\/labravaradiofm\/wp-json\/wp\/v2\/tags?post=80919"}],"curies":[{"name":"wp","href":"https:\/\/api.w.org\/{rel}","templated":true}]}}