{"id":80916,"date":"2026-08-21T08:30:50","date_gmt":"2026-08-21T14:30:50","guid":{"rendered":"https:\/\/www.bbmnoticias.com\/labravaradiofm\/2026\/08\/21\/obtiene-fgeo-fallo-condenatorio-por-desaparicion-de-dos-personas-en-la-canada\/"},"modified":"2026-08-21T08:30:53","modified_gmt":"2026-08-21T14:30:53","slug":"obtiene-fgeo-fallo-condenatorio-por-desaparicion-de-dos-personas-en-la-canada","status":"publish","type":"post","link":"https:\/\/www.bbmnoticias.com\/labravaradiofm\/2026\/08\/21\/obtiene-fgeo-fallo-condenatorio-por-desaparicion-de-dos-personas-en-la-canada\/","title":{"rendered":"Obtiene FGEO fallo condenatorio por desaparici\u00f3n de dos personas en la Ca\u00f1ada"},"content":{"rendered":"\n<p class=\"wp-block-paragraph\"><strong>Oaxaca de Ju\u00e1rez, Oax., 21 de agosto de 2026.\u2014<\/strong> Como resultado de las investigaciones para esclarecer la desaparici\u00f3n de dos personas, la Fiscal\u00eda General del Estado de Oaxaca (FGEO) obtuvo un fallo condenatorio contra <strong>S.G.H.A.<\/strong>, por su responsabilidad en el delito de <strong>desaparici\u00f3n cometida por particulares<\/strong>, ocurrido en la regi\u00f3n de la Ca\u00f1ada.<\/p>\n\n\n\n<p class=\"wp-block-paragraph\">De acuerdo con la causa penal, los hechos ocurrieron el <strong>31 de julio de 2019<\/strong>, sobre un camino de terracer\u00eda que comunica a la localidad de Zongolica, Santa Mar\u00eda Chilchotla, con la agencia 5 de Mayo, en Huautla de Jim\u00e9nez.<\/p>\n\n\n\n<p class=\"wp-block-paragraph\">Seg\u00fan las investigaciones, las v\u00edctimas, identificadas como <strong>E.D.M.R. y J.I.M.R.<\/strong>, viajaban a bordo de una camioneta cuando fueron interceptadas por un grupo de personas que presuntamente realiz\u00f3 disparos de arma de fuego y posteriormente las priv\u00f3 de la libertad.<\/p>\n\n\n\n<p class=\"wp-block-paragraph\">Las indagatorias establecieron que las v\u00edctimas fueron trasladadas en distintos veh\u00edculos hasta otra localidad, donde presuntamente fueron ocultadas.<\/p>\n\n\n\n<p class=\"wp-block-paragraph\">Tras conocer los hechos, la FGEO, a trav\u00e9s de la <strong>Vicefiscal\u00eda General de Atenci\u00f3n a V\u00edctimas y Derechos Humanos<\/strong>, inici\u00f3 las investigaciones correspondientes y recab\u00f3 datos de prueba que permitieron presentar el caso ante la autoridad judicial.<\/p>\n\n\n\n<h3 class=\"wp-block-heading\">Tribunal emite fallo condenatorio<\/h3>\n\n\n\n<p class=\"wp-block-paragraph\">Durante la audiencia, el Tribunal de Enjuiciamiento dict\u00f3 <strong>fallo condenatorio contra S.G.H.A.<\/strong> por el delito de desaparici\u00f3n cometida por particulares.<\/p>\n\n\n\n<p class=\"wp-block-paragraph\">La Fiscal\u00eda inform\u00f3 que a\u00fan est\u00e1 pendiente la <strong>audiencia de individualizaci\u00f3n de sanciones<\/strong>, etapa en la que se determinar\u00e1 la pena que deber\u00e1 cumplir la persona sentenciada.<\/p>\n\n\n\n<p class=\"wp-block-paragraph\">El fallo representa un avance dentro de las investigaciones iniciadas por la desaparici\u00f3n de ambas personas, cuyos hechos ocurrieron hace siete a\u00f1os en la regi\u00f3n de la Ca\u00f1ada.<\/p>\n\n\n\n<p class=\"wp-block-paragraph\"><\/p>\n","protected":false},"excerpt":{"rendered":"<p>Oaxaca de Ju\u00e1rez, Oax., 21 de agosto de 2026.\u2014 Como resultado de las investigaciones para esclarecer la desaparici\u00f3n de dos personas, la Fiscal\u00eda General del Estado de Oaxaca (FGEO) obtuvo un fallo condenatorio contra S.G.H.A., por su responsabilidad en el delito de desaparici\u00f3n cometida por particulares, ocurrido en la regi\u00f3n de la Ca\u00f1ada. De acuerdo [&hellip;]<\/p>\n","protected":false},"author":2,"featured_media":80918,"comment_status":"closed","ping_status":"open","sticky":false,"template":"","format":"standard","meta":{"footnotes":""},"categories":[2,20],"tags":[],"class_list":["post-80916","post","type-post","status-publish","format-standard","has-post-thumbnail","hentry","category-oaxaca","category-policiaca"],"yoast_head":"<!-- This site is optimized with the Yoast SEO plugin v28.1 - https:\/\/yoast.com\/product\/yoast-seo-wordpress\/ -->\n<title>Obtiene FGEO fallo condenatorio por desaparici\u00f3n de dos personas en la Ca\u00f1ada - LA BRAVA RADIO<\/title>\n<meta name=\"robots\" content=\"index, follow, max-snippet:-1, max-image-preview:large, max-video-preview:-1\" \/>\n<link rel=\"canonical\" href=\"https:\/\/www.bbmnoticias.com\/obtiene-fgeo-fallo-condenatorio-por-desaparicion-de-dos-personas-en-la-canada\/\" \/>\n<meta property=\"og:locale\" content=\"es_MX\" \/>\n<meta property=\"og:type\" content=\"article\" \/>\n<meta property=\"og:title\" content=\"Obtiene FGEO fallo condenatorio por desaparici\u00f3n de dos personas en la Ca\u00f1ada - LA BRAVA RADIO\" \/>\n<meta property=\"og:description\" content=\"Oaxaca de Ju\u00e1rez, Oax., 21 de agosto de 2026.\u2014 Como resultado de las investigaciones para esclarecer la desaparici\u00f3n de dos personas, la Fiscal\u00eda General del Estado de Oaxaca (FGEO) obtuvo un fallo condenatorio contra S.G.H.A., por su responsabilidad en el delito de desaparici\u00f3n cometida por particulares, ocurrido en la regi\u00f3n de la Ca\u00f1ada. De acuerdo [&hellip;]\" \/>\n<meta property=\"og:url\" content=\"https:\/\/www.bbmnoticias.com\/obtiene-fgeo-fallo-condenatorio-por-desaparicion-de-dos-personas-en-la-canada\/\" \/>\n<meta property=\"og:site_name\" content=\"LA BRAVA RADIO\" \/>\n<meta property=\"article:published_time\" content=\"2026-08-21T14:30:50+00:00\" \/>\n<meta property=\"article:modified_time\" content=\"2026-08-21T14:30:53+00:00\" \/>\n<meta property=\"og:image\" content=\"https:\/\/www.bbmnoticias.com\/labravaradiofm\/wp-content\/uploads\/sites\/5\/2026\/08\/presunto_agresor-8.jpg\" \/>\n\t<meta property=\"og:image:width\" content=\"800\" \/>\n\t<meta property=\"og:image:height\" content=\"500\" \/>\n\t<meta property=\"og:image:type\" content=\"image\/jpeg\" \/>\n<meta name=\"author\" content=\"Staff\" \/>\n<meta name=\"twitter:card\" content=\"summary_large_image\" \/>\n<meta name=\"twitter:label1\" content=\"Escrito por\" \/>\n\t<meta name=\"twitter:data1\" content=\"Staff\" \/>\n\t<meta name=\"twitter:label2\" content=\"Tiempo de lectura\" \/>\n\t<meta name=\"twitter:data2\" content=\"1 minuto\" \/>\n<script type=\"application\/ld+json\" class=\"yoast-schema-graph\">{\"@context\":\"https:\\\/\\\/schema.org\",\"@graph\":[{\"@type\":\"Article\",\"@id\":\"https:\\\/\\\/www.bbmnoticias.com\\\/obtiene-fgeo-fallo-condenatorio-por-desaparicion-de-dos-personas-en-la-canada\\\/#article\",\"isPartOf\":{\"@id\":\"https:\\\/\\\/www.bbmnoticias.com\\\/labravaradiofm\\\/2026\\\/08\\\/21\\\/obtiene-fgeo-fallo-condenatorio-por-desaparicion-de-dos-personas-en-la-canada\\\/\"},\"author\":{\"name\":\"Staff\",\"@id\":\"https:\\\/\\\/www.bbmnoticias.com\\\/labravaradiofm\\\/#\\\/schema\\\/person\\\/9eb037257fc48a09cdf31d9a2f45619f\"},\"headline\":\"Obtiene FGEO fallo condenatorio por desaparici\u00f3n de dos personas en la Ca\u00f1ada\",\"datePublished\":\"2026-08-21T14:30:50+00:00\",\"dateModified\":\"2026-08-21T14:30:53+00:00\",\"mainEntityOfPage\":{\"@id\":\"https:\\\/\\\/www.bbmnoticias.com\\\/labravaradiofm\\\/2026\\\/08\\\/21\\\/obtiene-fgeo-fallo-condenatorio-por-desaparicion-de-dos-personas-en-la-canada\\\/\"},\"wordCount\":312,\"image\":{\"@id\":\"https:\\\/\\\/www.bbmnoticias.com\\\/obtiene-fgeo-fallo-condenatorio-por-desaparicion-de-dos-personas-en-la-canada\\\/#primaryimage\"},\"thumbnailUrl\":\"https:\\\/\\\/www.bbmnoticias.com\\\/labravaradiofm\\\/wp-content\\\/uploads\\\/sites\\\/5\\\/2026\\\/08\\\/presunto_agresor-8.jpg\",\"articleSection\":[\"LOCAL\",\"POLICIACA\"],\"inLanguage\":\"es\"},{\"@type\":\"WebPage\",\"@id\":\"https:\\\/\\\/www.bbmnoticias.com\\\/labravaradiofm\\\/2026\\\/08\\\/21\\\/obtiene-fgeo-fallo-condenatorio-por-desaparicion-de-dos-personas-en-la-canada\\\/\",\"url\":\"https:\\\/\\\/www.bbmnoticias.com\\\/obtiene-fgeo-fallo-condenatorio-por-desaparicion-de-dos-personas-en-la-canada\\\/\",\"name\":\"Obtiene FGEO fallo condenatorio por desaparici\u00f3n de dos personas en la Ca\u00f1ada - LA BRAVA RADIO\",\"isPartOf\":{\"@id\":\"https:\\\/\\\/www.bbmnoticias.com\\\/labravaradiofm\\\/#website\"},\"primaryImageOfPage\":{\"@id\":\"https:\\\/\\\/www.bbmnoticias.com\\\/obtiene-fgeo-fallo-condenatorio-por-desaparicion-de-dos-personas-en-la-canada\\\/#primaryimage\"},\"image\":{\"@id\":\"https:\\\/\\\/www.bbmnoticias.com\\\/obtiene-fgeo-fallo-condenatorio-por-desaparicion-de-dos-personas-en-la-canada\\\/#primaryimage\"},\"thumbnailUrl\":\"https:\\\/\\\/www.bbmnoticias.com\\\/labravaradiofm\\\/wp-content\\\/uploads\\\/sites\\\/5\\\/2026\\\/08\\\/presunto_agresor-8.jpg\",\"datePublished\":\"2026-08-21T14:30:50+00:00\",\"dateModified\":\"2026-08-21T14:30:53+00:00\",\"author\":{\"@id\":\"https:\\\/\\\/www.bbmnoticias.com\\\/labravaradiofm\\\/#\\\/schema\\\/person\\\/9eb037257fc48a09cdf31d9a2f45619f\"},\"breadcrumb\":{\"@id\":\"https:\\\/\\\/www.bbmnoticias.com\\\/obtiene-fgeo-fallo-condenatorio-por-desaparicion-de-dos-personas-en-la-canada\\\/#breadcrumb\"},\"inLanguage\":\"es\",\"potentialAction\":[{\"@type\":\"ReadAction\",\"target\":[\"https:\\\/\\\/www.bbmnoticias.com\\\/obtiene-fgeo-fallo-condenatorio-por-desaparicion-de-dos-personas-en-la-canada\\\/\"]}]},{\"@type\":\"ImageObject\",\"inLanguage\":\"es\",\"@id\":\"https:\\\/\\\/www.bbmnoticias.com\\\/obtiene-fgeo-fallo-condenatorio-por-desaparicion-de-dos-personas-en-la-canada\\\/#primaryimage\",\"url\":\"https:\\\/\\\/www.bbmnoticias.com\\\/labravaradiofm\\\/wp-content\\\/uploads\\\/sites\\\/5\\\/2026\\\/08\\\/presunto_agresor-8.jpg\",\"contentUrl\":\"https:\\\/\\\/www.bbmnoticias.com\\\/labravaradiofm\\\/wp-content\\\/uploads\\\/sites\\\/5\\\/2026\\\/08\\\/presunto_agresor-8.jpg\",\"width\":800,\"height\":500},{\"@type\":\"BreadcrumbList\",\"@id\":\"https:\\\/\\\/www.bbmnoticias.com\\\/obtiene-fgeo-fallo-condenatorio-por-desaparicion-de-dos-personas-en-la-canada\\\/#breadcrumb\",\"itemListElement\":[{\"@type\":\"ListItem\",\"position\":1,\"name\":\"Inicio\",\"item\":\"https:\\\/\\\/www.bbmnoticias.com\\\/labravaradiofm\\\/\"},{\"@type\":\"ListItem\",\"position\":2,\"name\":\"Obtiene FGEO fallo condenatorio por desaparici\u00f3n de dos personas en la Ca\u00f1ada\"}]},{\"@type\":\"WebSite\",\"@id\":\"https:\\\/\\\/www.bbmnoticias.com\\\/labravaradiofm\\\/#website\",\"url\":\"https:\\\/\\\/www.bbmnoticias.com\\\/labravaradiofm\\\/\",\"name\":\"LA BRAVA RADIO\",\"description\":\"Empresa productora de medios, Radiodifusi\u00f3n, Noticias, tendencias y todo lo que necesitas saber de la pol\u00edtica mexicana e internacional; entretenimiento, espect\u00e1culos, salud y mucho m\u00e1s.\",\"potentialAction\":[{\"@type\":\"SearchAction\",\"target\":{\"@type\":\"EntryPoint\",\"urlTemplate\":\"https:\\\/\\\/www.bbmnoticias.com\\\/labravaradiofm\\\/?s={search_term_string}\"},\"query-input\":{\"@type\":\"PropertyValueSpecification\",\"valueRequired\":true,\"valueName\":\"search_term_string\"}}],\"inLanguage\":\"es\"},{\"@type\":\"Person\",\"@id\":\"https:\\\/\\\/www.bbmnoticias.com\\\/labravaradiofm\\\/#\\\/schema\\\/person\\\/9eb037257fc48a09cdf31d9a2f45619f\",\"name\":\"Staff\",\"image\":{\"@type\":\"ImageObject\",\"inLanguage\":\"es\",\"@id\":\"https:\\\/\\\/secure.gravatar.com\\\/avatar\\\/fdd21ad66fd8b98c407f9dee5b5e588cfe7f0d8579ec20fa6527cd59bab7f0f0?s=96&d=mm&r=g\",\"url\":\"https:\\\/\\\/secure.gravatar.com\\\/avatar\\\/fdd21ad66fd8b98c407f9dee5b5e588cfe7f0d8579ec20fa6527cd59bab7f0f0?s=96&d=mm&r=g\",\"contentUrl\":\"https:\\\/\\\/secure.gravatar.com\\\/avatar\\\/fdd21ad66fd8b98c407f9dee5b5e588cfe7f0d8579ec20fa6527cd59bab7f0f0?s=96&d=mm&r=g\",\"caption\":\"Staff\"},\"url\":\"https:\\\/\\\/www.bbmnoticias.com\\\/labravaradiofm\\\/author\\\/redaccion\\\/\"}]}<\/script>\n<!-- \/ Yoast SEO plugin. -->","yoast_head_json":{"title":"Obtiene FGEO fallo condenatorio por desaparici\u00f3n de dos personas en la Ca\u00f1ada - LA BRAVA RADIO","robots":{"index":"index","follow":"follow","max-snippet":"max-snippet:-1","max-image-preview":"max-image-preview:large","max-video-preview":"max-video-preview:-1"},"canonical":"https:\/\/www.bbmnoticias.com\/obtiene-fgeo-fallo-condenatorio-por-desaparicion-de-dos-personas-en-la-canada\/","og_locale":"es_MX","og_type":"article","og_title":"Obtiene FGEO fallo condenatorio por desaparici\u00f3n de dos personas en la Ca\u00f1ada - LA BRAVA RADIO","og_description":"Oaxaca de Ju\u00e1rez, Oax., 21 de agosto de 2026.\u2014 Como resultado de las investigaciones para esclarecer la desaparici\u00f3n de dos personas, la Fiscal\u00eda General del Estado de Oaxaca (FGEO) obtuvo un fallo condenatorio contra S.G.H.A., por su responsabilidad en el delito de desaparici\u00f3n cometida por particulares, ocurrido en la regi\u00f3n de la Ca\u00f1ada. De acuerdo [&hellip;]","og_url":"https:\/\/www.bbmnoticias.com\/obtiene-fgeo-fallo-condenatorio-por-desaparicion-de-dos-personas-en-la-canada\/","og_site_name":"LA BRAVA RADIO","article_published_time":"2026-08-21T14:30:50+00:00","article_modified_time":"2026-08-21T14:30:53+00:00","og_image":[{"width":800,"height":500,"url":"https:\/\/www.bbmnoticias.com\/labravaradiofm\/wp-content\/uploads\/sites\/5\/2026\/08\/presunto_agresor-8.jpg","type":"image\/jpeg"}],"author":"Staff","twitter_card":"summary_large_image","twitter_misc":{"Escrito por":"Staff","Tiempo de lectura":"1 minuto"},"schema":{"@context":"https:\/\/schema.org","@graph":[{"@type":"Article","@id":"https:\/\/www.bbmnoticias.com\/obtiene-fgeo-fallo-condenatorio-por-desaparicion-de-dos-personas-en-la-canada\/#article","isPartOf":{"@id":"https:\/\/www.bbmnoticias.com\/labravaradiofm\/2026\/08\/21\/obtiene-fgeo-fallo-condenatorio-por-desaparicion-de-dos-personas-en-la-canada\/"},"author":{"name":"Staff","@id":"https:\/\/www.bbmnoticias.com\/labravaradiofm\/#\/schema\/person\/9eb037257fc48a09cdf31d9a2f45619f"},"headline":"Obtiene FGEO fallo condenatorio por desaparici\u00f3n de dos personas en la Ca\u00f1ada","datePublished":"2026-08-21T14:30:50+00:00","dateModified":"2026-08-21T14:30:53+00:00","mainEntityOfPage":{"@id":"https:\/\/www.bbmnoticias.com\/labravaradiofm\/2026\/08\/21\/obtiene-fgeo-fallo-condenatorio-por-desaparicion-de-dos-personas-en-la-canada\/"},"wordCount":312,"image":{"@id":"https:\/\/www.bbmnoticias.com\/obtiene-fgeo-fallo-condenatorio-por-desaparicion-de-dos-personas-en-la-canada\/#primaryimage"},"thumbnailUrl":"https:\/\/www.bbmnoticias.com\/labravaradiofm\/wp-content\/uploads\/sites\/5\/2026\/08\/presunto_agresor-8.jpg","articleSection":["LOCAL","POLICIACA"],"inLanguage":"es"},{"@type":"WebPage","@id":"https:\/\/www.bbmnoticias.com\/labravaradiofm\/2026\/08\/21\/obtiene-fgeo-fallo-condenatorio-por-desaparicion-de-dos-personas-en-la-canada\/","url":"https:\/\/www.bbmnoticias.com\/obtiene-fgeo-fallo-condenatorio-por-desaparicion-de-dos-personas-en-la-canada\/","name":"Obtiene FGEO fallo condenatorio por desaparici\u00f3n de dos personas en la Ca\u00f1ada - LA BRAVA RADIO","isPartOf":{"@id":"https:\/\/www.bbmnoticias.com\/labravaradiofm\/#website"},"primaryImageOfPage":{"@id":"https:\/\/www.bbmnoticias.com\/obtiene-fgeo-fallo-condenatorio-por-desaparicion-de-dos-personas-en-la-canada\/#primaryimage"},"image":{"@id":"https:\/\/www.bbmnoticias.com\/obtiene-fgeo-fallo-condenatorio-por-desaparicion-de-dos-personas-en-la-canada\/#primaryimage"},"thumbnailUrl":"https:\/\/www.bbmnoticias.com\/labravaradiofm\/wp-content\/uploads\/sites\/5\/2026\/08\/presunto_agresor-8.jpg","datePublished":"2026-08-21T14:30:50+00:00","dateModified":"2026-08-21T14:30:53+00:00","author":{"@id":"https:\/\/www.bbmnoticias.com\/labravaradiofm\/#\/schema\/person\/9eb037257fc48a09cdf31d9a2f45619f"},"breadcrumb":{"@id":"https:\/\/www.bbmnoticias.com\/obtiene-fgeo-fallo-condenatorio-por-desaparicion-de-dos-personas-en-la-canada\/#breadcrumb"},"inLanguage":"es","potentialAction":[{"@type":"ReadAction","target":["https:\/\/www.bbmnoticias.com\/obtiene-fgeo-fallo-condenatorio-por-desaparicion-de-dos-personas-en-la-canada\/"]}]},{"@type":"ImageObject","inLanguage":"es","@id":"https:\/\/www.bbmnoticias.com\/obtiene-fgeo-fallo-condenatorio-por-desaparicion-de-dos-personas-en-la-canada\/#primaryimage","url":"https:\/\/www.bbmnoticias.com\/labravaradiofm\/wp-content\/uploads\/sites\/5\/2026\/08\/presunto_agresor-8.jpg","contentUrl":"https:\/\/www.bbmnoticias.com\/labravaradiofm\/wp-content\/uploads\/sites\/5\/2026\/08\/presunto_agresor-8.jpg","width":800,"height":500},{"@type":"BreadcrumbList","@id":"https:\/\/www.bbmnoticias.com\/obtiene-fgeo-fallo-condenatorio-por-desaparicion-de-dos-personas-en-la-canada\/#breadcrumb","itemListElement":[{"@type":"ListItem","position":1,"name":"Inicio","item":"https:\/\/www.bbmnoticias.com\/labravaradiofm\/"},{"@type":"ListItem","position":2,"name":"Obtiene FGEO fallo condenatorio por desaparici\u00f3n de dos personas en la Ca\u00f1ada"}]},{"@type":"WebSite","@id":"https:\/\/www.bbmnoticias.com\/labravaradiofm\/#website","url":"https:\/\/www.bbmnoticias.com\/labravaradiofm\/","name":"LA BRAVA RADIO","description":"Empresa productora de medios, Radiodifusi\u00f3n, Noticias, tendencias y todo lo que necesitas saber de la pol\u00edtica mexicana e internacional; entretenimiento, espect\u00e1culos, salud y mucho m\u00e1s.","potentialAction":[{"@type":"SearchAction","target":{"@type":"EntryPoint","urlTemplate":"https:\/\/www.bbmnoticias.com\/labravaradiofm\/?s={search_term_string}"},"query-input":{"@type":"PropertyValueSpecification","valueRequired":true,"valueName":"search_term_string"}}],"inLanguage":"es"},{"@type":"Person","@id":"https:\/\/www.bbmnoticias.com\/labravaradiofm\/#\/schema\/person\/9eb037257fc48a09cdf31d9a2f45619f","name":"Staff","image":{"@type":"ImageObject","inLanguage":"es","@id":"https:\/\/secure.gravatar.com\/avatar\/fdd21ad66fd8b98c407f9dee5b5e588cfe7f0d8579ec20fa6527cd59bab7f0f0?s=96&d=mm&r=g","url":"https:\/\/secure.gravatar.com\/avatar\/fdd21ad66fd8b98c407f9dee5b5e588cfe7f0d8579ec20fa6527cd59bab7f0f0?s=96&d=mm&r=g","contentUrl":"https:\/\/secure.gravatar.com\/avatar\/fdd21ad66fd8b98c407f9dee5b5e588cfe7f0d8579ec20fa6527cd59bab7f0f0?s=96&d=mm&r=g","caption":"Staff"},"url":"https:\/\/www.bbmnoticias.com\/labravaradiofm\/author\/redaccion\/"}]}},"_links":{"self":[{"href":"https:\/\/www.bbmnoticias.com\/labravaradiofm\/wp-json\/wp\/v2\/posts\/80916","targetHints":{"allow":["GET"]}}],"collection":[{"href":"https:\/\/www.bbmnoticias.com\/labravaradiofm\/wp-json\/wp\/v2\/posts"}],"about":[{"href":"https:\/\/www.bbmnoticias.com\/labravaradiofm\/wp-json\/wp\/v2\/types\/post"}],"author":[{"embeddable":true,"href":"https:\/\/www.bbmnoticias.com\/labravaradiofm\/wp-json\/wp\/v2\/users\/2"}],"replies":[{"embeddable":true,"href":"https:\/\/www.bbmnoticias.com\/labravaradiofm\/wp-json\/wp\/v2\/comments?post=80916"}],"version-history":[{"count":1,"href":"https:\/\/www.bbmnoticias.com\/labravaradiofm\/wp-json\/wp\/v2\/posts\/80916\/revisions"}],"predecessor-version":[{"id":80917,"href":"https:\/\/www.bbmnoticias.com\/labravaradiofm\/wp-json\/wp\/v2\/posts\/80916\/revisions\/80917"}],"wp:featuredmedia":[{"embeddable":true,"href":"https:\/\/www.bbmnoticias.com\/labravaradiofm\/wp-json\/wp\/v2\/media\/80918"}],"wp:attachment":[{"href":"https:\/\/www.bbmnoticias.com\/labravaradiofm\/wp-json\/wp\/v2\/media?parent=80916"}],"wp:term":[{"taxonomy":"category","embeddable":true,"href":"https:\/\/www.bbmnoticias.com\/labravaradiofm\/wp-json\/wp\/v2\/categories?post=80916"},{"taxonomy":"post_tag","embeddable":true,"href":"https:\/\/www.bbmnoticias.com\/labravaradiofm\/wp-json\/wp\/v2\/tags?post=80916"}],"curies":[{"name":"wp","href":"https:\/\/api.w.org\/{rel}","templated":true}]}}