{"id":8091,"date":"2022-01-04T09:10:49","date_gmt":"2022-01-04T15:10:49","guid":{"rendered":"https:\/\/www.bbmnoticias.com\/labravaradiofm\/?p=8091"},"modified":"2022-01-04T09:10:50","modified_gmt":"2022-01-04T15:10:50","slug":"benjamin-f-hernandez-ramirez-nuevo-titular-de-la-junta-local-de-conciliacion-y-arbitraje","status":"publish","type":"post","link":"https:\/\/www.bbmnoticias.com\/labravaradiofm\/2022\/01\/04\/benjamin-f-hernandez-ramirez-nuevo-titular-de-la-junta-local-de-conciliacion-y-arbitraje\/","title":{"rendered":"Benjam\u00edn F. Hern\u00e1ndez Ram\u00edrez nuevo titular de la Junta Local de Conciliaci\u00f3n y Arbitraje"},"content":{"rendered":"<div style=\"margin-top: 0px; margin-bottom: 0px;\" class=\"sharethis-inline-share-buttons\" ><\/div>\n<p><strong>Tlalixtac de Cabrera, Oax. 04 de enero de 2022.<\/strong>&#8211; Por instrucciones del gobernador Alejandro Murat Hinojosa; el secretario general de Gobierno (Segego), Francisco Javier Garc\u00eda L\u00f3pez, tom\u00f3 protesta este lunes a Benjam\u00edn Fernando Hern\u00e1ndez Ram\u00edrez, como nuevo titular de la Junta Local de Conciliaci\u00f3n y Arbitraje (JLCA).<\/p>\n\n\n\n<p>El nuevo titular de la JLCA asume este cargo en sustituci\u00f3n de Valeria Asunci\u00f3n L\u00f3pez L\u00f3pez, quien se desempe\u00f1\u00f3 como encargada de despacho, asimismo en el acto de toma de protesta estuvo presente V\u00edctor Alberto Quiroz Arellanes, director general del Centro de Conciliaci\u00f3n Laboral y extitular de la JLCA.<\/p>\n\n\n\n<p>En ese sentido, el Secretario General de Gobierno, reconoci\u00f3 y agradeci\u00f3 a ambos funcionarios que estuvieron al frente de la dependencia, al tiempo de exhortar a Benjam\u00edn Fernando Hern\u00e1ndez Ram\u00edrez, a trabajar con honestidad y trasparencia en el ejercicio de sus funciones.<\/p>\n\n\n\n<p>Benjam\u00edn Fernando Hern\u00e1ndez Ram\u00edrez es Licenciado en Derecho egresado del Instituto Tecnol\u00f3gico Aut\u00f3nomo de M\u00e9xico (ITAM); cuenta con una amplia experiencia dentro de la administraci\u00f3n p\u00fablica estatal al haberse desempe\u00f1ado como Secretario Particular del Ejecutivo, Director General de la Comisi\u00f3n Estatal del Agua (CEA) y Coordinador de Giras y Protocolo del Ejecutivo.<\/p>\n","protected":false},"excerpt":{"rendered":"<p>Tlalixtac de Cabrera, Oax. 04 de enero de 2022.&#8211; Por instrucciones del gobernador Alejandro Murat Hinojosa; el secretario general de Gobierno (Segego), Francisco Javier Garc\u00eda L\u00f3pez, tom\u00f3 protesta este lunes a Benjam\u00edn Fernando Hern\u00e1ndez Ram\u00edrez, como nuevo titular de la Junta Local de Conciliaci\u00f3n y Arbitraje (JLCA). El nuevo titular de la JLCA asume este [&hellip;]<\/p>\n","protected":false},"author":2,"featured_media":8092,"comment_status":"closed","ping_status":"closed","sticky":false,"template":"","format":"standard","meta":{"footnotes":""},"categories":[2],"tags":[],"class_list":{"0":"post-8091","1":"post","2":"type-post","3":"status-publish","4":"format-standard","5":"has-post-thumbnail","7":"category-oaxaca"},"yoast_head":"<!-- This site is optimized with the Yoast SEO plugin v27.4 - https:\/\/yoast.com\/product\/yoast-seo-wordpress\/ -->\n<title>Benjam\u00edn F. Hern\u00e1ndez Ram\u00edrez nuevo titular de la Junta Local de Conciliaci\u00f3n y Arbitraje - LA BRAVA RADIO<\/title>\n<meta name=\"robots\" content=\"index, follow, max-snippet:-1, max-image-preview:large, max-video-preview:-1\" \/>\n<link rel=\"canonical\" href=\"https:\/\/www.bbmnoticias.com\/labravaradiofm\/2022\/01\/04\/benjamin-f-hernandez-ramirez-nuevo-titular-de-la-junta-local-de-conciliacion-y-arbitraje\/\" \/>\n<meta property=\"og:locale\" content=\"es_MX\" \/>\n<meta property=\"og:type\" content=\"article\" \/>\n<meta property=\"og:title\" content=\"Benjam\u00edn F. Hern\u00e1ndez Ram\u00edrez nuevo titular de la Junta Local de Conciliaci\u00f3n y Arbitraje - LA BRAVA RADIO\" \/>\n<meta property=\"og:description\" content=\"Tlalixtac de Cabrera, Oax. 04 de enero de 2022.&#8211; Por instrucciones del gobernador Alejandro Murat Hinojosa; el secretario general de Gobierno (Segego), Francisco Javier Garc\u00eda L\u00f3pez, tom\u00f3 protesta este lunes a Benjam\u00edn Fernando Hern\u00e1ndez Ram\u00edrez, como nuevo titular de la Junta Local de Conciliaci\u00f3n y Arbitraje (JLCA). El nuevo titular de la JLCA asume este [&hellip;]\" \/>\n<meta property=\"og:url\" content=\"https:\/\/www.bbmnoticias.com\/labravaradiofm\/2022\/01\/04\/benjamin-f-hernandez-ramirez-nuevo-titular-de-la-junta-local-de-conciliacion-y-arbitraje\/\" \/>\n<meta property=\"og:site_name\" content=\"LA BRAVA RADIO\" \/>\n<meta property=\"article:published_time\" content=\"2022-01-04T15:10:49+00:00\" \/>\n<meta property=\"article:modified_time\" content=\"2022-01-04T15:10:50+00:00\" \/>\n<meta property=\"og:image\" content=\"https:\/\/www.bbmnoticias.com\/labravaradiofm\/wp-content\/uploads\/sites\/5\/2022\/01\/benjamin-oaxaca.jpeg\" \/>\n\t<meta property=\"og:image:width\" content=\"1600\" \/>\n\t<meta property=\"og:image:height\" content=\"1426\" \/>\n\t<meta property=\"og:image:type\" content=\"image\/jpeg\" \/>\n<meta name=\"author\" content=\"Staff\" \/>\n<meta name=\"twitter:card\" content=\"summary_large_image\" \/>\n<meta name=\"twitter:label1\" content=\"Escrito por\" \/>\n\t<meta name=\"twitter:data1\" content=\"Staff\" \/>\n\t<meta name=\"twitter:label2\" content=\"Tiempo de lectura\" \/>\n\t<meta name=\"twitter:data2\" content=\"1 minuto\" \/>\n<script type=\"application\/ld+json\" class=\"yoast-schema-graph\">{\"@context\":\"https:\\\/\\\/schema.org\",\"@graph\":[{\"@type\":\"Article\",\"@id\":\"https:\\\/\\\/www.bbmnoticias.com\\\/labravaradiofm\\\/2022\\\/01\\\/04\\\/benjamin-f-hernandez-ramirez-nuevo-titular-de-la-junta-local-de-conciliacion-y-arbitraje\\\/#article\",\"isPartOf\":{\"@id\":\"https:\\\/\\\/www.bbmnoticias.com\\\/labravaradiofm\\\/2022\\\/01\\\/04\\\/benjamin-f-hernandez-ramirez-nuevo-titular-de-la-junta-local-de-conciliacion-y-arbitraje\\\/\"},\"author\":{\"name\":\"Staff\",\"@id\":\"https:\\\/\\\/www.bbmnoticias.com\\\/labravaradiofm\\\/#\\\/schema\\\/person\\\/68a9e9036ef3c5b55aeb2b71dc8bab45\"},\"headline\":\"Benjam\u00edn F. Hern\u00e1ndez Ram\u00edrez nuevo titular de la Junta Local de Conciliaci\u00f3n y Arbitraje\",\"datePublished\":\"2022-01-04T15:10:49+00:00\",\"dateModified\":\"2022-01-04T15:10:50+00:00\",\"mainEntityOfPage\":{\"@id\":\"https:\\\/\\\/www.bbmnoticias.com\\\/labravaradiofm\\\/2022\\\/01\\\/04\\\/benjamin-f-hernandez-ramirez-nuevo-titular-de-la-junta-local-de-conciliacion-y-arbitraje\\\/\"},\"wordCount\":232,\"image\":{\"@id\":\"https:\\\/\\\/www.bbmnoticias.com\\\/labravaradiofm\\\/2022\\\/01\\\/04\\\/benjamin-f-hernandez-ramirez-nuevo-titular-de-la-junta-local-de-conciliacion-y-arbitraje\\\/#primaryimage\"},\"thumbnailUrl\":\"https:\\\/\\\/www.bbmnoticias.com\\\/labravaradiofm\\\/wp-content\\\/uploads\\\/sites\\\/5\\\/2022\\\/01\\\/benjamin-oaxaca.jpeg\",\"articleSection\":[\"LOCAL\"],\"inLanguage\":\"es\"},{\"@type\":\"WebPage\",\"@id\":\"https:\\\/\\\/www.bbmnoticias.com\\\/labravaradiofm\\\/2022\\\/01\\\/04\\\/benjamin-f-hernandez-ramirez-nuevo-titular-de-la-junta-local-de-conciliacion-y-arbitraje\\\/\",\"url\":\"https:\\\/\\\/www.bbmnoticias.com\\\/labravaradiofm\\\/2022\\\/01\\\/04\\\/benjamin-f-hernandez-ramirez-nuevo-titular-de-la-junta-local-de-conciliacion-y-arbitraje\\\/\",\"name\":\"Benjam\u00edn F. Hern\u00e1ndez Ram\u00edrez nuevo titular de la Junta Local de Conciliaci\u00f3n y Arbitraje - LA BRAVA RADIO\",\"isPartOf\":{\"@id\":\"https:\\\/\\\/www.bbmnoticias.com\\\/labravaradiofm\\\/#website\"},\"primaryImageOfPage\":{\"@id\":\"https:\\\/\\\/www.bbmnoticias.com\\\/labravaradiofm\\\/2022\\\/01\\\/04\\\/benjamin-f-hernandez-ramirez-nuevo-titular-de-la-junta-local-de-conciliacion-y-arbitraje\\\/#primaryimage\"},\"image\":{\"@id\":\"https:\\\/\\\/www.bbmnoticias.com\\\/labravaradiofm\\\/2022\\\/01\\\/04\\\/benjamin-f-hernandez-ramirez-nuevo-titular-de-la-junta-local-de-conciliacion-y-arbitraje\\\/#primaryimage\"},\"thumbnailUrl\":\"https:\\\/\\\/www.bbmnoticias.com\\\/labravaradiofm\\\/wp-content\\\/uploads\\\/sites\\\/5\\\/2022\\\/01\\\/benjamin-oaxaca.jpeg\",\"datePublished\":\"2022-01-04T15:10:49+00:00\",\"dateModified\":\"2022-01-04T15:10:50+00:00\",\"author\":{\"@id\":\"https:\\\/\\\/www.bbmnoticias.com\\\/labravaradiofm\\\/#\\\/schema\\\/person\\\/68a9e9036ef3c5b55aeb2b71dc8bab45\"},\"breadcrumb\":{\"@id\":\"https:\\\/\\\/www.bbmnoticias.com\\\/labravaradiofm\\\/2022\\\/01\\\/04\\\/benjamin-f-hernandez-ramirez-nuevo-titular-de-la-junta-local-de-conciliacion-y-arbitraje\\\/#breadcrumb\"},\"inLanguage\":\"es\",\"potentialAction\":[{\"@type\":\"ReadAction\",\"target\":[\"https:\\\/\\\/www.bbmnoticias.com\\\/labravaradiofm\\\/2022\\\/01\\\/04\\\/benjamin-f-hernandez-ramirez-nuevo-titular-de-la-junta-local-de-conciliacion-y-arbitraje\\\/\"]}]},{\"@type\":\"ImageObject\",\"inLanguage\":\"es\",\"@id\":\"https:\\\/\\\/www.bbmnoticias.com\\\/labravaradiofm\\\/2022\\\/01\\\/04\\\/benjamin-f-hernandez-ramirez-nuevo-titular-de-la-junta-local-de-conciliacion-y-arbitraje\\\/#primaryimage\",\"url\":\"https:\\\/\\\/www.bbmnoticias.com\\\/labravaradiofm\\\/wp-content\\\/uploads\\\/sites\\\/5\\\/2022\\\/01\\\/benjamin-oaxaca.jpeg\",\"contentUrl\":\"https:\\\/\\\/www.bbmnoticias.com\\\/labravaradiofm\\\/wp-content\\\/uploads\\\/sites\\\/5\\\/2022\\\/01\\\/benjamin-oaxaca.jpeg\",\"width\":1600,\"height\":1426},{\"@type\":\"BreadcrumbList\",\"@id\":\"https:\\\/\\\/www.bbmnoticias.com\\\/labravaradiofm\\\/2022\\\/01\\\/04\\\/benjamin-f-hernandez-ramirez-nuevo-titular-de-la-junta-local-de-conciliacion-y-arbitraje\\\/#breadcrumb\",\"itemListElement\":[{\"@type\":\"ListItem\",\"position\":1,\"name\":\"Inicio\",\"item\":\"https:\\\/\\\/www.bbmnoticias.com\\\/labravaradiofm\\\/\"},{\"@type\":\"ListItem\",\"position\":2,\"name\":\"Benjam\u00edn F. Hern\u00e1ndez Ram\u00edrez nuevo titular de la Junta Local de Conciliaci\u00f3n y Arbitraje\"}]},{\"@type\":\"WebSite\",\"@id\":\"https:\\\/\\\/www.bbmnoticias.com\\\/labravaradiofm\\\/#website\",\"url\":\"https:\\\/\\\/www.bbmnoticias.com\\\/labravaradiofm\\\/\",\"name\":\"LA BRAVA RADIO\",\"description\":\"Empresa productora de medios, Radiodifusi\u00f3n, Noticias, tendencias y todo lo que necesitas saber de la pol\u00edtica mexicana e internacional; entretenimiento, espect\u00e1culos, salud y mucho m\u00e1s.\",\"potentialAction\":[{\"@type\":\"SearchAction\",\"target\":{\"@type\":\"EntryPoint\",\"urlTemplate\":\"https:\\\/\\\/www.bbmnoticias.com\\\/labravaradiofm\\\/?s={search_term_string}\"},\"query-input\":{\"@type\":\"PropertyValueSpecification\",\"valueRequired\":true,\"valueName\":\"search_term_string\"}}],\"inLanguage\":\"es\"},{\"@type\":\"Person\",\"@id\":\"https:\\\/\\\/www.bbmnoticias.com\\\/labravaradiofm\\\/#\\\/schema\\\/person\\\/68a9e9036ef3c5b55aeb2b71dc8bab45\",\"name\":\"Staff\",\"image\":{\"@type\":\"ImageObject\",\"inLanguage\":\"es\",\"@id\":\"https:\\\/\\\/secure.gravatar.com\\\/avatar\\\/fdd21ad66fd8b98c407f9dee5b5e588cfe7f0d8579ec20fa6527cd59bab7f0f0?s=96&d=mm&r=g\",\"url\":\"https:\\\/\\\/secure.gravatar.com\\\/avatar\\\/fdd21ad66fd8b98c407f9dee5b5e588cfe7f0d8579ec20fa6527cd59bab7f0f0?s=96&d=mm&r=g\",\"contentUrl\":\"https:\\\/\\\/secure.gravatar.com\\\/avatar\\\/fdd21ad66fd8b98c407f9dee5b5e588cfe7f0d8579ec20fa6527cd59bab7f0f0?s=96&d=mm&r=g\",\"caption\":\"Staff\"},\"url\":\"https:\\\/\\\/www.bbmnoticias.com\\\/labravaradiofm\\\/author\\\/redaccion\\\/\"}]}<\/script>\n<!-- \/ Yoast SEO plugin. -->","yoast_head_json":{"title":"Benjam\u00edn F. Hern\u00e1ndez Ram\u00edrez nuevo titular de la Junta Local de Conciliaci\u00f3n y Arbitraje - LA BRAVA RADIO","robots":{"index":"index","follow":"follow","max-snippet":"max-snippet:-1","max-image-preview":"max-image-preview:large","max-video-preview":"max-video-preview:-1"},"canonical":"https:\/\/www.bbmnoticias.com\/labravaradiofm\/2022\/01\/04\/benjamin-f-hernandez-ramirez-nuevo-titular-de-la-junta-local-de-conciliacion-y-arbitraje\/","og_locale":"es_MX","og_type":"article","og_title":"Benjam\u00edn F. Hern\u00e1ndez Ram\u00edrez nuevo titular de la Junta Local de Conciliaci\u00f3n y Arbitraje - LA BRAVA RADIO","og_description":"Tlalixtac de Cabrera, Oax. 04 de enero de 2022.&#8211; Por instrucciones del gobernador Alejandro Murat Hinojosa; el secretario general de Gobierno (Segego), Francisco Javier Garc\u00eda L\u00f3pez, tom\u00f3 protesta este lunes a Benjam\u00edn Fernando Hern\u00e1ndez Ram\u00edrez, como nuevo titular de la Junta Local de Conciliaci\u00f3n y Arbitraje (JLCA). El nuevo titular de la JLCA asume este [&hellip;]","og_url":"https:\/\/www.bbmnoticias.com\/labravaradiofm\/2022\/01\/04\/benjamin-f-hernandez-ramirez-nuevo-titular-de-la-junta-local-de-conciliacion-y-arbitraje\/","og_site_name":"LA BRAVA RADIO","article_published_time":"2022-01-04T15:10:49+00:00","article_modified_time":"2022-01-04T15:10:50+00:00","og_image":[{"width":1600,"height":1426,"url":"https:\/\/www.bbmnoticias.com\/labravaradiofm\/wp-content\/uploads\/sites\/5\/2022\/01\/benjamin-oaxaca.jpeg","type":"image\/jpeg"}],"author":"Staff","twitter_card":"summary_large_image","twitter_misc":{"Escrito por":"Staff","Tiempo de lectura":"1 minuto"},"schema":{"@context":"https:\/\/schema.org","@graph":[{"@type":"Article","@id":"https:\/\/www.bbmnoticias.com\/labravaradiofm\/2022\/01\/04\/benjamin-f-hernandez-ramirez-nuevo-titular-de-la-junta-local-de-conciliacion-y-arbitraje\/#article","isPartOf":{"@id":"https:\/\/www.bbmnoticias.com\/labravaradiofm\/2022\/01\/04\/benjamin-f-hernandez-ramirez-nuevo-titular-de-la-junta-local-de-conciliacion-y-arbitraje\/"},"author":{"name":"Staff","@id":"https:\/\/www.bbmnoticias.com\/labravaradiofm\/#\/schema\/person\/68a9e9036ef3c5b55aeb2b71dc8bab45"},"headline":"Benjam\u00edn F. Hern\u00e1ndez Ram\u00edrez nuevo titular de la Junta Local de Conciliaci\u00f3n y Arbitraje","datePublished":"2022-01-04T15:10:49+00:00","dateModified":"2022-01-04T15:10:50+00:00","mainEntityOfPage":{"@id":"https:\/\/www.bbmnoticias.com\/labravaradiofm\/2022\/01\/04\/benjamin-f-hernandez-ramirez-nuevo-titular-de-la-junta-local-de-conciliacion-y-arbitraje\/"},"wordCount":232,"image":{"@id":"https:\/\/www.bbmnoticias.com\/labravaradiofm\/2022\/01\/04\/benjamin-f-hernandez-ramirez-nuevo-titular-de-la-junta-local-de-conciliacion-y-arbitraje\/#primaryimage"},"thumbnailUrl":"https:\/\/www.bbmnoticias.com\/labravaradiofm\/wp-content\/uploads\/sites\/5\/2022\/01\/benjamin-oaxaca.jpeg","articleSection":["LOCAL"],"inLanguage":"es"},{"@type":"WebPage","@id":"https:\/\/www.bbmnoticias.com\/labravaradiofm\/2022\/01\/04\/benjamin-f-hernandez-ramirez-nuevo-titular-de-la-junta-local-de-conciliacion-y-arbitraje\/","url":"https:\/\/www.bbmnoticias.com\/labravaradiofm\/2022\/01\/04\/benjamin-f-hernandez-ramirez-nuevo-titular-de-la-junta-local-de-conciliacion-y-arbitraje\/","name":"Benjam\u00edn F. Hern\u00e1ndez Ram\u00edrez nuevo titular de la Junta Local de Conciliaci\u00f3n y Arbitraje - LA BRAVA RADIO","isPartOf":{"@id":"https:\/\/www.bbmnoticias.com\/labravaradiofm\/#website"},"primaryImageOfPage":{"@id":"https:\/\/www.bbmnoticias.com\/labravaradiofm\/2022\/01\/04\/benjamin-f-hernandez-ramirez-nuevo-titular-de-la-junta-local-de-conciliacion-y-arbitraje\/#primaryimage"},"image":{"@id":"https:\/\/www.bbmnoticias.com\/labravaradiofm\/2022\/01\/04\/benjamin-f-hernandez-ramirez-nuevo-titular-de-la-junta-local-de-conciliacion-y-arbitraje\/#primaryimage"},"thumbnailUrl":"https:\/\/www.bbmnoticias.com\/labravaradiofm\/wp-content\/uploads\/sites\/5\/2022\/01\/benjamin-oaxaca.jpeg","datePublished":"2022-01-04T15:10:49+00:00","dateModified":"2022-01-04T15:10:50+00:00","author":{"@id":"https:\/\/www.bbmnoticias.com\/labravaradiofm\/#\/schema\/person\/68a9e9036ef3c5b55aeb2b71dc8bab45"},"breadcrumb":{"@id":"https:\/\/www.bbmnoticias.com\/labravaradiofm\/2022\/01\/04\/benjamin-f-hernandez-ramirez-nuevo-titular-de-la-junta-local-de-conciliacion-y-arbitraje\/#breadcrumb"},"inLanguage":"es","potentialAction":[{"@type":"ReadAction","target":["https:\/\/www.bbmnoticias.com\/labravaradiofm\/2022\/01\/04\/benjamin-f-hernandez-ramirez-nuevo-titular-de-la-junta-local-de-conciliacion-y-arbitraje\/"]}]},{"@type":"ImageObject","inLanguage":"es","@id":"https:\/\/www.bbmnoticias.com\/labravaradiofm\/2022\/01\/04\/benjamin-f-hernandez-ramirez-nuevo-titular-de-la-junta-local-de-conciliacion-y-arbitraje\/#primaryimage","url":"https:\/\/www.bbmnoticias.com\/labravaradiofm\/wp-content\/uploads\/sites\/5\/2022\/01\/benjamin-oaxaca.jpeg","contentUrl":"https:\/\/www.bbmnoticias.com\/labravaradiofm\/wp-content\/uploads\/sites\/5\/2022\/01\/benjamin-oaxaca.jpeg","width":1600,"height":1426},{"@type":"BreadcrumbList","@id":"https:\/\/www.bbmnoticias.com\/labravaradiofm\/2022\/01\/04\/benjamin-f-hernandez-ramirez-nuevo-titular-de-la-junta-local-de-conciliacion-y-arbitraje\/#breadcrumb","itemListElement":[{"@type":"ListItem","position":1,"name":"Inicio","item":"https:\/\/www.bbmnoticias.com\/labravaradiofm\/"},{"@type":"ListItem","position":2,"name":"Benjam\u00edn F. Hern\u00e1ndez Ram\u00edrez nuevo titular de la Junta Local de Conciliaci\u00f3n y Arbitraje"}]},{"@type":"WebSite","@id":"https:\/\/www.bbmnoticias.com\/labravaradiofm\/#website","url":"https:\/\/www.bbmnoticias.com\/labravaradiofm\/","name":"LA BRAVA RADIO","description":"Empresa productora de medios, Radiodifusi\u00f3n, Noticias, tendencias y todo lo que necesitas saber de la pol\u00edtica mexicana e internacional; entretenimiento, espect\u00e1culos, salud y mucho m\u00e1s.","potentialAction":[{"@type":"SearchAction","target":{"@type":"EntryPoint","urlTemplate":"https:\/\/www.bbmnoticias.com\/labravaradiofm\/?s={search_term_string}"},"query-input":{"@type":"PropertyValueSpecification","valueRequired":true,"valueName":"search_term_string"}}],"inLanguage":"es"},{"@type":"Person","@id":"https:\/\/www.bbmnoticias.com\/labravaradiofm\/#\/schema\/person\/68a9e9036ef3c5b55aeb2b71dc8bab45","name":"Staff","image":{"@type":"ImageObject","inLanguage":"es","@id":"https:\/\/secure.gravatar.com\/avatar\/fdd21ad66fd8b98c407f9dee5b5e588cfe7f0d8579ec20fa6527cd59bab7f0f0?s=96&d=mm&r=g","url":"https:\/\/secure.gravatar.com\/avatar\/fdd21ad66fd8b98c407f9dee5b5e588cfe7f0d8579ec20fa6527cd59bab7f0f0?s=96&d=mm&r=g","contentUrl":"https:\/\/secure.gravatar.com\/avatar\/fdd21ad66fd8b98c407f9dee5b5e588cfe7f0d8579ec20fa6527cd59bab7f0f0?s=96&d=mm&r=g","caption":"Staff"},"url":"https:\/\/www.bbmnoticias.com\/labravaradiofm\/author\/redaccion\/"}]}},"_links":{"self":[{"href":"https:\/\/www.bbmnoticias.com\/labravaradiofm\/wp-json\/wp\/v2\/posts\/8091","targetHints":{"allow":["GET"]}}],"collection":[{"href":"https:\/\/www.bbmnoticias.com\/labravaradiofm\/wp-json\/wp\/v2\/posts"}],"about":[{"href":"https:\/\/www.bbmnoticias.com\/labravaradiofm\/wp-json\/wp\/v2\/types\/post"}],"author":[{"embeddable":true,"href":"https:\/\/www.bbmnoticias.com\/labravaradiofm\/wp-json\/wp\/v2\/users\/2"}],"replies":[{"embeddable":true,"href":"https:\/\/www.bbmnoticias.com\/labravaradiofm\/wp-json\/wp\/v2\/comments?post=8091"}],"version-history":[{"count":0,"href":"https:\/\/www.bbmnoticias.com\/labravaradiofm\/wp-json\/wp\/v2\/posts\/8091\/revisions"}],"wp:featuredmedia":[{"embeddable":true,"href":"https:\/\/www.bbmnoticias.com\/labravaradiofm\/wp-json\/wp\/v2\/media\/8092"}],"wp:attachment":[{"href":"https:\/\/www.bbmnoticias.com\/labravaradiofm\/wp-json\/wp\/v2\/media?parent=8091"}],"wp:term":[{"taxonomy":"category","embeddable":true,"href":"https:\/\/www.bbmnoticias.com\/labravaradiofm\/wp-json\/wp\/v2\/categories?post=8091"},{"taxonomy":"post_tag","embeddable":true,"href":"https:\/\/www.bbmnoticias.com\/labravaradiofm\/wp-json\/wp\/v2\/tags?post=8091"}],"curies":[{"name":"wp","href":"https:\/\/api.w.org\/{rel}","templated":true}]}}