{"id":80907,"date":"2026-08-20T19:02:48","date_gmt":"2026-08-21T01:02:48","guid":{"rendered":"https:\/\/www.bbmnoticias.com\/labravaradiofm\/2026\/08\/20\/detienen-a-cuatro-integrantes-de-los-chapitos-en-chiapas\/"},"modified":"2026-08-20T19:02:52","modified_gmt":"2026-08-21T01:02:52","slug":"detienen-a-cuatro-integrantes-de-los-chapitos-en-chiapas","status":"publish","type":"post","link":"https:\/\/www.bbmnoticias.com\/labravaradiofm\/2026\/08\/20\/detienen-a-cuatro-integrantes-de-los-chapitos-en-chiapas\/","title":{"rendered":"Detienen a cuatro integrantes de \u201cLos Chapitos\u201d en Chiapas"},"content":{"rendered":"\n<p class=\"wp-block-paragraph\">Durante un operativo en Puerto Madero, municipio de Tapachula, <strong>Chiapas,<\/strong> fueron <strong>detenidos cuatro <\/strong>supuestos integrantes del<strong> C\u00e1rtel de Sinaloa, \u201cfracci\u00f3n de Los Chapitos\u201d<\/strong>, a quienes se les asegur\u00f3 un arsenal.<\/p>\n\n\n\n<p class=\"wp-block-paragraph\">Los detenidos fueron acusados por delitos contra la salud y portaci\u00f3n de<strong> armas de fuego.<\/strong><\/p>\n\n\n\n<p class=\"wp-block-paragraph\">Entre los detenidos se encuentran un sujeto de origen guatemalteco y dos m\u00e1s cuentan con ordenes de aprehensi\u00f3n en Guatemala.<\/p>\n\n\n\n<p class=\"wp-block-paragraph\">En el operativo no hubo enfrentamiento entre polic\u00edas y miembros del C\u00e1rtel de Sinaloa.<\/p>\n\n\n\n<p class=\"wp-block-paragraph\">Durante el operativo tambi\u00e9n fueron aseguradas tres armas largas, cartuchos de distintos calibres, mariguana y un veh\u00edculo Volkswagen Teramont.<\/p>\n\n\n\n<p class=\"wp-block-paragraph\">Los sujetos detenidos est\u00e1n relacionados con el paso de droga en la frontera de M\u00e9xico con Guatemala.<\/p>\n","protected":false},"excerpt":{"rendered":"<p>Durante un operativo en Puerto Madero, municipio de Tapachula, Chiapas, fueron detenidos cuatro supuestos integrantes del C\u00e1rtel de Sinaloa, \u201cfracci\u00f3n de Los Chapitos\u201d, a quienes se les asegur\u00f3 un arsenal. Los detenidos fueron acusados por delitos contra la salud y portaci\u00f3n de armas de fuego. Entre los detenidos se encuentran un sujeto de origen guatemalteco [&hellip;]<\/p>\n","protected":false},"author":8,"featured_media":80909,"comment_status":"closed","ping_status":"open","sticky":false,"template":"","format":"standard","meta":{"footnotes":""},"categories":[2,19],"tags":[],"class_list":["post-80907","post","type-post","status-publish","format-standard","has-post-thumbnail","hentry","category-oaxaca","category-nacional"],"yoast_head":"<!-- This site is optimized with the Yoast SEO plugin v28.1 - https:\/\/yoast.com\/product\/yoast-seo-wordpress\/ -->\n<title>Detienen a cuatro integrantes de \u201cLos Chapitos\u201d en Chiapas - LA BRAVA RADIO<\/title>\n<meta name=\"robots\" content=\"index, follow, max-snippet:-1, max-image-preview:large, max-video-preview:-1\" \/>\n<link rel=\"canonical\" href=\"https:\/\/www.bbmnoticias.com\/detienen-a-cuatro-integrantes-de-los-chapitos-en-chiapas\/\" \/>\n<meta property=\"og:locale\" content=\"es_MX\" \/>\n<meta property=\"og:type\" content=\"article\" \/>\n<meta property=\"og:title\" content=\"Detienen a cuatro integrantes de \u201cLos Chapitos\u201d en Chiapas - LA BRAVA RADIO\" \/>\n<meta property=\"og:description\" content=\"Durante un operativo en Puerto Madero, municipio de Tapachula, Chiapas, fueron detenidos cuatro supuestos integrantes del C\u00e1rtel de Sinaloa, \u201cfracci\u00f3n de Los Chapitos\u201d, a quienes se les asegur\u00f3 un arsenal. Los detenidos fueron acusados por delitos contra la salud y portaci\u00f3n de armas de fuego. Entre los detenidos se encuentran un sujeto de origen guatemalteco [&hellip;]\" \/>\n<meta property=\"og:url\" content=\"https:\/\/www.bbmnoticias.com\/detienen-a-cuatro-integrantes-de-los-chapitos-en-chiapas\/\" \/>\n<meta property=\"og:site_name\" content=\"LA BRAVA RADIO\" \/>\n<meta property=\"article:published_time\" content=\"2026-08-21T01:02:48+00:00\" \/>\n<meta property=\"article:modified_time\" content=\"2026-08-21T01:02:52+00:00\" \/>\n<meta property=\"og:image\" content=\"https:\/\/www.bbmnoticias.com\/labravaradiofm\/wp-content\/uploads\/sites\/5\/2026\/08\/0bIjkMbA.jpg\" \/>\n\t<meta property=\"og:image:width\" content=\"680\" \/>\n\t<meta property=\"og:image:height\" content=\"383\" \/>\n\t<meta property=\"og:image:type\" content=\"image\/jpeg\" \/>\n<meta name=\"author\" content=\"Exc\u00e9lsior\" \/>\n<meta name=\"twitter:card\" content=\"summary_large_image\" \/>\n<meta name=\"twitter:label1\" content=\"Escrito por\" \/>\n\t<meta name=\"twitter:data1\" content=\"Exc\u00e9lsior\" \/>\n\t<meta name=\"twitter:label2\" content=\"Tiempo de lectura\" \/>\n\t<meta name=\"twitter:data2\" content=\"1 minuto\" \/>\n<script type=\"application\/ld+json\" class=\"yoast-schema-graph\">{\"@context\":\"https:\\\/\\\/schema.org\",\"@graph\":[{\"@type\":\"Article\",\"@id\":\"https:\\\/\\\/www.bbmnoticias.com\\\/detienen-a-cuatro-integrantes-de-los-chapitos-en-chiapas\\\/#article\",\"isPartOf\":{\"@id\":\"https:\\\/\\\/www.bbmnoticias.com\\\/labravaradiofm\\\/2026\\\/08\\\/20\\\/detienen-a-cuatro-integrantes-de-los-chapitos-en-chiapas\\\/\"},\"author\":{\"name\":\"Exc\u00e9lsior\",\"@id\":\"https:\\\/\\\/www.bbmnoticias.com\\\/labravaradiofm\\\/#\\\/schema\\\/person\\\/92571928210861b7374edfc7068926ba\"},\"headline\":\"Detienen a cuatro integrantes de \u201cLos Chapitos\u201d en Chiapas\",\"datePublished\":\"2026-08-21T01:02:48+00:00\",\"dateModified\":\"2026-08-21T01:02:52+00:00\",\"mainEntityOfPage\":{\"@id\":\"https:\\\/\\\/www.bbmnoticias.com\\\/labravaradiofm\\\/2026\\\/08\\\/20\\\/detienen-a-cuatro-integrantes-de-los-chapitos-en-chiapas\\\/\"},\"wordCount\":135,\"image\":{\"@id\":\"https:\\\/\\\/www.bbmnoticias.com\\\/detienen-a-cuatro-integrantes-de-los-chapitos-en-chiapas\\\/#primaryimage\"},\"thumbnailUrl\":\"https:\\\/\\\/www.bbmnoticias.com\\\/labravaradiofm\\\/wp-content\\\/uploads\\\/sites\\\/5\\\/2026\\\/08\\\/0bIjkMbA.jpg\",\"articleSection\":[\"LOCAL\",\"NACIONAL\"],\"inLanguage\":\"es\"},{\"@type\":\"WebPage\",\"@id\":\"https:\\\/\\\/www.bbmnoticias.com\\\/labravaradiofm\\\/2026\\\/08\\\/20\\\/detienen-a-cuatro-integrantes-de-los-chapitos-en-chiapas\\\/\",\"url\":\"https:\\\/\\\/www.bbmnoticias.com\\\/detienen-a-cuatro-integrantes-de-los-chapitos-en-chiapas\\\/\",\"name\":\"Detienen a cuatro integrantes de \u201cLos Chapitos\u201d en Chiapas - LA BRAVA RADIO\",\"isPartOf\":{\"@id\":\"https:\\\/\\\/www.bbmnoticias.com\\\/labravaradiofm\\\/#website\"},\"primaryImageOfPage\":{\"@id\":\"https:\\\/\\\/www.bbmnoticias.com\\\/detienen-a-cuatro-integrantes-de-los-chapitos-en-chiapas\\\/#primaryimage\"},\"image\":{\"@id\":\"https:\\\/\\\/www.bbmnoticias.com\\\/detienen-a-cuatro-integrantes-de-los-chapitos-en-chiapas\\\/#primaryimage\"},\"thumbnailUrl\":\"https:\\\/\\\/www.bbmnoticias.com\\\/labravaradiofm\\\/wp-content\\\/uploads\\\/sites\\\/5\\\/2026\\\/08\\\/0bIjkMbA.jpg\",\"datePublished\":\"2026-08-21T01:02:48+00:00\",\"dateModified\":\"2026-08-21T01:02:52+00:00\",\"author\":{\"@id\":\"https:\\\/\\\/www.bbmnoticias.com\\\/labravaradiofm\\\/#\\\/schema\\\/person\\\/92571928210861b7374edfc7068926ba\"},\"breadcrumb\":{\"@id\":\"https:\\\/\\\/www.bbmnoticias.com\\\/detienen-a-cuatro-integrantes-de-los-chapitos-en-chiapas\\\/#breadcrumb\"},\"inLanguage\":\"es\",\"potentialAction\":[{\"@type\":\"ReadAction\",\"target\":[\"https:\\\/\\\/www.bbmnoticias.com\\\/detienen-a-cuatro-integrantes-de-los-chapitos-en-chiapas\\\/\"]}]},{\"@type\":\"ImageObject\",\"inLanguage\":\"es\",\"@id\":\"https:\\\/\\\/www.bbmnoticias.com\\\/detienen-a-cuatro-integrantes-de-los-chapitos-en-chiapas\\\/#primaryimage\",\"url\":\"https:\\\/\\\/www.bbmnoticias.com\\\/labravaradiofm\\\/wp-content\\\/uploads\\\/sites\\\/5\\\/2026\\\/08\\\/0bIjkMbA.jpg\",\"contentUrl\":\"https:\\\/\\\/www.bbmnoticias.com\\\/labravaradiofm\\\/wp-content\\\/uploads\\\/sites\\\/5\\\/2026\\\/08\\\/0bIjkMbA.jpg\",\"width\":680,\"height\":383},{\"@type\":\"BreadcrumbList\",\"@id\":\"https:\\\/\\\/www.bbmnoticias.com\\\/detienen-a-cuatro-integrantes-de-los-chapitos-en-chiapas\\\/#breadcrumb\",\"itemListElement\":[{\"@type\":\"ListItem\",\"position\":1,\"name\":\"Inicio\",\"item\":\"https:\\\/\\\/www.bbmnoticias.com\\\/labravaradiofm\\\/\"},{\"@type\":\"ListItem\",\"position\":2,\"name\":\"Detienen a cuatro integrantes de \u201cLos Chapitos\u201d en Chiapas\"}]},{\"@type\":\"WebSite\",\"@id\":\"https:\\\/\\\/www.bbmnoticias.com\\\/labravaradiofm\\\/#website\",\"url\":\"https:\\\/\\\/www.bbmnoticias.com\\\/labravaradiofm\\\/\",\"name\":\"LA BRAVA RADIO\",\"description\":\"Empresa productora de medios, Radiodifusi\u00f3n, Noticias, tendencias y todo lo que necesitas saber de la pol\u00edtica mexicana e internacional; entretenimiento, espect\u00e1culos, salud y mucho m\u00e1s.\",\"potentialAction\":[{\"@type\":\"SearchAction\",\"target\":{\"@type\":\"EntryPoint\",\"urlTemplate\":\"https:\\\/\\\/www.bbmnoticias.com\\\/labravaradiofm\\\/?s={search_term_string}\"},\"query-input\":{\"@type\":\"PropertyValueSpecification\",\"valueRequired\":true,\"valueName\":\"search_term_string\"}}],\"inLanguage\":\"es\"},{\"@type\":\"Person\",\"@id\":\"https:\\\/\\\/www.bbmnoticias.com\\\/labravaradiofm\\\/#\\\/schema\\\/person\\\/92571928210861b7374edfc7068926ba\",\"name\":\"Exc\u00e9lsior\",\"image\":{\"@type\":\"ImageObject\",\"inLanguage\":\"es\",\"@id\":\"https:\\\/\\\/secure.gravatar.com\\\/avatar\\\/497265c4dbe1cd0e2f3f1b19aba0f5779c7f95d09e139a5b83c1ecd47b4e780d?s=96&d=mm&r=g\",\"url\":\"https:\\\/\\\/secure.gravatar.com\\\/avatar\\\/497265c4dbe1cd0e2f3f1b19aba0f5779c7f95d09e139a5b83c1ecd47b4e780d?s=96&d=mm&r=g\",\"contentUrl\":\"https:\\\/\\\/secure.gravatar.com\\\/avatar\\\/497265c4dbe1cd0e2f3f1b19aba0f5779c7f95d09e139a5b83c1ecd47b4e780d?s=96&d=mm&r=g\",\"caption\":\"Exc\u00e9lsior\"},\"url\":\"https:\\\/\\\/www.bbmnoticias.com\\\/labravaradiofm\\\/author\\\/excelsior\\\/\"}]}<\/script>\n<!-- \/ Yoast SEO plugin. -->","yoast_head_json":{"title":"Detienen a cuatro integrantes de \u201cLos Chapitos\u201d en Chiapas - LA BRAVA RADIO","robots":{"index":"index","follow":"follow","max-snippet":"max-snippet:-1","max-image-preview":"max-image-preview:large","max-video-preview":"max-video-preview:-1"},"canonical":"https:\/\/www.bbmnoticias.com\/detienen-a-cuatro-integrantes-de-los-chapitos-en-chiapas\/","og_locale":"es_MX","og_type":"article","og_title":"Detienen a cuatro integrantes de \u201cLos Chapitos\u201d en Chiapas - LA BRAVA RADIO","og_description":"Durante un operativo en Puerto Madero, municipio de Tapachula, Chiapas, fueron detenidos cuatro supuestos integrantes del C\u00e1rtel de Sinaloa, \u201cfracci\u00f3n de Los Chapitos\u201d, a quienes se les asegur\u00f3 un arsenal. Los detenidos fueron acusados por delitos contra la salud y portaci\u00f3n de armas de fuego. Entre los detenidos se encuentran un sujeto de origen guatemalteco [&hellip;]","og_url":"https:\/\/www.bbmnoticias.com\/detienen-a-cuatro-integrantes-de-los-chapitos-en-chiapas\/","og_site_name":"LA BRAVA RADIO","article_published_time":"2026-08-21T01:02:48+00:00","article_modified_time":"2026-08-21T01:02:52+00:00","og_image":[{"width":680,"height":383,"url":"https:\/\/www.bbmnoticias.com\/labravaradiofm\/wp-content\/uploads\/sites\/5\/2026\/08\/0bIjkMbA.jpg","type":"image\/jpeg"}],"author":"Exc\u00e9lsior","twitter_card":"summary_large_image","twitter_misc":{"Escrito por":"Exc\u00e9lsior","Tiempo de lectura":"1 minuto"},"schema":{"@context":"https:\/\/schema.org","@graph":[{"@type":"Article","@id":"https:\/\/www.bbmnoticias.com\/detienen-a-cuatro-integrantes-de-los-chapitos-en-chiapas\/#article","isPartOf":{"@id":"https:\/\/www.bbmnoticias.com\/labravaradiofm\/2026\/08\/20\/detienen-a-cuatro-integrantes-de-los-chapitos-en-chiapas\/"},"author":{"name":"Exc\u00e9lsior","@id":"https:\/\/www.bbmnoticias.com\/labravaradiofm\/#\/schema\/person\/92571928210861b7374edfc7068926ba"},"headline":"Detienen a cuatro integrantes de \u201cLos Chapitos\u201d en Chiapas","datePublished":"2026-08-21T01:02:48+00:00","dateModified":"2026-08-21T01:02:52+00:00","mainEntityOfPage":{"@id":"https:\/\/www.bbmnoticias.com\/labravaradiofm\/2026\/08\/20\/detienen-a-cuatro-integrantes-de-los-chapitos-en-chiapas\/"},"wordCount":135,"image":{"@id":"https:\/\/www.bbmnoticias.com\/detienen-a-cuatro-integrantes-de-los-chapitos-en-chiapas\/#primaryimage"},"thumbnailUrl":"https:\/\/www.bbmnoticias.com\/labravaradiofm\/wp-content\/uploads\/sites\/5\/2026\/08\/0bIjkMbA.jpg","articleSection":["LOCAL","NACIONAL"],"inLanguage":"es"},{"@type":"WebPage","@id":"https:\/\/www.bbmnoticias.com\/labravaradiofm\/2026\/08\/20\/detienen-a-cuatro-integrantes-de-los-chapitos-en-chiapas\/","url":"https:\/\/www.bbmnoticias.com\/detienen-a-cuatro-integrantes-de-los-chapitos-en-chiapas\/","name":"Detienen a cuatro integrantes de \u201cLos Chapitos\u201d en Chiapas - LA BRAVA RADIO","isPartOf":{"@id":"https:\/\/www.bbmnoticias.com\/labravaradiofm\/#website"},"primaryImageOfPage":{"@id":"https:\/\/www.bbmnoticias.com\/detienen-a-cuatro-integrantes-de-los-chapitos-en-chiapas\/#primaryimage"},"image":{"@id":"https:\/\/www.bbmnoticias.com\/detienen-a-cuatro-integrantes-de-los-chapitos-en-chiapas\/#primaryimage"},"thumbnailUrl":"https:\/\/www.bbmnoticias.com\/labravaradiofm\/wp-content\/uploads\/sites\/5\/2026\/08\/0bIjkMbA.jpg","datePublished":"2026-08-21T01:02:48+00:00","dateModified":"2026-08-21T01:02:52+00:00","author":{"@id":"https:\/\/www.bbmnoticias.com\/labravaradiofm\/#\/schema\/person\/92571928210861b7374edfc7068926ba"},"breadcrumb":{"@id":"https:\/\/www.bbmnoticias.com\/detienen-a-cuatro-integrantes-de-los-chapitos-en-chiapas\/#breadcrumb"},"inLanguage":"es","potentialAction":[{"@type":"ReadAction","target":["https:\/\/www.bbmnoticias.com\/detienen-a-cuatro-integrantes-de-los-chapitos-en-chiapas\/"]}]},{"@type":"ImageObject","inLanguage":"es","@id":"https:\/\/www.bbmnoticias.com\/detienen-a-cuatro-integrantes-de-los-chapitos-en-chiapas\/#primaryimage","url":"https:\/\/www.bbmnoticias.com\/labravaradiofm\/wp-content\/uploads\/sites\/5\/2026\/08\/0bIjkMbA.jpg","contentUrl":"https:\/\/www.bbmnoticias.com\/labravaradiofm\/wp-content\/uploads\/sites\/5\/2026\/08\/0bIjkMbA.jpg","width":680,"height":383},{"@type":"BreadcrumbList","@id":"https:\/\/www.bbmnoticias.com\/detienen-a-cuatro-integrantes-de-los-chapitos-en-chiapas\/#breadcrumb","itemListElement":[{"@type":"ListItem","position":1,"name":"Inicio","item":"https:\/\/www.bbmnoticias.com\/labravaradiofm\/"},{"@type":"ListItem","position":2,"name":"Detienen a cuatro integrantes de \u201cLos Chapitos\u201d en Chiapas"}]},{"@type":"WebSite","@id":"https:\/\/www.bbmnoticias.com\/labravaradiofm\/#website","url":"https:\/\/www.bbmnoticias.com\/labravaradiofm\/","name":"LA BRAVA RADIO","description":"Empresa productora de medios, Radiodifusi\u00f3n, Noticias, tendencias y todo lo que necesitas saber de la pol\u00edtica mexicana e internacional; entretenimiento, espect\u00e1culos, salud y mucho m\u00e1s.","potentialAction":[{"@type":"SearchAction","target":{"@type":"EntryPoint","urlTemplate":"https:\/\/www.bbmnoticias.com\/labravaradiofm\/?s={search_term_string}"},"query-input":{"@type":"PropertyValueSpecification","valueRequired":true,"valueName":"search_term_string"}}],"inLanguage":"es"},{"@type":"Person","@id":"https:\/\/www.bbmnoticias.com\/labravaradiofm\/#\/schema\/person\/92571928210861b7374edfc7068926ba","name":"Exc\u00e9lsior","image":{"@type":"ImageObject","inLanguage":"es","@id":"https:\/\/secure.gravatar.com\/avatar\/497265c4dbe1cd0e2f3f1b19aba0f5779c7f95d09e139a5b83c1ecd47b4e780d?s=96&d=mm&r=g","url":"https:\/\/secure.gravatar.com\/avatar\/497265c4dbe1cd0e2f3f1b19aba0f5779c7f95d09e139a5b83c1ecd47b4e780d?s=96&d=mm&r=g","contentUrl":"https:\/\/secure.gravatar.com\/avatar\/497265c4dbe1cd0e2f3f1b19aba0f5779c7f95d09e139a5b83c1ecd47b4e780d?s=96&d=mm&r=g","caption":"Exc\u00e9lsior"},"url":"https:\/\/www.bbmnoticias.com\/labravaradiofm\/author\/excelsior\/"}]}},"_links":{"self":[{"href":"https:\/\/www.bbmnoticias.com\/labravaradiofm\/wp-json\/wp\/v2\/posts\/80907","targetHints":{"allow":["GET"]}}],"collection":[{"href":"https:\/\/www.bbmnoticias.com\/labravaradiofm\/wp-json\/wp\/v2\/posts"}],"about":[{"href":"https:\/\/www.bbmnoticias.com\/labravaradiofm\/wp-json\/wp\/v2\/types\/post"}],"author":[{"embeddable":true,"href":"https:\/\/www.bbmnoticias.com\/labravaradiofm\/wp-json\/wp\/v2\/users\/8"}],"replies":[{"embeddable":true,"href":"https:\/\/www.bbmnoticias.com\/labravaradiofm\/wp-json\/wp\/v2\/comments?post=80907"}],"version-history":[{"count":1,"href":"https:\/\/www.bbmnoticias.com\/labravaradiofm\/wp-json\/wp\/v2\/posts\/80907\/revisions"}],"predecessor-version":[{"id":80908,"href":"https:\/\/www.bbmnoticias.com\/labravaradiofm\/wp-json\/wp\/v2\/posts\/80907\/revisions\/80908"}],"wp:featuredmedia":[{"embeddable":true,"href":"https:\/\/www.bbmnoticias.com\/labravaradiofm\/wp-json\/wp\/v2\/media\/80909"}],"wp:attachment":[{"href":"https:\/\/www.bbmnoticias.com\/labravaradiofm\/wp-json\/wp\/v2\/media?parent=80907"}],"wp:term":[{"taxonomy":"category","embeddable":true,"href":"https:\/\/www.bbmnoticias.com\/labravaradiofm\/wp-json\/wp\/v2\/categories?post=80907"},{"taxonomy":"post_tag","embeddable":true,"href":"https:\/\/www.bbmnoticias.com\/labravaradiofm\/wp-json\/wp\/v2\/tags?post=80907"}],"curies":[{"name":"wp","href":"https:\/\/api.w.org\/{rel}","templated":true}]}}