{"id":80901,"date":"2026-08-20T18:43:48","date_gmt":"2026-08-21T00:43:48","guid":{"rendered":"https:\/\/www.bbmnoticias.com\/labravaradiofm\/2026\/08\/20\/corte-cierra-via-legal-a-factureras-no-podran-obtener-suspensiones-mientras-son-investigadas\/"},"modified":"2026-08-20T18:43:51","modified_gmt":"2026-08-21T00:43:51","slug":"corte-cierra-via-legal-a-factureras-no-podran-obtener-suspensiones-mientras-son-investigadas","status":"publish","type":"post","link":"https:\/\/www.bbmnoticias.com\/labravaradiofm\/2026\/08\/20\/corte-cierra-via-legal-a-factureras-no-podran-obtener-suspensiones-mientras-son-investigadas\/","title":{"rendered":"Corte cierra v\u00eda legal a factureras: no podr\u00e1n obtener suspensiones mientras son investigadas"},"content":{"rendered":"\n<p class=\"wp-block-paragraph\"><em>Ciudad de M\u00e9xico.<\/em> La Suprema Corte de Justicia de la Naci\u00f3n (SCJN) emiti\u00f3 este jueves un criterio obligatorio que cierra una v\u00eda legal a las llamadas factureras.<\/p>\n\n\n\n<p class=\"wp-block-paragraph\">Al resolver una contradicci\u00f3n de criterios entre tribunales, el Pleno de la Corte determin\u00f3 que los jueces no podr\u00e1n conceder suspensiones provisionales que permitan a los contribuyentes seguir emitiendo comprobantes fiscales mientras est\u00e1n sujetos a un procedimiento de verificaci\u00f3n por la presunta expedici\u00f3n de comprobantes falsos.<\/p>\n\n\n\n<p class=\"wp-block-paragraph\">Bajo el proyecto de la ministra Mar\u00eda Estela R\u00edos Gonz\u00e1lez, el m\u00e1ximo tribunal del pa\u00eds consider\u00f3 que otorgar medidas cautelares en estos casos podr\u00eda facilitar conductas il\u00edcitas y obstaculizar las facultades de fiscalizaci\u00f3n y el combate a la evasi\u00f3n fiscal.<\/p>\n\n\n\n<p class=\"wp-block-paragraph\">\u201cLa suspensi\u00f3n en el juicio de amparo exige que el juzgador pondere simult\u00e1neamente la apariencia del buen derecho frente al inter\u00e9s social y al orden p\u00fablico\u201d, dijo.<\/p>\n\n\n\n<p class=\"wp-block-paragraph\">La contradicci\u00f3n de criterios 55\/2026 surgi\u00f3 porque dos tribunales colegiados resolvieron de manera opuesta si deb\u00eda permitirse a contribuyentes seguir emitiendo CFDI durante una verificaci\u00f3n por presunta falsedad. Un tribunal concedi\u00f3 la suspensi\u00f3n provisional por la posible afectaci\u00f3n econ\u00f3mica y otro la rechaz\u00f3 por considerar que perjudicaba el inter\u00e9s social.<\/p>\n\n\n\n<p class=\"wp-block-paragraph\">El proyecto de R\u00edos Gonz\u00e1lez hizo prevalecer este \u00faltimo criterio y estableci\u00f3 como jurisprudencia que los jueces no podr\u00e1n conceder esa suspensi\u00f3n, pues permitir la facturaci\u00f3n obstaculizar\u00eda el trabajo de la autoridad fiscal durante la verificaci\u00f3n y tambi\u00e9n el combate a comprobantes falsos y la evasi\u00f3n fiscal.<\/p>\n","protected":false},"excerpt":{"rendered":"<p>Ciudad de M\u00e9xico. La Suprema Corte de Justicia de la Naci\u00f3n (SCJN) emiti\u00f3 este jueves un criterio obligatorio que cierra una v\u00eda legal a las llamadas factureras. Al resolver una contradicci\u00f3n de criterios entre tribunales, el Pleno de la Corte determin\u00f3 que los jueces no podr\u00e1n conceder suspensiones provisionales que permitan a los contribuyentes seguir [&hellip;]<\/p>\n","protected":false},"author":20,"featured_media":80903,"comment_status":"closed","ping_status":"open","sticky":false,"template":"","format":"standard","meta":{"footnotes":""},"categories":[2,19],"tags":[],"class_list":["post-80901","post","type-post","status-publish","format-standard","has-post-thumbnail","hentry","category-oaxaca","category-nacional"],"yoast_head":"<!-- This site is optimized with the Yoast SEO plugin v28.1 - https:\/\/yoast.com\/product\/yoast-seo-wordpress\/ -->\n<title>Corte cierra v\u00eda legal a factureras: no podr\u00e1n obtener suspensiones mientras son investigadas - LA BRAVA RADIO<\/title>\n<meta name=\"robots\" content=\"index, follow, max-snippet:-1, max-image-preview:large, max-video-preview:-1\" \/>\n<link rel=\"canonical\" href=\"https:\/\/www.bbmnoticias.com\/corte-cierra-via-legal-a-factureras-no-podran-obtener-suspensiones-mientras-son-investigadas\/\" \/>\n<meta property=\"og:locale\" content=\"es_MX\" \/>\n<meta property=\"og:type\" content=\"article\" \/>\n<meta property=\"og:title\" content=\"Corte cierra v\u00eda legal a factureras: no podr\u00e1n obtener suspensiones mientras son investigadas - LA BRAVA RADIO\" \/>\n<meta property=\"og:description\" content=\"Ciudad de M\u00e9xico. La Suprema Corte de Justicia de la Naci\u00f3n (SCJN) emiti\u00f3 este jueves un criterio obligatorio que cierra una v\u00eda legal a las llamadas factureras. Al resolver una contradicci\u00f3n de criterios entre tribunales, el Pleno de la Corte determin\u00f3 que los jueces no podr\u00e1n conceder suspensiones provisionales que permitan a los contribuyentes seguir [&hellip;]\" \/>\n<meta property=\"og:url\" content=\"https:\/\/www.bbmnoticias.com\/corte-cierra-via-legal-a-factureras-no-podran-obtener-suspensiones-mientras-son-investigadas\/\" \/>\n<meta property=\"og:site_name\" content=\"LA BRAVA RADIO\" \/>\n<meta property=\"article:published_time\" content=\"2026-08-21T00:43:48+00:00\" \/>\n<meta property=\"article:modified_time\" content=\"2026-08-21T00:43:51+00:00\" \/>\n<meta property=\"og:image\" content=\"https:\/\/www.bbmnoticias.com\/labravaradiofm\/wp-content\/uploads\/sites\/5\/2026\/08\/FACTURERAS-SUSPENCION.jpg\" \/>\n\t<meta property=\"og:image:width\" content=\"782\" \/>\n\t<meta property=\"og:image:height\" content=\"516\" \/>\n\t<meta property=\"og:image:type\" content=\"image\/jpeg\" \/>\n<meta name=\"author\" content=\"La jornada\" \/>\n<meta name=\"twitter:card\" content=\"summary_large_image\" \/>\n<meta name=\"twitter:label1\" content=\"Escrito por\" \/>\n\t<meta name=\"twitter:data1\" content=\"La jornada\" \/>\n\t<meta name=\"twitter:label2\" content=\"Tiempo de lectura\" \/>\n\t<meta name=\"twitter:data2\" content=\"1 minuto\" \/>\n<script type=\"application\/ld+json\" class=\"yoast-schema-graph\">{\"@context\":\"https:\\\/\\\/schema.org\",\"@graph\":[{\"@type\":\"Article\",\"@id\":\"https:\\\/\\\/www.bbmnoticias.com\\\/corte-cierra-via-legal-a-factureras-no-podran-obtener-suspensiones-mientras-son-investigadas\\\/#article\",\"isPartOf\":{\"@id\":\"https:\\\/\\\/www.bbmnoticias.com\\\/labravaradiofm\\\/2026\\\/08\\\/20\\\/corte-cierra-via-legal-a-factureras-no-podran-obtener-suspensiones-mientras-son-investigadas\\\/\"},\"author\":{\"name\":\"La jornada\",\"@id\":\"https:\\\/\\\/www.bbmnoticias.com\\\/labravaradiofm\\\/#\\\/schema\\\/person\\\/a0b5a4288f28a59d6732cd10a7b83122\"},\"headline\":\"Corte cierra v\u00eda legal a factureras: no podr\u00e1n obtener suspensiones mientras son investigadas\",\"datePublished\":\"2026-08-21T00:43:48+00:00\",\"dateModified\":\"2026-08-21T00:43:51+00:00\",\"mainEntityOfPage\":{\"@id\":\"https:\\\/\\\/www.bbmnoticias.com\\\/labravaradiofm\\\/2026\\\/08\\\/20\\\/corte-cierra-via-legal-a-factureras-no-podran-obtener-suspensiones-mientras-son-investigadas\\\/\"},\"wordCount\":288,\"image\":{\"@id\":\"https:\\\/\\\/www.bbmnoticias.com\\\/corte-cierra-via-legal-a-factureras-no-podran-obtener-suspensiones-mientras-son-investigadas\\\/#primaryimage\"},\"thumbnailUrl\":\"https:\\\/\\\/www.bbmnoticias.com\\\/labravaradiofm\\\/wp-content\\\/uploads\\\/sites\\\/5\\\/2026\\\/08\\\/FACTURERAS-SUSPENCION.jpg\",\"articleSection\":[\"LOCAL\",\"NACIONAL\"],\"inLanguage\":\"es\"},{\"@type\":\"WebPage\",\"@id\":\"https:\\\/\\\/www.bbmnoticias.com\\\/labravaradiofm\\\/2026\\\/08\\\/20\\\/corte-cierra-via-legal-a-factureras-no-podran-obtener-suspensiones-mientras-son-investigadas\\\/\",\"url\":\"https:\\\/\\\/www.bbmnoticias.com\\\/corte-cierra-via-legal-a-factureras-no-podran-obtener-suspensiones-mientras-son-investigadas\\\/\",\"name\":\"Corte cierra v\u00eda legal a factureras: no podr\u00e1n obtener suspensiones mientras son investigadas - LA BRAVA RADIO\",\"isPartOf\":{\"@id\":\"https:\\\/\\\/www.bbmnoticias.com\\\/labravaradiofm\\\/#website\"},\"primaryImageOfPage\":{\"@id\":\"https:\\\/\\\/www.bbmnoticias.com\\\/corte-cierra-via-legal-a-factureras-no-podran-obtener-suspensiones-mientras-son-investigadas\\\/#primaryimage\"},\"image\":{\"@id\":\"https:\\\/\\\/www.bbmnoticias.com\\\/corte-cierra-via-legal-a-factureras-no-podran-obtener-suspensiones-mientras-son-investigadas\\\/#primaryimage\"},\"thumbnailUrl\":\"https:\\\/\\\/www.bbmnoticias.com\\\/labravaradiofm\\\/wp-content\\\/uploads\\\/sites\\\/5\\\/2026\\\/08\\\/FACTURERAS-SUSPENCION.jpg\",\"datePublished\":\"2026-08-21T00:43:48+00:00\",\"dateModified\":\"2026-08-21T00:43:51+00:00\",\"author\":{\"@id\":\"https:\\\/\\\/www.bbmnoticias.com\\\/labravaradiofm\\\/#\\\/schema\\\/person\\\/a0b5a4288f28a59d6732cd10a7b83122\"},\"breadcrumb\":{\"@id\":\"https:\\\/\\\/www.bbmnoticias.com\\\/corte-cierra-via-legal-a-factureras-no-podran-obtener-suspensiones-mientras-son-investigadas\\\/#breadcrumb\"},\"inLanguage\":\"es\",\"potentialAction\":[{\"@type\":\"ReadAction\",\"target\":[\"https:\\\/\\\/www.bbmnoticias.com\\\/corte-cierra-via-legal-a-factureras-no-podran-obtener-suspensiones-mientras-son-investigadas\\\/\"]}]},{\"@type\":\"ImageObject\",\"inLanguage\":\"es\",\"@id\":\"https:\\\/\\\/www.bbmnoticias.com\\\/corte-cierra-via-legal-a-factureras-no-podran-obtener-suspensiones-mientras-son-investigadas\\\/#primaryimage\",\"url\":\"https:\\\/\\\/www.bbmnoticias.com\\\/labravaradiofm\\\/wp-content\\\/uploads\\\/sites\\\/5\\\/2026\\\/08\\\/FACTURERAS-SUSPENCION.jpg\",\"contentUrl\":\"https:\\\/\\\/www.bbmnoticias.com\\\/labravaradiofm\\\/wp-content\\\/uploads\\\/sites\\\/5\\\/2026\\\/08\\\/FACTURERAS-SUSPENCION.jpg\",\"width\":782,\"height\":516},{\"@type\":\"BreadcrumbList\",\"@id\":\"https:\\\/\\\/www.bbmnoticias.com\\\/corte-cierra-via-legal-a-factureras-no-podran-obtener-suspensiones-mientras-son-investigadas\\\/#breadcrumb\",\"itemListElement\":[{\"@type\":\"ListItem\",\"position\":1,\"name\":\"Inicio\",\"item\":\"https:\\\/\\\/www.bbmnoticias.com\\\/labravaradiofm\\\/\"},{\"@type\":\"ListItem\",\"position\":2,\"name\":\"Corte cierra v\u00eda legal a factureras: no podr\u00e1n obtener suspensiones mientras son investigadas\"}]},{\"@type\":\"WebSite\",\"@id\":\"https:\\\/\\\/www.bbmnoticias.com\\\/labravaradiofm\\\/#website\",\"url\":\"https:\\\/\\\/www.bbmnoticias.com\\\/labravaradiofm\\\/\",\"name\":\"LA BRAVA RADIO\",\"description\":\"Empresa productora de medios, Radiodifusi\u00f3n, Noticias, tendencias y todo lo que necesitas saber de la pol\u00edtica mexicana e internacional; entretenimiento, espect\u00e1culos, salud y mucho m\u00e1s.\",\"potentialAction\":[{\"@type\":\"SearchAction\",\"target\":{\"@type\":\"EntryPoint\",\"urlTemplate\":\"https:\\\/\\\/www.bbmnoticias.com\\\/labravaradiofm\\\/?s={search_term_string}\"},\"query-input\":{\"@type\":\"PropertyValueSpecification\",\"valueRequired\":true,\"valueName\":\"search_term_string\"}}],\"inLanguage\":\"es\"},{\"@type\":\"Person\",\"@id\":\"https:\\\/\\\/www.bbmnoticias.com\\\/labravaradiofm\\\/#\\\/schema\\\/person\\\/a0b5a4288f28a59d6732cd10a7b83122\",\"name\":\"La jornada\",\"image\":{\"@type\":\"ImageObject\",\"inLanguage\":\"es\",\"@id\":\"https:\\\/\\\/secure.gravatar.com\\\/avatar\\\/f001d4094255fa8b6aa73ccba38f89ac42819d4fe44fb98dd4c02f7c02ee8e20?s=96&d=mm&r=g\",\"url\":\"https:\\\/\\\/secure.gravatar.com\\\/avatar\\\/f001d4094255fa8b6aa73ccba38f89ac42819d4fe44fb98dd4c02f7c02ee8e20?s=96&d=mm&r=g\",\"contentUrl\":\"https:\\\/\\\/secure.gravatar.com\\\/avatar\\\/f001d4094255fa8b6aa73ccba38f89ac42819d4fe44fb98dd4c02f7c02ee8e20?s=96&d=mm&r=g\",\"caption\":\"La jornada\"},\"url\":\"https:\\\/\\\/www.bbmnoticias.com\\\/labravaradiofm\\\/author\\\/lajornada\\\/\"}]}<\/script>\n<!-- \/ Yoast SEO plugin. -->","yoast_head_json":{"title":"Corte cierra v\u00eda legal a factureras: no podr\u00e1n obtener suspensiones mientras son investigadas - LA BRAVA RADIO","robots":{"index":"index","follow":"follow","max-snippet":"max-snippet:-1","max-image-preview":"max-image-preview:large","max-video-preview":"max-video-preview:-1"},"canonical":"https:\/\/www.bbmnoticias.com\/corte-cierra-via-legal-a-factureras-no-podran-obtener-suspensiones-mientras-son-investigadas\/","og_locale":"es_MX","og_type":"article","og_title":"Corte cierra v\u00eda legal a factureras: no podr\u00e1n obtener suspensiones mientras son investigadas - LA BRAVA RADIO","og_description":"Ciudad de M\u00e9xico. La Suprema Corte de Justicia de la Naci\u00f3n (SCJN) emiti\u00f3 este jueves un criterio obligatorio que cierra una v\u00eda legal a las llamadas factureras. Al resolver una contradicci\u00f3n de criterios entre tribunales, el Pleno de la Corte determin\u00f3 que los jueces no podr\u00e1n conceder suspensiones provisionales que permitan a los contribuyentes seguir [&hellip;]","og_url":"https:\/\/www.bbmnoticias.com\/corte-cierra-via-legal-a-factureras-no-podran-obtener-suspensiones-mientras-son-investigadas\/","og_site_name":"LA BRAVA RADIO","article_published_time":"2026-08-21T00:43:48+00:00","article_modified_time":"2026-08-21T00:43:51+00:00","og_image":[{"width":782,"height":516,"url":"https:\/\/www.bbmnoticias.com\/labravaradiofm\/wp-content\/uploads\/sites\/5\/2026\/08\/FACTURERAS-SUSPENCION.jpg","type":"image\/jpeg"}],"author":"La jornada","twitter_card":"summary_large_image","twitter_misc":{"Escrito por":"La jornada","Tiempo de lectura":"1 minuto"},"schema":{"@context":"https:\/\/schema.org","@graph":[{"@type":"Article","@id":"https:\/\/www.bbmnoticias.com\/corte-cierra-via-legal-a-factureras-no-podran-obtener-suspensiones-mientras-son-investigadas\/#article","isPartOf":{"@id":"https:\/\/www.bbmnoticias.com\/labravaradiofm\/2026\/08\/20\/corte-cierra-via-legal-a-factureras-no-podran-obtener-suspensiones-mientras-son-investigadas\/"},"author":{"name":"La jornada","@id":"https:\/\/www.bbmnoticias.com\/labravaradiofm\/#\/schema\/person\/a0b5a4288f28a59d6732cd10a7b83122"},"headline":"Corte cierra v\u00eda legal a factureras: no podr\u00e1n obtener suspensiones mientras son investigadas","datePublished":"2026-08-21T00:43:48+00:00","dateModified":"2026-08-21T00:43:51+00:00","mainEntityOfPage":{"@id":"https:\/\/www.bbmnoticias.com\/labravaradiofm\/2026\/08\/20\/corte-cierra-via-legal-a-factureras-no-podran-obtener-suspensiones-mientras-son-investigadas\/"},"wordCount":288,"image":{"@id":"https:\/\/www.bbmnoticias.com\/corte-cierra-via-legal-a-factureras-no-podran-obtener-suspensiones-mientras-son-investigadas\/#primaryimage"},"thumbnailUrl":"https:\/\/www.bbmnoticias.com\/labravaradiofm\/wp-content\/uploads\/sites\/5\/2026\/08\/FACTURERAS-SUSPENCION.jpg","articleSection":["LOCAL","NACIONAL"],"inLanguage":"es"},{"@type":"WebPage","@id":"https:\/\/www.bbmnoticias.com\/labravaradiofm\/2026\/08\/20\/corte-cierra-via-legal-a-factureras-no-podran-obtener-suspensiones-mientras-son-investigadas\/","url":"https:\/\/www.bbmnoticias.com\/corte-cierra-via-legal-a-factureras-no-podran-obtener-suspensiones-mientras-son-investigadas\/","name":"Corte cierra v\u00eda legal a factureras: no podr\u00e1n obtener suspensiones mientras son investigadas - LA BRAVA RADIO","isPartOf":{"@id":"https:\/\/www.bbmnoticias.com\/labravaradiofm\/#website"},"primaryImageOfPage":{"@id":"https:\/\/www.bbmnoticias.com\/corte-cierra-via-legal-a-factureras-no-podran-obtener-suspensiones-mientras-son-investigadas\/#primaryimage"},"image":{"@id":"https:\/\/www.bbmnoticias.com\/corte-cierra-via-legal-a-factureras-no-podran-obtener-suspensiones-mientras-son-investigadas\/#primaryimage"},"thumbnailUrl":"https:\/\/www.bbmnoticias.com\/labravaradiofm\/wp-content\/uploads\/sites\/5\/2026\/08\/FACTURERAS-SUSPENCION.jpg","datePublished":"2026-08-21T00:43:48+00:00","dateModified":"2026-08-21T00:43:51+00:00","author":{"@id":"https:\/\/www.bbmnoticias.com\/labravaradiofm\/#\/schema\/person\/a0b5a4288f28a59d6732cd10a7b83122"},"breadcrumb":{"@id":"https:\/\/www.bbmnoticias.com\/corte-cierra-via-legal-a-factureras-no-podran-obtener-suspensiones-mientras-son-investigadas\/#breadcrumb"},"inLanguage":"es","potentialAction":[{"@type":"ReadAction","target":["https:\/\/www.bbmnoticias.com\/corte-cierra-via-legal-a-factureras-no-podran-obtener-suspensiones-mientras-son-investigadas\/"]}]},{"@type":"ImageObject","inLanguage":"es","@id":"https:\/\/www.bbmnoticias.com\/corte-cierra-via-legal-a-factureras-no-podran-obtener-suspensiones-mientras-son-investigadas\/#primaryimage","url":"https:\/\/www.bbmnoticias.com\/labravaradiofm\/wp-content\/uploads\/sites\/5\/2026\/08\/FACTURERAS-SUSPENCION.jpg","contentUrl":"https:\/\/www.bbmnoticias.com\/labravaradiofm\/wp-content\/uploads\/sites\/5\/2026\/08\/FACTURERAS-SUSPENCION.jpg","width":782,"height":516},{"@type":"BreadcrumbList","@id":"https:\/\/www.bbmnoticias.com\/corte-cierra-via-legal-a-factureras-no-podran-obtener-suspensiones-mientras-son-investigadas\/#breadcrumb","itemListElement":[{"@type":"ListItem","position":1,"name":"Inicio","item":"https:\/\/www.bbmnoticias.com\/labravaradiofm\/"},{"@type":"ListItem","position":2,"name":"Corte cierra v\u00eda legal a factureras: no podr\u00e1n obtener suspensiones mientras son investigadas"}]},{"@type":"WebSite","@id":"https:\/\/www.bbmnoticias.com\/labravaradiofm\/#website","url":"https:\/\/www.bbmnoticias.com\/labravaradiofm\/","name":"LA BRAVA RADIO","description":"Empresa productora de medios, Radiodifusi\u00f3n, Noticias, tendencias y todo lo que necesitas saber de la pol\u00edtica mexicana e internacional; entretenimiento, espect\u00e1culos, salud y mucho m\u00e1s.","potentialAction":[{"@type":"SearchAction","target":{"@type":"EntryPoint","urlTemplate":"https:\/\/www.bbmnoticias.com\/labravaradiofm\/?s={search_term_string}"},"query-input":{"@type":"PropertyValueSpecification","valueRequired":true,"valueName":"search_term_string"}}],"inLanguage":"es"},{"@type":"Person","@id":"https:\/\/www.bbmnoticias.com\/labravaradiofm\/#\/schema\/person\/a0b5a4288f28a59d6732cd10a7b83122","name":"La jornada","image":{"@type":"ImageObject","inLanguage":"es","@id":"https:\/\/secure.gravatar.com\/avatar\/f001d4094255fa8b6aa73ccba38f89ac42819d4fe44fb98dd4c02f7c02ee8e20?s=96&d=mm&r=g","url":"https:\/\/secure.gravatar.com\/avatar\/f001d4094255fa8b6aa73ccba38f89ac42819d4fe44fb98dd4c02f7c02ee8e20?s=96&d=mm&r=g","contentUrl":"https:\/\/secure.gravatar.com\/avatar\/f001d4094255fa8b6aa73ccba38f89ac42819d4fe44fb98dd4c02f7c02ee8e20?s=96&d=mm&r=g","caption":"La jornada"},"url":"https:\/\/www.bbmnoticias.com\/labravaradiofm\/author\/lajornada\/"}]}},"_links":{"self":[{"href":"https:\/\/www.bbmnoticias.com\/labravaradiofm\/wp-json\/wp\/v2\/posts\/80901","targetHints":{"allow":["GET"]}}],"collection":[{"href":"https:\/\/www.bbmnoticias.com\/labravaradiofm\/wp-json\/wp\/v2\/posts"}],"about":[{"href":"https:\/\/www.bbmnoticias.com\/labravaradiofm\/wp-json\/wp\/v2\/types\/post"}],"author":[{"embeddable":true,"href":"https:\/\/www.bbmnoticias.com\/labravaradiofm\/wp-json\/wp\/v2\/users\/20"}],"replies":[{"embeddable":true,"href":"https:\/\/www.bbmnoticias.com\/labravaradiofm\/wp-json\/wp\/v2\/comments?post=80901"}],"version-history":[{"count":1,"href":"https:\/\/www.bbmnoticias.com\/labravaradiofm\/wp-json\/wp\/v2\/posts\/80901\/revisions"}],"predecessor-version":[{"id":80902,"href":"https:\/\/www.bbmnoticias.com\/labravaradiofm\/wp-json\/wp\/v2\/posts\/80901\/revisions\/80902"}],"wp:featuredmedia":[{"embeddable":true,"href":"https:\/\/www.bbmnoticias.com\/labravaradiofm\/wp-json\/wp\/v2\/media\/80903"}],"wp:attachment":[{"href":"https:\/\/www.bbmnoticias.com\/labravaradiofm\/wp-json\/wp\/v2\/media?parent=80901"}],"wp:term":[{"taxonomy":"category","embeddable":true,"href":"https:\/\/www.bbmnoticias.com\/labravaradiofm\/wp-json\/wp\/v2\/categories?post=80901"},{"taxonomy":"post_tag","embeddable":true,"href":"https:\/\/www.bbmnoticias.com\/labravaradiofm\/wp-json\/wp\/v2\/tags?post=80901"}],"curies":[{"name":"wp","href":"https:\/\/api.w.org\/{rel}","templated":true}]}}