{"id":80898,"date":"2026-08-20T18:40:20","date_gmt":"2026-08-21T00:40:20","guid":{"rendered":"https:\/\/www.bbmnoticias.com\/labravaradiofm\/2026\/08\/20\/scjn-faculta-a-sspc-para-promover-juicios-en-contra-de-excolaboradores-de-garcia-luna\/"},"modified":"2026-08-20T18:40:29","modified_gmt":"2026-08-21T00:40:29","slug":"scjn-faculta-a-sspc-para-promover-juicios-en-contra-de-excolaboradores-de-garcia-luna","status":"publish","type":"post","link":"https:\/\/www.bbmnoticias.com\/labravaradiofm\/2026\/08\/20\/scjn-faculta-a-sspc-para-promover-juicios-en-contra-de-excolaboradores-de-garcia-luna\/","title":{"rendered":"SCJN faculta a SSPC para promover juicios en contra de excolaboradores de Garc\u00eda Luna"},"content":{"rendered":"\n<p class=\"wp-block-paragraph\">Por mayor\u00eda de siete votos, el Pleno de la Suprema Corte de Justicia de la Naci\u00f3n <strong>(SCJN)<\/strong> resolvi\u00f3 que la <strong>Secretar\u00eda de Seguridad y Protecci\u00f3n Ciudadana (SSPC)<\/strong>, actualmente a cargo de <strong>Omar Garc\u00eda Harfuch<\/strong>, pueda promover procesos en contra de excolaboradores de Genaro Garc\u00eda Luna, exsecretario de Seguridad P\u00fablica (SSP).<\/p>\n\n\n\n<p class=\"wp-block-paragraph\">En el proyecto de la<strong> ministra Loretta Ortiz Half<\/strong> del amparo directo en revisi\u00f3n 7912\/2023, promovido por la SSPC, se resolvi\u00f3 que la dependencia del Gobierno de M\u00e9xico est\u00e1 facultada para promover juicios en representaci\u00f3n de los intereses patrimoniales del Estado.<\/p>\n\n\n\n<p class=\"wp-block-paragraph\">Con esta resoluci\u00f3n se revoc\u00f3 una sentencia de un Tribunal Colegiado, en la que no le reconoci\u00f3 legitimidad a la dependencia, al promover un amparo en un caso que involucra a 16 exfuncionarios involucrados en la firma de contratos y convenios modificatorios, entre 2010 y 2019, para la construcci\u00f3n de ocho centros penitenciarios, con lo que se caus\u00f3 un da\u00f1o al patrimonio por m\u00e1s de 5 mil millones de pesos.<\/p>\n\n\n\n<p class=\"wp-block-paragraph\">De acuerdo con los antecedentes de este caso, los involucrados formaron parte de la SSP y, posteriormente de la SSPC, en las administraciones de los ex presidentes Felipe Calder\u00f3n, Enrique Pe\u00f1a Nieto y Andr\u00e9s Manuel L\u00f3pez Obrador.<\/p>\n\n\n\n<p class=\"wp-block-paragraph\">La SSPC present\u00f3 una denuncia ante la <strong>Fiscal\u00eda General de la Rep\u00fablica (FGR),<\/strong> por lo que se les imputaron cargos ante su probable responsabilidad en los delitos de uso indebido de atribuciones y facultades y asociaci\u00f3n delictuosa.<\/p>\n\n\n\n<p class=\"wp-block-paragraph\">Un juez de Control determin\u00f3 no vincularlos a proceso y resolvi\u00f3 el sobreseimiento parcial de la causa, argumentando que hab\u00eda operado la prescripci\u00f3n, por lo que el Ministerio P\u00fablico Federal impugn\u00f3 la resoluci\u00f3n, pero un Tribunal de Alzada confirm\u00f3 el fallo.<\/p>\n\n\n\n<p class=\"wp-block-paragraph\">Ante esta situaci\u00f3n, la SSPC present\u00f3 un amparo directo, el que fue rechazado por el Tercer Tribunal Colegiado en Materia Penal del Primer Circuito, en donde se determin\u00f3 sobreseer el juicio al considerar que la dependencia no ten\u00eda legitimaci\u00f3n para promover la demanda.<\/p>\n\n\n\n<p class=\"wp-block-paragraph\">El su proyecto de la ministra Ortiz Half, aprobado por la mayor\u00eda y lo votos en contra de los ministros Giovanni Figueroa Mej\u00eda e Irving Espinosa Betanzo, se revoc\u00f3 esa sentencia, al considerar que existe una afectaci\u00f3n patrimonial que no puede determinarse \u00fanicamente a partir de la clasificaci\u00f3n dogm\u00e1tica del delito.<\/p>\n\n\n\n<p class=\"wp-block-paragraph\">\u201cEn el caso, los recursos comprometidos en las contrataciones investigadas son recursos federales cuya gesti\u00f3n correspond\u00eda a la Secretar\u00eda en representaci\u00f3n de la Federaci\u00f3n, de modo que la conducta imputada s\u00ed produjo una afectaci\u00f3n patrimonial directa que satisface los requisitos del art\u00edculo s\u00e9ptimo de la Ley de Amparo\u201d, expres\u00f3.<\/p>\n\n\n\n<p class=\"wp-block-paragraph\">Algunos de los exfuncionarios involucrados en este caso son Sergio Monta\u00f1o Fern\u00e1ndez, ex oficial mayor de la SSP; Arturo Sosa Viderique, ex director general de Administraci\u00f3n; Marco Antonio Villarreal Guti\u00e9rrez, ex director de Adquisiciones; Antonio Molina D\u00edaz, ex coordinador general de las prisiones federales, y Celina Oseguera Parra, ex coordinadora nacional de los Centros Federales de Readaptaci\u00f3n Social.<\/p>\n","protected":false},"excerpt":{"rendered":"<p>Por mayor\u00eda de siete votos, el Pleno de la Suprema Corte de Justicia de la Naci\u00f3n (SCJN) resolvi\u00f3 que la Secretar\u00eda de Seguridad y Protecci\u00f3n Ciudadana (SSPC), actualmente a cargo de Omar Garc\u00eda Harfuch, pueda promover procesos en contra de excolaboradores de Genaro Garc\u00eda Luna, exsecretario de Seguridad P\u00fablica (SSP). En el proyecto de la [&hellip;]<\/p>\n","protected":false},"author":8,"featured_media":80900,"comment_status":"closed","ping_status":"open","sticky":false,"template":"","format":"standard","meta":{"footnotes":""},"categories":[2,19],"tags":[],"class_list":["post-80898","post","type-post","status-publish","format-standard","has-post-thumbnail","hentry","category-oaxaca","category-nacional"],"yoast_head":"<!-- This site is optimized with the Yoast SEO plugin v28.1 - https:\/\/yoast.com\/product\/yoast-seo-wordpress\/ -->\n<title>SCJN faculta a SSPC para promover juicios en contra de excolaboradores de Garc\u00eda Luna - LA BRAVA RADIO<\/title>\n<meta name=\"robots\" content=\"index, follow, max-snippet:-1, max-image-preview:large, max-video-preview:-1\" \/>\n<link rel=\"canonical\" href=\"https:\/\/www.bbmnoticias.com\/scjn-faculta-a-sspc-para-promover-juicios-en-contra-de-excolaboradores-de-garcia-luna\/\" \/>\n<meta property=\"og:locale\" content=\"es_MX\" \/>\n<meta property=\"og:type\" content=\"article\" \/>\n<meta property=\"og:title\" content=\"SCJN faculta a SSPC para promover juicios en contra de excolaboradores de Garc\u00eda Luna - LA BRAVA RADIO\" \/>\n<meta property=\"og:description\" content=\"Por mayor\u00eda de siete votos, el Pleno de la Suprema Corte de Justicia de la Naci\u00f3n (SCJN) resolvi\u00f3 que la Secretar\u00eda de Seguridad y Protecci\u00f3n Ciudadana (SSPC), actualmente a cargo de Omar Garc\u00eda Harfuch, pueda promover procesos en contra de excolaboradores de Genaro Garc\u00eda Luna, exsecretario de Seguridad P\u00fablica (SSP). En el proyecto de la [&hellip;]\" \/>\n<meta property=\"og:url\" content=\"https:\/\/www.bbmnoticias.com\/scjn-faculta-a-sspc-para-promover-juicios-en-contra-de-excolaboradores-de-garcia-luna\/\" \/>\n<meta property=\"og:site_name\" content=\"LA BRAVA RADIO\" \/>\n<meta property=\"article:published_time\" content=\"2026-08-21T00:40:20+00:00\" \/>\n<meta property=\"article:modified_time\" content=\"2026-08-21T00:40:29+00:00\" \/>\n<meta property=\"og:image\" content=\"https:\/\/www.bbmnoticias.com\/labravaradiofm\/wp-content\/uploads\/sites\/5\/2026\/08\/6a7fa9a3d3359.jpeg\" \/>\n\t<meta property=\"og:image:width\" content=\"813\" \/>\n\t<meta property=\"og:image:height\" content=\"542\" \/>\n\t<meta property=\"og:image:type\" content=\"image\/jpeg\" \/>\n<meta name=\"author\" content=\"Exc\u00e9lsior\" \/>\n<meta name=\"twitter:card\" content=\"summary_large_image\" \/>\n<meta name=\"twitter:label1\" content=\"Escrito por\" \/>\n\t<meta name=\"twitter:data1\" content=\"Exc\u00e9lsior\" \/>\n\t<meta name=\"twitter:label2\" content=\"Tiempo de lectura\" \/>\n\t<meta name=\"twitter:data2\" content=\"3 minutos\" \/>\n<script type=\"application\/ld+json\" class=\"yoast-schema-graph\">{\"@context\":\"https:\\\/\\\/schema.org\",\"@graph\":[{\"@type\":\"Article\",\"@id\":\"https:\\\/\\\/www.bbmnoticias.com\\\/scjn-faculta-a-sspc-para-promover-juicios-en-contra-de-excolaboradores-de-garcia-luna\\\/#article\",\"isPartOf\":{\"@id\":\"https:\\\/\\\/www.bbmnoticias.com\\\/labravaradiofm\\\/2026\\\/08\\\/20\\\/scjn-faculta-a-sspc-para-promover-juicios-en-contra-de-excolaboradores-de-garcia-luna\\\/\"},\"author\":{\"name\":\"Exc\u00e9lsior\",\"@id\":\"https:\\\/\\\/www.bbmnoticias.com\\\/labravaradiofm\\\/#\\\/schema\\\/person\\\/92571928210861b7374edfc7068926ba\"},\"headline\":\"SCJN faculta a SSPC para promover juicios en contra de excolaboradores de Garc\u00eda Luna\",\"datePublished\":\"2026-08-21T00:40:20+00:00\",\"dateModified\":\"2026-08-21T00:40:29+00:00\",\"mainEntityOfPage\":{\"@id\":\"https:\\\/\\\/www.bbmnoticias.com\\\/labravaradiofm\\\/2026\\\/08\\\/20\\\/scjn-faculta-a-sspc-para-promover-juicios-en-contra-de-excolaboradores-de-garcia-luna\\\/\"},\"wordCount\":534,\"image\":{\"@id\":\"https:\\\/\\\/www.bbmnoticias.com\\\/scjn-faculta-a-sspc-para-promover-juicios-en-contra-de-excolaboradores-de-garcia-luna\\\/#primaryimage\"},\"thumbnailUrl\":\"https:\\\/\\\/www.bbmnoticias.com\\\/labravaradiofm\\\/wp-content\\\/uploads\\\/sites\\\/5\\\/2026\\\/08\\\/6a7fa9a3d3359.jpeg\",\"articleSection\":[\"LOCAL\",\"NACIONAL\"],\"inLanguage\":\"es\"},{\"@type\":\"WebPage\",\"@id\":\"https:\\\/\\\/www.bbmnoticias.com\\\/labravaradiofm\\\/2026\\\/08\\\/20\\\/scjn-faculta-a-sspc-para-promover-juicios-en-contra-de-excolaboradores-de-garcia-luna\\\/\",\"url\":\"https:\\\/\\\/www.bbmnoticias.com\\\/scjn-faculta-a-sspc-para-promover-juicios-en-contra-de-excolaboradores-de-garcia-luna\\\/\",\"name\":\"SCJN faculta a SSPC para promover juicios en contra de excolaboradores de Garc\u00eda Luna - LA BRAVA RADIO\",\"isPartOf\":{\"@id\":\"https:\\\/\\\/www.bbmnoticias.com\\\/labravaradiofm\\\/#website\"},\"primaryImageOfPage\":{\"@id\":\"https:\\\/\\\/www.bbmnoticias.com\\\/scjn-faculta-a-sspc-para-promover-juicios-en-contra-de-excolaboradores-de-garcia-luna\\\/#primaryimage\"},\"image\":{\"@id\":\"https:\\\/\\\/www.bbmnoticias.com\\\/scjn-faculta-a-sspc-para-promover-juicios-en-contra-de-excolaboradores-de-garcia-luna\\\/#primaryimage\"},\"thumbnailUrl\":\"https:\\\/\\\/www.bbmnoticias.com\\\/labravaradiofm\\\/wp-content\\\/uploads\\\/sites\\\/5\\\/2026\\\/08\\\/6a7fa9a3d3359.jpeg\",\"datePublished\":\"2026-08-21T00:40:20+00:00\",\"dateModified\":\"2026-08-21T00:40:29+00:00\",\"author\":{\"@id\":\"https:\\\/\\\/www.bbmnoticias.com\\\/labravaradiofm\\\/#\\\/schema\\\/person\\\/92571928210861b7374edfc7068926ba\"},\"breadcrumb\":{\"@id\":\"https:\\\/\\\/www.bbmnoticias.com\\\/scjn-faculta-a-sspc-para-promover-juicios-en-contra-de-excolaboradores-de-garcia-luna\\\/#breadcrumb\"},\"inLanguage\":\"es\",\"potentialAction\":[{\"@type\":\"ReadAction\",\"target\":[\"https:\\\/\\\/www.bbmnoticias.com\\\/scjn-faculta-a-sspc-para-promover-juicios-en-contra-de-excolaboradores-de-garcia-luna\\\/\"]}]},{\"@type\":\"ImageObject\",\"inLanguage\":\"es\",\"@id\":\"https:\\\/\\\/www.bbmnoticias.com\\\/scjn-faculta-a-sspc-para-promover-juicios-en-contra-de-excolaboradores-de-garcia-luna\\\/#primaryimage\",\"url\":\"https:\\\/\\\/www.bbmnoticias.com\\\/labravaradiofm\\\/wp-content\\\/uploads\\\/sites\\\/5\\\/2026\\\/08\\\/6a7fa9a3d3359.jpeg\",\"contentUrl\":\"https:\\\/\\\/www.bbmnoticias.com\\\/labravaradiofm\\\/wp-content\\\/uploads\\\/sites\\\/5\\\/2026\\\/08\\\/6a7fa9a3d3359.jpeg\",\"width\":813,\"height\":542},{\"@type\":\"BreadcrumbList\",\"@id\":\"https:\\\/\\\/www.bbmnoticias.com\\\/scjn-faculta-a-sspc-para-promover-juicios-en-contra-de-excolaboradores-de-garcia-luna\\\/#breadcrumb\",\"itemListElement\":[{\"@type\":\"ListItem\",\"position\":1,\"name\":\"Inicio\",\"item\":\"https:\\\/\\\/www.bbmnoticias.com\\\/labravaradiofm\\\/\"},{\"@type\":\"ListItem\",\"position\":2,\"name\":\"SCJN faculta a SSPC para promover juicios en contra de excolaboradores de Garc\u00eda Luna\"}]},{\"@type\":\"WebSite\",\"@id\":\"https:\\\/\\\/www.bbmnoticias.com\\\/labravaradiofm\\\/#website\",\"url\":\"https:\\\/\\\/www.bbmnoticias.com\\\/labravaradiofm\\\/\",\"name\":\"LA BRAVA RADIO\",\"description\":\"Empresa productora de medios, Radiodifusi\u00f3n, Noticias, tendencias y todo lo que necesitas saber de la pol\u00edtica mexicana e internacional; entretenimiento, espect\u00e1culos, salud y mucho m\u00e1s.\",\"potentialAction\":[{\"@type\":\"SearchAction\",\"target\":{\"@type\":\"EntryPoint\",\"urlTemplate\":\"https:\\\/\\\/www.bbmnoticias.com\\\/labravaradiofm\\\/?s={search_term_string}\"},\"query-input\":{\"@type\":\"PropertyValueSpecification\",\"valueRequired\":true,\"valueName\":\"search_term_string\"}}],\"inLanguage\":\"es\"},{\"@type\":\"Person\",\"@id\":\"https:\\\/\\\/www.bbmnoticias.com\\\/labravaradiofm\\\/#\\\/schema\\\/person\\\/92571928210861b7374edfc7068926ba\",\"name\":\"Exc\u00e9lsior\",\"image\":{\"@type\":\"ImageObject\",\"inLanguage\":\"es\",\"@id\":\"https:\\\/\\\/secure.gravatar.com\\\/avatar\\\/497265c4dbe1cd0e2f3f1b19aba0f5779c7f95d09e139a5b83c1ecd47b4e780d?s=96&d=mm&r=g\",\"url\":\"https:\\\/\\\/secure.gravatar.com\\\/avatar\\\/497265c4dbe1cd0e2f3f1b19aba0f5779c7f95d09e139a5b83c1ecd47b4e780d?s=96&d=mm&r=g\",\"contentUrl\":\"https:\\\/\\\/secure.gravatar.com\\\/avatar\\\/497265c4dbe1cd0e2f3f1b19aba0f5779c7f95d09e139a5b83c1ecd47b4e780d?s=96&d=mm&r=g\",\"caption\":\"Exc\u00e9lsior\"},\"url\":\"https:\\\/\\\/www.bbmnoticias.com\\\/labravaradiofm\\\/author\\\/excelsior\\\/\"}]}<\/script>\n<!-- \/ Yoast SEO plugin. -->","yoast_head_json":{"title":"SCJN faculta a SSPC para promover juicios en contra de excolaboradores de Garc\u00eda Luna - LA BRAVA RADIO","robots":{"index":"index","follow":"follow","max-snippet":"max-snippet:-1","max-image-preview":"max-image-preview:large","max-video-preview":"max-video-preview:-1"},"canonical":"https:\/\/www.bbmnoticias.com\/scjn-faculta-a-sspc-para-promover-juicios-en-contra-de-excolaboradores-de-garcia-luna\/","og_locale":"es_MX","og_type":"article","og_title":"SCJN faculta a SSPC para promover juicios en contra de excolaboradores de Garc\u00eda Luna - LA BRAVA RADIO","og_description":"Por mayor\u00eda de siete votos, el Pleno de la Suprema Corte de Justicia de la Naci\u00f3n (SCJN) resolvi\u00f3 que la Secretar\u00eda de Seguridad y Protecci\u00f3n Ciudadana (SSPC), actualmente a cargo de Omar Garc\u00eda Harfuch, pueda promover procesos en contra de excolaboradores de Genaro Garc\u00eda Luna, exsecretario de Seguridad P\u00fablica (SSP). En el proyecto de la [&hellip;]","og_url":"https:\/\/www.bbmnoticias.com\/scjn-faculta-a-sspc-para-promover-juicios-en-contra-de-excolaboradores-de-garcia-luna\/","og_site_name":"LA BRAVA RADIO","article_published_time":"2026-08-21T00:40:20+00:00","article_modified_time":"2026-08-21T00:40:29+00:00","og_image":[{"width":813,"height":542,"url":"https:\/\/www.bbmnoticias.com\/labravaradiofm\/wp-content\/uploads\/sites\/5\/2026\/08\/6a7fa9a3d3359.jpeg","type":"image\/jpeg"}],"author":"Exc\u00e9lsior","twitter_card":"summary_large_image","twitter_misc":{"Escrito por":"Exc\u00e9lsior","Tiempo de lectura":"3 minutos"},"schema":{"@context":"https:\/\/schema.org","@graph":[{"@type":"Article","@id":"https:\/\/www.bbmnoticias.com\/scjn-faculta-a-sspc-para-promover-juicios-en-contra-de-excolaboradores-de-garcia-luna\/#article","isPartOf":{"@id":"https:\/\/www.bbmnoticias.com\/labravaradiofm\/2026\/08\/20\/scjn-faculta-a-sspc-para-promover-juicios-en-contra-de-excolaboradores-de-garcia-luna\/"},"author":{"name":"Exc\u00e9lsior","@id":"https:\/\/www.bbmnoticias.com\/labravaradiofm\/#\/schema\/person\/92571928210861b7374edfc7068926ba"},"headline":"SCJN faculta a SSPC para promover juicios en contra de excolaboradores de Garc\u00eda Luna","datePublished":"2026-08-21T00:40:20+00:00","dateModified":"2026-08-21T00:40:29+00:00","mainEntityOfPage":{"@id":"https:\/\/www.bbmnoticias.com\/labravaradiofm\/2026\/08\/20\/scjn-faculta-a-sspc-para-promover-juicios-en-contra-de-excolaboradores-de-garcia-luna\/"},"wordCount":534,"image":{"@id":"https:\/\/www.bbmnoticias.com\/scjn-faculta-a-sspc-para-promover-juicios-en-contra-de-excolaboradores-de-garcia-luna\/#primaryimage"},"thumbnailUrl":"https:\/\/www.bbmnoticias.com\/labravaradiofm\/wp-content\/uploads\/sites\/5\/2026\/08\/6a7fa9a3d3359.jpeg","articleSection":["LOCAL","NACIONAL"],"inLanguage":"es"},{"@type":"WebPage","@id":"https:\/\/www.bbmnoticias.com\/labravaradiofm\/2026\/08\/20\/scjn-faculta-a-sspc-para-promover-juicios-en-contra-de-excolaboradores-de-garcia-luna\/","url":"https:\/\/www.bbmnoticias.com\/scjn-faculta-a-sspc-para-promover-juicios-en-contra-de-excolaboradores-de-garcia-luna\/","name":"SCJN faculta a SSPC para promover juicios en contra de excolaboradores de Garc\u00eda Luna - LA BRAVA RADIO","isPartOf":{"@id":"https:\/\/www.bbmnoticias.com\/labravaradiofm\/#website"},"primaryImageOfPage":{"@id":"https:\/\/www.bbmnoticias.com\/scjn-faculta-a-sspc-para-promover-juicios-en-contra-de-excolaboradores-de-garcia-luna\/#primaryimage"},"image":{"@id":"https:\/\/www.bbmnoticias.com\/scjn-faculta-a-sspc-para-promover-juicios-en-contra-de-excolaboradores-de-garcia-luna\/#primaryimage"},"thumbnailUrl":"https:\/\/www.bbmnoticias.com\/labravaradiofm\/wp-content\/uploads\/sites\/5\/2026\/08\/6a7fa9a3d3359.jpeg","datePublished":"2026-08-21T00:40:20+00:00","dateModified":"2026-08-21T00:40:29+00:00","author":{"@id":"https:\/\/www.bbmnoticias.com\/labravaradiofm\/#\/schema\/person\/92571928210861b7374edfc7068926ba"},"breadcrumb":{"@id":"https:\/\/www.bbmnoticias.com\/scjn-faculta-a-sspc-para-promover-juicios-en-contra-de-excolaboradores-de-garcia-luna\/#breadcrumb"},"inLanguage":"es","potentialAction":[{"@type":"ReadAction","target":["https:\/\/www.bbmnoticias.com\/scjn-faculta-a-sspc-para-promover-juicios-en-contra-de-excolaboradores-de-garcia-luna\/"]}]},{"@type":"ImageObject","inLanguage":"es","@id":"https:\/\/www.bbmnoticias.com\/scjn-faculta-a-sspc-para-promover-juicios-en-contra-de-excolaboradores-de-garcia-luna\/#primaryimage","url":"https:\/\/www.bbmnoticias.com\/labravaradiofm\/wp-content\/uploads\/sites\/5\/2026\/08\/6a7fa9a3d3359.jpeg","contentUrl":"https:\/\/www.bbmnoticias.com\/labravaradiofm\/wp-content\/uploads\/sites\/5\/2026\/08\/6a7fa9a3d3359.jpeg","width":813,"height":542},{"@type":"BreadcrumbList","@id":"https:\/\/www.bbmnoticias.com\/scjn-faculta-a-sspc-para-promover-juicios-en-contra-de-excolaboradores-de-garcia-luna\/#breadcrumb","itemListElement":[{"@type":"ListItem","position":1,"name":"Inicio","item":"https:\/\/www.bbmnoticias.com\/labravaradiofm\/"},{"@type":"ListItem","position":2,"name":"SCJN faculta a SSPC para promover juicios en contra de excolaboradores de Garc\u00eda Luna"}]},{"@type":"WebSite","@id":"https:\/\/www.bbmnoticias.com\/labravaradiofm\/#website","url":"https:\/\/www.bbmnoticias.com\/labravaradiofm\/","name":"LA BRAVA RADIO","description":"Empresa productora de medios, Radiodifusi\u00f3n, Noticias, tendencias y todo lo que necesitas saber de la pol\u00edtica mexicana e internacional; entretenimiento, espect\u00e1culos, salud y mucho m\u00e1s.","potentialAction":[{"@type":"SearchAction","target":{"@type":"EntryPoint","urlTemplate":"https:\/\/www.bbmnoticias.com\/labravaradiofm\/?s={search_term_string}"},"query-input":{"@type":"PropertyValueSpecification","valueRequired":true,"valueName":"search_term_string"}}],"inLanguage":"es"},{"@type":"Person","@id":"https:\/\/www.bbmnoticias.com\/labravaradiofm\/#\/schema\/person\/92571928210861b7374edfc7068926ba","name":"Exc\u00e9lsior","image":{"@type":"ImageObject","inLanguage":"es","@id":"https:\/\/secure.gravatar.com\/avatar\/497265c4dbe1cd0e2f3f1b19aba0f5779c7f95d09e139a5b83c1ecd47b4e780d?s=96&d=mm&r=g","url":"https:\/\/secure.gravatar.com\/avatar\/497265c4dbe1cd0e2f3f1b19aba0f5779c7f95d09e139a5b83c1ecd47b4e780d?s=96&d=mm&r=g","contentUrl":"https:\/\/secure.gravatar.com\/avatar\/497265c4dbe1cd0e2f3f1b19aba0f5779c7f95d09e139a5b83c1ecd47b4e780d?s=96&d=mm&r=g","caption":"Exc\u00e9lsior"},"url":"https:\/\/www.bbmnoticias.com\/labravaradiofm\/author\/excelsior\/"}]}},"_links":{"self":[{"href":"https:\/\/www.bbmnoticias.com\/labravaradiofm\/wp-json\/wp\/v2\/posts\/80898","targetHints":{"allow":["GET"]}}],"collection":[{"href":"https:\/\/www.bbmnoticias.com\/labravaradiofm\/wp-json\/wp\/v2\/posts"}],"about":[{"href":"https:\/\/www.bbmnoticias.com\/labravaradiofm\/wp-json\/wp\/v2\/types\/post"}],"author":[{"embeddable":true,"href":"https:\/\/www.bbmnoticias.com\/labravaradiofm\/wp-json\/wp\/v2\/users\/8"}],"replies":[{"embeddable":true,"href":"https:\/\/www.bbmnoticias.com\/labravaradiofm\/wp-json\/wp\/v2\/comments?post=80898"}],"version-history":[{"count":1,"href":"https:\/\/www.bbmnoticias.com\/labravaradiofm\/wp-json\/wp\/v2\/posts\/80898\/revisions"}],"predecessor-version":[{"id":80899,"href":"https:\/\/www.bbmnoticias.com\/labravaradiofm\/wp-json\/wp\/v2\/posts\/80898\/revisions\/80899"}],"wp:featuredmedia":[{"embeddable":true,"href":"https:\/\/www.bbmnoticias.com\/labravaradiofm\/wp-json\/wp\/v2\/media\/80900"}],"wp:attachment":[{"href":"https:\/\/www.bbmnoticias.com\/labravaradiofm\/wp-json\/wp\/v2\/media?parent=80898"}],"wp:term":[{"taxonomy":"category","embeddable":true,"href":"https:\/\/www.bbmnoticias.com\/labravaradiofm\/wp-json\/wp\/v2\/categories?post=80898"},{"taxonomy":"post_tag","embeddable":true,"href":"https:\/\/www.bbmnoticias.com\/labravaradiofm\/wp-json\/wp\/v2\/tags?post=80898"}],"curies":[{"name":"wp","href":"https:\/\/api.w.org\/{rel}","templated":true}]}}