{"id":80892,"date":"2026-08-20T17:59:08","date_gmt":"2026-08-20T23:59:08","guid":{"rendered":"https:\/\/www.bbmnoticias.com\/labravaradiofm\/2026\/08\/20\/fernando-n-ligado-a-huachicol-fiscal-es-trasladado-a-mexico-desde-argentina\/"},"modified":"2026-08-20T17:59:11","modified_gmt":"2026-08-20T23:59:11","slug":"fernando-n-ligado-a-huachicol-fiscal-es-trasladado-a-mexico-desde-argentina","status":"publish","type":"post","link":"https:\/\/www.bbmnoticias.com\/labravaradiofm\/2026\/08\/20\/fernando-n-ligado-a-huachicol-fiscal-es-trasladado-a-mexico-desde-argentina\/","title":{"rendered":"Fernando &#8216;N&#8217;, ligado a &#8216;huachicol fiscal&#8217;, es trasladado a M\u00e9xico desde Argentina"},"content":{"rendered":"\n<p class=\"wp-block-paragraph\">La aeronave Gulfstream G450, matr\u00edcula AMT-205 de la Armada de M\u00e9xico (Semar), fue asignada para que agentes de la Fiscal\u00eda General de la Rep\u00fablica <strong>(FGR)<\/strong>&nbsp;trasladen desde Argentina a la Ciudad de M\u00e9xico&nbsp;a <strong>Fernando \u201cN\u201d,<\/strong> ex servidor p\u00fablico detenido en ese pa\u00eds y se\u00f1alado por autoridades federales por su posible participaci\u00f3n en una red dedicada al contrabando, distribuci\u00f3n y comercializaci\u00f3n ilegal de combustibles.<\/p>\n\n\n\n<p class=\"wp-block-paragraph\">Cabe destacar que la aeronave naval, aterrizo en el aeropuerto de Ezeiza a las 06:11 hora local (03:11 hora CDMX) despu\u00e9s de hacer una escala en Cali, Colombia.<\/p>\n\n\n\n<p class=\"wp-block-paragraph\">De acuerdo con la dependencia, el hombre fue detenido el pasado 23 de abril en territorio argentino, luego de que Interpol emitiera una Ficha Roja solicitada por M\u00e9xico. En su contra existe una orden de aprehensi\u00f3n otorgada por una autoridad judicial mexicana.<\/p>\n\n\n\n<p class=\"wp-block-paragraph\">Agentes del Ministerio P\u00fablico Federal adscritos a la Fiscal\u00eda Especializada en materia de Delincuencia Organizada (FEMDO) viajaron a Argentina para participar en el procedimiento de expulsi\u00f3n y trasladar al detenido ante el juez que lo requiere.<\/p>\n\n\n\n<p class=\"wp-block-paragraph\">La Semar puso a disposici\u00f3n una aeronave en la que viajar\u00e1n funcionarios de la FGR y de la Secretar\u00eda de Relaciones Exteriores, quienes estar\u00e1n encargados de llevar a Fernando \u201cN\u201d a la Ciudad de M\u00e9xico.<\/p>\n\n\n\n<p class=\"wp-block-paragraph\">La investigaci\u00f3n forma parte de una operaci\u00f3n de mayor alcance contra una estructura presuntamente vinculada con el ingreso ilegal, almacenamiento, dispersi\u00f3n y distribuci\u00f3n de hidrocarburos. Hasta el momento, otras 15 personas relacionadas con esta red han sido detenidas.<\/p>\n\n\n\n<p class=\"wp-block-paragraph\">La FGR se\u00f1al\u00f3 que la captura y el traslado fueron resultado del intercambio de informaci\u00f3n y de labores de inteligencia realizadas en coordinaci\u00f3n con la Secretar\u00eda de Marina, la Secretar\u00eda de Seguridad y Protecci\u00f3n Ciudadana y la Canciller\u00eda mexicana.<\/p>\n\n\n\n<p class=\"wp-block-paragraph\">Las autoridades mexicanas tambi\u00e9n reconocieron la colaboraci\u00f3n de agencias de Estados Unidos, as\u00ed como del gobierno y autoridades judiciales de Argentina, durante el proceso de localizaci\u00f3n y expulsi\u00f3n del exfuncionario.<\/p>\n\n\n\n<p class=\"wp-block-paragraph\">La Fiscal\u00eda indic\u00f3 que las investigaciones continuar\u00e1n para determinar la participaci\u00f3n de otras personas y desarticular las operaciones financieras y log\u00edsticas utilizadas para el presunto tr\u00e1fico ilegal de productos derivados del petr\u00f3leo.<\/p>\n\n\n\n<p class=\"wp-block-paragraph\">Fernando \u201cN\u201d deber\u00e1 ser presentado ante la autoridad judicial correspondiente, donde se definir\u00e1 su situaci\u00f3n jur\u00eddica conforme avance el proceso penal en su contra.<\/p>\n","protected":false},"excerpt":{"rendered":"<p>La aeronave Gulfstream G450, matr\u00edcula AMT-205 de la Armada de M\u00e9xico (Semar), fue asignada para que agentes de la Fiscal\u00eda General de la Rep\u00fablica (FGR)&nbsp;trasladen desde Argentina a la Ciudad de M\u00e9xico&nbsp;a Fernando \u201cN\u201d, ex servidor p\u00fablico detenido en ese pa\u00eds y se\u00f1alado por autoridades federales por su posible participaci\u00f3n en una red dedicada al [&hellip;]<\/p>\n","protected":false},"author":8,"featured_media":80894,"comment_status":"closed","ping_status":"open","sticky":false,"template":"","format":"standard","meta":{"footnotes":""},"categories":[2,19],"tags":[],"class_list":["post-80892","post","type-post","status-publish","format-standard","has-post-thumbnail","hentry","category-oaxaca","category-nacional"],"yoast_head":"<!-- This site is optimized with the Yoast SEO plugin v28.1 - https:\/\/yoast.com\/product\/yoast-seo-wordpress\/ -->\n<title>Fernando &#039;N&#039;, ligado a &#039;huachicol fiscal&#039;, es trasladado a M\u00e9xico desde Argentina - LA BRAVA RADIO<\/title>\n<meta name=\"robots\" content=\"index, follow, max-snippet:-1, max-image-preview:large, max-video-preview:-1\" \/>\n<link rel=\"canonical\" href=\"https:\/\/www.bbmnoticias.com\/fernando-n-ligado-a-huachicol-fiscal-es-trasladado-a-mexico-desde-argentina\/\" \/>\n<meta property=\"og:locale\" content=\"es_MX\" \/>\n<meta property=\"og:type\" content=\"article\" \/>\n<meta property=\"og:title\" content=\"Fernando &#039;N&#039;, ligado a &#039;huachicol fiscal&#039;, es trasladado a M\u00e9xico desde Argentina - LA BRAVA RADIO\" \/>\n<meta property=\"og:description\" content=\"La aeronave Gulfstream G450, matr\u00edcula AMT-205 de la Armada de M\u00e9xico (Semar), fue asignada para que agentes de la Fiscal\u00eda General de la Rep\u00fablica (FGR)&nbsp;trasladen desde Argentina a la Ciudad de M\u00e9xico&nbsp;a Fernando \u201cN\u201d, ex servidor p\u00fablico detenido en ese pa\u00eds y se\u00f1alado por autoridades federales por su posible participaci\u00f3n en una red dedicada al [&hellip;]\" \/>\n<meta property=\"og:url\" content=\"https:\/\/www.bbmnoticias.com\/fernando-n-ligado-a-huachicol-fiscal-es-trasladado-a-mexico-desde-argentina\/\" \/>\n<meta property=\"og:site_name\" content=\"LA BRAVA RADIO\" \/>\n<meta property=\"article:published_time\" content=\"2026-08-20T23:59:08+00:00\" \/>\n<meta property=\"article:modified_time\" content=\"2026-08-20T23:59:11+00:00\" \/>\n<meta property=\"og:image\" content=\"https:\/\/www.bbmnoticias.com\/labravaradiofm\/wp-content\/uploads\/sites\/5\/2026\/08\/6a877ce3cf6fc.jpeg\" \/>\n\t<meta property=\"og:image:width\" content=\"813\" \/>\n\t<meta property=\"og:image:height\" content=\"542\" \/>\n\t<meta property=\"og:image:type\" content=\"image\/jpeg\" \/>\n<meta name=\"author\" content=\"Exc\u00e9lsior\" \/>\n<meta name=\"twitter:card\" content=\"summary_large_image\" \/>\n<meta name=\"twitter:label1\" content=\"Escrito por\" \/>\n\t<meta name=\"twitter:data1\" content=\"Exc\u00e9lsior\" \/>\n\t<meta name=\"twitter:label2\" content=\"Tiempo de lectura\" \/>\n\t<meta name=\"twitter:data2\" content=\"2 minutos\" \/>\n<script type=\"application\/ld+json\" class=\"yoast-schema-graph\">{\"@context\":\"https:\\\/\\\/schema.org\",\"@graph\":[{\"@type\":\"Article\",\"@id\":\"https:\\\/\\\/www.bbmnoticias.com\\\/fernando-n-ligado-a-huachicol-fiscal-es-trasladado-a-mexico-desde-argentina\\\/#article\",\"isPartOf\":{\"@id\":\"https:\\\/\\\/www.bbmnoticias.com\\\/labravaradiofm\\\/2026\\\/08\\\/20\\\/fernando-n-ligado-a-huachicol-fiscal-es-trasladado-a-mexico-desde-argentina\\\/\"},\"author\":{\"name\":\"Exc\u00e9lsior\",\"@id\":\"https:\\\/\\\/www.bbmnoticias.com\\\/labravaradiofm\\\/#\\\/schema\\\/person\\\/92571928210861b7374edfc7068926ba\"},\"headline\":\"Fernando &#8216;N&#8217;, ligado a &#8216;huachicol fiscal&#8217;, es trasladado a M\u00e9xico desde Argentina\",\"datePublished\":\"2026-08-20T23:59:08+00:00\",\"dateModified\":\"2026-08-20T23:59:11+00:00\",\"mainEntityOfPage\":{\"@id\":\"https:\\\/\\\/www.bbmnoticias.com\\\/labravaradiofm\\\/2026\\\/08\\\/20\\\/fernando-n-ligado-a-huachicol-fiscal-es-trasladado-a-mexico-desde-argentina\\\/\"},\"wordCount\":424,\"image\":{\"@id\":\"https:\\\/\\\/www.bbmnoticias.com\\\/fernando-n-ligado-a-huachicol-fiscal-es-trasladado-a-mexico-desde-argentina\\\/#primaryimage\"},\"thumbnailUrl\":\"https:\\\/\\\/www.bbmnoticias.com\\\/labravaradiofm\\\/wp-content\\\/uploads\\\/sites\\\/5\\\/2026\\\/08\\\/6a877ce3cf6fc.jpeg\",\"articleSection\":[\"LOCAL\",\"NACIONAL\"],\"inLanguage\":\"es\"},{\"@type\":\"WebPage\",\"@id\":\"https:\\\/\\\/www.bbmnoticias.com\\\/labravaradiofm\\\/2026\\\/08\\\/20\\\/fernando-n-ligado-a-huachicol-fiscal-es-trasladado-a-mexico-desde-argentina\\\/\",\"url\":\"https:\\\/\\\/www.bbmnoticias.com\\\/fernando-n-ligado-a-huachicol-fiscal-es-trasladado-a-mexico-desde-argentina\\\/\",\"name\":\"Fernando 'N', ligado a 'huachicol fiscal', es trasladado a M\u00e9xico desde Argentina - LA BRAVA RADIO\",\"isPartOf\":{\"@id\":\"https:\\\/\\\/www.bbmnoticias.com\\\/labravaradiofm\\\/#website\"},\"primaryImageOfPage\":{\"@id\":\"https:\\\/\\\/www.bbmnoticias.com\\\/fernando-n-ligado-a-huachicol-fiscal-es-trasladado-a-mexico-desde-argentina\\\/#primaryimage\"},\"image\":{\"@id\":\"https:\\\/\\\/www.bbmnoticias.com\\\/fernando-n-ligado-a-huachicol-fiscal-es-trasladado-a-mexico-desde-argentina\\\/#primaryimage\"},\"thumbnailUrl\":\"https:\\\/\\\/www.bbmnoticias.com\\\/labravaradiofm\\\/wp-content\\\/uploads\\\/sites\\\/5\\\/2026\\\/08\\\/6a877ce3cf6fc.jpeg\",\"datePublished\":\"2026-08-20T23:59:08+00:00\",\"dateModified\":\"2026-08-20T23:59:11+00:00\",\"author\":{\"@id\":\"https:\\\/\\\/www.bbmnoticias.com\\\/labravaradiofm\\\/#\\\/schema\\\/person\\\/92571928210861b7374edfc7068926ba\"},\"breadcrumb\":{\"@id\":\"https:\\\/\\\/www.bbmnoticias.com\\\/fernando-n-ligado-a-huachicol-fiscal-es-trasladado-a-mexico-desde-argentina\\\/#breadcrumb\"},\"inLanguage\":\"es\",\"potentialAction\":[{\"@type\":\"ReadAction\",\"target\":[\"https:\\\/\\\/www.bbmnoticias.com\\\/fernando-n-ligado-a-huachicol-fiscal-es-trasladado-a-mexico-desde-argentina\\\/\"]}]},{\"@type\":\"ImageObject\",\"inLanguage\":\"es\",\"@id\":\"https:\\\/\\\/www.bbmnoticias.com\\\/fernando-n-ligado-a-huachicol-fiscal-es-trasladado-a-mexico-desde-argentina\\\/#primaryimage\",\"url\":\"https:\\\/\\\/www.bbmnoticias.com\\\/labravaradiofm\\\/wp-content\\\/uploads\\\/sites\\\/5\\\/2026\\\/08\\\/6a877ce3cf6fc.jpeg\",\"contentUrl\":\"https:\\\/\\\/www.bbmnoticias.com\\\/labravaradiofm\\\/wp-content\\\/uploads\\\/sites\\\/5\\\/2026\\\/08\\\/6a877ce3cf6fc.jpeg\",\"width\":813,\"height\":542},{\"@type\":\"BreadcrumbList\",\"@id\":\"https:\\\/\\\/www.bbmnoticias.com\\\/fernando-n-ligado-a-huachicol-fiscal-es-trasladado-a-mexico-desde-argentina\\\/#breadcrumb\",\"itemListElement\":[{\"@type\":\"ListItem\",\"position\":1,\"name\":\"Inicio\",\"item\":\"https:\\\/\\\/www.bbmnoticias.com\\\/labravaradiofm\\\/\"},{\"@type\":\"ListItem\",\"position\":2,\"name\":\"Fernando &#8216;N&#8217;, ligado a &#8216;huachicol fiscal&#8217;, es trasladado a M\u00e9xico desde Argentina\"}]},{\"@type\":\"WebSite\",\"@id\":\"https:\\\/\\\/www.bbmnoticias.com\\\/labravaradiofm\\\/#website\",\"url\":\"https:\\\/\\\/www.bbmnoticias.com\\\/labravaradiofm\\\/\",\"name\":\"LA BRAVA RADIO\",\"description\":\"Empresa productora de medios, Radiodifusi\u00f3n, Noticias, tendencias y todo lo que necesitas saber de la pol\u00edtica mexicana e internacional; entretenimiento, espect\u00e1culos, salud y mucho m\u00e1s.\",\"potentialAction\":[{\"@type\":\"SearchAction\",\"target\":{\"@type\":\"EntryPoint\",\"urlTemplate\":\"https:\\\/\\\/www.bbmnoticias.com\\\/labravaradiofm\\\/?s={search_term_string}\"},\"query-input\":{\"@type\":\"PropertyValueSpecification\",\"valueRequired\":true,\"valueName\":\"search_term_string\"}}],\"inLanguage\":\"es\"},{\"@type\":\"Person\",\"@id\":\"https:\\\/\\\/www.bbmnoticias.com\\\/labravaradiofm\\\/#\\\/schema\\\/person\\\/92571928210861b7374edfc7068926ba\",\"name\":\"Exc\u00e9lsior\",\"image\":{\"@type\":\"ImageObject\",\"inLanguage\":\"es\",\"@id\":\"https:\\\/\\\/secure.gravatar.com\\\/avatar\\\/497265c4dbe1cd0e2f3f1b19aba0f5779c7f95d09e139a5b83c1ecd47b4e780d?s=96&d=mm&r=g\",\"url\":\"https:\\\/\\\/secure.gravatar.com\\\/avatar\\\/497265c4dbe1cd0e2f3f1b19aba0f5779c7f95d09e139a5b83c1ecd47b4e780d?s=96&d=mm&r=g\",\"contentUrl\":\"https:\\\/\\\/secure.gravatar.com\\\/avatar\\\/497265c4dbe1cd0e2f3f1b19aba0f5779c7f95d09e139a5b83c1ecd47b4e780d?s=96&d=mm&r=g\",\"caption\":\"Exc\u00e9lsior\"},\"url\":\"https:\\\/\\\/www.bbmnoticias.com\\\/labravaradiofm\\\/author\\\/excelsior\\\/\"}]}<\/script>\n<!-- \/ Yoast SEO plugin. -->","yoast_head_json":{"title":"Fernando 'N', ligado a 'huachicol fiscal', es trasladado a M\u00e9xico desde Argentina - LA BRAVA RADIO","robots":{"index":"index","follow":"follow","max-snippet":"max-snippet:-1","max-image-preview":"max-image-preview:large","max-video-preview":"max-video-preview:-1"},"canonical":"https:\/\/www.bbmnoticias.com\/fernando-n-ligado-a-huachicol-fiscal-es-trasladado-a-mexico-desde-argentina\/","og_locale":"es_MX","og_type":"article","og_title":"Fernando 'N', ligado a 'huachicol fiscal', es trasladado a M\u00e9xico desde Argentina - LA BRAVA RADIO","og_description":"La aeronave Gulfstream G450, matr\u00edcula AMT-205 de la Armada de M\u00e9xico (Semar), fue asignada para que agentes de la Fiscal\u00eda General de la Rep\u00fablica (FGR)&nbsp;trasladen desde Argentina a la Ciudad de M\u00e9xico&nbsp;a Fernando \u201cN\u201d, ex servidor p\u00fablico detenido en ese pa\u00eds y se\u00f1alado por autoridades federales por su posible participaci\u00f3n en una red dedicada al [&hellip;]","og_url":"https:\/\/www.bbmnoticias.com\/fernando-n-ligado-a-huachicol-fiscal-es-trasladado-a-mexico-desde-argentina\/","og_site_name":"LA BRAVA RADIO","article_published_time":"2026-08-20T23:59:08+00:00","article_modified_time":"2026-08-20T23:59:11+00:00","og_image":[{"width":813,"height":542,"url":"https:\/\/www.bbmnoticias.com\/labravaradiofm\/wp-content\/uploads\/sites\/5\/2026\/08\/6a877ce3cf6fc.jpeg","type":"image\/jpeg"}],"author":"Exc\u00e9lsior","twitter_card":"summary_large_image","twitter_misc":{"Escrito por":"Exc\u00e9lsior","Tiempo de lectura":"2 minutos"},"schema":{"@context":"https:\/\/schema.org","@graph":[{"@type":"Article","@id":"https:\/\/www.bbmnoticias.com\/fernando-n-ligado-a-huachicol-fiscal-es-trasladado-a-mexico-desde-argentina\/#article","isPartOf":{"@id":"https:\/\/www.bbmnoticias.com\/labravaradiofm\/2026\/08\/20\/fernando-n-ligado-a-huachicol-fiscal-es-trasladado-a-mexico-desde-argentina\/"},"author":{"name":"Exc\u00e9lsior","@id":"https:\/\/www.bbmnoticias.com\/labravaradiofm\/#\/schema\/person\/92571928210861b7374edfc7068926ba"},"headline":"Fernando &#8216;N&#8217;, ligado a &#8216;huachicol fiscal&#8217;, es trasladado a M\u00e9xico desde Argentina","datePublished":"2026-08-20T23:59:08+00:00","dateModified":"2026-08-20T23:59:11+00:00","mainEntityOfPage":{"@id":"https:\/\/www.bbmnoticias.com\/labravaradiofm\/2026\/08\/20\/fernando-n-ligado-a-huachicol-fiscal-es-trasladado-a-mexico-desde-argentina\/"},"wordCount":424,"image":{"@id":"https:\/\/www.bbmnoticias.com\/fernando-n-ligado-a-huachicol-fiscal-es-trasladado-a-mexico-desde-argentina\/#primaryimage"},"thumbnailUrl":"https:\/\/www.bbmnoticias.com\/labravaradiofm\/wp-content\/uploads\/sites\/5\/2026\/08\/6a877ce3cf6fc.jpeg","articleSection":["LOCAL","NACIONAL"],"inLanguage":"es"},{"@type":"WebPage","@id":"https:\/\/www.bbmnoticias.com\/labravaradiofm\/2026\/08\/20\/fernando-n-ligado-a-huachicol-fiscal-es-trasladado-a-mexico-desde-argentina\/","url":"https:\/\/www.bbmnoticias.com\/fernando-n-ligado-a-huachicol-fiscal-es-trasladado-a-mexico-desde-argentina\/","name":"Fernando 'N', ligado a 'huachicol fiscal', es trasladado a M\u00e9xico desde Argentina - LA BRAVA RADIO","isPartOf":{"@id":"https:\/\/www.bbmnoticias.com\/labravaradiofm\/#website"},"primaryImageOfPage":{"@id":"https:\/\/www.bbmnoticias.com\/fernando-n-ligado-a-huachicol-fiscal-es-trasladado-a-mexico-desde-argentina\/#primaryimage"},"image":{"@id":"https:\/\/www.bbmnoticias.com\/fernando-n-ligado-a-huachicol-fiscal-es-trasladado-a-mexico-desde-argentina\/#primaryimage"},"thumbnailUrl":"https:\/\/www.bbmnoticias.com\/labravaradiofm\/wp-content\/uploads\/sites\/5\/2026\/08\/6a877ce3cf6fc.jpeg","datePublished":"2026-08-20T23:59:08+00:00","dateModified":"2026-08-20T23:59:11+00:00","author":{"@id":"https:\/\/www.bbmnoticias.com\/labravaradiofm\/#\/schema\/person\/92571928210861b7374edfc7068926ba"},"breadcrumb":{"@id":"https:\/\/www.bbmnoticias.com\/fernando-n-ligado-a-huachicol-fiscal-es-trasladado-a-mexico-desde-argentina\/#breadcrumb"},"inLanguage":"es","potentialAction":[{"@type":"ReadAction","target":["https:\/\/www.bbmnoticias.com\/fernando-n-ligado-a-huachicol-fiscal-es-trasladado-a-mexico-desde-argentina\/"]}]},{"@type":"ImageObject","inLanguage":"es","@id":"https:\/\/www.bbmnoticias.com\/fernando-n-ligado-a-huachicol-fiscal-es-trasladado-a-mexico-desde-argentina\/#primaryimage","url":"https:\/\/www.bbmnoticias.com\/labravaradiofm\/wp-content\/uploads\/sites\/5\/2026\/08\/6a877ce3cf6fc.jpeg","contentUrl":"https:\/\/www.bbmnoticias.com\/labravaradiofm\/wp-content\/uploads\/sites\/5\/2026\/08\/6a877ce3cf6fc.jpeg","width":813,"height":542},{"@type":"BreadcrumbList","@id":"https:\/\/www.bbmnoticias.com\/fernando-n-ligado-a-huachicol-fiscal-es-trasladado-a-mexico-desde-argentina\/#breadcrumb","itemListElement":[{"@type":"ListItem","position":1,"name":"Inicio","item":"https:\/\/www.bbmnoticias.com\/labravaradiofm\/"},{"@type":"ListItem","position":2,"name":"Fernando &#8216;N&#8217;, ligado a &#8216;huachicol fiscal&#8217;, es trasladado a M\u00e9xico desde Argentina"}]},{"@type":"WebSite","@id":"https:\/\/www.bbmnoticias.com\/labravaradiofm\/#website","url":"https:\/\/www.bbmnoticias.com\/labravaradiofm\/","name":"LA BRAVA RADIO","description":"Empresa productora de medios, Radiodifusi\u00f3n, Noticias, tendencias y todo lo que necesitas saber de la pol\u00edtica mexicana e internacional; entretenimiento, espect\u00e1culos, salud y mucho m\u00e1s.","potentialAction":[{"@type":"SearchAction","target":{"@type":"EntryPoint","urlTemplate":"https:\/\/www.bbmnoticias.com\/labravaradiofm\/?s={search_term_string}"},"query-input":{"@type":"PropertyValueSpecification","valueRequired":true,"valueName":"search_term_string"}}],"inLanguage":"es"},{"@type":"Person","@id":"https:\/\/www.bbmnoticias.com\/labravaradiofm\/#\/schema\/person\/92571928210861b7374edfc7068926ba","name":"Exc\u00e9lsior","image":{"@type":"ImageObject","inLanguage":"es","@id":"https:\/\/secure.gravatar.com\/avatar\/497265c4dbe1cd0e2f3f1b19aba0f5779c7f95d09e139a5b83c1ecd47b4e780d?s=96&d=mm&r=g","url":"https:\/\/secure.gravatar.com\/avatar\/497265c4dbe1cd0e2f3f1b19aba0f5779c7f95d09e139a5b83c1ecd47b4e780d?s=96&d=mm&r=g","contentUrl":"https:\/\/secure.gravatar.com\/avatar\/497265c4dbe1cd0e2f3f1b19aba0f5779c7f95d09e139a5b83c1ecd47b4e780d?s=96&d=mm&r=g","caption":"Exc\u00e9lsior"},"url":"https:\/\/www.bbmnoticias.com\/labravaradiofm\/author\/excelsior\/"}]}},"_links":{"self":[{"href":"https:\/\/www.bbmnoticias.com\/labravaradiofm\/wp-json\/wp\/v2\/posts\/80892","targetHints":{"allow":["GET"]}}],"collection":[{"href":"https:\/\/www.bbmnoticias.com\/labravaradiofm\/wp-json\/wp\/v2\/posts"}],"about":[{"href":"https:\/\/www.bbmnoticias.com\/labravaradiofm\/wp-json\/wp\/v2\/types\/post"}],"author":[{"embeddable":true,"href":"https:\/\/www.bbmnoticias.com\/labravaradiofm\/wp-json\/wp\/v2\/users\/8"}],"replies":[{"embeddable":true,"href":"https:\/\/www.bbmnoticias.com\/labravaradiofm\/wp-json\/wp\/v2\/comments?post=80892"}],"version-history":[{"count":1,"href":"https:\/\/www.bbmnoticias.com\/labravaradiofm\/wp-json\/wp\/v2\/posts\/80892\/revisions"}],"predecessor-version":[{"id":80893,"href":"https:\/\/www.bbmnoticias.com\/labravaradiofm\/wp-json\/wp\/v2\/posts\/80892\/revisions\/80893"}],"wp:featuredmedia":[{"embeddable":true,"href":"https:\/\/www.bbmnoticias.com\/labravaradiofm\/wp-json\/wp\/v2\/media\/80894"}],"wp:attachment":[{"href":"https:\/\/www.bbmnoticias.com\/labravaradiofm\/wp-json\/wp\/v2\/media?parent=80892"}],"wp:term":[{"taxonomy":"category","embeddable":true,"href":"https:\/\/www.bbmnoticias.com\/labravaradiofm\/wp-json\/wp\/v2\/categories?post=80892"},{"taxonomy":"post_tag","embeddable":true,"href":"https:\/\/www.bbmnoticias.com\/labravaradiofm\/wp-json\/wp\/v2\/tags?post=80892"}],"curies":[{"name":"wp","href":"https:\/\/api.w.org\/{rel}","templated":true}]}}