{"id":80883,"date":"2026-08-20T13:31:20","date_gmt":"2026-08-20T19:31:20","guid":{"rendered":"https:\/\/www.bbmnoticias.com\/labravaradiofm\/2026\/08\/20\/sheinbaum-explica-que-no-esta-en-duda-el-traslado-de-fernando-farias-laguna-niega-que-harfuch-interviniera-en-el-caso\/"},"modified":"2026-08-20T13:31:23","modified_gmt":"2026-08-20T19:31:23","slug":"sheinbaum-explica-que-no-esta-en-duda-el-traslado-de-fernando-farias-laguna-niega-que-harfuch-interviniera-en-el-caso","status":"publish","type":"post","link":"https:\/\/www.bbmnoticias.com\/labravaradiofm\/2026\/08\/20\/sheinbaum-explica-que-no-esta-en-duda-el-traslado-de-fernando-farias-laguna-niega-que-harfuch-interviniera-en-el-caso\/","title":{"rendered":"Sheinbaum explica que no est\u00e1 en duda el traslado de Fernando Far\u00edas Laguna; niega que Harfuch interviniera en el caso"},"content":{"rendered":"\n<p class=\"wp-block-paragraph\">La presidenta <strong>Claudia Sheinbaum Pardo<\/strong> se\u00f1al\u00f3 que \u201cno est\u00e1 en duda su traslado\u201d de Argentina a M\u00e9xico del contralmirante Fernando Far\u00edas Laguna, presuntamente implicado en una red de huachicol fiscal.<\/p>\n\n\n\n<p class=\"wp-block-paragraph\">En la conferencia en el Patio Central de Palacio Nacional, dijo que <strong>Omar Garc\u00eda Harfuch<\/strong>, secretario de Seguridad y Protecci\u00f3n Ciudadana, no intervino en el caso y es coincidencia de que est\u00e9 en Argentina participando en la Conferencia Internacional para el Control de Drogas (IDEC) 2026 convocado por la <strong>DEA<\/strong>.<\/p>\n\n\n\n<p class=\"wp-block-paragraph\">\u2014-Presidenta, en otro tema \u00bfen el gabinete de seguridad, se dio alg\u00fan reporte, alguna actualizaci\u00f3n del traslado a nuestro pa\u00eds del contraalmirante <strong>Fernando Far\u00edas Laguna<\/strong>?, se le pregunt\u00f3.<\/p>\n\n\n\n<p class=\"wp-block-paragraph\">\u2014-S\u00ed, tambi\u00e9n quisiera que lo informara la fiscal\u00eda, pero lo que nos dijeron es que \u00e9l solicit\u00f3 un asunto jur\u00eddico en <strong>Argentina<\/strong> y que por eso se retras\u00f3 la llegada a <strong>M\u00e9xico<\/strong>. Pero pues ya que lo informen con todo detalle porque no s\u00e9 si al explicarlo estoy violando alg\u00fan alg\u00fan asunto procedimental. Entonces, pedirle a la fiscal\u00eda que pueda explicarlo, pero hoy en el gabinete, los representantes de la fiscal que vi en el gabinete nos dijeron que que no est\u00e1 en duda pues su traslado, enfatiz\u00f3.<\/p>\n\n\n\n<p class=\"wp-block-paragraph\">\u2014-\u00bfLlegar\u00edan en las pr\u00f3ximas horas, se esperar\u00eda?, se le insisti\u00f3.<\/p>\n\n\n\n<p class=\"wp-block-paragraph\">\u2014-Pues ya que la fiscal\u00eda lo informe para no, coment\u00f3 la presidenta.<\/p>\n\n\n\n<p class=\"wp-block-paragraph\">La titular del Ejecutivo Federal rechaz\u00f3 que la presencia del secretario Garc\u00eda Harfuch en Argentina \u201cdestrabara\u201d el traslado de Far\u00edas Laguna.<\/p>\n\n\n\n<p class=\"wp-block-paragraph\">\u201cNo, no, no fue a ese tema y no, es un asunto de la Fiscal\u00eda que vienen trabajando desde hace tiempo y Relaciones Exteriores, porque es a trav\u00e9s de Relaciones Exteriores que se hace el contacto con Argentina y las autoridades argentinas\u201d, enfatiz\u00f3.<\/p>\n\n\n\n<p class=\"wp-block-paragraph\">\u2014-\u00bfDigamos que, entonces, solo fue una casualidad que?, se le planteaba.<\/p>\n\n\n\n<p class=\"wp-block-paragraph\">\u2014-S\u00ed, acot\u00f3.<\/p>\n","protected":false},"excerpt":{"rendered":"<p>La presidenta Claudia Sheinbaum Pardo se\u00f1al\u00f3 que \u201cno est\u00e1 en duda su traslado\u201d de Argentina a M\u00e9xico del contralmirante Fernando Far\u00edas Laguna, presuntamente implicado en una red de huachicol fiscal. En la conferencia en el Patio Central de Palacio Nacional, dijo que Omar Garc\u00eda Harfuch, secretario de Seguridad y Protecci\u00f3n Ciudadana, no intervino en el [&hellip;]<\/p>\n","protected":false},"author":15,"featured_media":80885,"comment_status":"closed","ping_status":"open","sticky":false,"template":"","format":"standard","meta":{"footnotes":""},"categories":[2,19],"tags":[],"class_list":["post-80883","post","type-post","status-publish","format-standard","has-post-thumbnail","hentry","category-oaxaca","category-nacional"],"yoast_head":"<!-- This site is optimized with the Yoast SEO plugin v28.1 - https:\/\/yoast.com\/product\/yoast-seo-wordpress\/ -->\n<title>Sheinbaum explica que no est\u00e1 en duda el traslado de Fernando Far\u00edas Laguna; niega que Harfuch interviniera en el caso - LA BRAVA RADIO<\/title>\n<meta name=\"robots\" content=\"index, follow, max-snippet:-1, max-image-preview:large, max-video-preview:-1\" \/>\n<link rel=\"canonical\" href=\"https:\/\/www.bbmnoticias.com\/sheinbaum-explica-que-no-esta-en-duda-el-traslado-de-fernando-farias-laguna-niega-que-harfuch-interviniera-en-el-caso\/\" \/>\n<meta property=\"og:locale\" content=\"es_MX\" \/>\n<meta property=\"og:type\" content=\"article\" \/>\n<meta property=\"og:title\" content=\"Sheinbaum explica que no est\u00e1 en duda el traslado de Fernando Far\u00edas Laguna; niega que Harfuch interviniera en el caso - LA BRAVA RADIO\" \/>\n<meta property=\"og:description\" content=\"La presidenta Claudia Sheinbaum Pardo se\u00f1al\u00f3 que \u201cno est\u00e1 en duda su traslado\u201d de Argentina a M\u00e9xico del contralmirante Fernando Far\u00edas Laguna, presuntamente implicado en una red de huachicol fiscal. En la conferencia en el Patio Central de Palacio Nacional, dijo que Omar Garc\u00eda Harfuch, secretario de Seguridad y Protecci\u00f3n Ciudadana, no intervino en el [&hellip;]\" \/>\n<meta property=\"og:url\" content=\"https:\/\/www.bbmnoticias.com\/sheinbaum-explica-que-no-esta-en-duda-el-traslado-de-fernando-farias-laguna-niega-que-harfuch-interviniera-en-el-caso\/\" \/>\n<meta property=\"og:site_name\" content=\"LA BRAVA RADIO\" \/>\n<meta property=\"article:published_time\" content=\"2026-08-20T19:31:20+00:00\" \/>\n<meta property=\"article:modified_time\" content=\"2026-08-20T19:31:23+00:00\" \/>\n<meta property=\"og:image\" content=\"https:\/\/www.bbmnoticias.com\/labravaradiofm\/wp-content\/uploads\/sites\/5\/2026\/08\/554654.jpg\" \/>\n\t<meta property=\"og:image:width\" content=\"744\" \/>\n\t<meta property=\"og:image:height\" content=\"414\" \/>\n\t<meta property=\"og:image:type\" content=\"image\/jpeg\" \/>\n<meta name=\"author\" content=\"El Heraldo\" \/>\n<meta name=\"twitter:card\" content=\"summary_large_image\" \/>\n<meta name=\"twitter:label1\" content=\"Escrito por\" \/>\n\t<meta name=\"twitter:data1\" content=\"El Heraldo\" \/>\n\t<meta name=\"twitter:label2\" content=\"Tiempo de lectura\" \/>\n\t<meta name=\"twitter:data2\" content=\"2 minutos\" \/>\n<script type=\"application\/ld+json\" class=\"yoast-schema-graph\">{\"@context\":\"https:\\\/\\\/schema.org\",\"@graph\":[{\"@type\":\"Article\",\"@id\":\"https:\\\/\\\/www.bbmnoticias.com\\\/sheinbaum-explica-que-no-esta-en-duda-el-traslado-de-fernando-farias-laguna-niega-que-harfuch-interviniera-en-el-caso\\\/#article\",\"isPartOf\":{\"@id\":\"https:\\\/\\\/www.bbmnoticias.com\\\/labravaradiofm\\\/2026\\\/08\\\/20\\\/sheinbaum-explica-que-no-esta-en-duda-el-traslado-de-fernando-farias-laguna-niega-que-harfuch-interviniera-en-el-caso\\\/\"},\"author\":{\"name\":\"El Heraldo\",\"@id\":\"https:\\\/\\\/www.bbmnoticias.com\\\/labravaradiofm\\\/#\\\/schema\\\/person\\\/32f1fc7382033a43789e6a250ee81243\"},\"headline\":\"Sheinbaum explica que no est\u00e1 en duda el traslado de Fernando Far\u00edas Laguna; niega que Harfuch interviniera en el caso\",\"datePublished\":\"2026-08-20T19:31:20+00:00\",\"dateModified\":\"2026-08-20T19:31:23+00:00\",\"mainEntityOfPage\":{\"@id\":\"https:\\\/\\\/www.bbmnoticias.com\\\/labravaradiofm\\\/2026\\\/08\\\/20\\\/sheinbaum-explica-que-no-esta-en-duda-el-traslado-de-fernando-farias-laguna-niega-que-harfuch-interviniera-en-el-caso\\\/\"},\"wordCount\":341,\"image\":{\"@id\":\"https:\\\/\\\/www.bbmnoticias.com\\\/sheinbaum-explica-que-no-esta-en-duda-el-traslado-de-fernando-farias-laguna-niega-que-harfuch-interviniera-en-el-caso\\\/#primaryimage\"},\"thumbnailUrl\":\"https:\\\/\\\/www.bbmnoticias.com\\\/labravaradiofm\\\/wp-content\\\/uploads\\\/sites\\\/5\\\/2026\\\/08\\\/554654.jpg\",\"articleSection\":[\"LOCAL\",\"NACIONAL\"],\"inLanguage\":\"es\"},{\"@type\":\"WebPage\",\"@id\":\"https:\\\/\\\/www.bbmnoticias.com\\\/labravaradiofm\\\/2026\\\/08\\\/20\\\/sheinbaum-explica-que-no-esta-en-duda-el-traslado-de-fernando-farias-laguna-niega-que-harfuch-interviniera-en-el-caso\\\/\",\"url\":\"https:\\\/\\\/www.bbmnoticias.com\\\/sheinbaum-explica-que-no-esta-en-duda-el-traslado-de-fernando-farias-laguna-niega-que-harfuch-interviniera-en-el-caso\\\/\",\"name\":\"Sheinbaum explica que no est\u00e1 en duda el traslado de Fernando Far\u00edas Laguna; niega que Harfuch interviniera en el caso - LA BRAVA RADIO\",\"isPartOf\":{\"@id\":\"https:\\\/\\\/www.bbmnoticias.com\\\/labravaradiofm\\\/#website\"},\"primaryImageOfPage\":{\"@id\":\"https:\\\/\\\/www.bbmnoticias.com\\\/sheinbaum-explica-que-no-esta-en-duda-el-traslado-de-fernando-farias-laguna-niega-que-harfuch-interviniera-en-el-caso\\\/#primaryimage\"},\"image\":{\"@id\":\"https:\\\/\\\/www.bbmnoticias.com\\\/sheinbaum-explica-que-no-esta-en-duda-el-traslado-de-fernando-farias-laguna-niega-que-harfuch-interviniera-en-el-caso\\\/#primaryimage\"},\"thumbnailUrl\":\"https:\\\/\\\/www.bbmnoticias.com\\\/labravaradiofm\\\/wp-content\\\/uploads\\\/sites\\\/5\\\/2026\\\/08\\\/554654.jpg\",\"datePublished\":\"2026-08-20T19:31:20+00:00\",\"dateModified\":\"2026-08-20T19:31:23+00:00\",\"author\":{\"@id\":\"https:\\\/\\\/www.bbmnoticias.com\\\/labravaradiofm\\\/#\\\/schema\\\/person\\\/32f1fc7382033a43789e6a250ee81243\"},\"breadcrumb\":{\"@id\":\"https:\\\/\\\/www.bbmnoticias.com\\\/sheinbaum-explica-que-no-esta-en-duda-el-traslado-de-fernando-farias-laguna-niega-que-harfuch-interviniera-en-el-caso\\\/#breadcrumb\"},\"inLanguage\":\"es\",\"potentialAction\":[{\"@type\":\"ReadAction\",\"target\":[\"https:\\\/\\\/www.bbmnoticias.com\\\/sheinbaum-explica-que-no-esta-en-duda-el-traslado-de-fernando-farias-laguna-niega-que-harfuch-interviniera-en-el-caso\\\/\"]}]},{\"@type\":\"ImageObject\",\"inLanguage\":\"es\",\"@id\":\"https:\\\/\\\/www.bbmnoticias.com\\\/sheinbaum-explica-que-no-esta-en-duda-el-traslado-de-fernando-farias-laguna-niega-que-harfuch-interviniera-en-el-caso\\\/#primaryimage\",\"url\":\"https:\\\/\\\/www.bbmnoticias.com\\\/labravaradiofm\\\/wp-content\\\/uploads\\\/sites\\\/5\\\/2026\\\/08\\\/554654.jpg\",\"contentUrl\":\"https:\\\/\\\/www.bbmnoticias.com\\\/labravaradiofm\\\/wp-content\\\/uploads\\\/sites\\\/5\\\/2026\\\/08\\\/554654.jpg\",\"width\":744,\"height\":414},{\"@type\":\"BreadcrumbList\",\"@id\":\"https:\\\/\\\/www.bbmnoticias.com\\\/sheinbaum-explica-que-no-esta-en-duda-el-traslado-de-fernando-farias-laguna-niega-que-harfuch-interviniera-en-el-caso\\\/#breadcrumb\",\"itemListElement\":[{\"@type\":\"ListItem\",\"position\":1,\"name\":\"Inicio\",\"item\":\"https:\\\/\\\/www.bbmnoticias.com\\\/labravaradiofm\\\/\"},{\"@type\":\"ListItem\",\"position\":2,\"name\":\"Sheinbaum explica que no est\u00e1 en duda el traslado de Fernando Far\u00edas Laguna; niega que Harfuch interviniera en el caso\"}]},{\"@type\":\"WebSite\",\"@id\":\"https:\\\/\\\/www.bbmnoticias.com\\\/labravaradiofm\\\/#website\",\"url\":\"https:\\\/\\\/www.bbmnoticias.com\\\/labravaradiofm\\\/\",\"name\":\"LA BRAVA RADIO\",\"description\":\"Empresa productora de medios, Radiodifusi\u00f3n, Noticias, tendencias y todo lo que necesitas saber de la pol\u00edtica mexicana e internacional; entretenimiento, espect\u00e1culos, salud y mucho m\u00e1s.\",\"potentialAction\":[{\"@type\":\"SearchAction\",\"target\":{\"@type\":\"EntryPoint\",\"urlTemplate\":\"https:\\\/\\\/www.bbmnoticias.com\\\/labravaradiofm\\\/?s={search_term_string}\"},\"query-input\":{\"@type\":\"PropertyValueSpecification\",\"valueRequired\":true,\"valueName\":\"search_term_string\"}}],\"inLanguage\":\"es\"},{\"@type\":\"Person\",\"@id\":\"https:\\\/\\\/www.bbmnoticias.com\\\/labravaradiofm\\\/#\\\/schema\\\/person\\\/32f1fc7382033a43789e6a250ee81243\",\"name\":\"El Heraldo\",\"image\":{\"@type\":\"ImageObject\",\"inLanguage\":\"es\",\"@id\":\"https:\\\/\\\/secure.gravatar.com\\\/avatar\\\/463017be041288b5a196814ef7242bd62699b857f306e4b5b61b533e8a87f404?s=96&d=mm&r=g\",\"url\":\"https:\\\/\\\/secure.gravatar.com\\\/avatar\\\/463017be041288b5a196814ef7242bd62699b857f306e4b5b61b533e8a87f404?s=96&d=mm&r=g\",\"contentUrl\":\"https:\\\/\\\/secure.gravatar.com\\\/avatar\\\/463017be041288b5a196814ef7242bd62699b857f306e4b5b61b533e8a87f404?s=96&d=mm&r=g\",\"caption\":\"El Heraldo\"},\"url\":\"https:\\\/\\\/www.bbmnoticias.com\\\/labravaradiofm\\\/author\\\/heraldo\\\/\"}]}<\/script>\n<!-- \/ Yoast SEO plugin. -->","yoast_head_json":{"title":"Sheinbaum explica que no est\u00e1 en duda el traslado de Fernando Far\u00edas Laguna; niega que Harfuch interviniera en el caso - LA BRAVA RADIO","robots":{"index":"index","follow":"follow","max-snippet":"max-snippet:-1","max-image-preview":"max-image-preview:large","max-video-preview":"max-video-preview:-1"},"canonical":"https:\/\/www.bbmnoticias.com\/sheinbaum-explica-que-no-esta-en-duda-el-traslado-de-fernando-farias-laguna-niega-que-harfuch-interviniera-en-el-caso\/","og_locale":"es_MX","og_type":"article","og_title":"Sheinbaum explica que no est\u00e1 en duda el traslado de Fernando Far\u00edas Laguna; niega que Harfuch interviniera en el caso - LA BRAVA RADIO","og_description":"La presidenta Claudia Sheinbaum Pardo se\u00f1al\u00f3 que \u201cno est\u00e1 en duda su traslado\u201d de Argentina a M\u00e9xico del contralmirante Fernando Far\u00edas Laguna, presuntamente implicado en una red de huachicol fiscal. En la conferencia en el Patio Central de Palacio Nacional, dijo que Omar Garc\u00eda Harfuch, secretario de Seguridad y Protecci\u00f3n Ciudadana, no intervino en el [&hellip;]","og_url":"https:\/\/www.bbmnoticias.com\/sheinbaum-explica-que-no-esta-en-duda-el-traslado-de-fernando-farias-laguna-niega-que-harfuch-interviniera-en-el-caso\/","og_site_name":"LA BRAVA RADIO","article_published_time":"2026-08-20T19:31:20+00:00","article_modified_time":"2026-08-20T19:31:23+00:00","og_image":[{"width":744,"height":414,"url":"https:\/\/www.bbmnoticias.com\/labravaradiofm\/wp-content\/uploads\/sites\/5\/2026\/08\/554654.jpg","type":"image\/jpeg"}],"author":"El Heraldo","twitter_card":"summary_large_image","twitter_misc":{"Escrito por":"El Heraldo","Tiempo de lectura":"2 minutos"},"schema":{"@context":"https:\/\/schema.org","@graph":[{"@type":"Article","@id":"https:\/\/www.bbmnoticias.com\/sheinbaum-explica-que-no-esta-en-duda-el-traslado-de-fernando-farias-laguna-niega-que-harfuch-interviniera-en-el-caso\/#article","isPartOf":{"@id":"https:\/\/www.bbmnoticias.com\/labravaradiofm\/2026\/08\/20\/sheinbaum-explica-que-no-esta-en-duda-el-traslado-de-fernando-farias-laguna-niega-que-harfuch-interviniera-en-el-caso\/"},"author":{"name":"El Heraldo","@id":"https:\/\/www.bbmnoticias.com\/labravaradiofm\/#\/schema\/person\/32f1fc7382033a43789e6a250ee81243"},"headline":"Sheinbaum explica que no est\u00e1 en duda el traslado de Fernando Far\u00edas Laguna; niega que Harfuch interviniera en el caso","datePublished":"2026-08-20T19:31:20+00:00","dateModified":"2026-08-20T19:31:23+00:00","mainEntityOfPage":{"@id":"https:\/\/www.bbmnoticias.com\/labravaradiofm\/2026\/08\/20\/sheinbaum-explica-que-no-esta-en-duda-el-traslado-de-fernando-farias-laguna-niega-que-harfuch-interviniera-en-el-caso\/"},"wordCount":341,"image":{"@id":"https:\/\/www.bbmnoticias.com\/sheinbaum-explica-que-no-esta-en-duda-el-traslado-de-fernando-farias-laguna-niega-que-harfuch-interviniera-en-el-caso\/#primaryimage"},"thumbnailUrl":"https:\/\/www.bbmnoticias.com\/labravaradiofm\/wp-content\/uploads\/sites\/5\/2026\/08\/554654.jpg","articleSection":["LOCAL","NACIONAL"],"inLanguage":"es"},{"@type":"WebPage","@id":"https:\/\/www.bbmnoticias.com\/labravaradiofm\/2026\/08\/20\/sheinbaum-explica-que-no-esta-en-duda-el-traslado-de-fernando-farias-laguna-niega-que-harfuch-interviniera-en-el-caso\/","url":"https:\/\/www.bbmnoticias.com\/sheinbaum-explica-que-no-esta-en-duda-el-traslado-de-fernando-farias-laguna-niega-que-harfuch-interviniera-en-el-caso\/","name":"Sheinbaum explica que no est\u00e1 en duda el traslado de Fernando Far\u00edas Laguna; niega que Harfuch interviniera en el caso - LA BRAVA RADIO","isPartOf":{"@id":"https:\/\/www.bbmnoticias.com\/labravaradiofm\/#website"},"primaryImageOfPage":{"@id":"https:\/\/www.bbmnoticias.com\/sheinbaum-explica-que-no-esta-en-duda-el-traslado-de-fernando-farias-laguna-niega-que-harfuch-interviniera-en-el-caso\/#primaryimage"},"image":{"@id":"https:\/\/www.bbmnoticias.com\/sheinbaum-explica-que-no-esta-en-duda-el-traslado-de-fernando-farias-laguna-niega-que-harfuch-interviniera-en-el-caso\/#primaryimage"},"thumbnailUrl":"https:\/\/www.bbmnoticias.com\/labravaradiofm\/wp-content\/uploads\/sites\/5\/2026\/08\/554654.jpg","datePublished":"2026-08-20T19:31:20+00:00","dateModified":"2026-08-20T19:31:23+00:00","author":{"@id":"https:\/\/www.bbmnoticias.com\/labravaradiofm\/#\/schema\/person\/32f1fc7382033a43789e6a250ee81243"},"breadcrumb":{"@id":"https:\/\/www.bbmnoticias.com\/sheinbaum-explica-que-no-esta-en-duda-el-traslado-de-fernando-farias-laguna-niega-que-harfuch-interviniera-en-el-caso\/#breadcrumb"},"inLanguage":"es","potentialAction":[{"@type":"ReadAction","target":["https:\/\/www.bbmnoticias.com\/sheinbaum-explica-que-no-esta-en-duda-el-traslado-de-fernando-farias-laguna-niega-que-harfuch-interviniera-en-el-caso\/"]}]},{"@type":"ImageObject","inLanguage":"es","@id":"https:\/\/www.bbmnoticias.com\/sheinbaum-explica-que-no-esta-en-duda-el-traslado-de-fernando-farias-laguna-niega-que-harfuch-interviniera-en-el-caso\/#primaryimage","url":"https:\/\/www.bbmnoticias.com\/labravaradiofm\/wp-content\/uploads\/sites\/5\/2026\/08\/554654.jpg","contentUrl":"https:\/\/www.bbmnoticias.com\/labravaradiofm\/wp-content\/uploads\/sites\/5\/2026\/08\/554654.jpg","width":744,"height":414},{"@type":"BreadcrumbList","@id":"https:\/\/www.bbmnoticias.com\/sheinbaum-explica-que-no-esta-en-duda-el-traslado-de-fernando-farias-laguna-niega-que-harfuch-interviniera-en-el-caso\/#breadcrumb","itemListElement":[{"@type":"ListItem","position":1,"name":"Inicio","item":"https:\/\/www.bbmnoticias.com\/labravaradiofm\/"},{"@type":"ListItem","position":2,"name":"Sheinbaum explica que no est\u00e1 en duda el traslado de Fernando Far\u00edas Laguna; niega que Harfuch interviniera en el caso"}]},{"@type":"WebSite","@id":"https:\/\/www.bbmnoticias.com\/labravaradiofm\/#website","url":"https:\/\/www.bbmnoticias.com\/labravaradiofm\/","name":"LA BRAVA RADIO","description":"Empresa productora de medios, Radiodifusi\u00f3n, Noticias, tendencias y todo lo que necesitas saber de la pol\u00edtica mexicana e internacional; entretenimiento, espect\u00e1culos, salud y mucho m\u00e1s.","potentialAction":[{"@type":"SearchAction","target":{"@type":"EntryPoint","urlTemplate":"https:\/\/www.bbmnoticias.com\/labravaradiofm\/?s={search_term_string}"},"query-input":{"@type":"PropertyValueSpecification","valueRequired":true,"valueName":"search_term_string"}}],"inLanguage":"es"},{"@type":"Person","@id":"https:\/\/www.bbmnoticias.com\/labravaradiofm\/#\/schema\/person\/32f1fc7382033a43789e6a250ee81243","name":"El Heraldo","image":{"@type":"ImageObject","inLanguage":"es","@id":"https:\/\/secure.gravatar.com\/avatar\/463017be041288b5a196814ef7242bd62699b857f306e4b5b61b533e8a87f404?s=96&d=mm&r=g","url":"https:\/\/secure.gravatar.com\/avatar\/463017be041288b5a196814ef7242bd62699b857f306e4b5b61b533e8a87f404?s=96&d=mm&r=g","contentUrl":"https:\/\/secure.gravatar.com\/avatar\/463017be041288b5a196814ef7242bd62699b857f306e4b5b61b533e8a87f404?s=96&d=mm&r=g","caption":"El Heraldo"},"url":"https:\/\/www.bbmnoticias.com\/labravaradiofm\/author\/heraldo\/"}]}},"_links":{"self":[{"href":"https:\/\/www.bbmnoticias.com\/labravaradiofm\/wp-json\/wp\/v2\/posts\/80883","targetHints":{"allow":["GET"]}}],"collection":[{"href":"https:\/\/www.bbmnoticias.com\/labravaradiofm\/wp-json\/wp\/v2\/posts"}],"about":[{"href":"https:\/\/www.bbmnoticias.com\/labravaradiofm\/wp-json\/wp\/v2\/types\/post"}],"author":[{"embeddable":true,"href":"https:\/\/www.bbmnoticias.com\/labravaradiofm\/wp-json\/wp\/v2\/users\/15"}],"replies":[{"embeddable":true,"href":"https:\/\/www.bbmnoticias.com\/labravaradiofm\/wp-json\/wp\/v2\/comments?post=80883"}],"version-history":[{"count":1,"href":"https:\/\/www.bbmnoticias.com\/labravaradiofm\/wp-json\/wp\/v2\/posts\/80883\/revisions"}],"predecessor-version":[{"id":80884,"href":"https:\/\/www.bbmnoticias.com\/labravaradiofm\/wp-json\/wp\/v2\/posts\/80883\/revisions\/80884"}],"wp:featuredmedia":[{"embeddable":true,"href":"https:\/\/www.bbmnoticias.com\/labravaradiofm\/wp-json\/wp\/v2\/media\/80885"}],"wp:attachment":[{"href":"https:\/\/www.bbmnoticias.com\/labravaradiofm\/wp-json\/wp\/v2\/media?parent=80883"}],"wp:term":[{"taxonomy":"category","embeddable":true,"href":"https:\/\/www.bbmnoticias.com\/labravaradiofm\/wp-json\/wp\/v2\/categories?post=80883"},{"taxonomy":"post_tag","embeddable":true,"href":"https:\/\/www.bbmnoticias.com\/labravaradiofm\/wp-json\/wp\/v2\/tags?post=80883"}],"curies":[{"name":"wp","href":"https:\/\/api.w.org\/{rel}","templated":true}]}}