{"id":80877,"date":"2026-08-20T13:12:48","date_gmt":"2026-08-20T19:12:48","guid":{"rendered":"https:\/\/www.bbmnoticias.com\/labravaradiofm\/2026\/08\/20\/terremoto-de-7-2-sacude-a-peru-captan-el-movimiento-en-cerros-y-montanas\/"},"modified":"2026-08-20T13:12:51","modified_gmt":"2026-08-20T19:12:51","slug":"terremoto-de-7-2-sacude-a-peru-captan-el-movimiento-en-cerros-y-montanas","status":"publish","type":"post","link":"https:\/\/www.bbmnoticias.com\/labravaradiofm\/2026\/08\/20\/terremoto-de-7-2-sacude-a-peru-captan-el-movimiento-en-cerros-y-montanas\/","title":{"rendered":"Terremoto de 7.2 sacude a Per\u00fa; captan el movimiento en cerros y monta\u00f1as"},"content":{"rendered":"\n<p class=\"wp-block-paragraph\">La tarde de este 20 de agosto un fuerte terremoto sorprendi\u00f3 en Per\u00fa; de acuerdo con el&nbsp;Instituto Geof\u00edsico de Per\u00fa, se estima una magnitud de 7,2 y una profundidad de 108 kil\u00f3metros; sin embargo, el&nbsp;Servicio Geol\u00f3gico de Estados Unidos (USGS) calcula una&nbsp;magnitud 6,7.<\/p>\n\n\n\n<p class=\"wp-block-paragraph\">El terremoto inici\u00f3 a las 18:00 horas y se sinti\u00f3 en&nbsp;varias regiones del sur de Per\u00fa; el epicentro ocurri\u00f3 en un distrito de la provincia de Parinacochas, en el sure\u00f1o departamento de Ayacucho, unos 791 kil\u00f3metros al este de la capital Lima, con una profundidad de 66,6 kil\u00f3metros de profundidad, seg\u00fan el USGS.Pese a la intensidad, hasta el momento no se reportan da\u00f1os o v\u00edctimas.&nbsp;<\/p>\n\n\n\n<p class=\"wp-block-paragraph\">El momento exacto del temblor fue captado por los habitantes de Ayacucho, quienes compartieron los videos a trav\u00e9s de redes sociales. Las im\u00e1genes virales muestran c\u00f3mo los cerros y monta\u00f1as comenzaron a cimbrarse, generando cortinas de tierra visibles a metros de lejan\u00eda.&nbsp;<\/p>\n\n\n\n<p class=\"wp-block-paragraph\">Otras im\u00e1genes captadas en zonas de casas y negocios muestran a decenas de personas evacuando los edificios mientras el movimiento tel\u00farico todav\u00eda causa p\u00e1nico en la regi\u00f3n. Asimismo, un clip difundido por N60 Noticias muestra c\u00f3mo el terremoto oblig\u00f3 a miles de estudiantes a evacuar sus aulas para resguardarse en los patios centrales de cada plantel.<\/p>\n\n\n\n<h2 class=\"wp-block-heading\">Embajada de M\u00e9xico en Per\u00fa activa l\u00ednea de emergencia<\/h2>\n\n\n\n<p class=\"wp-block-paragraph\">Luego del terremoto registrado este 20 de agosto, la Embajada de M\u00e9xico en Per\u00fa comparti\u00f3 la l\u00ednea de emergencia a la que se pueden contactar los mexicanos que radican en el pa\u00eds latinoamericano.&nbsp;<\/p>\n\n\n\n<blockquote class=\"wp-block-quote is-layout-flow wp-block-quote-is-layout-flow\">\n<p class=\"wp-block-paragraph\">\u201cMexicanas\/os en Per\u00fa: Ante el #sismo en la regi\u00f3n de #Ayacucho, se recuerda que el tel\u00e9fono de emergencia de esta Legaci\u00f3n es: +51 981 569 404 Llama o env\u00eda un mensaje para recibir orientaci\u00f3n. @vcalva @SRE_mx\u201d, se lee en el mensaje.<\/p>\n<\/blockquote>\n","protected":false},"excerpt":{"rendered":"<p>La tarde de este 20 de agosto un fuerte terremoto sorprendi\u00f3 en Per\u00fa; de acuerdo con el&nbsp;Instituto Geof\u00edsico de Per\u00fa, se estima una magnitud de 7,2 y una profundidad de 108 kil\u00f3metros; sin embargo, el&nbsp;Servicio Geol\u00f3gico de Estados Unidos (USGS) calcula una&nbsp;magnitud 6,7. El terremoto inici\u00f3 a las 18:00 horas y se sinti\u00f3 en&nbsp;varias regiones [&hellip;]<\/p>\n","protected":false},"author":2,"featured_media":80879,"comment_status":"closed","ping_status":"open","sticky":false,"template":"","format":"standard","meta":{"footnotes":""},"categories":[948,2],"tags":[],"class_list":["post-80877","post","type-post","status-publish","format-standard","has-post-thumbnail","hentry","category-internacional","category-oaxaca"],"yoast_head":"<!-- This site is optimized with the Yoast SEO plugin v28.1 - https:\/\/yoast.com\/product\/yoast-seo-wordpress\/ -->\n<title>Terremoto de 7.2 sacude a Per\u00fa; captan el movimiento en cerros y monta\u00f1as - LA BRAVA RADIO<\/title>\n<meta name=\"robots\" content=\"index, follow, max-snippet:-1, max-image-preview:large, max-video-preview:-1\" \/>\n<link rel=\"canonical\" href=\"https:\/\/www.bbmnoticias.com\/terremoto-de-7-2-sacude-a-peru-captan-el-movimiento-en-cerros-y-montanas\/\" \/>\n<meta property=\"og:locale\" content=\"es_MX\" \/>\n<meta property=\"og:type\" content=\"article\" \/>\n<meta property=\"og:title\" content=\"Terremoto de 7.2 sacude a Per\u00fa; captan el movimiento en cerros y monta\u00f1as - LA BRAVA RADIO\" \/>\n<meta property=\"og:description\" content=\"La tarde de este 20 de agosto un fuerte terremoto sorprendi\u00f3 en Per\u00fa; de acuerdo con el&nbsp;Instituto Geof\u00edsico de Per\u00fa, se estima una magnitud de 7,2 y una profundidad de 108 kil\u00f3metros; sin embargo, el&nbsp;Servicio Geol\u00f3gico de Estados Unidos (USGS) calcula una&nbsp;magnitud 6,7. El terremoto inici\u00f3 a las 18:00 horas y se sinti\u00f3 en&nbsp;varias regiones [&hellip;]\" \/>\n<meta property=\"og:url\" content=\"https:\/\/www.bbmnoticias.com\/terremoto-de-7-2-sacude-a-peru-captan-el-movimiento-en-cerros-y-montanas\/\" \/>\n<meta property=\"og:site_name\" content=\"LA BRAVA RADIO\" \/>\n<meta property=\"article:published_time\" content=\"2026-08-20T19:12:48+00:00\" \/>\n<meta property=\"article:modified_time\" content=\"2026-08-20T19:12:51+00:00\" \/>\n<meta property=\"og:image\" content=\"https:\/\/www.bbmnoticias.com\/labravaradiofm\/wp-content\/uploads\/sites\/5\/2026\/08\/854525.jpg\" \/>\n\t<meta property=\"og:image:width\" content=\"736\" \/>\n\t<meta property=\"og:image:height\" content=\"420\" \/>\n\t<meta property=\"og:image:type\" content=\"image\/jpeg\" \/>\n<meta name=\"author\" content=\"Staff\" \/>\n<meta name=\"twitter:card\" content=\"summary_large_image\" \/>\n<meta name=\"twitter:label1\" content=\"Escrito por\" \/>\n\t<meta name=\"twitter:data1\" content=\"Staff\" \/>\n\t<meta name=\"twitter:label2\" content=\"Tiempo de lectura\" \/>\n\t<meta name=\"twitter:data2\" content=\"2 minutos\" \/>\n<script type=\"application\/ld+json\" class=\"yoast-schema-graph\">{\"@context\":\"https:\\\/\\\/schema.org\",\"@graph\":[{\"@type\":\"Article\",\"@id\":\"https:\\\/\\\/www.bbmnoticias.com\\\/terremoto-de-7-2-sacude-a-peru-captan-el-movimiento-en-cerros-y-montanas\\\/#article\",\"isPartOf\":{\"@id\":\"https:\\\/\\\/www.bbmnoticias.com\\\/labravaradiofm\\\/2026\\\/08\\\/20\\\/terremoto-de-7-2-sacude-a-peru-captan-el-movimiento-en-cerros-y-montanas\\\/\"},\"author\":{\"name\":\"Staff\",\"@id\":\"https:\\\/\\\/www.bbmnoticias.com\\\/labravaradiofm\\\/#\\\/schema\\\/person\\\/9eb037257fc48a09cdf31d9a2f45619f\"},\"headline\":\"Terremoto de 7.2 sacude a Per\u00fa; captan el movimiento en cerros y monta\u00f1as\",\"datePublished\":\"2026-08-20T19:12:48+00:00\",\"dateModified\":\"2026-08-20T19:12:51+00:00\",\"mainEntityOfPage\":{\"@id\":\"https:\\\/\\\/www.bbmnoticias.com\\\/labravaradiofm\\\/2026\\\/08\\\/20\\\/terremoto-de-7-2-sacude-a-peru-captan-el-movimiento-en-cerros-y-montanas\\\/\"},\"wordCount\":334,\"image\":{\"@id\":\"https:\\\/\\\/www.bbmnoticias.com\\\/terremoto-de-7-2-sacude-a-peru-captan-el-movimiento-en-cerros-y-montanas\\\/#primaryimage\"},\"thumbnailUrl\":\"https:\\\/\\\/www.bbmnoticias.com\\\/labravaradiofm\\\/wp-content\\\/uploads\\\/sites\\\/5\\\/2026\\\/08\\\/854525.jpg\",\"articleSection\":[\"INTERNACIONAL\",\"LOCAL\"],\"inLanguage\":\"es\"},{\"@type\":\"WebPage\",\"@id\":\"https:\\\/\\\/www.bbmnoticias.com\\\/labravaradiofm\\\/2026\\\/08\\\/20\\\/terremoto-de-7-2-sacude-a-peru-captan-el-movimiento-en-cerros-y-montanas\\\/\",\"url\":\"https:\\\/\\\/www.bbmnoticias.com\\\/terremoto-de-7-2-sacude-a-peru-captan-el-movimiento-en-cerros-y-montanas\\\/\",\"name\":\"Terremoto de 7.2 sacude a Per\u00fa; captan el movimiento en cerros y monta\u00f1as - LA BRAVA RADIO\",\"isPartOf\":{\"@id\":\"https:\\\/\\\/www.bbmnoticias.com\\\/labravaradiofm\\\/#website\"},\"primaryImageOfPage\":{\"@id\":\"https:\\\/\\\/www.bbmnoticias.com\\\/terremoto-de-7-2-sacude-a-peru-captan-el-movimiento-en-cerros-y-montanas\\\/#primaryimage\"},\"image\":{\"@id\":\"https:\\\/\\\/www.bbmnoticias.com\\\/terremoto-de-7-2-sacude-a-peru-captan-el-movimiento-en-cerros-y-montanas\\\/#primaryimage\"},\"thumbnailUrl\":\"https:\\\/\\\/www.bbmnoticias.com\\\/labravaradiofm\\\/wp-content\\\/uploads\\\/sites\\\/5\\\/2026\\\/08\\\/854525.jpg\",\"datePublished\":\"2026-08-20T19:12:48+00:00\",\"dateModified\":\"2026-08-20T19:12:51+00:00\",\"author\":{\"@id\":\"https:\\\/\\\/www.bbmnoticias.com\\\/labravaradiofm\\\/#\\\/schema\\\/person\\\/9eb037257fc48a09cdf31d9a2f45619f\"},\"breadcrumb\":{\"@id\":\"https:\\\/\\\/www.bbmnoticias.com\\\/terremoto-de-7-2-sacude-a-peru-captan-el-movimiento-en-cerros-y-montanas\\\/#breadcrumb\"},\"inLanguage\":\"es\",\"potentialAction\":[{\"@type\":\"ReadAction\",\"target\":[\"https:\\\/\\\/www.bbmnoticias.com\\\/terremoto-de-7-2-sacude-a-peru-captan-el-movimiento-en-cerros-y-montanas\\\/\"]}]},{\"@type\":\"ImageObject\",\"inLanguage\":\"es\",\"@id\":\"https:\\\/\\\/www.bbmnoticias.com\\\/terremoto-de-7-2-sacude-a-peru-captan-el-movimiento-en-cerros-y-montanas\\\/#primaryimage\",\"url\":\"https:\\\/\\\/www.bbmnoticias.com\\\/labravaradiofm\\\/wp-content\\\/uploads\\\/sites\\\/5\\\/2026\\\/08\\\/854525.jpg\",\"contentUrl\":\"https:\\\/\\\/www.bbmnoticias.com\\\/labravaradiofm\\\/wp-content\\\/uploads\\\/sites\\\/5\\\/2026\\\/08\\\/854525.jpg\",\"width\":736,\"height\":420},{\"@type\":\"BreadcrumbList\",\"@id\":\"https:\\\/\\\/www.bbmnoticias.com\\\/terremoto-de-7-2-sacude-a-peru-captan-el-movimiento-en-cerros-y-montanas\\\/#breadcrumb\",\"itemListElement\":[{\"@type\":\"ListItem\",\"position\":1,\"name\":\"Inicio\",\"item\":\"https:\\\/\\\/www.bbmnoticias.com\\\/labravaradiofm\\\/\"},{\"@type\":\"ListItem\",\"position\":2,\"name\":\"Terremoto de 7.2 sacude a Per\u00fa; captan el movimiento en cerros y monta\u00f1as\"}]},{\"@type\":\"WebSite\",\"@id\":\"https:\\\/\\\/www.bbmnoticias.com\\\/labravaradiofm\\\/#website\",\"url\":\"https:\\\/\\\/www.bbmnoticias.com\\\/labravaradiofm\\\/\",\"name\":\"LA BRAVA RADIO\",\"description\":\"Empresa productora de medios, Radiodifusi\u00f3n, Noticias, tendencias y todo lo que necesitas saber de la pol\u00edtica mexicana e internacional; entretenimiento, espect\u00e1culos, salud y mucho m\u00e1s.\",\"potentialAction\":[{\"@type\":\"SearchAction\",\"target\":{\"@type\":\"EntryPoint\",\"urlTemplate\":\"https:\\\/\\\/www.bbmnoticias.com\\\/labravaradiofm\\\/?s={search_term_string}\"},\"query-input\":{\"@type\":\"PropertyValueSpecification\",\"valueRequired\":true,\"valueName\":\"search_term_string\"}}],\"inLanguage\":\"es\"},{\"@type\":\"Person\",\"@id\":\"https:\\\/\\\/www.bbmnoticias.com\\\/labravaradiofm\\\/#\\\/schema\\\/person\\\/9eb037257fc48a09cdf31d9a2f45619f\",\"name\":\"Staff\",\"image\":{\"@type\":\"ImageObject\",\"inLanguage\":\"es\",\"@id\":\"https:\\\/\\\/secure.gravatar.com\\\/avatar\\\/fdd21ad66fd8b98c407f9dee5b5e588cfe7f0d8579ec20fa6527cd59bab7f0f0?s=96&d=mm&r=g\",\"url\":\"https:\\\/\\\/secure.gravatar.com\\\/avatar\\\/fdd21ad66fd8b98c407f9dee5b5e588cfe7f0d8579ec20fa6527cd59bab7f0f0?s=96&d=mm&r=g\",\"contentUrl\":\"https:\\\/\\\/secure.gravatar.com\\\/avatar\\\/fdd21ad66fd8b98c407f9dee5b5e588cfe7f0d8579ec20fa6527cd59bab7f0f0?s=96&d=mm&r=g\",\"caption\":\"Staff\"},\"url\":\"https:\\\/\\\/www.bbmnoticias.com\\\/labravaradiofm\\\/author\\\/redaccion\\\/\"}]}<\/script>\n<!-- \/ Yoast SEO plugin. -->","yoast_head_json":{"title":"Terremoto de 7.2 sacude a Per\u00fa; captan el movimiento en cerros y monta\u00f1as - LA BRAVA RADIO","robots":{"index":"index","follow":"follow","max-snippet":"max-snippet:-1","max-image-preview":"max-image-preview:large","max-video-preview":"max-video-preview:-1"},"canonical":"https:\/\/www.bbmnoticias.com\/terremoto-de-7-2-sacude-a-peru-captan-el-movimiento-en-cerros-y-montanas\/","og_locale":"es_MX","og_type":"article","og_title":"Terremoto de 7.2 sacude a Per\u00fa; captan el movimiento en cerros y monta\u00f1as - LA BRAVA RADIO","og_description":"La tarde de este 20 de agosto un fuerte terremoto sorprendi\u00f3 en Per\u00fa; de acuerdo con el&nbsp;Instituto Geof\u00edsico de Per\u00fa, se estima una magnitud de 7,2 y una profundidad de 108 kil\u00f3metros; sin embargo, el&nbsp;Servicio Geol\u00f3gico de Estados Unidos (USGS) calcula una&nbsp;magnitud 6,7. El terremoto inici\u00f3 a las 18:00 horas y se sinti\u00f3 en&nbsp;varias regiones [&hellip;]","og_url":"https:\/\/www.bbmnoticias.com\/terremoto-de-7-2-sacude-a-peru-captan-el-movimiento-en-cerros-y-montanas\/","og_site_name":"LA BRAVA RADIO","article_published_time":"2026-08-20T19:12:48+00:00","article_modified_time":"2026-08-20T19:12:51+00:00","og_image":[{"width":736,"height":420,"url":"https:\/\/www.bbmnoticias.com\/labravaradiofm\/wp-content\/uploads\/sites\/5\/2026\/08\/854525.jpg","type":"image\/jpeg"}],"author":"Staff","twitter_card":"summary_large_image","twitter_misc":{"Escrito por":"Staff","Tiempo de lectura":"2 minutos"},"schema":{"@context":"https:\/\/schema.org","@graph":[{"@type":"Article","@id":"https:\/\/www.bbmnoticias.com\/terremoto-de-7-2-sacude-a-peru-captan-el-movimiento-en-cerros-y-montanas\/#article","isPartOf":{"@id":"https:\/\/www.bbmnoticias.com\/labravaradiofm\/2026\/08\/20\/terremoto-de-7-2-sacude-a-peru-captan-el-movimiento-en-cerros-y-montanas\/"},"author":{"name":"Staff","@id":"https:\/\/www.bbmnoticias.com\/labravaradiofm\/#\/schema\/person\/9eb037257fc48a09cdf31d9a2f45619f"},"headline":"Terremoto de 7.2 sacude a Per\u00fa; captan el movimiento en cerros y monta\u00f1as","datePublished":"2026-08-20T19:12:48+00:00","dateModified":"2026-08-20T19:12:51+00:00","mainEntityOfPage":{"@id":"https:\/\/www.bbmnoticias.com\/labravaradiofm\/2026\/08\/20\/terremoto-de-7-2-sacude-a-peru-captan-el-movimiento-en-cerros-y-montanas\/"},"wordCount":334,"image":{"@id":"https:\/\/www.bbmnoticias.com\/terremoto-de-7-2-sacude-a-peru-captan-el-movimiento-en-cerros-y-montanas\/#primaryimage"},"thumbnailUrl":"https:\/\/www.bbmnoticias.com\/labravaradiofm\/wp-content\/uploads\/sites\/5\/2026\/08\/854525.jpg","articleSection":["INTERNACIONAL","LOCAL"],"inLanguage":"es"},{"@type":"WebPage","@id":"https:\/\/www.bbmnoticias.com\/labravaradiofm\/2026\/08\/20\/terremoto-de-7-2-sacude-a-peru-captan-el-movimiento-en-cerros-y-montanas\/","url":"https:\/\/www.bbmnoticias.com\/terremoto-de-7-2-sacude-a-peru-captan-el-movimiento-en-cerros-y-montanas\/","name":"Terremoto de 7.2 sacude a Per\u00fa; captan el movimiento en cerros y monta\u00f1as - LA BRAVA RADIO","isPartOf":{"@id":"https:\/\/www.bbmnoticias.com\/labravaradiofm\/#website"},"primaryImageOfPage":{"@id":"https:\/\/www.bbmnoticias.com\/terremoto-de-7-2-sacude-a-peru-captan-el-movimiento-en-cerros-y-montanas\/#primaryimage"},"image":{"@id":"https:\/\/www.bbmnoticias.com\/terremoto-de-7-2-sacude-a-peru-captan-el-movimiento-en-cerros-y-montanas\/#primaryimage"},"thumbnailUrl":"https:\/\/www.bbmnoticias.com\/labravaradiofm\/wp-content\/uploads\/sites\/5\/2026\/08\/854525.jpg","datePublished":"2026-08-20T19:12:48+00:00","dateModified":"2026-08-20T19:12:51+00:00","author":{"@id":"https:\/\/www.bbmnoticias.com\/labravaradiofm\/#\/schema\/person\/9eb037257fc48a09cdf31d9a2f45619f"},"breadcrumb":{"@id":"https:\/\/www.bbmnoticias.com\/terremoto-de-7-2-sacude-a-peru-captan-el-movimiento-en-cerros-y-montanas\/#breadcrumb"},"inLanguage":"es","potentialAction":[{"@type":"ReadAction","target":["https:\/\/www.bbmnoticias.com\/terremoto-de-7-2-sacude-a-peru-captan-el-movimiento-en-cerros-y-montanas\/"]}]},{"@type":"ImageObject","inLanguage":"es","@id":"https:\/\/www.bbmnoticias.com\/terremoto-de-7-2-sacude-a-peru-captan-el-movimiento-en-cerros-y-montanas\/#primaryimage","url":"https:\/\/www.bbmnoticias.com\/labravaradiofm\/wp-content\/uploads\/sites\/5\/2026\/08\/854525.jpg","contentUrl":"https:\/\/www.bbmnoticias.com\/labravaradiofm\/wp-content\/uploads\/sites\/5\/2026\/08\/854525.jpg","width":736,"height":420},{"@type":"BreadcrumbList","@id":"https:\/\/www.bbmnoticias.com\/terremoto-de-7-2-sacude-a-peru-captan-el-movimiento-en-cerros-y-montanas\/#breadcrumb","itemListElement":[{"@type":"ListItem","position":1,"name":"Inicio","item":"https:\/\/www.bbmnoticias.com\/labravaradiofm\/"},{"@type":"ListItem","position":2,"name":"Terremoto de 7.2 sacude a Per\u00fa; captan el movimiento en cerros y monta\u00f1as"}]},{"@type":"WebSite","@id":"https:\/\/www.bbmnoticias.com\/labravaradiofm\/#website","url":"https:\/\/www.bbmnoticias.com\/labravaradiofm\/","name":"LA BRAVA RADIO","description":"Empresa productora de medios, Radiodifusi\u00f3n, Noticias, tendencias y todo lo que necesitas saber de la pol\u00edtica mexicana e internacional; entretenimiento, espect\u00e1culos, salud y mucho m\u00e1s.","potentialAction":[{"@type":"SearchAction","target":{"@type":"EntryPoint","urlTemplate":"https:\/\/www.bbmnoticias.com\/labravaradiofm\/?s={search_term_string}"},"query-input":{"@type":"PropertyValueSpecification","valueRequired":true,"valueName":"search_term_string"}}],"inLanguage":"es"},{"@type":"Person","@id":"https:\/\/www.bbmnoticias.com\/labravaradiofm\/#\/schema\/person\/9eb037257fc48a09cdf31d9a2f45619f","name":"Staff","image":{"@type":"ImageObject","inLanguage":"es","@id":"https:\/\/secure.gravatar.com\/avatar\/fdd21ad66fd8b98c407f9dee5b5e588cfe7f0d8579ec20fa6527cd59bab7f0f0?s=96&d=mm&r=g","url":"https:\/\/secure.gravatar.com\/avatar\/fdd21ad66fd8b98c407f9dee5b5e588cfe7f0d8579ec20fa6527cd59bab7f0f0?s=96&d=mm&r=g","contentUrl":"https:\/\/secure.gravatar.com\/avatar\/fdd21ad66fd8b98c407f9dee5b5e588cfe7f0d8579ec20fa6527cd59bab7f0f0?s=96&d=mm&r=g","caption":"Staff"},"url":"https:\/\/www.bbmnoticias.com\/labravaradiofm\/author\/redaccion\/"}]}},"_links":{"self":[{"href":"https:\/\/www.bbmnoticias.com\/labravaradiofm\/wp-json\/wp\/v2\/posts\/80877","targetHints":{"allow":["GET"]}}],"collection":[{"href":"https:\/\/www.bbmnoticias.com\/labravaradiofm\/wp-json\/wp\/v2\/posts"}],"about":[{"href":"https:\/\/www.bbmnoticias.com\/labravaradiofm\/wp-json\/wp\/v2\/types\/post"}],"author":[{"embeddable":true,"href":"https:\/\/www.bbmnoticias.com\/labravaradiofm\/wp-json\/wp\/v2\/users\/2"}],"replies":[{"embeddable":true,"href":"https:\/\/www.bbmnoticias.com\/labravaradiofm\/wp-json\/wp\/v2\/comments?post=80877"}],"version-history":[{"count":1,"href":"https:\/\/www.bbmnoticias.com\/labravaradiofm\/wp-json\/wp\/v2\/posts\/80877\/revisions"}],"predecessor-version":[{"id":80878,"href":"https:\/\/www.bbmnoticias.com\/labravaradiofm\/wp-json\/wp\/v2\/posts\/80877\/revisions\/80878"}],"wp:featuredmedia":[{"embeddable":true,"href":"https:\/\/www.bbmnoticias.com\/labravaradiofm\/wp-json\/wp\/v2\/media\/80879"}],"wp:attachment":[{"href":"https:\/\/www.bbmnoticias.com\/labravaradiofm\/wp-json\/wp\/v2\/media?parent=80877"}],"wp:term":[{"taxonomy":"category","embeddable":true,"href":"https:\/\/www.bbmnoticias.com\/labravaradiofm\/wp-json\/wp\/v2\/categories?post=80877"},{"taxonomy":"post_tag","embeddable":true,"href":"https:\/\/www.bbmnoticias.com\/labravaradiofm\/wp-json\/wp\/v2\/tags?post=80877"}],"curies":[{"name":"wp","href":"https:\/\/api.w.org\/{rel}","templated":true}]}}