{"id":80874,"date":"2026-08-20T13:07:20","date_gmt":"2026-08-20T19:07:20","guid":{"rendered":"https:\/\/www.bbmnoticias.com\/labravaradiofm\/2026\/08\/20\/trabajamos-muy-bien-con-el-gobernador-americo-villarreal-claudia-sheinbaum\/"},"modified":"2026-08-20T13:07:23","modified_gmt":"2026-08-20T19:07:23","slug":"trabajamos-muy-bien-con-el-gobernador-americo-villarreal-claudia-sheinbaum","status":"publish","type":"post","link":"https:\/\/www.bbmnoticias.com\/labravaradiofm\/2026\/08\/20\/trabajamos-muy-bien-con-el-gobernador-americo-villarreal-claudia-sheinbaum\/","title":{"rendered":"\u201cTrabajamos muy bien con el gobernador Am\u00e9rico Villarreal\u201d: Claudia Sheinbaum"},"content":{"rendered":"\n<p class=\"wp-block-paragraph\">La presidenta de M\u00e9xico, Claudia Sheinbaum Pardo, hizo un reconocimiento al trabajo que realiza el gobernador de Tamaulipas, Am\u00e9rico Villarreal Anaya: \u201cEstamos trabajando muy bien\u201d, dijo, y destac\u00f3 los proyectos que se desarrollan en temas de infraestructura hidr\u00e1ulica, el impulso al puerto de Matamoros y el desarrollo del campo tamaulipeco.<\/p>\n\n\n\n<p class=\"wp-block-paragraph\">\u201cEstamos trabajando en varios temas, en agua. Estamos trabajando tambi\u00e9n en posibilidades de desarrollo productivo en el norte de Tamaulipas, bueno, \u00e9l est\u00e1 desarrollando el Puerto de Matamoros y est\u00e1 tambi\u00e9n Altamira, pero sobre todo lo que era la industria en Tamaulipas en la zona noreste ha tenido muchos problemas porque hay menos agua, ahora, que mucho de ellos se asocia con el cambio clim\u00e1tico\u201d, dijo.<\/p>\n\n\n\n<p class=\"wp-block-paragraph\">Durante la conferencia de este jueves en Palacio Nacional, la presidenta expuso que el mandatario tamaulipeco trabaja en coordinaci\u00f3n con la Secretar\u00eda de Agricultura y Desarrollo Rural, buscando alternativas para enfrentar la falta de agua.<\/p>\n\n\n\n<p class=\"wp-block-paragraph\">\u201cTrabajamos muy bien con el gobernador Am\u00e9rico Villarreal\u201d, expres\u00f3.<\/p>\n\n\n\n<p class=\"wp-block-paragraph\">La presidenta Claudia Sheinbaum realiz\u00f3 una gira de trabajo por Tamaulipas durante tres d\u00edas, el pasado fin de semana, en donde supervis\u00f3 tambi\u00e9n el avance de los trabajos que se realizan para la tecnificaci\u00f3n de los Distritos de Riego 025 y 026 en el norte del estado y acudi\u00f3 a la toma de agua en la presa Vicente Guerrero, en donde se desarrollan los trabajos para la construcci\u00f3n de una planta potabilizadora, una obra complementaria de la segunda l\u00ednea del acueducto para abastecer de agua a Ciudad Victoria.<\/p>\n","protected":false},"excerpt":{"rendered":"<p>La presidenta de M\u00e9xico, Claudia Sheinbaum Pardo, hizo un reconocimiento al trabajo que realiza el gobernador de Tamaulipas, Am\u00e9rico Villarreal Anaya: \u201cEstamos trabajando muy bien\u201d, dijo, y destac\u00f3 los proyectos que se desarrollan en temas de infraestructura hidr\u00e1ulica, el impulso al puerto de Matamoros y el desarrollo del campo tamaulipeco. \u201cEstamos trabajando en varios temas, [&hellip;]<\/p>\n","protected":false},"author":15,"featured_media":80876,"comment_status":"closed","ping_status":"open","sticky":false,"template":"","format":"standard","meta":{"footnotes":""},"categories":[2,19],"tags":[],"class_list":["post-80874","post","type-post","status-publish","format-standard","has-post-thumbnail","hentry","category-oaxaca","category-nacional"],"yoast_head":"<!-- This site is optimized with the Yoast SEO plugin v28.1 - https:\/\/yoast.com\/product\/yoast-seo-wordpress\/ -->\n<title>\u201cTrabajamos muy bien con el gobernador Am\u00e9rico Villarreal\u201d: Claudia Sheinbaum - LA BRAVA RADIO<\/title>\n<meta name=\"robots\" content=\"index, follow, max-snippet:-1, max-image-preview:large, max-video-preview:-1\" \/>\n<link rel=\"canonical\" href=\"https:\/\/www.bbmnoticias.com\/trabajamos-muy-bien-con-el-gobernador-americo-villarreal-claudia-sheinbaum\/\" \/>\n<meta property=\"og:locale\" content=\"es_MX\" \/>\n<meta property=\"og:type\" content=\"article\" \/>\n<meta property=\"og:title\" content=\"\u201cTrabajamos muy bien con el gobernador Am\u00e9rico Villarreal\u201d: Claudia Sheinbaum - LA BRAVA RADIO\" \/>\n<meta property=\"og:description\" content=\"La presidenta de M\u00e9xico, Claudia Sheinbaum Pardo, hizo un reconocimiento al trabajo que realiza el gobernador de Tamaulipas, Am\u00e9rico Villarreal Anaya: \u201cEstamos trabajando muy bien\u201d, dijo, y destac\u00f3 los proyectos que se desarrollan en temas de infraestructura hidr\u00e1ulica, el impulso al puerto de Matamoros y el desarrollo del campo tamaulipeco. \u201cEstamos trabajando en varios temas, [&hellip;]\" \/>\n<meta property=\"og:url\" content=\"https:\/\/www.bbmnoticias.com\/trabajamos-muy-bien-con-el-gobernador-americo-villarreal-claudia-sheinbaum\/\" \/>\n<meta property=\"og:site_name\" content=\"LA BRAVA RADIO\" \/>\n<meta property=\"article:published_time\" content=\"2026-08-20T19:07:20+00:00\" \/>\n<meta property=\"article:modified_time\" content=\"2026-08-20T19:07:23+00:00\" \/>\n<meta property=\"og:image\" content=\"https:\/\/www.bbmnoticias.com\/labravaradiofm\/wp-content\/uploads\/sites\/5\/2026\/08\/sheimbaum523.jpg\" \/>\n\t<meta property=\"og:image:width\" content=\"741\" \/>\n\t<meta property=\"og:image:height\" content=\"417\" \/>\n\t<meta property=\"og:image:type\" content=\"image\/jpeg\" \/>\n<meta name=\"author\" content=\"El Heraldo\" \/>\n<meta name=\"twitter:card\" content=\"summary_large_image\" \/>\n<meta name=\"twitter:label1\" content=\"Escrito por\" \/>\n\t<meta name=\"twitter:data1\" content=\"El Heraldo\" \/>\n\t<meta name=\"twitter:label2\" content=\"Tiempo de lectura\" \/>\n\t<meta name=\"twitter:data2\" content=\"1 minuto\" \/>\n<script type=\"application\/ld+json\" class=\"yoast-schema-graph\">{\"@context\":\"https:\\\/\\\/schema.org\",\"@graph\":[{\"@type\":\"Article\",\"@id\":\"https:\\\/\\\/www.bbmnoticias.com\\\/trabajamos-muy-bien-con-el-gobernador-americo-villarreal-claudia-sheinbaum\\\/#article\",\"isPartOf\":{\"@id\":\"https:\\\/\\\/www.bbmnoticias.com\\\/labravaradiofm\\\/2026\\\/08\\\/20\\\/trabajamos-muy-bien-con-el-gobernador-americo-villarreal-claudia-sheinbaum\\\/\"},\"author\":{\"name\":\"El Heraldo\",\"@id\":\"https:\\\/\\\/www.bbmnoticias.com\\\/labravaradiofm\\\/#\\\/schema\\\/person\\\/32f1fc7382033a43789e6a250ee81243\"},\"headline\":\"\u201cTrabajamos muy bien con el gobernador Am\u00e9rico Villarreal\u201d: Claudia Sheinbaum\",\"datePublished\":\"2026-08-20T19:07:20+00:00\",\"dateModified\":\"2026-08-20T19:07:23+00:00\",\"mainEntityOfPage\":{\"@id\":\"https:\\\/\\\/www.bbmnoticias.com\\\/labravaradiofm\\\/2026\\\/08\\\/20\\\/trabajamos-muy-bien-con-el-gobernador-americo-villarreal-claudia-sheinbaum\\\/\"},\"wordCount\":271,\"image\":{\"@id\":\"https:\\\/\\\/www.bbmnoticias.com\\\/trabajamos-muy-bien-con-el-gobernador-americo-villarreal-claudia-sheinbaum\\\/#primaryimage\"},\"thumbnailUrl\":\"https:\\\/\\\/www.bbmnoticias.com\\\/labravaradiofm\\\/wp-content\\\/uploads\\\/sites\\\/5\\\/2026\\\/08\\\/sheimbaum523.jpg\",\"articleSection\":[\"LOCAL\",\"NACIONAL\"],\"inLanguage\":\"es\"},{\"@type\":\"WebPage\",\"@id\":\"https:\\\/\\\/www.bbmnoticias.com\\\/labravaradiofm\\\/2026\\\/08\\\/20\\\/trabajamos-muy-bien-con-el-gobernador-americo-villarreal-claudia-sheinbaum\\\/\",\"url\":\"https:\\\/\\\/www.bbmnoticias.com\\\/trabajamos-muy-bien-con-el-gobernador-americo-villarreal-claudia-sheinbaum\\\/\",\"name\":\"\u201cTrabajamos muy bien con el gobernador Am\u00e9rico Villarreal\u201d: Claudia Sheinbaum - LA BRAVA RADIO\",\"isPartOf\":{\"@id\":\"https:\\\/\\\/www.bbmnoticias.com\\\/labravaradiofm\\\/#website\"},\"primaryImageOfPage\":{\"@id\":\"https:\\\/\\\/www.bbmnoticias.com\\\/trabajamos-muy-bien-con-el-gobernador-americo-villarreal-claudia-sheinbaum\\\/#primaryimage\"},\"image\":{\"@id\":\"https:\\\/\\\/www.bbmnoticias.com\\\/trabajamos-muy-bien-con-el-gobernador-americo-villarreal-claudia-sheinbaum\\\/#primaryimage\"},\"thumbnailUrl\":\"https:\\\/\\\/www.bbmnoticias.com\\\/labravaradiofm\\\/wp-content\\\/uploads\\\/sites\\\/5\\\/2026\\\/08\\\/sheimbaum523.jpg\",\"datePublished\":\"2026-08-20T19:07:20+00:00\",\"dateModified\":\"2026-08-20T19:07:23+00:00\",\"author\":{\"@id\":\"https:\\\/\\\/www.bbmnoticias.com\\\/labravaradiofm\\\/#\\\/schema\\\/person\\\/32f1fc7382033a43789e6a250ee81243\"},\"breadcrumb\":{\"@id\":\"https:\\\/\\\/www.bbmnoticias.com\\\/trabajamos-muy-bien-con-el-gobernador-americo-villarreal-claudia-sheinbaum\\\/#breadcrumb\"},\"inLanguage\":\"es\",\"potentialAction\":[{\"@type\":\"ReadAction\",\"target\":[\"https:\\\/\\\/www.bbmnoticias.com\\\/trabajamos-muy-bien-con-el-gobernador-americo-villarreal-claudia-sheinbaum\\\/\"]}]},{\"@type\":\"ImageObject\",\"inLanguage\":\"es\",\"@id\":\"https:\\\/\\\/www.bbmnoticias.com\\\/trabajamos-muy-bien-con-el-gobernador-americo-villarreal-claudia-sheinbaum\\\/#primaryimage\",\"url\":\"https:\\\/\\\/www.bbmnoticias.com\\\/labravaradiofm\\\/wp-content\\\/uploads\\\/sites\\\/5\\\/2026\\\/08\\\/sheimbaum523.jpg\",\"contentUrl\":\"https:\\\/\\\/www.bbmnoticias.com\\\/labravaradiofm\\\/wp-content\\\/uploads\\\/sites\\\/5\\\/2026\\\/08\\\/sheimbaum523.jpg\",\"width\":741,\"height\":417},{\"@type\":\"BreadcrumbList\",\"@id\":\"https:\\\/\\\/www.bbmnoticias.com\\\/trabajamos-muy-bien-con-el-gobernador-americo-villarreal-claudia-sheinbaum\\\/#breadcrumb\",\"itemListElement\":[{\"@type\":\"ListItem\",\"position\":1,\"name\":\"Inicio\",\"item\":\"https:\\\/\\\/www.bbmnoticias.com\\\/labravaradiofm\\\/\"},{\"@type\":\"ListItem\",\"position\":2,\"name\":\"\u201cTrabajamos muy bien con el gobernador Am\u00e9rico Villarreal\u201d: Claudia Sheinbaum\"}]},{\"@type\":\"WebSite\",\"@id\":\"https:\\\/\\\/www.bbmnoticias.com\\\/labravaradiofm\\\/#website\",\"url\":\"https:\\\/\\\/www.bbmnoticias.com\\\/labravaradiofm\\\/\",\"name\":\"LA BRAVA RADIO\",\"description\":\"Empresa productora de medios, Radiodifusi\u00f3n, Noticias, tendencias y todo lo que necesitas saber de la pol\u00edtica mexicana e internacional; entretenimiento, espect\u00e1culos, salud y mucho m\u00e1s.\",\"potentialAction\":[{\"@type\":\"SearchAction\",\"target\":{\"@type\":\"EntryPoint\",\"urlTemplate\":\"https:\\\/\\\/www.bbmnoticias.com\\\/labravaradiofm\\\/?s={search_term_string}\"},\"query-input\":{\"@type\":\"PropertyValueSpecification\",\"valueRequired\":true,\"valueName\":\"search_term_string\"}}],\"inLanguage\":\"es\"},{\"@type\":\"Person\",\"@id\":\"https:\\\/\\\/www.bbmnoticias.com\\\/labravaradiofm\\\/#\\\/schema\\\/person\\\/32f1fc7382033a43789e6a250ee81243\",\"name\":\"El Heraldo\",\"image\":{\"@type\":\"ImageObject\",\"inLanguage\":\"es\",\"@id\":\"https:\\\/\\\/secure.gravatar.com\\\/avatar\\\/463017be041288b5a196814ef7242bd62699b857f306e4b5b61b533e8a87f404?s=96&d=mm&r=g\",\"url\":\"https:\\\/\\\/secure.gravatar.com\\\/avatar\\\/463017be041288b5a196814ef7242bd62699b857f306e4b5b61b533e8a87f404?s=96&d=mm&r=g\",\"contentUrl\":\"https:\\\/\\\/secure.gravatar.com\\\/avatar\\\/463017be041288b5a196814ef7242bd62699b857f306e4b5b61b533e8a87f404?s=96&d=mm&r=g\",\"caption\":\"El Heraldo\"},\"url\":\"https:\\\/\\\/www.bbmnoticias.com\\\/labravaradiofm\\\/author\\\/heraldo\\\/\"}]}<\/script>\n<!-- \/ Yoast SEO plugin. -->","yoast_head_json":{"title":"\u201cTrabajamos muy bien con el gobernador Am\u00e9rico Villarreal\u201d: Claudia Sheinbaum - LA BRAVA RADIO","robots":{"index":"index","follow":"follow","max-snippet":"max-snippet:-1","max-image-preview":"max-image-preview:large","max-video-preview":"max-video-preview:-1"},"canonical":"https:\/\/www.bbmnoticias.com\/trabajamos-muy-bien-con-el-gobernador-americo-villarreal-claudia-sheinbaum\/","og_locale":"es_MX","og_type":"article","og_title":"\u201cTrabajamos muy bien con el gobernador Am\u00e9rico Villarreal\u201d: Claudia Sheinbaum - LA BRAVA RADIO","og_description":"La presidenta de M\u00e9xico, Claudia Sheinbaum Pardo, hizo un reconocimiento al trabajo que realiza el gobernador de Tamaulipas, Am\u00e9rico Villarreal Anaya: \u201cEstamos trabajando muy bien\u201d, dijo, y destac\u00f3 los proyectos que se desarrollan en temas de infraestructura hidr\u00e1ulica, el impulso al puerto de Matamoros y el desarrollo del campo tamaulipeco. \u201cEstamos trabajando en varios temas, [&hellip;]","og_url":"https:\/\/www.bbmnoticias.com\/trabajamos-muy-bien-con-el-gobernador-americo-villarreal-claudia-sheinbaum\/","og_site_name":"LA BRAVA RADIO","article_published_time":"2026-08-20T19:07:20+00:00","article_modified_time":"2026-08-20T19:07:23+00:00","og_image":[{"width":741,"height":417,"url":"https:\/\/www.bbmnoticias.com\/labravaradiofm\/wp-content\/uploads\/sites\/5\/2026\/08\/sheimbaum523.jpg","type":"image\/jpeg"}],"author":"El Heraldo","twitter_card":"summary_large_image","twitter_misc":{"Escrito por":"El Heraldo","Tiempo de lectura":"1 minuto"},"schema":{"@context":"https:\/\/schema.org","@graph":[{"@type":"Article","@id":"https:\/\/www.bbmnoticias.com\/trabajamos-muy-bien-con-el-gobernador-americo-villarreal-claudia-sheinbaum\/#article","isPartOf":{"@id":"https:\/\/www.bbmnoticias.com\/labravaradiofm\/2026\/08\/20\/trabajamos-muy-bien-con-el-gobernador-americo-villarreal-claudia-sheinbaum\/"},"author":{"name":"El Heraldo","@id":"https:\/\/www.bbmnoticias.com\/labravaradiofm\/#\/schema\/person\/32f1fc7382033a43789e6a250ee81243"},"headline":"\u201cTrabajamos muy bien con el gobernador Am\u00e9rico Villarreal\u201d: Claudia Sheinbaum","datePublished":"2026-08-20T19:07:20+00:00","dateModified":"2026-08-20T19:07:23+00:00","mainEntityOfPage":{"@id":"https:\/\/www.bbmnoticias.com\/labravaradiofm\/2026\/08\/20\/trabajamos-muy-bien-con-el-gobernador-americo-villarreal-claudia-sheinbaum\/"},"wordCount":271,"image":{"@id":"https:\/\/www.bbmnoticias.com\/trabajamos-muy-bien-con-el-gobernador-americo-villarreal-claudia-sheinbaum\/#primaryimage"},"thumbnailUrl":"https:\/\/www.bbmnoticias.com\/labravaradiofm\/wp-content\/uploads\/sites\/5\/2026\/08\/sheimbaum523.jpg","articleSection":["LOCAL","NACIONAL"],"inLanguage":"es"},{"@type":"WebPage","@id":"https:\/\/www.bbmnoticias.com\/labravaradiofm\/2026\/08\/20\/trabajamos-muy-bien-con-el-gobernador-americo-villarreal-claudia-sheinbaum\/","url":"https:\/\/www.bbmnoticias.com\/trabajamos-muy-bien-con-el-gobernador-americo-villarreal-claudia-sheinbaum\/","name":"\u201cTrabajamos muy bien con el gobernador Am\u00e9rico Villarreal\u201d: Claudia Sheinbaum - LA BRAVA RADIO","isPartOf":{"@id":"https:\/\/www.bbmnoticias.com\/labravaradiofm\/#website"},"primaryImageOfPage":{"@id":"https:\/\/www.bbmnoticias.com\/trabajamos-muy-bien-con-el-gobernador-americo-villarreal-claudia-sheinbaum\/#primaryimage"},"image":{"@id":"https:\/\/www.bbmnoticias.com\/trabajamos-muy-bien-con-el-gobernador-americo-villarreal-claudia-sheinbaum\/#primaryimage"},"thumbnailUrl":"https:\/\/www.bbmnoticias.com\/labravaradiofm\/wp-content\/uploads\/sites\/5\/2026\/08\/sheimbaum523.jpg","datePublished":"2026-08-20T19:07:20+00:00","dateModified":"2026-08-20T19:07:23+00:00","author":{"@id":"https:\/\/www.bbmnoticias.com\/labravaradiofm\/#\/schema\/person\/32f1fc7382033a43789e6a250ee81243"},"breadcrumb":{"@id":"https:\/\/www.bbmnoticias.com\/trabajamos-muy-bien-con-el-gobernador-americo-villarreal-claudia-sheinbaum\/#breadcrumb"},"inLanguage":"es","potentialAction":[{"@type":"ReadAction","target":["https:\/\/www.bbmnoticias.com\/trabajamos-muy-bien-con-el-gobernador-americo-villarreal-claudia-sheinbaum\/"]}]},{"@type":"ImageObject","inLanguage":"es","@id":"https:\/\/www.bbmnoticias.com\/trabajamos-muy-bien-con-el-gobernador-americo-villarreal-claudia-sheinbaum\/#primaryimage","url":"https:\/\/www.bbmnoticias.com\/labravaradiofm\/wp-content\/uploads\/sites\/5\/2026\/08\/sheimbaum523.jpg","contentUrl":"https:\/\/www.bbmnoticias.com\/labravaradiofm\/wp-content\/uploads\/sites\/5\/2026\/08\/sheimbaum523.jpg","width":741,"height":417},{"@type":"BreadcrumbList","@id":"https:\/\/www.bbmnoticias.com\/trabajamos-muy-bien-con-el-gobernador-americo-villarreal-claudia-sheinbaum\/#breadcrumb","itemListElement":[{"@type":"ListItem","position":1,"name":"Inicio","item":"https:\/\/www.bbmnoticias.com\/labravaradiofm\/"},{"@type":"ListItem","position":2,"name":"\u201cTrabajamos muy bien con el gobernador Am\u00e9rico Villarreal\u201d: Claudia Sheinbaum"}]},{"@type":"WebSite","@id":"https:\/\/www.bbmnoticias.com\/labravaradiofm\/#website","url":"https:\/\/www.bbmnoticias.com\/labravaradiofm\/","name":"LA BRAVA RADIO","description":"Empresa productora de medios, Radiodifusi\u00f3n, Noticias, tendencias y todo lo que necesitas saber de la pol\u00edtica mexicana e internacional; entretenimiento, espect\u00e1culos, salud y mucho m\u00e1s.","potentialAction":[{"@type":"SearchAction","target":{"@type":"EntryPoint","urlTemplate":"https:\/\/www.bbmnoticias.com\/labravaradiofm\/?s={search_term_string}"},"query-input":{"@type":"PropertyValueSpecification","valueRequired":true,"valueName":"search_term_string"}}],"inLanguage":"es"},{"@type":"Person","@id":"https:\/\/www.bbmnoticias.com\/labravaradiofm\/#\/schema\/person\/32f1fc7382033a43789e6a250ee81243","name":"El Heraldo","image":{"@type":"ImageObject","inLanguage":"es","@id":"https:\/\/secure.gravatar.com\/avatar\/463017be041288b5a196814ef7242bd62699b857f306e4b5b61b533e8a87f404?s=96&d=mm&r=g","url":"https:\/\/secure.gravatar.com\/avatar\/463017be041288b5a196814ef7242bd62699b857f306e4b5b61b533e8a87f404?s=96&d=mm&r=g","contentUrl":"https:\/\/secure.gravatar.com\/avatar\/463017be041288b5a196814ef7242bd62699b857f306e4b5b61b533e8a87f404?s=96&d=mm&r=g","caption":"El Heraldo"},"url":"https:\/\/www.bbmnoticias.com\/labravaradiofm\/author\/heraldo\/"}]}},"_links":{"self":[{"href":"https:\/\/www.bbmnoticias.com\/labravaradiofm\/wp-json\/wp\/v2\/posts\/80874","targetHints":{"allow":["GET"]}}],"collection":[{"href":"https:\/\/www.bbmnoticias.com\/labravaradiofm\/wp-json\/wp\/v2\/posts"}],"about":[{"href":"https:\/\/www.bbmnoticias.com\/labravaradiofm\/wp-json\/wp\/v2\/types\/post"}],"author":[{"embeddable":true,"href":"https:\/\/www.bbmnoticias.com\/labravaradiofm\/wp-json\/wp\/v2\/users\/15"}],"replies":[{"embeddable":true,"href":"https:\/\/www.bbmnoticias.com\/labravaradiofm\/wp-json\/wp\/v2\/comments?post=80874"}],"version-history":[{"count":1,"href":"https:\/\/www.bbmnoticias.com\/labravaradiofm\/wp-json\/wp\/v2\/posts\/80874\/revisions"}],"predecessor-version":[{"id":80875,"href":"https:\/\/www.bbmnoticias.com\/labravaradiofm\/wp-json\/wp\/v2\/posts\/80874\/revisions\/80875"}],"wp:featuredmedia":[{"embeddable":true,"href":"https:\/\/www.bbmnoticias.com\/labravaradiofm\/wp-json\/wp\/v2\/media\/80876"}],"wp:attachment":[{"href":"https:\/\/www.bbmnoticias.com\/labravaradiofm\/wp-json\/wp\/v2\/media?parent=80874"}],"wp:term":[{"taxonomy":"category","embeddable":true,"href":"https:\/\/www.bbmnoticias.com\/labravaradiofm\/wp-json\/wp\/v2\/categories?post=80874"},{"taxonomy":"post_tag","embeddable":true,"href":"https:\/\/www.bbmnoticias.com\/labravaradiofm\/wp-json\/wp\/v2\/tags?post=80874"}],"curies":[{"name":"wp","href":"https:\/\/api.w.org\/{rel}","templated":true}]}}