{"id":80871,"date":"2026-08-20T12:41:11","date_gmt":"2026-08-20T18:41:11","guid":{"rendered":"https:\/\/www.bbmnoticias.com\/labravaradiofm\/2026\/08\/20\/obtiene-fgeo-vinculacion-a-proceso-contra-probable-responsable-de-homicidio-de-una-mujer-cometido-en-santiago-pinotepa-nacional\/"},"modified":"2026-08-20T12:41:14","modified_gmt":"2026-08-20T18:41:14","slug":"obtiene-fgeo-vinculacion-a-proceso-contra-probable-responsable-de-homicidio-de-una-mujer-cometido-en-santiago-pinotepa-nacional","status":"publish","type":"post","link":"https:\/\/www.bbmnoticias.com\/labravaradiofm\/2026\/08\/20\/obtiene-fgeo-vinculacion-a-proceso-contra-probable-responsable-de-homicidio-de-una-mujer-cometido-en-santiago-pinotepa-nacional\/","title":{"rendered":"Obtiene FGEO vinculaci\u00f3n a proceso contra probable responsable de homicidio de una mujer cometido en Santiago Pinotepa Nacional"},"content":{"rendered":"\n<p class=\"wp-block-paragraph\">Oaxaca de Ju\u00e1rez, Oax.- La Fiscal\u00eda General del Estado de Oaxaca (FGEO) obtuvo auto de vinculaci\u00f3n a proceso en contra de una persona del sexo masculino identificada como A.S.A., por su probable responsabilidad en el delito de homicidio calificado, cometido en agravio de una mujer, por hechos ocurridos en Santiago Pinotepa Nacional, en la regi\u00f3n de la Costa.<\/p>\n\n\n\n<p class=\"wp-block-paragraph\">De acuerdo con la investigaci\u00f3n ministerial, los hechos ocurrieron el 12 de junio de 2026, cuando la v\u00edctima circulaba a bordo de una motoneta sobre la colonia El Porvenir de Santiago Pinotepa Nacional.<\/p>\n\n\n\n<p class=\"wp-block-paragraph\">Las investigaciones establecen que, en ese lugar, una motocicleta con dos tripulantes a bordo se emparej\u00f3 con la v\u00edctima y, uno de ellos, realiz\u00f3 disparos de arma de fuego en su contra. Tras la agresi\u00f3n, la mujer perdi\u00f3 la vida a consecuencia de las lesiones provocadas.<\/p>\n\n\n\n<p class=\"wp-block-paragraph\">Derivado de las investigaciones encabezadas por la Vicefiscal\u00eda Regional de la Costa, a trav\u00e9s de la Vicefiscal\u00eda de Delitos Cometidos contra la Mujer por Raz\u00f3n de G\u00e9nero, el Ministerio P\u00fablico reuni\u00f3 los datos de prueba suficientes para presentar el caso ante el Juez de Control, quien libr\u00f3 la orden de aprehensi\u00f3n correspondiente, posteriormente, tras las audiencias y el desahogo de pruebas, resolvi\u00f3 vincular a proceso a A.S.A., por su probable responsabilidad en el delito de homicidio calificado.<\/p>\n\n\n\n<p class=\"wp-block-paragraph\">Como medida cautelar, la autoridad judicial impuso prisi\u00f3n preventiva justificada y otorg\u00f3 un plazo de dos meses para el cierre de la investigaci\u00f3n complementaria.<\/p>\n\n\n\n<p class=\"wp-block-paragraph\">La FGEO reitera su compromiso de realizar investigaciones exhaustivas para llevar ante la justicia a quien o quienes resulten responsables de la comisi\u00f3n de delitos, garantizando el acceso a la justicia para las v\u00edctimas.<\/p>\n\n\n\n<p class=\"wp-block-paragraph\"><\/p>\n","protected":false},"excerpt":{"rendered":"<p>Oaxaca de Ju\u00e1rez, Oax.- La Fiscal\u00eda General del Estado de Oaxaca (FGEO) obtuvo auto de vinculaci\u00f3n a proceso en contra de una persona del sexo masculino identificada como A.S.A., por su probable responsabilidad en el delito de homicidio calificado, cometido en agravio de una mujer, por hechos ocurridos en Santiago Pinotepa Nacional, en la regi\u00f3n [&hellip;]<\/p>\n","protected":false},"author":2,"featured_media":80873,"comment_status":"closed","ping_status":"open","sticky":false,"template":"","format":"standard","meta":{"footnotes":""},"categories":[2,20],"tags":[],"class_list":["post-80871","post","type-post","status-publish","format-standard","has-post-thumbnail","hentry","category-oaxaca","category-policiaca"],"yoast_head":"<!-- This site is optimized with the Yoast SEO plugin v28.1 - https:\/\/yoast.com\/product\/yoast-seo-wordpress\/ -->\n<title>Obtiene FGEO vinculaci\u00f3n a proceso contra probable responsable de homicidio de una mujer cometido en Santiago Pinotepa Nacional - LA BRAVA RADIO<\/title>\n<meta name=\"robots\" content=\"index, follow, max-snippet:-1, max-image-preview:large, max-video-preview:-1\" \/>\n<link rel=\"canonical\" href=\"https:\/\/www.bbmnoticias.com\/obtiene-fgeo-vinculacion-a-proceso-contra-probable-responsable-de-homicidio-de-una-mujer-cometido-en-santiago-pinotepa-nacional\/\" \/>\n<meta property=\"og:locale\" content=\"es_MX\" \/>\n<meta property=\"og:type\" content=\"article\" \/>\n<meta property=\"og:title\" content=\"Obtiene FGEO vinculaci\u00f3n a proceso contra probable responsable de homicidio de una mujer cometido en Santiago Pinotepa Nacional - LA BRAVA RADIO\" \/>\n<meta property=\"og:description\" content=\"Oaxaca de Ju\u00e1rez, Oax.- La Fiscal\u00eda General del Estado de Oaxaca (FGEO) obtuvo auto de vinculaci\u00f3n a proceso en contra de una persona del sexo masculino identificada como A.S.A., por su probable responsabilidad en el delito de homicidio calificado, cometido en agravio de una mujer, por hechos ocurridos en Santiago Pinotepa Nacional, en la regi\u00f3n [&hellip;]\" \/>\n<meta property=\"og:url\" content=\"https:\/\/www.bbmnoticias.com\/obtiene-fgeo-vinculacion-a-proceso-contra-probable-responsable-de-homicidio-de-una-mujer-cometido-en-santiago-pinotepa-nacional\/\" \/>\n<meta property=\"og:site_name\" content=\"LA BRAVA RADIO\" \/>\n<meta property=\"article:published_time\" content=\"2026-08-20T18:41:11+00:00\" \/>\n<meta property=\"article:modified_time\" content=\"2026-08-20T18:41:14+00:00\" \/>\n<meta property=\"og:image\" content=\"https:\/\/www.bbmnoticias.com\/labravaradiofm\/wp-content\/uploads\/sites\/5\/2026\/08\/54153213.jpg\" \/>\n\t<meta property=\"og:image:width\" content=\"790\" \/>\n\t<meta property=\"og:image:height\" content=\"626\" \/>\n\t<meta property=\"og:image:type\" content=\"image\/jpeg\" \/>\n<meta name=\"author\" content=\"Staff\" \/>\n<meta name=\"twitter:card\" content=\"summary_large_image\" \/>\n<meta name=\"twitter:label1\" content=\"Escrito por\" \/>\n\t<meta name=\"twitter:data1\" content=\"Staff\" \/>\n\t<meta name=\"twitter:label2\" content=\"Tiempo de lectura\" \/>\n\t<meta name=\"twitter:data2\" content=\"1 minuto\" \/>\n<script type=\"application\/ld+json\" class=\"yoast-schema-graph\">{\"@context\":\"https:\\\/\\\/schema.org\",\"@graph\":[{\"@type\":\"Article\",\"@id\":\"https:\\\/\\\/www.bbmnoticias.com\\\/obtiene-fgeo-vinculacion-a-proceso-contra-probable-responsable-de-homicidio-de-una-mujer-cometido-en-santiago-pinotepa-nacional\\\/#article\",\"isPartOf\":{\"@id\":\"https:\\\/\\\/www.bbmnoticias.com\\\/labravaradiofm\\\/2026\\\/08\\\/20\\\/obtiene-fgeo-vinculacion-a-proceso-contra-probable-responsable-de-homicidio-de-una-mujer-cometido-en-santiago-pinotepa-nacional\\\/\"},\"author\":{\"name\":\"Staff\",\"@id\":\"https:\\\/\\\/www.bbmnoticias.com\\\/labravaradiofm\\\/#\\\/schema\\\/person\\\/9eb037257fc48a09cdf31d9a2f45619f\"},\"headline\":\"Obtiene FGEO vinculaci\u00f3n a proceso contra probable responsable de homicidio de una mujer cometido en Santiago Pinotepa Nacional\",\"datePublished\":\"2026-08-20T18:41:11+00:00\",\"dateModified\":\"2026-08-20T18:41:14+00:00\",\"mainEntityOfPage\":{\"@id\":\"https:\\\/\\\/www.bbmnoticias.com\\\/labravaradiofm\\\/2026\\\/08\\\/20\\\/obtiene-fgeo-vinculacion-a-proceso-contra-probable-responsable-de-homicidio-de-una-mujer-cometido-en-santiago-pinotepa-nacional\\\/\"},\"wordCount\":313,\"image\":{\"@id\":\"https:\\\/\\\/www.bbmnoticias.com\\\/obtiene-fgeo-vinculacion-a-proceso-contra-probable-responsable-de-homicidio-de-una-mujer-cometido-en-santiago-pinotepa-nacional\\\/#primaryimage\"},\"thumbnailUrl\":\"https:\\\/\\\/www.bbmnoticias.com\\\/labravaradiofm\\\/wp-content\\\/uploads\\\/sites\\\/5\\\/2026\\\/08\\\/54153213.jpg\",\"articleSection\":[\"LOCAL\",\"POLICIACA\"],\"inLanguage\":\"es\"},{\"@type\":\"WebPage\",\"@id\":\"https:\\\/\\\/www.bbmnoticias.com\\\/labravaradiofm\\\/2026\\\/08\\\/20\\\/obtiene-fgeo-vinculacion-a-proceso-contra-probable-responsable-de-homicidio-de-una-mujer-cometido-en-santiago-pinotepa-nacional\\\/\",\"url\":\"https:\\\/\\\/www.bbmnoticias.com\\\/obtiene-fgeo-vinculacion-a-proceso-contra-probable-responsable-de-homicidio-de-una-mujer-cometido-en-santiago-pinotepa-nacional\\\/\",\"name\":\"Obtiene FGEO vinculaci\u00f3n a proceso contra probable responsable de homicidio de una mujer cometido en Santiago Pinotepa Nacional - LA BRAVA RADIO\",\"isPartOf\":{\"@id\":\"https:\\\/\\\/www.bbmnoticias.com\\\/labravaradiofm\\\/#website\"},\"primaryImageOfPage\":{\"@id\":\"https:\\\/\\\/www.bbmnoticias.com\\\/obtiene-fgeo-vinculacion-a-proceso-contra-probable-responsable-de-homicidio-de-una-mujer-cometido-en-santiago-pinotepa-nacional\\\/#primaryimage\"},\"image\":{\"@id\":\"https:\\\/\\\/www.bbmnoticias.com\\\/obtiene-fgeo-vinculacion-a-proceso-contra-probable-responsable-de-homicidio-de-una-mujer-cometido-en-santiago-pinotepa-nacional\\\/#primaryimage\"},\"thumbnailUrl\":\"https:\\\/\\\/www.bbmnoticias.com\\\/labravaradiofm\\\/wp-content\\\/uploads\\\/sites\\\/5\\\/2026\\\/08\\\/54153213.jpg\",\"datePublished\":\"2026-08-20T18:41:11+00:00\",\"dateModified\":\"2026-08-20T18:41:14+00:00\",\"author\":{\"@id\":\"https:\\\/\\\/www.bbmnoticias.com\\\/labravaradiofm\\\/#\\\/schema\\\/person\\\/9eb037257fc48a09cdf31d9a2f45619f\"},\"breadcrumb\":{\"@id\":\"https:\\\/\\\/www.bbmnoticias.com\\\/obtiene-fgeo-vinculacion-a-proceso-contra-probable-responsable-de-homicidio-de-una-mujer-cometido-en-santiago-pinotepa-nacional\\\/#breadcrumb\"},\"inLanguage\":\"es\",\"potentialAction\":[{\"@type\":\"ReadAction\",\"target\":[\"https:\\\/\\\/www.bbmnoticias.com\\\/obtiene-fgeo-vinculacion-a-proceso-contra-probable-responsable-de-homicidio-de-una-mujer-cometido-en-santiago-pinotepa-nacional\\\/\"]}]},{\"@type\":\"ImageObject\",\"inLanguage\":\"es\",\"@id\":\"https:\\\/\\\/www.bbmnoticias.com\\\/obtiene-fgeo-vinculacion-a-proceso-contra-probable-responsable-de-homicidio-de-una-mujer-cometido-en-santiago-pinotepa-nacional\\\/#primaryimage\",\"url\":\"https:\\\/\\\/www.bbmnoticias.com\\\/labravaradiofm\\\/wp-content\\\/uploads\\\/sites\\\/5\\\/2026\\\/08\\\/54153213.jpg\",\"contentUrl\":\"https:\\\/\\\/www.bbmnoticias.com\\\/labravaradiofm\\\/wp-content\\\/uploads\\\/sites\\\/5\\\/2026\\\/08\\\/54153213.jpg\",\"width\":790,\"height\":626},{\"@type\":\"BreadcrumbList\",\"@id\":\"https:\\\/\\\/www.bbmnoticias.com\\\/obtiene-fgeo-vinculacion-a-proceso-contra-probable-responsable-de-homicidio-de-una-mujer-cometido-en-santiago-pinotepa-nacional\\\/#breadcrumb\",\"itemListElement\":[{\"@type\":\"ListItem\",\"position\":1,\"name\":\"Inicio\",\"item\":\"https:\\\/\\\/www.bbmnoticias.com\\\/labravaradiofm\\\/\"},{\"@type\":\"ListItem\",\"position\":2,\"name\":\"Obtiene FGEO vinculaci\u00f3n a proceso contra probable responsable de homicidio de una mujer cometido en Santiago Pinotepa Nacional\"}]},{\"@type\":\"WebSite\",\"@id\":\"https:\\\/\\\/www.bbmnoticias.com\\\/labravaradiofm\\\/#website\",\"url\":\"https:\\\/\\\/www.bbmnoticias.com\\\/labravaradiofm\\\/\",\"name\":\"LA BRAVA RADIO\",\"description\":\"Empresa productora de medios, Radiodifusi\u00f3n, Noticias, tendencias y todo lo que necesitas saber de la pol\u00edtica mexicana e internacional; entretenimiento, espect\u00e1culos, salud y mucho m\u00e1s.\",\"potentialAction\":[{\"@type\":\"SearchAction\",\"target\":{\"@type\":\"EntryPoint\",\"urlTemplate\":\"https:\\\/\\\/www.bbmnoticias.com\\\/labravaradiofm\\\/?s={search_term_string}\"},\"query-input\":{\"@type\":\"PropertyValueSpecification\",\"valueRequired\":true,\"valueName\":\"search_term_string\"}}],\"inLanguage\":\"es\"},{\"@type\":\"Person\",\"@id\":\"https:\\\/\\\/www.bbmnoticias.com\\\/labravaradiofm\\\/#\\\/schema\\\/person\\\/9eb037257fc48a09cdf31d9a2f45619f\",\"name\":\"Staff\",\"image\":{\"@type\":\"ImageObject\",\"inLanguage\":\"es\",\"@id\":\"https:\\\/\\\/secure.gravatar.com\\\/avatar\\\/fdd21ad66fd8b98c407f9dee5b5e588cfe7f0d8579ec20fa6527cd59bab7f0f0?s=96&d=mm&r=g\",\"url\":\"https:\\\/\\\/secure.gravatar.com\\\/avatar\\\/fdd21ad66fd8b98c407f9dee5b5e588cfe7f0d8579ec20fa6527cd59bab7f0f0?s=96&d=mm&r=g\",\"contentUrl\":\"https:\\\/\\\/secure.gravatar.com\\\/avatar\\\/fdd21ad66fd8b98c407f9dee5b5e588cfe7f0d8579ec20fa6527cd59bab7f0f0?s=96&d=mm&r=g\",\"caption\":\"Staff\"},\"url\":\"https:\\\/\\\/www.bbmnoticias.com\\\/labravaradiofm\\\/author\\\/redaccion\\\/\"}]}<\/script>\n<!-- \/ Yoast SEO plugin. -->","yoast_head_json":{"title":"Obtiene FGEO vinculaci\u00f3n a proceso contra probable responsable de homicidio de una mujer cometido en Santiago Pinotepa Nacional - LA BRAVA RADIO","robots":{"index":"index","follow":"follow","max-snippet":"max-snippet:-1","max-image-preview":"max-image-preview:large","max-video-preview":"max-video-preview:-1"},"canonical":"https:\/\/www.bbmnoticias.com\/obtiene-fgeo-vinculacion-a-proceso-contra-probable-responsable-de-homicidio-de-una-mujer-cometido-en-santiago-pinotepa-nacional\/","og_locale":"es_MX","og_type":"article","og_title":"Obtiene FGEO vinculaci\u00f3n a proceso contra probable responsable de homicidio de una mujer cometido en Santiago Pinotepa Nacional - LA BRAVA RADIO","og_description":"Oaxaca de Ju\u00e1rez, Oax.- La Fiscal\u00eda General del Estado de Oaxaca (FGEO) obtuvo auto de vinculaci\u00f3n a proceso en contra de una persona del sexo masculino identificada como A.S.A., por su probable responsabilidad en el delito de homicidio calificado, cometido en agravio de una mujer, por hechos ocurridos en Santiago Pinotepa Nacional, en la regi\u00f3n [&hellip;]","og_url":"https:\/\/www.bbmnoticias.com\/obtiene-fgeo-vinculacion-a-proceso-contra-probable-responsable-de-homicidio-de-una-mujer-cometido-en-santiago-pinotepa-nacional\/","og_site_name":"LA BRAVA RADIO","article_published_time":"2026-08-20T18:41:11+00:00","article_modified_time":"2026-08-20T18:41:14+00:00","og_image":[{"width":790,"height":626,"url":"https:\/\/www.bbmnoticias.com\/labravaradiofm\/wp-content\/uploads\/sites\/5\/2026\/08\/54153213.jpg","type":"image\/jpeg"}],"author":"Staff","twitter_card":"summary_large_image","twitter_misc":{"Escrito por":"Staff","Tiempo de lectura":"1 minuto"},"schema":{"@context":"https:\/\/schema.org","@graph":[{"@type":"Article","@id":"https:\/\/www.bbmnoticias.com\/obtiene-fgeo-vinculacion-a-proceso-contra-probable-responsable-de-homicidio-de-una-mujer-cometido-en-santiago-pinotepa-nacional\/#article","isPartOf":{"@id":"https:\/\/www.bbmnoticias.com\/labravaradiofm\/2026\/08\/20\/obtiene-fgeo-vinculacion-a-proceso-contra-probable-responsable-de-homicidio-de-una-mujer-cometido-en-santiago-pinotepa-nacional\/"},"author":{"name":"Staff","@id":"https:\/\/www.bbmnoticias.com\/labravaradiofm\/#\/schema\/person\/9eb037257fc48a09cdf31d9a2f45619f"},"headline":"Obtiene FGEO vinculaci\u00f3n a proceso contra probable responsable de homicidio de una mujer cometido en Santiago Pinotepa Nacional","datePublished":"2026-08-20T18:41:11+00:00","dateModified":"2026-08-20T18:41:14+00:00","mainEntityOfPage":{"@id":"https:\/\/www.bbmnoticias.com\/labravaradiofm\/2026\/08\/20\/obtiene-fgeo-vinculacion-a-proceso-contra-probable-responsable-de-homicidio-de-una-mujer-cometido-en-santiago-pinotepa-nacional\/"},"wordCount":313,"image":{"@id":"https:\/\/www.bbmnoticias.com\/obtiene-fgeo-vinculacion-a-proceso-contra-probable-responsable-de-homicidio-de-una-mujer-cometido-en-santiago-pinotepa-nacional\/#primaryimage"},"thumbnailUrl":"https:\/\/www.bbmnoticias.com\/labravaradiofm\/wp-content\/uploads\/sites\/5\/2026\/08\/54153213.jpg","articleSection":["LOCAL","POLICIACA"],"inLanguage":"es"},{"@type":"WebPage","@id":"https:\/\/www.bbmnoticias.com\/labravaradiofm\/2026\/08\/20\/obtiene-fgeo-vinculacion-a-proceso-contra-probable-responsable-de-homicidio-de-una-mujer-cometido-en-santiago-pinotepa-nacional\/","url":"https:\/\/www.bbmnoticias.com\/obtiene-fgeo-vinculacion-a-proceso-contra-probable-responsable-de-homicidio-de-una-mujer-cometido-en-santiago-pinotepa-nacional\/","name":"Obtiene FGEO vinculaci\u00f3n a proceso contra probable responsable de homicidio de una mujer cometido en Santiago Pinotepa Nacional - LA BRAVA RADIO","isPartOf":{"@id":"https:\/\/www.bbmnoticias.com\/labravaradiofm\/#website"},"primaryImageOfPage":{"@id":"https:\/\/www.bbmnoticias.com\/obtiene-fgeo-vinculacion-a-proceso-contra-probable-responsable-de-homicidio-de-una-mujer-cometido-en-santiago-pinotepa-nacional\/#primaryimage"},"image":{"@id":"https:\/\/www.bbmnoticias.com\/obtiene-fgeo-vinculacion-a-proceso-contra-probable-responsable-de-homicidio-de-una-mujer-cometido-en-santiago-pinotepa-nacional\/#primaryimage"},"thumbnailUrl":"https:\/\/www.bbmnoticias.com\/labravaradiofm\/wp-content\/uploads\/sites\/5\/2026\/08\/54153213.jpg","datePublished":"2026-08-20T18:41:11+00:00","dateModified":"2026-08-20T18:41:14+00:00","author":{"@id":"https:\/\/www.bbmnoticias.com\/labravaradiofm\/#\/schema\/person\/9eb037257fc48a09cdf31d9a2f45619f"},"breadcrumb":{"@id":"https:\/\/www.bbmnoticias.com\/obtiene-fgeo-vinculacion-a-proceso-contra-probable-responsable-de-homicidio-de-una-mujer-cometido-en-santiago-pinotepa-nacional\/#breadcrumb"},"inLanguage":"es","potentialAction":[{"@type":"ReadAction","target":["https:\/\/www.bbmnoticias.com\/obtiene-fgeo-vinculacion-a-proceso-contra-probable-responsable-de-homicidio-de-una-mujer-cometido-en-santiago-pinotepa-nacional\/"]}]},{"@type":"ImageObject","inLanguage":"es","@id":"https:\/\/www.bbmnoticias.com\/obtiene-fgeo-vinculacion-a-proceso-contra-probable-responsable-de-homicidio-de-una-mujer-cometido-en-santiago-pinotepa-nacional\/#primaryimage","url":"https:\/\/www.bbmnoticias.com\/labravaradiofm\/wp-content\/uploads\/sites\/5\/2026\/08\/54153213.jpg","contentUrl":"https:\/\/www.bbmnoticias.com\/labravaradiofm\/wp-content\/uploads\/sites\/5\/2026\/08\/54153213.jpg","width":790,"height":626},{"@type":"BreadcrumbList","@id":"https:\/\/www.bbmnoticias.com\/obtiene-fgeo-vinculacion-a-proceso-contra-probable-responsable-de-homicidio-de-una-mujer-cometido-en-santiago-pinotepa-nacional\/#breadcrumb","itemListElement":[{"@type":"ListItem","position":1,"name":"Inicio","item":"https:\/\/www.bbmnoticias.com\/labravaradiofm\/"},{"@type":"ListItem","position":2,"name":"Obtiene FGEO vinculaci\u00f3n a proceso contra probable responsable de homicidio de una mujer cometido en Santiago Pinotepa Nacional"}]},{"@type":"WebSite","@id":"https:\/\/www.bbmnoticias.com\/labravaradiofm\/#website","url":"https:\/\/www.bbmnoticias.com\/labravaradiofm\/","name":"LA BRAVA RADIO","description":"Empresa productora de medios, Radiodifusi\u00f3n, Noticias, tendencias y todo lo que necesitas saber de la pol\u00edtica mexicana e internacional; entretenimiento, espect\u00e1culos, salud y mucho m\u00e1s.","potentialAction":[{"@type":"SearchAction","target":{"@type":"EntryPoint","urlTemplate":"https:\/\/www.bbmnoticias.com\/labravaradiofm\/?s={search_term_string}"},"query-input":{"@type":"PropertyValueSpecification","valueRequired":true,"valueName":"search_term_string"}}],"inLanguage":"es"},{"@type":"Person","@id":"https:\/\/www.bbmnoticias.com\/labravaradiofm\/#\/schema\/person\/9eb037257fc48a09cdf31d9a2f45619f","name":"Staff","image":{"@type":"ImageObject","inLanguage":"es","@id":"https:\/\/secure.gravatar.com\/avatar\/fdd21ad66fd8b98c407f9dee5b5e588cfe7f0d8579ec20fa6527cd59bab7f0f0?s=96&d=mm&r=g","url":"https:\/\/secure.gravatar.com\/avatar\/fdd21ad66fd8b98c407f9dee5b5e588cfe7f0d8579ec20fa6527cd59bab7f0f0?s=96&d=mm&r=g","contentUrl":"https:\/\/secure.gravatar.com\/avatar\/fdd21ad66fd8b98c407f9dee5b5e588cfe7f0d8579ec20fa6527cd59bab7f0f0?s=96&d=mm&r=g","caption":"Staff"},"url":"https:\/\/www.bbmnoticias.com\/labravaradiofm\/author\/redaccion\/"}]}},"_links":{"self":[{"href":"https:\/\/www.bbmnoticias.com\/labravaradiofm\/wp-json\/wp\/v2\/posts\/80871","targetHints":{"allow":["GET"]}}],"collection":[{"href":"https:\/\/www.bbmnoticias.com\/labravaradiofm\/wp-json\/wp\/v2\/posts"}],"about":[{"href":"https:\/\/www.bbmnoticias.com\/labravaradiofm\/wp-json\/wp\/v2\/types\/post"}],"author":[{"embeddable":true,"href":"https:\/\/www.bbmnoticias.com\/labravaradiofm\/wp-json\/wp\/v2\/users\/2"}],"replies":[{"embeddable":true,"href":"https:\/\/www.bbmnoticias.com\/labravaradiofm\/wp-json\/wp\/v2\/comments?post=80871"}],"version-history":[{"count":1,"href":"https:\/\/www.bbmnoticias.com\/labravaradiofm\/wp-json\/wp\/v2\/posts\/80871\/revisions"}],"predecessor-version":[{"id":80872,"href":"https:\/\/www.bbmnoticias.com\/labravaradiofm\/wp-json\/wp\/v2\/posts\/80871\/revisions\/80872"}],"wp:featuredmedia":[{"embeddable":true,"href":"https:\/\/www.bbmnoticias.com\/labravaradiofm\/wp-json\/wp\/v2\/media\/80873"}],"wp:attachment":[{"href":"https:\/\/www.bbmnoticias.com\/labravaradiofm\/wp-json\/wp\/v2\/media?parent=80871"}],"wp:term":[{"taxonomy":"category","embeddable":true,"href":"https:\/\/www.bbmnoticias.com\/labravaradiofm\/wp-json\/wp\/v2\/categories?post=80871"},{"taxonomy":"post_tag","embeddable":true,"href":"https:\/\/www.bbmnoticias.com\/labravaradiofm\/wp-json\/wp\/v2\/tags?post=80871"}],"curies":[{"name":"wp","href":"https:\/\/api.w.org\/{rel}","templated":true}]}}