{"id":80861,"date":"2026-08-20T09:18:55","date_gmt":"2026-08-20T15:18:55","guid":{"rendered":"https:\/\/www.bbmnoticias.com\/labravaradiofm\/2026\/08\/20\/inauguran-centro-medico-cesat-en-tehuantepec-buscan-fortalecer-servicios-de-salud-en-el-istmo\/"},"modified":"2026-08-20T09:18:58","modified_gmt":"2026-08-20T15:18:58","slug":"inauguran-centro-medico-cesat-en-tehuantepec-buscan-fortalecer-servicios-de-salud-en-el-istmo","status":"publish","type":"post","link":"https:\/\/www.bbmnoticias.com\/labravaradiofm\/2026\/08\/20\/inauguran-centro-medico-cesat-en-tehuantepec-buscan-fortalecer-servicios-de-salud-en-el-istmo\/","title":{"rendered":"Inauguran Centro M\u00e9dico CESAT en Tehuantepec; buscan fortalecer servicios de salud en el Istmo"},"content":{"rendered":"\n<p class=\"wp-block-paragraph\"><strong>Santo Domingo Tehuantepec, Oaxaca.\u2014<\/strong> Con una inversi\u00f3n privada y una infraestructura de cinco niveles, fue presentado el <strong>Centro M\u00e9dico CESAT<\/strong>, ubicado en la zona conurbada de Tehuantepec y Salina Cruz, con el objetivo de ampliar la oferta de servicios m\u00e9dicos especializados en el Istmo de Tehuantepec.<\/p>\n\n\n\n<p class=\"wp-block-paragraph\">Durante un recorrido por las instalaciones, directivos e inversionistas destacaron que el nuevo centro m\u00e9dico busca brindar atenci\u00f3n hospitalaria sin que los pacientes de la regi\u00f3n tengan que trasladarse a otras ciudades o estados para recibir determinados servicios.<\/p>\n\n\n\n<p class=\"wp-block-paragraph\">El inmueble se localiza sobre la <strong>Avenida Universidad<\/strong>, en las inmediaciones del ISSSTE de Tehuantepec, y cuenta con \u00e1reas de urgencias, hospitalizaci\u00f3n, quir\u00f3fanos, diagn\u00f3stico por imagen y otros servicios m\u00e9dicos.<\/p>\n\n\n\n<h3 class=\"wp-block-heading\">Equipamiento para atenci\u00f3n de urgencias<\/h3>\n\n\n\n<p class=\"wp-block-paragraph\">El doctor <strong>Leonel Garc\u00eda III<\/strong>, integrante del equipo m\u00e9dico, explic\u00f3 que el \u00e1rea de urgencias fue dise\u00f1ada para atender pacientes que requieran atenci\u00f3n inmediata.<\/p>\n\n\n\n<p class=\"wp-block-paragraph\">Entre el equipamiento mostrado se encuentran un \u00e1rea de choque, ventiladores, bombas de infusi\u00f3n, monitores, una torre de alto flujo de ox\u00edgeno, electrocardi\u00f3grafo y el denominado carro rojo para atenci\u00f3n de emergencias.<\/p>\n\n\n\n<p class=\"wp-block-paragraph\">Tambi\u00e9n se cuenta con un \u00e1rea de observaci\u00f3n para pacientes que requieran permanecer algunas horas bajo vigilancia m\u00e9dica antes de ser dados de alta o trasladados a otra unidad.<\/p>\n\n\n\n<p class=\"wp-block-paragraph\">De acuerdo con los responsables del centro, las instalaciones fueron dise\u00f1adas considerando los requerimientos sanitarios aplicables a establecimientos hospitalarios.<\/p>\n\n\n\n<h3 class=\"wp-block-heading\">Quir\u00f3fanos y \u00e1reas especializadas<\/h3>\n\n\n\n<p class=\"wp-block-paragraph\">El recorrido tambi\u00e9n incluy\u00f3 las \u00e1reas destinadas a quir\u00f3fanos, donde se explic\u00f3 que existen zonas de transferencia y espacios espec\u00edficos para el manejo de material est\u00e9ril.<\/p>\n\n\n\n<p class=\"wp-block-paragraph\">Por razones de higiene y seguridad, el acceso a las \u00e1reas quir\u00fargicas se encuentra restringido y requiere el cumplimiento de los protocolos correspondientes.<\/p>\n\n\n\n<p class=\"wp-block-paragraph\">El Centro M\u00e9dico CESAT tambi\u00e9n cuenta con \u00e1reas de <strong>rayos X, ultrasonido y tomograf\u00eda<\/strong>, lo que permitir\u00e1 realizar estudios de diagn\u00f3stico dentro de las mismas instalaciones.<\/p>\n\n\n\n<p class=\"wp-block-paragraph\">La infraestructura incluye adem\u00e1s elevadores con acceso por ambos lados, dise\u00f1ados para facilitar el traslado de pacientes desde urgencias hacia las \u00e1reas de hospitalizaci\u00f3n y otros servicios.<\/p>\n\n\n\n<h3 class=\"wp-block-heading\">Inversi\u00f3n para el Istmo<\/h3>\n\n\n\n<p class=\"wp-block-paragraph\">Durante la presentaci\u00f3n, <strong>Fernando Berm\u00fadez<\/strong>, uno de los inversionistas del proyecto, se\u00f1al\u00f3 que la decisi\u00f3n de invertir en Tehuantepec responde al crecimiento de la regi\u00f3n y a la necesidad de ampliar la infraestructura de salud.<\/p>\n\n\n\n<p class=\"wp-block-paragraph\">Explic\u00f3 que el grupo de inversionistas cuenta con experiencia en otros proyectos hospitalarios en <strong>Ciudad del Carmen, Campeche, y San Crist\u00f3bal de las Casas, Chiapas<\/strong>, por lo que el Centro M\u00e9dico CESAT representa una nueva apuesta por el sector salud en Oaxaca.<\/p>\n\n\n\n<p class=\"wp-block-paragraph\">\u201cTehuantepec est\u00e1 creciendo y en el sector salud tambi\u00e9n tenemos que invertir\u201d, se\u00f1al\u00f3 durante el recorrido.<\/p>\n\n\n\n<h3 class=\"wp-block-heading\">Buscan evitar traslados fuera de Oaxaca<\/h3>\n\n\n\n<p class=\"wp-block-paragraph\">Los responsables del proyecto destacaron que uno de los objetivos es ofrecer servicios m\u00e9dicos especializados a habitantes del Istmo y comunidades cercanas.<\/p>\n\n\n\n<p class=\"wp-block-paragraph\">La intenci\u00f3n, se\u00f1alaron, es reducir la necesidad de que pacientes y familiares tengan que trasladarse hasta Oaxaca de Ju\u00e1rez, Veracruz, Puebla o Ciudad de M\u00e9xico para recibir determinados servicios.<\/p>\n\n\n\n<p class=\"wp-block-paragraph\">El Centro M\u00e9dico CESAT se presenta as\u00ed como una nueva opci\u00f3n de atenci\u00f3n privada para la regi\u00f3n, con servicios de urgencias, hospitalizaci\u00f3n, diagn\u00f3stico y atenci\u00f3n quir\u00fargica.<\/p>\n\n\n\n<p class=\"wp-block-paragraph\">La apertura del inmueble ocurre en un contexto de crecimiento de la actividad econ\u00f3mica y de infraestructura en el Istmo de Tehuantepec, una de las regiones consideradas estrat\u00e9gicas para el desarrollo del sur-sureste del pa\u00eds.<\/p>\n\n\n\n<p class=\"wp-block-paragraph\"><\/p>\n","protected":false},"excerpt":{"rendered":"<p>Santo Domingo Tehuantepec, Oaxaca.\u2014 Con una inversi\u00f3n privada y una infraestructura de cinco niveles, fue presentado el Centro M\u00e9dico CESAT, ubicado en la zona conurbada de Tehuantepec y Salina Cruz, con el objetivo de ampliar la oferta de servicios m\u00e9dicos especializados en el Istmo de Tehuantepec. Durante un recorrido por las instalaciones, directivos e inversionistas [&hellip;]<\/p>\n","protected":false},"author":2,"featured_media":80863,"comment_status":"closed","ping_status":"open","sticky":false,"template":"","format":"standard","meta":{"footnotes":""},"categories":[2],"tags":[],"class_list":["post-80861","post","type-post","status-publish","format-standard","has-post-thumbnail","hentry","category-oaxaca"],"yoast_head":"<!-- This site is optimized with the Yoast SEO plugin v28.1 - https:\/\/yoast.com\/product\/yoast-seo-wordpress\/ -->\n<title>Inauguran Centro M\u00e9dico CESAT en Tehuantepec; buscan fortalecer servicios de salud en el Istmo - LA BRAVA RADIO<\/title>\n<meta name=\"robots\" content=\"index, follow, max-snippet:-1, max-image-preview:large, max-video-preview:-1\" \/>\n<link rel=\"canonical\" href=\"https:\/\/www.bbmnoticias.com\/inauguran-centro-medico-cesat-en-tehuantepec-buscan-fortalecer-servicios-de-salud-en-el-istmo\/\" \/>\n<meta property=\"og:locale\" content=\"es_MX\" \/>\n<meta property=\"og:type\" content=\"article\" \/>\n<meta property=\"og:title\" content=\"Inauguran Centro M\u00e9dico CESAT en Tehuantepec; buscan fortalecer servicios de salud en el Istmo - LA BRAVA RADIO\" \/>\n<meta property=\"og:description\" content=\"Santo Domingo Tehuantepec, Oaxaca.\u2014 Con una inversi\u00f3n privada y una infraestructura de cinco niveles, fue presentado el Centro M\u00e9dico CESAT, ubicado en la zona conurbada de Tehuantepec y Salina Cruz, con el objetivo de ampliar la oferta de servicios m\u00e9dicos especializados en el Istmo de Tehuantepec. Durante un recorrido por las instalaciones, directivos e inversionistas [&hellip;]\" \/>\n<meta property=\"og:url\" content=\"https:\/\/www.bbmnoticias.com\/inauguran-centro-medico-cesat-en-tehuantepec-buscan-fortalecer-servicios-de-salud-en-el-istmo\/\" \/>\n<meta property=\"og:site_name\" content=\"LA BRAVA RADIO\" \/>\n<meta property=\"article:published_time\" content=\"2026-08-20T15:18:55+00:00\" \/>\n<meta property=\"article:modified_time\" content=\"2026-08-20T15:18:58+00:00\" \/>\n<meta property=\"og:image\" content=\"https:\/\/www.bbmnoticias.com\/labravaradiofm\/wp-content\/uploads\/sites\/5\/2026\/08\/centro_medico_cesat.jpg\" \/>\n\t<meta property=\"og:image:width\" content=\"750\" \/>\n\t<meta property=\"og:image:height\" content=\"450\" \/>\n\t<meta property=\"og:image:type\" content=\"image\/jpeg\" \/>\n<meta name=\"author\" content=\"Staff\" \/>\n<meta name=\"twitter:card\" content=\"summary_large_image\" \/>\n<meta name=\"twitter:label1\" content=\"Escrito por\" \/>\n\t<meta name=\"twitter:data1\" content=\"Staff\" \/>\n\t<meta name=\"twitter:label2\" content=\"Tiempo de lectura\" \/>\n\t<meta name=\"twitter:data2\" content=\"3 minutos\" \/>\n<script type=\"application\/ld+json\" class=\"yoast-schema-graph\">{\"@context\":\"https:\\\/\\\/schema.org\",\"@graph\":[{\"@type\":\"Article\",\"@id\":\"https:\\\/\\\/www.bbmnoticias.com\\\/inauguran-centro-medico-cesat-en-tehuantepec-buscan-fortalecer-servicios-de-salud-en-el-istmo\\\/#article\",\"isPartOf\":{\"@id\":\"https:\\\/\\\/www.bbmnoticias.com\\\/labravaradiofm\\\/2026\\\/08\\\/20\\\/inauguran-centro-medico-cesat-en-tehuantepec-buscan-fortalecer-servicios-de-salud-en-el-istmo\\\/\"},\"author\":{\"name\":\"Staff\",\"@id\":\"https:\\\/\\\/www.bbmnoticias.com\\\/labravaradiofm\\\/#\\\/schema\\\/person\\\/9eb037257fc48a09cdf31d9a2f45619f\"},\"headline\":\"Inauguran Centro M\u00e9dico CESAT en Tehuantepec; buscan fortalecer servicios de salud en el Istmo\",\"datePublished\":\"2026-08-20T15:18:55+00:00\",\"dateModified\":\"2026-08-20T15:18:58+00:00\",\"mainEntityOfPage\":{\"@id\":\"https:\\\/\\\/www.bbmnoticias.com\\\/labravaradiofm\\\/2026\\\/08\\\/20\\\/inauguran-centro-medico-cesat-en-tehuantepec-buscan-fortalecer-servicios-de-salud-en-el-istmo\\\/\"},\"wordCount\":621,\"image\":{\"@id\":\"https:\\\/\\\/www.bbmnoticias.com\\\/inauguran-centro-medico-cesat-en-tehuantepec-buscan-fortalecer-servicios-de-salud-en-el-istmo\\\/#primaryimage\"},\"thumbnailUrl\":\"https:\\\/\\\/www.bbmnoticias.com\\\/labravaradiofm\\\/wp-content\\\/uploads\\\/sites\\\/5\\\/2026\\\/08\\\/centro_medico_cesat.jpg\",\"articleSection\":[\"LOCAL\"],\"inLanguage\":\"es\"},{\"@type\":\"WebPage\",\"@id\":\"https:\\\/\\\/www.bbmnoticias.com\\\/labravaradiofm\\\/2026\\\/08\\\/20\\\/inauguran-centro-medico-cesat-en-tehuantepec-buscan-fortalecer-servicios-de-salud-en-el-istmo\\\/\",\"url\":\"https:\\\/\\\/www.bbmnoticias.com\\\/inauguran-centro-medico-cesat-en-tehuantepec-buscan-fortalecer-servicios-de-salud-en-el-istmo\\\/\",\"name\":\"Inauguran Centro M\u00e9dico CESAT en Tehuantepec; buscan fortalecer servicios de salud en el Istmo - LA BRAVA RADIO\",\"isPartOf\":{\"@id\":\"https:\\\/\\\/www.bbmnoticias.com\\\/labravaradiofm\\\/#website\"},\"primaryImageOfPage\":{\"@id\":\"https:\\\/\\\/www.bbmnoticias.com\\\/inauguran-centro-medico-cesat-en-tehuantepec-buscan-fortalecer-servicios-de-salud-en-el-istmo\\\/#primaryimage\"},\"image\":{\"@id\":\"https:\\\/\\\/www.bbmnoticias.com\\\/inauguran-centro-medico-cesat-en-tehuantepec-buscan-fortalecer-servicios-de-salud-en-el-istmo\\\/#primaryimage\"},\"thumbnailUrl\":\"https:\\\/\\\/www.bbmnoticias.com\\\/labravaradiofm\\\/wp-content\\\/uploads\\\/sites\\\/5\\\/2026\\\/08\\\/centro_medico_cesat.jpg\",\"datePublished\":\"2026-08-20T15:18:55+00:00\",\"dateModified\":\"2026-08-20T15:18:58+00:00\",\"author\":{\"@id\":\"https:\\\/\\\/www.bbmnoticias.com\\\/labravaradiofm\\\/#\\\/schema\\\/person\\\/9eb037257fc48a09cdf31d9a2f45619f\"},\"breadcrumb\":{\"@id\":\"https:\\\/\\\/www.bbmnoticias.com\\\/inauguran-centro-medico-cesat-en-tehuantepec-buscan-fortalecer-servicios-de-salud-en-el-istmo\\\/#breadcrumb\"},\"inLanguage\":\"es\",\"potentialAction\":[{\"@type\":\"ReadAction\",\"target\":[\"https:\\\/\\\/www.bbmnoticias.com\\\/inauguran-centro-medico-cesat-en-tehuantepec-buscan-fortalecer-servicios-de-salud-en-el-istmo\\\/\"]}]},{\"@type\":\"ImageObject\",\"inLanguage\":\"es\",\"@id\":\"https:\\\/\\\/www.bbmnoticias.com\\\/inauguran-centro-medico-cesat-en-tehuantepec-buscan-fortalecer-servicios-de-salud-en-el-istmo\\\/#primaryimage\",\"url\":\"https:\\\/\\\/www.bbmnoticias.com\\\/labravaradiofm\\\/wp-content\\\/uploads\\\/sites\\\/5\\\/2026\\\/08\\\/centro_medico_cesat.jpg\",\"contentUrl\":\"https:\\\/\\\/www.bbmnoticias.com\\\/labravaradiofm\\\/wp-content\\\/uploads\\\/sites\\\/5\\\/2026\\\/08\\\/centro_medico_cesat.jpg\",\"width\":750,\"height\":450},{\"@type\":\"BreadcrumbList\",\"@id\":\"https:\\\/\\\/www.bbmnoticias.com\\\/inauguran-centro-medico-cesat-en-tehuantepec-buscan-fortalecer-servicios-de-salud-en-el-istmo\\\/#breadcrumb\",\"itemListElement\":[{\"@type\":\"ListItem\",\"position\":1,\"name\":\"Inicio\",\"item\":\"https:\\\/\\\/www.bbmnoticias.com\\\/labravaradiofm\\\/\"},{\"@type\":\"ListItem\",\"position\":2,\"name\":\"Inauguran Centro M\u00e9dico CESAT en Tehuantepec; buscan fortalecer servicios de salud en el Istmo\"}]},{\"@type\":\"WebSite\",\"@id\":\"https:\\\/\\\/www.bbmnoticias.com\\\/labravaradiofm\\\/#website\",\"url\":\"https:\\\/\\\/www.bbmnoticias.com\\\/labravaradiofm\\\/\",\"name\":\"LA BRAVA RADIO\",\"description\":\"Empresa productora de medios, Radiodifusi\u00f3n, Noticias, tendencias y todo lo que necesitas saber de la pol\u00edtica mexicana e internacional; entretenimiento, espect\u00e1culos, salud y mucho m\u00e1s.\",\"potentialAction\":[{\"@type\":\"SearchAction\",\"target\":{\"@type\":\"EntryPoint\",\"urlTemplate\":\"https:\\\/\\\/www.bbmnoticias.com\\\/labravaradiofm\\\/?s={search_term_string}\"},\"query-input\":{\"@type\":\"PropertyValueSpecification\",\"valueRequired\":true,\"valueName\":\"search_term_string\"}}],\"inLanguage\":\"es\"},{\"@type\":\"Person\",\"@id\":\"https:\\\/\\\/www.bbmnoticias.com\\\/labravaradiofm\\\/#\\\/schema\\\/person\\\/9eb037257fc48a09cdf31d9a2f45619f\",\"name\":\"Staff\",\"image\":{\"@type\":\"ImageObject\",\"inLanguage\":\"es\",\"@id\":\"https:\\\/\\\/secure.gravatar.com\\\/avatar\\\/fdd21ad66fd8b98c407f9dee5b5e588cfe7f0d8579ec20fa6527cd59bab7f0f0?s=96&d=mm&r=g\",\"url\":\"https:\\\/\\\/secure.gravatar.com\\\/avatar\\\/fdd21ad66fd8b98c407f9dee5b5e588cfe7f0d8579ec20fa6527cd59bab7f0f0?s=96&d=mm&r=g\",\"contentUrl\":\"https:\\\/\\\/secure.gravatar.com\\\/avatar\\\/fdd21ad66fd8b98c407f9dee5b5e588cfe7f0d8579ec20fa6527cd59bab7f0f0?s=96&d=mm&r=g\",\"caption\":\"Staff\"},\"url\":\"https:\\\/\\\/www.bbmnoticias.com\\\/labravaradiofm\\\/author\\\/redaccion\\\/\"}]}<\/script>\n<!-- \/ Yoast SEO plugin. -->","yoast_head_json":{"title":"Inauguran Centro M\u00e9dico CESAT en Tehuantepec; buscan fortalecer servicios de salud en el Istmo - LA BRAVA RADIO","robots":{"index":"index","follow":"follow","max-snippet":"max-snippet:-1","max-image-preview":"max-image-preview:large","max-video-preview":"max-video-preview:-1"},"canonical":"https:\/\/www.bbmnoticias.com\/inauguran-centro-medico-cesat-en-tehuantepec-buscan-fortalecer-servicios-de-salud-en-el-istmo\/","og_locale":"es_MX","og_type":"article","og_title":"Inauguran Centro M\u00e9dico CESAT en Tehuantepec; buscan fortalecer servicios de salud en el Istmo - LA BRAVA RADIO","og_description":"Santo Domingo Tehuantepec, Oaxaca.\u2014 Con una inversi\u00f3n privada y una infraestructura de cinco niveles, fue presentado el Centro M\u00e9dico CESAT, ubicado en la zona conurbada de Tehuantepec y Salina Cruz, con el objetivo de ampliar la oferta de servicios m\u00e9dicos especializados en el Istmo de Tehuantepec. Durante un recorrido por las instalaciones, directivos e inversionistas [&hellip;]","og_url":"https:\/\/www.bbmnoticias.com\/inauguran-centro-medico-cesat-en-tehuantepec-buscan-fortalecer-servicios-de-salud-en-el-istmo\/","og_site_name":"LA BRAVA RADIO","article_published_time":"2026-08-20T15:18:55+00:00","article_modified_time":"2026-08-20T15:18:58+00:00","og_image":[{"width":750,"height":450,"url":"https:\/\/www.bbmnoticias.com\/labravaradiofm\/wp-content\/uploads\/sites\/5\/2026\/08\/centro_medico_cesat.jpg","type":"image\/jpeg"}],"author":"Staff","twitter_card":"summary_large_image","twitter_misc":{"Escrito por":"Staff","Tiempo de lectura":"3 minutos"},"schema":{"@context":"https:\/\/schema.org","@graph":[{"@type":"Article","@id":"https:\/\/www.bbmnoticias.com\/inauguran-centro-medico-cesat-en-tehuantepec-buscan-fortalecer-servicios-de-salud-en-el-istmo\/#article","isPartOf":{"@id":"https:\/\/www.bbmnoticias.com\/labravaradiofm\/2026\/08\/20\/inauguran-centro-medico-cesat-en-tehuantepec-buscan-fortalecer-servicios-de-salud-en-el-istmo\/"},"author":{"name":"Staff","@id":"https:\/\/www.bbmnoticias.com\/labravaradiofm\/#\/schema\/person\/9eb037257fc48a09cdf31d9a2f45619f"},"headline":"Inauguran Centro M\u00e9dico CESAT en Tehuantepec; buscan fortalecer servicios de salud en el Istmo","datePublished":"2026-08-20T15:18:55+00:00","dateModified":"2026-08-20T15:18:58+00:00","mainEntityOfPage":{"@id":"https:\/\/www.bbmnoticias.com\/labravaradiofm\/2026\/08\/20\/inauguran-centro-medico-cesat-en-tehuantepec-buscan-fortalecer-servicios-de-salud-en-el-istmo\/"},"wordCount":621,"image":{"@id":"https:\/\/www.bbmnoticias.com\/inauguran-centro-medico-cesat-en-tehuantepec-buscan-fortalecer-servicios-de-salud-en-el-istmo\/#primaryimage"},"thumbnailUrl":"https:\/\/www.bbmnoticias.com\/labravaradiofm\/wp-content\/uploads\/sites\/5\/2026\/08\/centro_medico_cesat.jpg","articleSection":["LOCAL"],"inLanguage":"es"},{"@type":"WebPage","@id":"https:\/\/www.bbmnoticias.com\/labravaradiofm\/2026\/08\/20\/inauguran-centro-medico-cesat-en-tehuantepec-buscan-fortalecer-servicios-de-salud-en-el-istmo\/","url":"https:\/\/www.bbmnoticias.com\/inauguran-centro-medico-cesat-en-tehuantepec-buscan-fortalecer-servicios-de-salud-en-el-istmo\/","name":"Inauguran Centro M\u00e9dico CESAT en Tehuantepec; buscan fortalecer servicios de salud en el Istmo - LA BRAVA RADIO","isPartOf":{"@id":"https:\/\/www.bbmnoticias.com\/labravaradiofm\/#website"},"primaryImageOfPage":{"@id":"https:\/\/www.bbmnoticias.com\/inauguran-centro-medico-cesat-en-tehuantepec-buscan-fortalecer-servicios-de-salud-en-el-istmo\/#primaryimage"},"image":{"@id":"https:\/\/www.bbmnoticias.com\/inauguran-centro-medico-cesat-en-tehuantepec-buscan-fortalecer-servicios-de-salud-en-el-istmo\/#primaryimage"},"thumbnailUrl":"https:\/\/www.bbmnoticias.com\/labravaradiofm\/wp-content\/uploads\/sites\/5\/2026\/08\/centro_medico_cesat.jpg","datePublished":"2026-08-20T15:18:55+00:00","dateModified":"2026-08-20T15:18:58+00:00","author":{"@id":"https:\/\/www.bbmnoticias.com\/labravaradiofm\/#\/schema\/person\/9eb037257fc48a09cdf31d9a2f45619f"},"breadcrumb":{"@id":"https:\/\/www.bbmnoticias.com\/inauguran-centro-medico-cesat-en-tehuantepec-buscan-fortalecer-servicios-de-salud-en-el-istmo\/#breadcrumb"},"inLanguage":"es","potentialAction":[{"@type":"ReadAction","target":["https:\/\/www.bbmnoticias.com\/inauguran-centro-medico-cesat-en-tehuantepec-buscan-fortalecer-servicios-de-salud-en-el-istmo\/"]}]},{"@type":"ImageObject","inLanguage":"es","@id":"https:\/\/www.bbmnoticias.com\/inauguran-centro-medico-cesat-en-tehuantepec-buscan-fortalecer-servicios-de-salud-en-el-istmo\/#primaryimage","url":"https:\/\/www.bbmnoticias.com\/labravaradiofm\/wp-content\/uploads\/sites\/5\/2026\/08\/centro_medico_cesat.jpg","contentUrl":"https:\/\/www.bbmnoticias.com\/labravaradiofm\/wp-content\/uploads\/sites\/5\/2026\/08\/centro_medico_cesat.jpg","width":750,"height":450},{"@type":"BreadcrumbList","@id":"https:\/\/www.bbmnoticias.com\/inauguran-centro-medico-cesat-en-tehuantepec-buscan-fortalecer-servicios-de-salud-en-el-istmo\/#breadcrumb","itemListElement":[{"@type":"ListItem","position":1,"name":"Inicio","item":"https:\/\/www.bbmnoticias.com\/labravaradiofm\/"},{"@type":"ListItem","position":2,"name":"Inauguran Centro M\u00e9dico CESAT en Tehuantepec; buscan fortalecer servicios de salud en el Istmo"}]},{"@type":"WebSite","@id":"https:\/\/www.bbmnoticias.com\/labravaradiofm\/#website","url":"https:\/\/www.bbmnoticias.com\/labravaradiofm\/","name":"LA BRAVA RADIO","description":"Empresa productora de medios, Radiodifusi\u00f3n, Noticias, tendencias y todo lo que necesitas saber de la pol\u00edtica mexicana e internacional; entretenimiento, espect\u00e1culos, salud y mucho m\u00e1s.","potentialAction":[{"@type":"SearchAction","target":{"@type":"EntryPoint","urlTemplate":"https:\/\/www.bbmnoticias.com\/labravaradiofm\/?s={search_term_string}"},"query-input":{"@type":"PropertyValueSpecification","valueRequired":true,"valueName":"search_term_string"}}],"inLanguage":"es"},{"@type":"Person","@id":"https:\/\/www.bbmnoticias.com\/labravaradiofm\/#\/schema\/person\/9eb037257fc48a09cdf31d9a2f45619f","name":"Staff","image":{"@type":"ImageObject","inLanguage":"es","@id":"https:\/\/secure.gravatar.com\/avatar\/fdd21ad66fd8b98c407f9dee5b5e588cfe7f0d8579ec20fa6527cd59bab7f0f0?s=96&d=mm&r=g","url":"https:\/\/secure.gravatar.com\/avatar\/fdd21ad66fd8b98c407f9dee5b5e588cfe7f0d8579ec20fa6527cd59bab7f0f0?s=96&d=mm&r=g","contentUrl":"https:\/\/secure.gravatar.com\/avatar\/fdd21ad66fd8b98c407f9dee5b5e588cfe7f0d8579ec20fa6527cd59bab7f0f0?s=96&d=mm&r=g","caption":"Staff"},"url":"https:\/\/www.bbmnoticias.com\/labravaradiofm\/author\/redaccion\/"}]}},"_links":{"self":[{"href":"https:\/\/www.bbmnoticias.com\/labravaradiofm\/wp-json\/wp\/v2\/posts\/80861","targetHints":{"allow":["GET"]}}],"collection":[{"href":"https:\/\/www.bbmnoticias.com\/labravaradiofm\/wp-json\/wp\/v2\/posts"}],"about":[{"href":"https:\/\/www.bbmnoticias.com\/labravaradiofm\/wp-json\/wp\/v2\/types\/post"}],"author":[{"embeddable":true,"href":"https:\/\/www.bbmnoticias.com\/labravaradiofm\/wp-json\/wp\/v2\/users\/2"}],"replies":[{"embeddable":true,"href":"https:\/\/www.bbmnoticias.com\/labravaradiofm\/wp-json\/wp\/v2\/comments?post=80861"}],"version-history":[{"count":1,"href":"https:\/\/www.bbmnoticias.com\/labravaradiofm\/wp-json\/wp\/v2\/posts\/80861\/revisions"}],"predecessor-version":[{"id":80862,"href":"https:\/\/www.bbmnoticias.com\/labravaradiofm\/wp-json\/wp\/v2\/posts\/80861\/revisions\/80862"}],"wp:featuredmedia":[{"embeddable":true,"href":"https:\/\/www.bbmnoticias.com\/labravaradiofm\/wp-json\/wp\/v2\/media\/80863"}],"wp:attachment":[{"href":"https:\/\/www.bbmnoticias.com\/labravaradiofm\/wp-json\/wp\/v2\/media?parent=80861"}],"wp:term":[{"taxonomy":"category","embeddable":true,"href":"https:\/\/www.bbmnoticias.com\/labravaradiofm\/wp-json\/wp\/v2\/categories?post=80861"},{"taxonomy":"post_tag","embeddable":true,"href":"https:\/\/www.bbmnoticias.com\/labravaradiofm\/wp-json\/wp\/v2\/tags?post=80861"}],"curies":[{"name":"wp","href":"https:\/\/api.w.org\/{rel}","templated":true}]}}