{"id":8086,"date":"2022-01-04T08:51:39","date_gmt":"2022-01-04T14:51:39","guid":{"rendered":"https:\/\/www.bbmnoticias.com\/labravaradiofm\/?p=8086"},"modified":"2022-01-04T08:51:41","modified_gmt":"2022-01-04T14:51:41","slug":"covid-19-refuerzo-para-maestros-a-partir-del-8-de-enero","status":"publish","type":"post","link":"https:\/\/www.bbmnoticias.com\/labravaradiofm\/2022\/01\/04\/covid-19-refuerzo-para-maestros-a-partir-del-8-de-enero\/","title":{"rendered":"Covid-19. Refuerzo para maestros a partir del 8 de enero"},"content":{"rendered":"<div style=\"margin-top: 0px; margin-bottom: 0px;\" class=\"sharethis-inline-share-buttons\" ><\/div>\n<p>El secretario de Salud,<strong> Jorge Alcocer Varela<\/strong>, anunci\u00f3 que a partir del <strong>8 de enero <\/strong>se vacunar\u00e1 con dosis de <strong>refuerzo contra Covid-19<\/strong> a <strong>personal educativo<\/strong> del pa\u00eds, la inmunizaci\u00f3n se llevar\u00e1 a cabo con el biol\u00f3gico Moderna, que ser\u00e1 una donaci\u00f3n proveniente de Estados Unidos.<\/p>\n\n\n\n<p>\u201cEl 8 de enero arrancar\u00e1 la aplicaci\u00f3n de dosis de refuerzo en personal educativo, con 2.7 millones de la vacuna moderna, son 2.77 millones que forman parte de una donaci\u00f3n de Estados Unidos, con el primer embarque de 1.7 millones arrancar\u00e1 la vacunaci\u00f3n en 16 entidades y con el segundo embarque de 1.5 millones que llegar\u00e1 5 d\u00edas despu\u00e9s se vacunar\u00e1 en las otras 16 entidades\u201d.<\/p>\n\n\n\n<p>En cuanto al panorama de<strong> Covid-19<\/strong> en M\u00e9xico, el secretario detall\u00f3 que a la fecha hay en promedio 47 mil 874 casos activos de coronavirus, lo que corresponde a 1.1% de la epidemia en el pa\u00eds, destac\u00f3 que si bien \u00f3micron es m\u00e1s transmisible, la situaci\u00f3n de hospitalizaciones y defunciones a\u00fan no se eleva.<\/p>\n\n\n\n<p>\u201cVemos que la \u00f3micron nos permite ver mayor contagio, pero en cambio vemos una ocupaci\u00f3n de camas menor, una reducci\u00f3n de 91%, de 15% en camas generales y 11% en camas con ventilaci\u00f3n mec\u00e1nica\u201d.<\/p>\n\n\n\n<p>Agreg\u00f3 que a la fecha en M\u00e9xico se han aplicado 149 millones 382 mil 709 dosis lo que equivale a 82 millones 91 mil 136 personas vacunadas y 89% ya son personas con esquema completo.<\/p>\n\n\n\n<p>\u201cSabemos que hay 88% de cobertura de vacunas en personas de 18 a\u00f1os en adelante, solo hay algunos estados, 4 o 5 que est\u00e1n por debajo de la aplicaci\u00f3n de 80% como Oaxaca, Guerrero y Chiapas\u201d.<\/p>\n","protected":false},"excerpt":{"rendered":"<p>El secretario de Salud, Jorge Alcocer Varela, anunci\u00f3 que a partir del 8 de enero se vacunar\u00e1 con dosis de refuerzo contra Covid-19 a personal educativo del pa\u00eds, la inmunizaci\u00f3n se llevar\u00e1 a cabo con el biol\u00f3gico Moderna, que ser\u00e1 una donaci\u00f3n proveniente de Estados Unidos. \u201cEl 8 de enero arrancar\u00e1 la aplicaci\u00f3n de dosis [&hellip;]<\/p>\n","protected":false},"author":10,"featured_media":8087,"comment_status":"closed","ping_status":"closed","sticky":false,"template":"","format":"standard","meta":{"footnotes":""},"categories":[19],"tags":[],"class_list":{"0":"post-8086","1":"post","2":"type-post","3":"status-publish","4":"format-standard","5":"has-post-thumbnail","7":"category-nacional"},"yoast_head":"<!-- This site is optimized with the Yoast SEO plugin v27.4 - https:\/\/yoast.com\/product\/yoast-seo-wordpress\/ -->\n<title>Covid-19. Refuerzo para maestros a partir del 8 de enero - LA BRAVA RADIO<\/title>\n<meta name=\"robots\" content=\"index, follow, max-snippet:-1, max-image-preview:large, max-video-preview:-1\" \/>\n<link rel=\"canonical\" href=\"https:\/\/www.bbmnoticias.com\/labravaradiofm\/2022\/01\/04\/covid-19-refuerzo-para-maestros-a-partir-del-8-de-enero\/\" \/>\n<meta property=\"og:locale\" content=\"es_MX\" \/>\n<meta property=\"og:type\" content=\"article\" \/>\n<meta property=\"og:title\" content=\"Covid-19. Refuerzo para maestros a partir del 8 de enero - LA BRAVA RADIO\" \/>\n<meta property=\"og:description\" content=\"El secretario de Salud, Jorge Alcocer Varela, anunci\u00f3 que a partir del 8 de enero se vacunar\u00e1 con dosis de refuerzo contra Covid-19 a personal educativo del pa\u00eds, la inmunizaci\u00f3n se llevar\u00e1 a cabo con el biol\u00f3gico Moderna, que ser\u00e1 una donaci\u00f3n proveniente de Estados Unidos. \u201cEl 8 de enero arrancar\u00e1 la aplicaci\u00f3n de dosis [&hellip;]\" \/>\n<meta property=\"og:url\" content=\"https:\/\/www.bbmnoticias.com\/labravaradiofm\/2022\/01\/04\/covid-19-refuerzo-para-maestros-a-partir-del-8-de-enero\/\" \/>\n<meta property=\"og:site_name\" content=\"LA BRAVA RADIO\" \/>\n<meta property=\"article:published_time\" content=\"2022-01-04T14:51:39+00:00\" \/>\n<meta property=\"article:modified_time\" content=\"2022-01-04T14:51:41+00:00\" \/>\n<meta property=\"og:image\" content=\"https:\/\/www.bbmnoticias.com\/labravaradiofm\/wp-content\/uploads\/sites\/5\/2022\/01\/jorge-alcocer.jpg\" \/>\n\t<meta property=\"og:image:width\" content=\"720\" \/>\n\t<meta property=\"og:image:height\" content=\"405\" \/>\n\t<meta property=\"og:image:type\" content=\"image\/jpeg\" \/>\n<meta name=\"author\" content=\"El Universal\" \/>\n<meta name=\"twitter:card\" content=\"summary_large_image\" \/>\n<meta name=\"twitter:label1\" content=\"Escrito por\" \/>\n\t<meta name=\"twitter:data1\" content=\"El Universal\" \/>\n\t<meta name=\"twitter:label2\" content=\"Tiempo de lectura\" \/>\n\t<meta name=\"twitter:data2\" content=\"2 minutos\" \/>\n<script type=\"application\/ld+json\" class=\"yoast-schema-graph\">{\"@context\":\"https:\\\/\\\/schema.org\",\"@graph\":[{\"@type\":\"Article\",\"@id\":\"https:\\\/\\\/www.bbmnoticias.com\\\/labravaradiofm\\\/2022\\\/01\\\/04\\\/covid-19-refuerzo-para-maestros-a-partir-del-8-de-enero\\\/#article\",\"isPartOf\":{\"@id\":\"https:\\\/\\\/www.bbmnoticias.com\\\/labravaradiofm\\\/2022\\\/01\\\/04\\\/covid-19-refuerzo-para-maestros-a-partir-del-8-de-enero\\\/\"},\"author\":{\"name\":\"El Universal\",\"@id\":\"https:\\\/\\\/www.bbmnoticias.com\\\/labravaradiofm\\\/#\\\/schema\\\/person\\\/2a5252389acf1e67397601bfd47df59b\"},\"headline\":\"Covid-19. Refuerzo para maestros a partir del 8 de enero\",\"datePublished\":\"2022-01-04T14:51:39+00:00\",\"dateModified\":\"2022-01-04T14:51:41+00:00\",\"mainEntityOfPage\":{\"@id\":\"https:\\\/\\\/www.bbmnoticias.com\\\/labravaradiofm\\\/2022\\\/01\\\/04\\\/covid-19-refuerzo-para-maestros-a-partir-del-8-de-enero\\\/\"},\"wordCount\":275,\"image\":{\"@id\":\"https:\\\/\\\/www.bbmnoticias.com\\\/labravaradiofm\\\/2022\\\/01\\\/04\\\/covid-19-refuerzo-para-maestros-a-partir-del-8-de-enero\\\/#primaryimage\"},\"thumbnailUrl\":\"https:\\\/\\\/www.bbmnoticias.com\\\/labravaradiofm\\\/wp-content\\\/uploads\\\/sites\\\/5\\\/2022\\\/01\\\/jorge-alcocer.jpg\",\"articleSection\":[\"NACIONAL\"],\"inLanguage\":\"es\"},{\"@type\":\"WebPage\",\"@id\":\"https:\\\/\\\/www.bbmnoticias.com\\\/labravaradiofm\\\/2022\\\/01\\\/04\\\/covid-19-refuerzo-para-maestros-a-partir-del-8-de-enero\\\/\",\"url\":\"https:\\\/\\\/www.bbmnoticias.com\\\/labravaradiofm\\\/2022\\\/01\\\/04\\\/covid-19-refuerzo-para-maestros-a-partir-del-8-de-enero\\\/\",\"name\":\"Covid-19. Refuerzo para maestros a partir del 8 de enero - LA BRAVA RADIO\",\"isPartOf\":{\"@id\":\"https:\\\/\\\/www.bbmnoticias.com\\\/labravaradiofm\\\/#website\"},\"primaryImageOfPage\":{\"@id\":\"https:\\\/\\\/www.bbmnoticias.com\\\/labravaradiofm\\\/2022\\\/01\\\/04\\\/covid-19-refuerzo-para-maestros-a-partir-del-8-de-enero\\\/#primaryimage\"},\"image\":{\"@id\":\"https:\\\/\\\/www.bbmnoticias.com\\\/labravaradiofm\\\/2022\\\/01\\\/04\\\/covid-19-refuerzo-para-maestros-a-partir-del-8-de-enero\\\/#primaryimage\"},\"thumbnailUrl\":\"https:\\\/\\\/www.bbmnoticias.com\\\/labravaradiofm\\\/wp-content\\\/uploads\\\/sites\\\/5\\\/2022\\\/01\\\/jorge-alcocer.jpg\",\"datePublished\":\"2022-01-04T14:51:39+00:00\",\"dateModified\":\"2022-01-04T14:51:41+00:00\",\"author\":{\"@id\":\"https:\\\/\\\/www.bbmnoticias.com\\\/labravaradiofm\\\/#\\\/schema\\\/person\\\/2a5252389acf1e67397601bfd47df59b\"},\"breadcrumb\":{\"@id\":\"https:\\\/\\\/www.bbmnoticias.com\\\/labravaradiofm\\\/2022\\\/01\\\/04\\\/covid-19-refuerzo-para-maestros-a-partir-del-8-de-enero\\\/#breadcrumb\"},\"inLanguage\":\"es\",\"potentialAction\":[{\"@type\":\"ReadAction\",\"target\":[\"https:\\\/\\\/www.bbmnoticias.com\\\/labravaradiofm\\\/2022\\\/01\\\/04\\\/covid-19-refuerzo-para-maestros-a-partir-del-8-de-enero\\\/\"]}]},{\"@type\":\"ImageObject\",\"inLanguage\":\"es\",\"@id\":\"https:\\\/\\\/www.bbmnoticias.com\\\/labravaradiofm\\\/2022\\\/01\\\/04\\\/covid-19-refuerzo-para-maestros-a-partir-del-8-de-enero\\\/#primaryimage\",\"url\":\"https:\\\/\\\/www.bbmnoticias.com\\\/labravaradiofm\\\/wp-content\\\/uploads\\\/sites\\\/5\\\/2022\\\/01\\\/jorge-alcocer.jpg\",\"contentUrl\":\"https:\\\/\\\/www.bbmnoticias.com\\\/labravaradiofm\\\/wp-content\\\/uploads\\\/sites\\\/5\\\/2022\\\/01\\\/jorge-alcocer.jpg\",\"width\":720,\"height\":405},{\"@type\":\"BreadcrumbList\",\"@id\":\"https:\\\/\\\/www.bbmnoticias.com\\\/labravaradiofm\\\/2022\\\/01\\\/04\\\/covid-19-refuerzo-para-maestros-a-partir-del-8-de-enero\\\/#breadcrumb\",\"itemListElement\":[{\"@type\":\"ListItem\",\"position\":1,\"name\":\"Inicio\",\"item\":\"https:\\\/\\\/www.bbmnoticias.com\\\/labravaradiofm\\\/\"},{\"@type\":\"ListItem\",\"position\":2,\"name\":\"Covid-19. Refuerzo para maestros a partir del 8 de enero\"}]},{\"@type\":\"WebSite\",\"@id\":\"https:\\\/\\\/www.bbmnoticias.com\\\/labravaradiofm\\\/#website\",\"url\":\"https:\\\/\\\/www.bbmnoticias.com\\\/labravaradiofm\\\/\",\"name\":\"LA BRAVA RADIO\",\"description\":\"Empresa productora de medios, Radiodifusi\u00f3n, Noticias, tendencias y todo lo que necesitas saber de la pol\u00edtica mexicana e internacional; entretenimiento, espect\u00e1culos, salud y mucho m\u00e1s.\",\"potentialAction\":[{\"@type\":\"SearchAction\",\"target\":{\"@type\":\"EntryPoint\",\"urlTemplate\":\"https:\\\/\\\/www.bbmnoticias.com\\\/labravaradiofm\\\/?s={search_term_string}\"},\"query-input\":{\"@type\":\"PropertyValueSpecification\",\"valueRequired\":true,\"valueName\":\"search_term_string\"}}],\"inLanguage\":\"es\"},{\"@type\":\"Person\",\"@id\":\"https:\\\/\\\/www.bbmnoticias.com\\\/labravaradiofm\\\/#\\\/schema\\\/person\\\/2a5252389acf1e67397601bfd47df59b\",\"name\":\"El Universal\",\"image\":{\"@type\":\"ImageObject\",\"inLanguage\":\"es\",\"@id\":\"https:\\\/\\\/secure.gravatar.com\\\/avatar\\\/71c770e6e00bd7cb8183e56d1c59f81601544fbe41d802d7c17d05c9e25f7d06?s=96&d=mm&r=g\",\"url\":\"https:\\\/\\\/secure.gravatar.com\\\/avatar\\\/71c770e6e00bd7cb8183e56d1c59f81601544fbe41d802d7c17d05c9e25f7d06?s=96&d=mm&r=g\",\"contentUrl\":\"https:\\\/\\\/secure.gravatar.com\\\/avatar\\\/71c770e6e00bd7cb8183e56d1c59f81601544fbe41d802d7c17d05c9e25f7d06?s=96&d=mm&r=g\",\"caption\":\"El Universal\"},\"url\":\"https:\\\/\\\/www.bbmnoticias.com\\\/labravaradiofm\\\/author\\\/eluniversal\\\/\"}]}<\/script>\n<!-- \/ Yoast SEO plugin. -->","yoast_head_json":{"title":"Covid-19. Refuerzo para maestros a partir del 8 de enero - LA BRAVA RADIO","robots":{"index":"index","follow":"follow","max-snippet":"max-snippet:-1","max-image-preview":"max-image-preview:large","max-video-preview":"max-video-preview:-1"},"canonical":"https:\/\/www.bbmnoticias.com\/labravaradiofm\/2022\/01\/04\/covid-19-refuerzo-para-maestros-a-partir-del-8-de-enero\/","og_locale":"es_MX","og_type":"article","og_title":"Covid-19. Refuerzo para maestros a partir del 8 de enero - LA BRAVA RADIO","og_description":"El secretario de Salud, Jorge Alcocer Varela, anunci\u00f3 que a partir del 8 de enero se vacunar\u00e1 con dosis de refuerzo contra Covid-19 a personal educativo del pa\u00eds, la inmunizaci\u00f3n se llevar\u00e1 a cabo con el biol\u00f3gico Moderna, que ser\u00e1 una donaci\u00f3n proveniente de Estados Unidos. \u201cEl 8 de enero arrancar\u00e1 la aplicaci\u00f3n de dosis [&hellip;]","og_url":"https:\/\/www.bbmnoticias.com\/labravaradiofm\/2022\/01\/04\/covid-19-refuerzo-para-maestros-a-partir-del-8-de-enero\/","og_site_name":"LA BRAVA RADIO","article_published_time":"2022-01-04T14:51:39+00:00","article_modified_time":"2022-01-04T14:51:41+00:00","og_image":[{"width":720,"height":405,"url":"https:\/\/www.bbmnoticias.com\/labravaradiofm\/wp-content\/uploads\/sites\/5\/2022\/01\/jorge-alcocer.jpg","type":"image\/jpeg"}],"author":"El Universal","twitter_card":"summary_large_image","twitter_misc":{"Escrito por":"El Universal","Tiempo de lectura":"2 minutos"},"schema":{"@context":"https:\/\/schema.org","@graph":[{"@type":"Article","@id":"https:\/\/www.bbmnoticias.com\/labravaradiofm\/2022\/01\/04\/covid-19-refuerzo-para-maestros-a-partir-del-8-de-enero\/#article","isPartOf":{"@id":"https:\/\/www.bbmnoticias.com\/labravaradiofm\/2022\/01\/04\/covid-19-refuerzo-para-maestros-a-partir-del-8-de-enero\/"},"author":{"name":"El Universal","@id":"https:\/\/www.bbmnoticias.com\/labravaradiofm\/#\/schema\/person\/2a5252389acf1e67397601bfd47df59b"},"headline":"Covid-19. Refuerzo para maestros a partir del 8 de enero","datePublished":"2022-01-04T14:51:39+00:00","dateModified":"2022-01-04T14:51:41+00:00","mainEntityOfPage":{"@id":"https:\/\/www.bbmnoticias.com\/labravaradiofm\/2022\/01\/04\/covid-19-refuerzo-para-maestros-a-partir-del-8-de-enero\/"},"wordCount":275,"image":{"@id":"https:\/\/www.bbmnoticias.com\/labravaradiofm\/2022\/01\/04\/covid-19-refuerzo-para-maestros-a-partir-del-8-de-enero\/#primaryimage"},"thumbnailUrl":"https:\/\/www.bbmnoticias.com\/labravaradiofm\/wp-content\/uploads\/sites\/5\/2022\/01\/jorge-alcocer.jpg","articleSection":["NACIONAL"],"inLanguage":"es"},{"@type":"WebPage","@id":"https:\/\/www.bbmnoticias.com\/labravaradiofm\/2022\/01\/04\/covid-19-refuerzo-para-maestros-a-partir-del-8-de-enero\/","url":"https:\/\/www.bbmnoticias.com\/labravaradiofm\/2022\/01\/04\/covid-19-refuerzo-para-maestros-a-partir-del-8-de-enero\/","name":"Covid-19. Refuerzo para maestros a partir del 8 de enero - LA BRAVA RADIO","isPartOf":{"@id":"https:\/\/www.bbmnoticias.com\/labravaradiofm\/#website"},"primaryImageOfPage":{"@id":"https:\/\/www.bbmnoticias.com\/labravaradiofm\/2022\/01\/04\/covid-19-refuerzo-para-maestros-a-partir-del-8-de-enero\/#primaryimage"},"image":{"@id":"https:\/\/www.bbmnoticias.com\/labravaradiofm\/2022\/01\/04\/covid-19-refuerzo-para-maestros-a-partir-del-8-de-enero\/#primaryimage"},"thumbnailUrl":"https:\/\/www.bbmnoticias.com\/labravaradiofm\/wp-content\/uploads\/sites\/5\/2022\/01\/jorge-alcocer.jpg","datePublished":"2022-01-04T14:51:39+00:00","dateModified":"2022-01-04T14:51:41+00:00","author":{"@id":"https:\/\/www.bbmnoticias.com\/labravaradiofm\/#\/schema\/person\/2a5252389acf1e67397601bfd47df59b"},"breadcrumb":{"@id":"https:\/\/www.bbmnoticias.com\/labravaradiofm\/2022\/01\/04\/covid-19-refuerzo-para-maestros-a-partir-del-8-de-enero\/#breadcrumb"},"inLanguage":"es","potentialAction":[{"@type":"ReadAction","target":["https:\/\/www.bbmnoticias.com\/labravaradiofm\/2022\/01\/04\/covid-19-refuerzo-para-maestros-a-partir-del-8-de-enero\/"]}]},{"@type":"ImageObject","inLanguage":"es","@id":"https:\/\/www.bbmnoticias.com\/labravaradiofm\/2022\/01\/04\/covid-19-refuerzo-para-maestros-a-partir-del-8-de-enero\/#primaryimage","url":"https:\/\/www.bbmnoticias.com\/labravaradiofm\/wp-content\/uploads\/sites\/5\/2022\/01\/jorge-alcocer.jpg","contentUrl":"https:\/\/www.bbmnoticias.com\/labravaradiofm\/wp-content\/uploads\/sites\/5\/2022\/01\/jorge-alcocer.jpg","width":720,"height":405},{"@type":"BreadcrumbList","@id":"https:\/\/www.bbmnoticias.com\/labravaradiofm\/2022\/01\/04\/covid-19-refuerzo-para-maestros-a-partir-del-8-de-enero\/#breadcrumb","itemListElement":[{"@type":"ListItem","position":1,"name":"Inicio","item":"https:\/\/www.bbmnoticias.com\/labravaradiofm\/"},{"@type":"ListItem","position":2,"name":"Covid-19. Refuerzo para maestros a partir del 8 de enero"}]},{"@type":"WebSite","@id":"https:\/\/www.bbmnoticias.com\/labravaradiofm\/#website","url":"https:\/\/www.bbmnoticias.com\/labravaradiofm\/","name":"LA BRAVA RADIO","description":"Empresa productora de medios, Radiodifusi\u00f3n, Noticias, tendencias y todo lo que necesitas saber de la pol\u00edtica mexicana e internacional; entretenimiento, espect\u00e1culos, salud y mucho m\u00e1s.","potentialAction":[{"@type":"SearchAction","target":{"@type":"EntryPoint","urlTemplate":"https:\/\/www.bbmnoticias.com\/labravaradiofm\/?s={search_term_string}"},"query-input":{"@type":"PropertyValueSpecification","valueRequired":true,"valueName":"search_term_string"}}],"inLanguage":"es"},{"@type":"Person","@id":"https:\/\/www.bbmnoticias.com\/labravaradiofm\/#\/schema\/person\/2a5252389acf1e67397601bfd47df59b","name":"El Universal","image":{"@type":"ImageObject","inLanguage":"es","@id":"https:\/\/secure.gravatar.com\/avatar\/71c770e6e00bd7cb8183e56d1c59f81601544fbe41d802d7c17d05c9e25f7d06?s=96&d=mm&r=g","url":"https:\/\/secure.gravatar.com\/avatar\/71c770e6e00bd7cb8183e56d1c59f81601544fbe41d802d7c17d05c9e25f7d06?s=96&d=mm&r=g","contentUrl":"https:\/\/secure.gravatar.com\/avatar\/71c770e6e00bd7cb8183e56d1c59f81601544fbe41d802d7c17d05c9e25f7d06?s=96&d=mm&r=g","caption":"El Universal"},"url":"https:\/\/www.bbmnoticias.com\/labravaradiofm\/author\/eluniversal\/"}]}},"_links":{"self":[{"href":"https:\/\/www.bbmnoticias.com\/labravaradiofm\/wp-json\/wp\/v2\/posts\/8086","targetHints":{"allow":["GET"]}}],"collection":[{"href":"https:\/\/www.bbmnoticias.com\/labravaradiofm\/wp-json\/wp\/v2\/posts"}],"about":[{"href":"https:\/\/www.bbmnoticias.com\/labravaradiofm\/wp-json\/wp\/v2\/types\/post"}],"author":[{"embeddable":true,"href":"https:\/\/www.bbmnoticias.com\/labravaradiofm\/wp-json\/wp\/v2\/users\/10"}],"replies":[{"embeddable":true,"href":"https:\/\/www.bbmnoticias.com\/labravaradiofm\/wp-json\/wp\/v2\/comments?post=8086"}],"version-history":[{"count":0,"href":"https:\/\/www.bbmnoticias.com\/labravaradiofm\/wp-json\/wp\/v2\/posts\/8086\/revisions"}],"wp:featuredmedia":[{"embeddable":true,"href":"https:\/\/www.bbmnoticias.com\/labravaradiofm\/wp-json\/wp\/v2\/media\/8087"}],"wp:attachment":[{"href":"https:\/\/www.bbmnoticias.com\/labravaradiofm\/wp-json\/wp\/v2\/media?parent=8086"}],"wp:term":[{"taxonomy":"category","embeddable":true,"href":"https:\/\/www.bbmnoticias.com\/labravaradiofm\/wp-json\/wp\/v2\/categories?post=8086"},{"taxonomy":"post_tag","embeddable":true,"href":"https:\/\/www.bbmnoticias.com\/labravaradiofm\/wp-json\/wp\/v2\/tags?post=8086"}],"curies":[{"name":"wp","href":"https:\/\/api.w.org\/{rel}","templated":true}]}}