{"id":80858,"date":"2026-08-20T08:56:46","date_gmt":"2026-08-20T14:56:46","guid":{"rendered":"https:\/\/www.bbmnoticias.com\/labravaradiofm\/2026\/08\/20\/cuanto-costara-olinia-carga-este-es-el-precio-del-segundo-modelo-de-auto-electrico-le-caben-12-guacales\/"},"modified":"2026-08-20T08:56:49","modified_gmt":"2026-08-20T14:56:49","slug":"cuanto-costara-olinia-carga-este-es-el-precio-del-segundo-modelo-de-auto-electrico-le-caben-12-guacales","status":"publish","type":"post","link":"https:\/\/www.bbmnoticias.com\/labravaradiofm\/2026\/08\/20\/cuanto-costara-olinia-carga-este-es-el-precio-del-segundo-modelo-de-auto-electrico-le-caben-12-guacales\/","title":{"rendered":"\u00bfCu\u00e1nto costar\u00e1 Olinia Carga? Este es el PRECIO del segundo modelo de auto el\u00e9ctrico; le caben 12 guacales"},"content":{"rendered":"\n<p class=\"wp-block-paragraph\">Desde el Patio Central de Palacio Nacional se realiz\u00f3 la presentaci\u00f3n de Olinia Carga, el segundo modelo de autom\u00f3vil electr\u00f3nico lanzado por el Gobierno de M\u00e9xico, en un proyecto que encabeza Roberto Capuano, respaldado por la presidenta de M\u00e9xico, Claudia Sheinbaum.&nbsp;<\/p>\n\n\n\n<p class=\"wp-block-paragraph\">Este veh\u00edculo el\u00e9ctrico tiene capacidad para transportar hasta 650 kilos y contar\u00e1 tambi\u00e9n con una autonom\u00eda superior a los 120 kil\u00f3metros por carga.&nbsp;<\/p>\n\n\n\n<h2 class=\"wp-block-heading\">\u00bfCu\u00e1nto costar\u00e1 Olinia Carga?<\/h2>\n\n\n\n<p class=\"wp-block-paragraph\">Olinia Carga tendr\u00e1 un costo estimado de 150 mil pesos, el cual saldr\u00e1 a la venta hacia finales del 2027. La meta es una planta que tenga la capacidad de fabricar 10 mil unidades al a\u00f1o, escalando posteriormente a 50 mil unidades.<\/p>\n\n\n\n<p class=\"wp-block-paragraph\">Como parte del desarrollo de Olinia Carga, hay una convocatoria p\u00fablica que est\u00e1 dirigida a empresas nacionales e internacionales interesadas en convertirse en socias y de esta manera fortalecer las capacidades industriales y comerciales de Olinia.<\/p>\n\n\n\n<figure class=\"wp-block-image\"><img decoding=\"async\" src=\"https:\/\/heraldodemexico.com.mx\/u\/fotografias\/m\/2026\/8\/20\/f768x1-1319974_1320101_5050.jpg\" alt=\"\"\/><figcaption class=\"wp-element-caption\">Cr\u00e9dito: Cuartoscuro<\/figcaption><\/figure>\n\n\n\n<h2 class=\"wp-block-heading\">\u00bfCu\u00e1les son las caracter\u00edsticas de Olinia Carga?<\/h2>\n\n\n\n<p class=\"wp-block-paragraph\">Adem\u00e1s de la capacidad de carga de hasta 650 kilogramos, con un espacio para colocar 12 guacales, el Olinia Carga tiene una autonom\u00eda de m\u00e1s de 120 kil\u00f3metros de carga por cada recarga, la cual funciona con un tomacorriente convencional, es decir, que no necesita de estaciones de carga especiales.&nbsp;<\/p>\n","protected":false},"excerpt":{"rendered":"<p>Desde el Patio Central de Palacio Nacional se realiz\u00f3 la presentaci\u00f3n de Olinia Carga, el segundo modelo de autom\u00f3vil electr\u00f3nico lanzado por el Gobierno de M\u00e9xico, en un proyecto que encabeza Roberto Capuano, respaldado por la presidenta de M\u00e9xico, Claudia Sheinbaum.&nbsp; Este veh\u00edculo el\u00e9ctrico tiene capacidad para transportar hasta 650 kilos y contar\u00e1 tambi\u00e9n con [&hellip;]<\/p>\n","protected":false},"author":2,"featured_media":80860,"comment_status":"closed","ping_status":"open","sticky":false,"template":"","format":"standard","meta":{"footnotes":""},"categories":[2,19],"tags":[],"class_list":["post-80858","post","type-post","status-publish","format-standard","has-post-thumbnail","hentry","category-oaxaca","category-nacional"],"yoast_head":"<!-- This site is optimized with the Yoast SEO plugin v28.1 - https:\/\/yoast.com\/product\/yoast-seo-wordpress\/ -->\n<title>\u00bfCu\u00e1nto costar\u00e1 Olinia Carga? Este es el PRECIO del segundo modelo de auto el\u00e9ctrico; le caben 12 guacales - LA BRAVA RADIO<\/title>\n<meta name=\"robots\" content=\"index, follow, max-snippet:-1, max-image-preview:large, max-video-preview:-1\" \/>\n<link rel=\"canonical\" href=\"https:\/\/www.bbmnoticias.com\/cuanto-costara-olinia-carga-este-es-el-precio-del-segundo-modelo-de-auto-electrico-le-caben-12-guacales\/\" \/>\n<meta property=\"og:locale\" content=\"es_MX\" \/>\n<meta property=\"og:type\" content=\"article\" \/>\n<meta property=\"og:title\" content=\"\u00bfCu\u00e1nto costar\u00e1 Olinia Carga? Este es el PRECIO del segundo modelo de auto el\u00e9ctrico; le caben 12 guacales - LA BRAVA RADIO\" \/>\n<meta property=\"og:description\" content=\"Desde el Patio Central de Palacio Nacional se realiz\u00f3 la presentaci\u00f3n de Olinia Carga, el segundo modelo de autom\u00f3vil electr\u00f3nico lanzado por el Gobierno de M\u00e9xico, en un proyecto que encabeza Roberto Capuano, respaldado por la presidenta de M\u00e9xico, Claudia Sheinbaum.&nbsp; Este veh\u00edculo el\u00e9ctrico tiene capacidad para transportar hasta 650 kilos y contar\u00e1 tambi\u00e9n con [&hellip;]\" \/>\n<meta property=\"og:url\" content=\"https:\/\/www.bbmnoticias.com\/cuanto-costara-olinia-carga-este-es-el-precio-del-segundo-modelo-de-auto-electrico-le-caben-12-guacales\/\" \/>\n<meta property=\"og:site_name\" content=\"LA BRAVA RADIO\" \/>\n<meta property=\"article:published_time\" content=\"2026-08-20T14:56:46+00:00\" \/>\n<meta property=\"article:modified_time\" content=\"2026-08-20T14:56:49+00:00\" \/>\n<meta property=\"og:image\" content=\"https:\/\/www.bbmnoticias.com\/labravaradiofm\/wp-content\/uploads\/sites\/5\/2026\/08\/carro_holinia.jpg\" \/>\n\t<meta property=\"og:image:width\" content=\"750\" \/>\n\t<meta property=\"og:image:height\" content=\"454\" \/>\n\t<meta property=\"og:image:type\" content=\"image\/jpeg\" \/>\n<meta name=\"author\" content=\"Staff\" \/>\n<meta name=\"twitter:card\" content=\"summary_large_image\" \/>\n<meta name=\"twitter:label1\" content=\"Escrito por\" \/>\n\t<meta name=\"twitter:data1\" content=\"Staff\" \/>\n\t<meta name=\"twitter:label2\" content=\"Tiempo de lectura\" \/>\n\t<meta name=\"twitter:data2\" content=\"1 minuto\" \/>\n<script type=\"application\/ld+json\" class=\"yoast-schema-graph\">{\"@context\":\"https:\\\/\\\/schema.org\",\"@graph\":[{\"@type\":\"Article\",\"@id\":\"https:\\\/\\\/www.bbmnoticias.com\\\/cuanto-costara-olinia-carga-este-es-el-precio-del-segundo-modelo-de-auto-electrico-le-caben-12-guacales\\\/#article\",\"isPartOf\":{\"@id\":\"https:\\\/\\\/www.bbmnoticias.com\\\/labravaradiofm\\\/2026\\\/08\\\/20\\\/cuanto-costara-olinia-carga-este-es-el-precio-del-segundo-modelo-de-auto-electrico-le-caben-12-guacales\\\/\"},\"author\":{\"name\":\"Staff\",\"@id\":\"https:\\\/\\\/www.bbmnoticias.com\\\/labravaradiofm\\\/#\\\/schema\\\/person\\\/9eb037257fc48a09cdf31d9a2f45619f\"},\"headline\":\"\u00bfCu\u00e1nto costar\u00e1 Olinia Carga? Este es el PRECIO del segundo modelo de auto el\u00e9ctrico; le caben 12 guacales\",\"datePublished\":\"2026-08-20T14:56:46+00:00\",\"dateModified\":\"2026-08-20T14:56:49+00:00\",\"mainEntityOfPage\":{\"@id\":\"https:\\\/\\\/www.bbmnoticias.com\\\/labravaradiofm\\\/2026\\\/08\\\/20\\\/cuanto-costara-olinia-carga-este-es-el-precio-del-segundo-modelo-de-auto-electrico-le-caben-12-guacales\\\/\"},\"wordCount\":238,\"image\":{\"@id\":\"https:\\\/\\\/www.bbmnoticias.com\\\/cuanto-costara-olinia-carga-este-es-el-precio-del-segundo-modelo-de-auto-electrico-le-caben-12-guacales\\\/#primaryimage\"},\"thumbnailUrl\":\"https:\\\/\\\/www.bbmnoticias.com\\\/labravaradiofm\\\/wp-content\\\/uploads\\\/sites\\\/5\\\/2026\\\/08\\\/carro_holinia.jpg\",\"articleSection\":[\"LOCAL\",\"NACIONAL\"],\"inLanguage\":\"es\"},{\"@type\":\"WebPage\",\"@id\":\"https:\\\/\\\/www.bbmnoticias.com\\\/labravaradiofm\\\/2026\\\/08\\\/20\\\/cuanto-costara-olinia-carga-este-es-el-precio-del-segundo-modelo-de-auto-electrico-le-caben-12-guacales\\\/\",\"url\":\"https:\\\/\\\/www.bbmnoticias.com\\\/cuanto-costara-olinia-carga-este-es-el-precio-del-segundo-modelo-de-auto-electrico-le-caben-12-guacales\\\/\",\"name\":\"\u00bfCu\u00e1nto costar\u00e1 Olinia Carga? Este es el PRECIO del segundo modelo de auto el\u00e9ctrico; le caben 12 guacales - LA BRAVA RADIO\",\"isPartOf\":{\"@id\":\"https:\\\/\\\/www.bbmnoticias.com\\\/labravaradiofm\\\/#website\"},\"primaryImageOfPage\":{\"@id\":\"https:\\\/\\\/www.bbmnoticias.com\\\/cuanto-costara-olinia-carga-este-es-el-precio-del-segundo-modelo-de-auto-electrico-le-caben-12-guacales\\\/#primaryimage\"},\"image\":{\"@id\":\"https:\\\/\\\/www.bbmnoticias.com\\\/cuanto-costara-olinia-carga-este-es-el-precio-del-segundo-modelo-de-auto-electrico-le-caben-12-guacales\\\/#primaryimage\"},\"thumbnailUrl\":\"https:\\\/\\\/www.bbmnoticias.com\\\/labravaradiofm\\\/wp-content\\\/uploads\\\/sites\\\/5\\\/2026\\\/08\\\/carro_holinia.jpg\",\"datePublished\":\"2026-08-20T14:56:46+00:00\",\"dateModified\":\"2026-08-20T14:56:49+00:00\",\"author\":{\"@id\":\"https:\\\/\\\/www.bbmnoticias.com\\\/labravaradiofm\\\/#\\\/schema\\\/person\\\/9eb037257fc48a09cdf31d9a2f45619f\"},\"breadcrumb\":{\"@id\":\"https:\\\/\\\/www.bbmnoticias.com\\\/cuanto-costara-olinia-carga-este-es-el-precio-del-segundo-modelo-de-auto-electrico-le-caben-12-guacales\\\/#breadcrumb\"},\"inLanguage\":\"es\",\"potentialAction\":[{\"@type\":\"ReadAction\",\"target\":[\"https:\\\/\\\/www.bbmnoticias.com\\\/cuanto-costara-olinia-carga-este-es-el-precio-del-segundo-modelo-de-auto-electrico-le-caben-12-guacales\\\/\"]}]},{\"@type\":\"ImageObject\",\"inLanguage\":\"es\",\"@id\":\"https:\\\/\\\/www.bbmnoticias.com\\\/cuanto-costara-olinia-carga-este-es-el-precio-del-segundo-modelo-de-auto-electrico-le-caben-12-guacales\\\/#primaryimage\",\"url\":\"https:\\\/\\\/www.bbmnoticias.com\\\/labravaradiofm\\\/wp-content\\\/uploads\\\/sites\\\/5\\\/2026\\\/08\\\/carro_holinia.jpg\",\"contentUrl\":\"https:\\\/\\\/www.bbmnoticias.com\\\/labravaradiofm\\\/wp-content\\\/uploads\\\/sites\\\/5\\\/2026\\\/08\\\/carro_holinia.jpg\",\"width\":750,\"height\":454},{\"@type\":\"BreadcrumbList\",\"@id\":\"https:\\\/\\\/www.bbmnoticias.com\\\/cuanto-costara-olinia-carga-este-es-el-precio-del-segundo-modelo-de-auto-electrico-le-caben-12-guacales\\\/#breadcrumb\",\"itemListElement\":[{\"@type\":\"ListItem\",\"position\":1,\"name\":\"Inicio\",\"item\":\"https:\\\/\\\/www.bbmnoticias.com\\\/labravaradiofm\\\/\"},{\"@type\":\"ListItem\",\"position\":2,\"name\":\"\u00bfCu\u00e1nto costar\u00e1 Olinia Carga? Este es el PRECIO del segundo modelo de auto el\u00e9ctrico; le caben 12 guacales\"}]},{\"@type\":\"WebSite\",\"@id\":\"https:\\\/\\\/www.bbmnoticias.com\\\/labravaradiofm\\\/#website\",\"url\":\"https:\\\/\\\/www.bbmnoticias.com\\\/labravaradiofm\\\/\",\"name\":\"LA BRAVA RADIO\",\"description\":\"Empresa productora de medios, Radiodifusi\u00f3n, Noticias, tendencias y todo lo que necesitas saber de la pol\u00edtica mexicana e internacional; entretenimiento, espect\u00e1culos, salud y mucho m\u00e1s.\",\"potentialAction\":[{\"@type\":\"SearchAction\",\"target\":{\"@type\":\"EntryPoint\",\"urlTemplate\":\"https:\\\/\\\/www.bbmnoticias.com\\\/labravaradiofm\\\/?s={search_term_string}\"},\"query-input\":{\"@type\":\"PropertyValueSpecification\",\"valueRequired\":true,\"valueName\":\"search_term_string\"}}],\"inLanguage\":\"es\"},{\"@type\":\"Person\",\"@id\":\"https:\\\/\\\/www.bbmnoticias.com\\\/labravaradiofm\\\/#\\\/schema\\\/person\\\/9eb037257fc48a09cdf31d9a2f45619f\",\"name\":\"Staff\",\"image\":{\"@type\":\"ImageObject\",\"inLanguage\":\"es\",\"@id\":\"https:\\\/\\\/secure.gravatar.com\\\/avatar\\\/fdd21ad66fd8b98c407f9dee5b5e588cfe7f0d8579ec20fa6527cd59bab7f0f0?s=96&d=mm&r=g\",\"url\":\"https:\\\/\\\/secure.gravatar.com\\\/avatar\\\/fdd21ad66fd8b98c407f9dee5b5e588cfe7f0d8579ec20fa6527cd59bab7f0f0?s=96&d=mm&r=g\",\"contentUrl\":\"https:\\\/\\\/secure.gravatar.com\\\/avatar\\\/fdd21ad66fd8b98c407f9dee5b5e588cfe7f0d8579ec20fa6527cd59bab7f0f0?s=96&d=mm&r=g\",\"caption\":\"Staff\"},\"url\":\"https:\\\/\\\/www.bbmnoticias.com\\\/labravaradiofm\\\/author\\\/redaccion\\\/\"}]}<\/script>\n<!-- \/ Yoast SEO plugin. -->","yoast_head_json":{"title":"\u00bfCu\u00e1nto costar\u00e1 Olinia Carga? Este es el PRECIO del segundo modelo de auto el\u00e9ctrico; le caben 12 guacales - LA BRAVA RADIO","robots":{"index":"index","follow":"follow","max-snippet":"max-snippet:-1","max-image-preview":"max-image-preview:large","max-video-preview":"max-video-preview:-1"},"canonical":"https:\/\/www.bbmnoticias.com\/cuanto-costara-olinia-carga-este-es-el-precio-del-segundo-modelo-de-auto-electrico-le-caben-12-guacales\/","og_locale":"es_MX","og_type":"article","og_title":"\u00bfCu\u00e1nto costar\u00e1 Olinia Carga? Este es el PRECIO del segundo modelo de auto el\u00e9ctrico; le caben 12 guacales - LA BRAVA RADIO","og_description":"Desde el Patio Central de Palacio Nacional se realiz\u00f3 la presentaci\u00f3n de Olinia Carga, el segundo modelo de autom\u00f3vil electr\u00f3nico lanzado por el Gobierno de M\u00e9xico, en un proyecto que encabeza Roberto Capuano, respaldado por la presidenta de M\u00e9xico, Claudia Sheinbaum.&nbsp; Este veh\u00edculo el\u00e9ctrico tiene capacidad para transportar hasta 650 kilos y contar\u00e1 tambi\u00e9n con [&hellip;]","og_url":"https:\/\/www.bbmnoticias.com\/cuanto-costara-olinia-carga-este-es-el-precio-del-segundo-modelo-de-auto-electrico-le-caben-12-guacales\/","og_site_name":"LA BRAVA RADIO","article_published_time":"2026-08-20T14:56:46+00:00","article_modified_time":"2026-08-20T14:56:49+00:00","og_image":[{"width":750,"height":454,"url":"https:\/\/www.bbmnoticias.com\/labravaradiofm\/wp-content\/uploads\/sites\/5\/2026\/08\/carro_holinia.jpg","type":"image\/jpeg"}],"author":"Staff","twitter_card":"summary_large_image","twitter_misc":{"Escrito por":"Staff","Tiempo de lectura":"1 minuto"},"schema":{"@context":"https:\/\/schema.org","@graph":[{"@type":"Article","@id":"https:\/\/www.bbmnoticias.com\/cuanto-costara-olinia-carga-este-es-el-precio-del-segundo-modelo-de-auto-electrico-le-caben-12-guacales\/#article","isPartOf":{"@id":"https:\/\/www.bbmnoticias.com\/labravaradiofm\/2026\/08\/20\/cuanto-costara-olinia-carga-este-es-el-precio-del-segundo-modelo-de-auto-electrico-le-caben-12-guacales\/"},"author":{"name":"Staff","@id":"https:\/\/www.bbmnoticias.com\/labravaradiofm\/#\/schema\/person\/9eb037257fc48a09cdf31d9a2f45619f"},"headline":"\u00bfCu\u00e1nto costar\u00e1 Olinia Carga? Este es el PRECIO del segundo modelo de auto el\u00e9ctrico; le caben 12 guacales","datePublished":"2026-08-20T14:56:46+00:00","dateModified":"2026-08-20T14:56:49+00:00","mainEntityOfPage":{"@id":"https:\/\/www.bbmnoticias.com\/labravaradiofm\/2026\/08\/20\/cuanto-costara-olinia-carga-este-es-el-precio-del-segundo-modelo-de-auto-electrico-le-caben-12-guacales\/"},"wordCount":238,"image":{"@id":"https:\/\/www.bbmnoticias.com\/cuanto-costara-olinia-carga-este-es-el-precio-del-segundo-modelo-de-auto-electrico-le-caben-12-guacales\/#primaryimage"},"thumbnailUrl":"https:\/\/www.bbmnoticias.com\/labravaradiofm\/wp-content\/uploads\/sites\/5\/2026\/08\/carro_holinia.jpg","articleSection":["LOCAL","NACIONAL"],"inLanguage":"es"},{"@type":"WebPage","@id":"https:\/\/www.bbmnoticias.com\/labravaradiofm\/2026\/08\/20\/cuanto-costara-olinia-carga-este-es-el-precio-del-segundo-modelo-de-auto-electrico-le-caben-12-guacales\/","url":"https:\/\/www.bbmnoticias.com\/cuanto-costara-olinia-carga-este-es-el-precio-del-segundo-modelo-de-auto-electrico-le-caben-12-guacales\/","name":"\u00bfCu\u00e1nto costar\u00e1 Olinia Carga? Este es el PRECIO del segundo modelo de auto el\u00e9ctrico; le caben 12 guacales - LA BRAVA RADIO","isPartOf":{"@id":"https:\/\/www.bbmnoticias.com\/labravaradiofm\/#website"},"primaryImageOfPage":{"@id":"https:\/\/www.bbmnoticias.com\/cuanto-costara-olinia-carga-este-es-el-precio-del-segundo-modelo-de-auto-electrico-le-caben-12-guacales\/#primaryimage"},"image":{"@id":"https:\/\/www.bbmnoticias.com\/cuanto-costara-olinia-carga-este-es-el-precio-del-segundo-modelo-de-auto-electrico-le-caben-12-guacales\/#primaryimage"},"thumbnailUrl":"https:\/\/www.bbmnoticias.com\/labravaradiofm\/wp-content\/uploads\/sites\/5\/2026\/08\/carro_holinia.jpg","datePublished":"2026-08-20T14:56:46+00:00","dateModified":"2026-08-20T14:56:49+00:00","author":{"@id":"https:\/\/www.bbmnoticias.com\/labravaradiofm\/#\/schema\/person\/9eb037257fc48a09cdf31d9a2f45619f"},"breadcrumb":{"@id":"https:\/\/www.bbmnoticias.com\/cuanto-costara-olinia-carga-este-es-el-precio-del-segundo-modelo-de-auto-electrico-le-caben-12-guacales\/#breadcrumb"},"inLanguage":"es","potentialAction":[{"@type":"ReadAction","target":["https:\/\/www.bbmnoticias.com\/cuanto-costara-olinia-carga-este-es-el-precio-del-segundo-modelo-de-auto-electrico-le-caben-12-guacales\/"]}]},{"@type":"ImageObject","inLanguage":"es","@id":"https:\/\/www.bbmnoticias.com\/cuanto-costara-olinia-carga-este-es-el-precio-del-segundo-modelo-de-auto-electrico-le-caben-12-guacales\/#primaryimage","url":"https:\/\/www.bbmnoticias.com\/labravaradiofm\/wp-content\/uploads\/sites\/5\/2026\/08\/carro_holinia.jpg","contentUrl":"https:\/\/www.bbmnoticias.com\/labravaradiofm\/wp-content\/uploads\/sites\/5\/2026\/08\/carro_holinia.jpg","width":750,"height":454},{"@type":"BreadcrumbList","@id":"https:\/\/www.bbmnoticias.com\/cuanto-costara-olinia-carga-este-es-el-precio-del-segundo-modelo-de-auto-electrico-le-caben-12-guacales\/#breadcrumb","itemListElement":[{"@type":"ListItem","position":1,"name":"Inicio","item":"https:\/\/www.bbmnoticias.com\/labravaradiofm\/"},{"@type":"ListItem","position":2,"name":"\u00bfCu\u00e1nto costar\u00e1 Olinia Carga? Este es el PRECIO del segundo modelo de auto el\u00e9ctrico; le caben 12 guacales"}]},{"@type":"WebSite","@id":"https:\/\/www.bbmnoticias.com\/labravaradiofm\/#website","url":"https:\/\/www.bbmnoticias.com\/labravaradiofm\/","name":"LA BRAVA RADIO","description":"Empresa productora de medios, Radiodifusi\u00f3n, Noticias, tendencias y todo lo que necesitas saber de la pol\u00edtica mexicana e internacional; entretenimiento, espect\u00e1culos, salud y mucho m\u00e1s.","potentialAction":[{"@type":"SearchAction","target":{"@type":"EntryPoint","urlTemplate":"https:\/\/www.bbmnoticias.com\/labravaradiofm\/?s={search_term_string}"},"query-input":{"@type":"PropertyValueSpecification","valueRequired":true,"valueName":"search_term_string"}}],"inLanguage":"es"},{"@type":"Person","@id":"https:\/\/www.bbmnoticias.com\/labravaradiofm\/#\/schema\/person\/9eb037257fc48a09cdf31d9a2f45619f","name":"Staff","image":{"@type":"ImageObject","inLanguage":"es","@id":"https:\/\/secure.gravatar.com\/avatar\/fdd21ad66fd8b98c407f9dee5b5e588cfe7f0d8579ec20fa6527cd59bab7f0f0?s=96&d=mm&r=g","url":"https:\/\/secure.gravatar.com\/avatar\/fdd21ad66fd8b98c407f9dee5b5e588cfe7f0d8579ec20fa6527cd59bab7f0f0?s=96&d=mm&r=g","contentUrl":"https:\/\/secure.gravatar.com\/avatar\/fdd21ad66fd8b98c407f9dee5b5e588cfe7f0d8579ec20fa6527cd59bab7f0f0?s=96&d=mm&r=g","caption":"Staff"},"url":"https:\/\/www.bbmnoticias.com\/labravaradiofm\/author\/redaccion\/"}]}},"_links":{"self":[{"href":"https:\/\/www.bbmnoticias.com\/labravaradiofm\/wp-json\/wp\/v2\/posts\/80858","targetHints":{"allow":["GET"]}}],"collection":[{"href":"https:\/\/www.bbmnoticias.com\/labravaradiofm\/wp-json\/wp\/v2\/posts"}],"about":[{"href":"https:\/\/www.bbmnoticias.com\/labravaradiofm\/wp-json\/wp\/v2\/types\/post"}],"author":[{"embeddable":true,"href":"https:\/\/www.bbmnoticias.com\/labravaradiofm\/wp-json\/wp\/v2\/users\/2"}],"replies":[{"embeddable":true,"href":"https:\/\/www.bbmnoticias.com\/labravaradiofm\/wp-json\/wp\/v2\/comments?post=80858"}],"version-history":[{"count":1,"href":"https:\/\/www.bbmnoticias.com\/labravaradiofm\/wp-json\/wp\/v2\/posts\/80858\/revisions"}],"predecessor-version":[{"id":80859,"href":"https:\/\/www.bbmnoticias.com\/labravaradiofm\/wp-json\/wp\/v2\/posts\/80858\/revisions\/80859"}],"wp:featuredmedia":[{"embeddable":true,"href":"https:\/\/www.bbmnoticias.com\/labravaradiofm\/wp-json\/wp\/v2\/media\/80860"}],"wp:attachment":[{"href":"https:\/\/www.bbmnoticias.com\/labravaradiofm\/wp-json\/wp\/v2\/media?parent=80858"}],"wp:term":[{"taxonomy":"category","embeddable":true,"href":"https:\/\/www.bbmnoticias.com\/labravaradiofm\/wp-json\/wp\/v2\/categories?post=80858"},{"taxonomy":"post_tag","embeddable":true,"href":"https:\/\/www.bbmnoticias.com\/labravaradiofm\/wp-json\/wp\/v2\/tags?post=80858"}],"curies":[{"name":"wp","href":"https:\/\/api.w.org\/{rel}","templated":true}]}}