{"id":80849,"date":"2026-08-20T08:14:07","date_gmt":"2026-08-20T14:14:07","guid":{"rendered":"https:\/\/www.bbmnoticias.com\/labravaradiofm\/2026\/08\/20\/claudia-sheinbaum-pardo-presentara-la-glosa-de-su-segundo-informe-de-gobierno\/"},"modified":"2026-08-20T08:14:10","modified_gmt":"2026-08-20T14:14:10","slug":"claudia-sheinbaum-pardo-presentara-la-glosa-de-su-segundo-informe-de-gobierno","status":"publish","type":"post","link":"https:\/\/www.bbmnoticias.com\/labravaradiofm\/2026\/08\/20\/claudia-sheinbaum-pardo-presentara-la-glosa-de-su-segundo-informe-de-gobierno\/","title":{"rendered":"Claudia Sheinbaum Pardo presentar\u00e1 la glosa de su segundo informe de gobierno"},"content":{"rendered":"\n<p class=\"wp-block-paragraph\">Adem\u00e1s de una <strong>gira por el pa\u00eds<\/strong>, la presidenta Claudia Sheinbaum Pardo adelant\u00f3 que en las conferencias de prensa matutina se presentar\u00e1 la glosa de su segundo informe de gobierno. En <strong>Palacio Nacional<\/strong>, dijo que el tema lo trat\u00f3 en un <strong>encuentro<\/strong> este martes con integrantes del <strong>gabinete legal y ampliado<\/strong>.<\/p>\n\n\n\n<blockquote class=\"wp-block-quote is-layout-flow wp-block-quote-is-layout-flow\">\n<p class=\"wp-block-paragraph\">\u201cAbordamos el tema del informe, c\u00f3mo va a ser el informe. Vamos a hacer informes, ya les vamos a informar aqu\u00ed, informes en todas las entidades de la Rep\u00fablica. y en la ma\u00f1anera vamos a dar, digamos, la glosa del informe de cada una de las secretar\u00edas\u201d, afirm\u00f3.<\/p>\n<\/blockquote>\n\n\n\n<h2 class=\"wp-block-heading\">Sheinbaum se re\u00fane con gabinete legal y ampliado<\/h2>\n\n\n\n<p class=\"wp-block-paragraph\">Este martes, durante una hora y media la titular del <strong>Ejecutivo Federal<\/strong> se reuni\u00f3n privado con integrantes del gabinete legal y ampliado para preparar el informe del 1 de septiembre que se presentar\u00e1 ante el <strong>congreso<\/strong>.<\/p>\n\n\n\n<figure class=\"wp-block-image\"><img decoding=\"async\" src=\"https:\/\/heraldodemexico.com.mx\/u\/fotografias\/m\/2026\/8\/19\/f768x1-1319594_1319721_5050.jpeg\" alt=\"\"\/><figcaption class=\"wp-element-caption\">FOTO: Antonio Nava<\/figcaption><\/figure>\n\n\n\n<p class=\"wp-block-paragraph\">En la ma\u00f1anera del 14 de agosto, la presidenta <strong>Sheinbaum Pardo<\/strong> dijo que el 1 de <strong>septiembre<\/strong> se informar\u00e1 a la naci\u00f3n de lo trabajado durante casi dos a\u00f1os, \u201cvamos a dar buenas cuentas\u201d.<\/p>\n\n\n\n<p class=\"wp-block-paragraph\">\u201cY vamos a ir tambi\u00e9n a informar a cada entidad de la <strong>Rep\u00fablica<\/strong> lo que estamos haciendo en cada entidad de la Rep\u00fablica, y el cierre aqu\u00ed en la <strong>Ciudad de M\u00e9xico<\/strong>. Yo creo que les van a gustar los spots del Informe porque ya iniciamos su grabaci\u00f3n. Y son un poco diferentes\u201d, coment\u00f3.<\/p>\n","protected":false},"excerpt":{"rendered":"<p>Adem\u00e1s de una gira por el pa\u00eds, la presidenta Claudia Sheinbaum Pardo adelant\u00f3 que en las conferencias de prensa matutina se presentar\u00e1 la glosa de su segundo informe de gobierno. En Palacio Nacional, dijo que el tema lo trat\u00f3 en un encuentro este martes con integrantes del gabinete legal y ampliado. \u201cAbordamos el tema del [&hellip;]<\/p>\n","protected":false},"author":2,"featured_media":80851,"comment_status":"closed","ping_status":"open","sticky":false,"template":"","format":"standard","meta":{"footnotes":""},"categories":[2,19],"tags":[],"class_list":["post-80849","post","type-post","status-publish","format-standard","has-post-thumbnail","hentry","category-oaxaca","category-nacional"],"yoast_head":"<!-- This site is optimized with the Yoast SEO plugin v28.1 - https:\/\/yoast.com\/product\/yoast-seo-wordpress\/ -->\n<title>Claudia Sheinbaum Pardo presentar\u00e1 la glosa de su segundo informe de gobierno - LA BRAVA RADIO<\/title>\n<meta name=\"robots\" content=\"index, follow, max-snippet:-1, max-image-preview:large, max-video-preview:-1\" \/>\n<link rel=\"canonical\" href=\"https:\/\/www.bbmnoticias.com\/claudia-sheinbaum-pardo-presentara-la-glosa-de-su-segundo-informe-de-gobierno\/\" \/>\n<meta property=\"og:locale\" content=\"es_MX\" \/>\n<meta property=\"og:type\" content=\"article\" \/>\n<meta property=\"og:title\" content=\"Claudia Sheinbaum Pardo presentar\u00e1 la glosa de su segundo informe de gobierno - LA BRAVA RADIO\" \/>\n<meta property=\"og:description\" content=\"Adem\u00e1s de una gira por el pa\u00eds, la presidenta Claudia Sheinbaum Pardo adelant\u00f3 que en las conferencias de prensa matutina se presentar\u00e1 la glosa de su segundo informe de gobierno. En Palacio Nacional, dijo que el tema lo trat\u00f3 en un encuentro este martes con integrantes del gabinete legal y ampliado. \u201cAbordamos el tema del [&hellip;]\" \/>\n<meta property=\"og:url\" content=\"https:\/\/www.bbmnoticias.com\/claudia-sheinbaum-pardo-presentara-la-glosa-de-su-segundo-informe-de-gobierno\/\" \/>\n<meta property=\"og:site_name\" content=\"LA BRAVA RADIO\" \/>\n<meta property=\"article:published_time\" content=\"2026-08-20T14:14:07+00:00\" \/>\n<meta property=\"article:modified_time\" content=\"2026-08-20T14:14:10+00:00\" \/>\n<meta property=\"og:image\" content=\"https:\/\/www.bbmnoticias.com\/labravaradiofm\/wp-content\/uploads\/sites\/5\/2026\/08\/claudia_sheinbaum-1.webp\" \/>\n\t<meta property=\"og:image:width\" content=\"848\" \/>\n\t<meta property=\"og:image:height\" content=\"477\" \/>\n\t<meta property=\"og:image:type\" content=\"image\/webp\" \/>\n<meta name=\"author\" content=\"Staff\" \/>\n<meta name=\"twitter:card\" content=\"summary_large_image\" \/>\n<meta name=\"twitter:label1\" content=\"Escrito por\" \/>\n\t<meta name=\"twitter:data1\" content=\"Staff\" \/>\n\t<meta name=\"twitter:label2\" content=\"Tiempo de lectura\" \/>\n\t<meta name=\"twitter:data2\" content=\"1 minuto\" \/>\n<script type=\"application\/ld+json\" class=\"yoast-schema-graph\">{\"@context\":\"https:\\\/\\\/schema.org\",\"@graph\":[{\"@type\":\"Article\",\"@id\":\"https:\\\/\\\/www.bbmnoticias.com\\\/claudia-sheinbaum-pardo-presentara-la-glosa-de-su-segundo-informe-de-gobierno\\\/#article\",\"isPartOf\":{\"@id\":\"https:\\\/\\\/www.bbmnoticias.com\\\/labravaradiofm\\\/2026\\\/08\\\/20\\\/claudia-sheinbaum-pardo-presentara-la-glosa-de-su-segundo-informe-de-gobierno\\\/\"},\"author\":{\"name\":\"Staff\",\"@id\":\"https:\\\/\\\/www.bbmnoticias.com\\\/labravaradiofm\\\/#\\\/schema\\\/person\\\/9eb037257fc48a09cdf31d9a2f45619f\"},\"headline\":\"Claudia Sheinbaum Pardo presentar\u00e1 la glosa de su segundo informe de gobierno\",\"datePublished\":\"2026-08-20T14:14:07+00:00\",\"dateModified\":\"2026-08-20T14:14:10+00:00\",\"mainEntityOfPage\":{\"@id\":\"https:\\\/\\\/www.bbmnoticias.com\\\/labravaradiofm\\\/2026\\\/08\\\/20\\\/claudia-sheinbaum-pardo-presentara-la-glosa-de-su-segundo-informe-de-gobierno\\\/\"},\"wordCount\":259,\"image\":{\"@id\":\"https:\\\/\\\/www.bbmnoticias.com\\\/claudia-sheinbaum-pardo-presentara-la-glosa-de-su-segundo-informe-de-gobierno\\\/#primaryimage\"},\"thumbnailUrl\":\"https:\\\/\\\/www.bbmnoticias.com\\\/labravaradiofm\\\/wp-content\\\/uploads\\\/sites\\\/5\\\/2026\\\/08\\\/claudia_sheinbaum-1.webp\",\"articleSection\":[\"LOCAL\",\"NACIONAL\"],\"inLanguage\":\"es\"},{\"@type\":\"WebPage\",\"@id\":\"https:\\\/\\\/www.bbmnoticias.com\\\/labravaradiofm\\\/2026\\\/08\\\/20\\\/claudia-sheinbaum-pardo-presentara-la-glosa-de-su-segundo-informe-de-gobierno\\\/\",\"url\":\"https:\\\/\\\/www.bbmnoticias.com\\\/claudia-sheinbaum-pardo-presentara-la-glosa-de-su-segundo-informe-de-gobierno\\\/\",\"name\":\"Claudia Sheinbaum Pardo presentar\u00e1 la glosa de su segundo informe de gobierno - LA BRAVA RADIO\",\"isPartOf\":{\"@id\":\"https:\\\/\\\/www.bbmnoticias.com\\\/labravaradiofm\\\/#website\"},\"primaryImageOfPage\":{\"@id\":\"https:\\\/\\\/www.bbmnoticias.com\\\/claudia-sheinbaum-pardo-presentara-la-glosa-de-su-segundo-informe-de-gobierno\\\/#primaryimage\"},\"image\":{\"@id\":\"https:\\\/\\\/www.bbmnoticias.com\\\/claudia-sheinbaum-pardo-presentara-la-glosa-de-su-segundo-informe-de-gobierno\\\/#primaryimage\"},\"thumbnailUrl\":\"https:\\\/\\\/www.bbmnoticias.com\\\/labravaradiofm\\\/wp-content\\\/uploads\\\/sites\\\/5\\\/2026\\\/08\\\/claudia_sheinbaum-1.webp\",\"datePublished\":\"2026-08-20T14:14:07+00:00\",\"dateModified\":\"2026-08-20T14:14:10+00:00\",\"author\":{\"@id\":\"https:\\\/\\\/www.bbmnoticias.com\\\/labravaradiofm\\\/#\\\/schema\\\/person\\\/9eb037257fc48a09cdf31d9a2f45619f\"},\"breadcrumb\":{\"@id\":\"https:\\\/\\\/www.bbmnoticias.com\\\/claudia-sheinbaum-pardo-presentara-la-glosa-de-su-segundo-informe-de-gobierno\\\/#breadcrumb\"},\"inLanguage\":\"es\",\"potentialAction\":[{\"@type\":\"ReadAction\",\"target\":[\"https:\\\/\\\/www.bbmnoticias.com\\\/claudia-sheinbaum-pardo-presentara-la-glosa-de-su-segundo-informe-de-gobierno\\\/\"]}]},{\"@type\":\"ImageObject\",\"inLanguage\":\"es\",\"@id\":\"https:\\\/\\\/www.bbmnoticias.com\\\/claudia-sheinbaum-pardo-presentara-la-glosa-de-su-segundo-informe-de-gobierno\\\/#primaryimage\",\"url\":\"https:\\\/\\\/www.bbmnoticias.com\\\/labravaradiofm\\\/wp-content\\\/uploads\\\/sites\\\/5\\\/2026\\\/08\\\/claudia_sheinbaum-1.webp\",\"contentUrl\":\"https:\\\/\\\/www.bbmnoticias.com\\\/labravaradiofm\\\/wp-content\\\/uploads\\\/sites\\\/5\\\/2026\\\/08\\\/claudia_sheinbaum-1.webp\",\"width\":848,\"height\":477},{\"@type\":\"BreadcrumbList\",\"@id\":\"https:\\\/\\\/www.bbmnoticias.com\\\/claudia-sheinbaum-pardo-presentara-la-glosa-de-su-segundo-informe-de-gobierno\\\/#breadcrumb\",\"itemListElement\":[{\"@type\":\"ListItem\",\"position\":1,\"name\":\"Inicio\",\"item\":\"https:\\\/\\\/www.bbmnoticias.com\\\/labravaradiofm\\\/\"},{\"@type\":\"ListItem\",\"position\":2,\"name\":\"Claudia Sheinbaum Pardo presentar\u00e1 la glosa de su segundo informe de gobierno\"}]},{\"@type\":\"WebSite\",\"@id\":\"https:\\\/\\\/www.bbmnoticias.com\\\/labravaradiofm\\\/#website\",\"url\":\"https:\\\/\\\/www.bbmnoticias.com\\\/labravaradiofm\\\/\",\"name\":\"LA BRAVA RADIO\",\"description\":\"Empresa productora de medios, Radiodifusi\u00f3n, Noticias, tendencias y todo lo que necesitas saber de la pol\u00edtica mexicana e internacional; entretenimiento, espect\u00e1culos, salud y mucho m\u00e1s.\",\"potentialAction\":[{\"@type\":\"SearchAction\",\"target\":{\"@type\":\"EntryPoint\",\"urlTemplate\":\"https:\\\/\\\/www.bbmnoticias.com\\\/labravaradiofm\\\/?s={search_term_string}\"},\"query-input\":{\"@type\":\"PropertyValueSpecification\",\"valueRequired\":true,\"valueName\":\"search_term_string\"}}],\"inLanguage\":\"es\"},{\"@type\":\"Person\",\"@id\":\"https:\\\/\\\/www.bbmnoticias.com\\\/labravaradiofm\\\/#\\\/schema\\\/person\\\/9eb037257fc48a09cdf31d9a2f45619f\",\"name\":\"Staff\",\"image\":{\"@type\":\"ImageObject\",\"inLanguage\":\"es\",\"@id\":\"https:\\\/\\\/secure.gravatar.com\\\/avatar\\\/fdd21ad66fd8b98c407f9dee5b5e588cfe7f0d8579ec20fa6527cd59bab7f0f0?s=96&d=mm&r=g\",\"url\":\"https:\\\/\\\/secure.gravatar.com\\\/avatar\\\/fdd21ad66fd8b98c407f9dee5b5e588cfe7f0d8579ec20fa6527cd59bab7f0f0?s=96&d=mm&r=g\",\"contentUrl\":\"https:\\\/\\\/secure.gravatar.com\\\/avatar\\\/fdd21ad66fd8b98c407f9dee5b5e588cfe7f0d8579ec20fa6527cd59bab7f0f0?s=96&d=mm&r=g\",\"caption\":\"Staff\"},\"url\":\"https:\\\/\\\/www.bbmnoticias.com\\\/labravaradiofm\\\/author\\\/redaccion\\\/\"}]}<\/script>\n<!-- \/ Yoast SEO plugin. -->","yoast_head_json":{"title":"Claudia Sheinbaum Pardo presentar\u00e1 la glosa de su segundo informe de gobierno - LA BRAVA RADIO","robots":{"index":"index","follow":"follow","max-snippet":"max-snippet:-1","max-image-preview":"max-image-preview:large","max-video-preview":"max-video-preview:-1"},"canonical":"https:\/\/www.bbmnoticias.com\/claudia-sheinbaum-pardo-presentara-la-glosa-de-su-segundo-informe-de-gobierno\/","og_locale":"es_MX","og_type":"article","og_title":"Claudia Sheinbaum Pardo presentar\u00e1 la glosa de su segundo informe de gobierno - LA BRAVA RADIO","og_description":"Adem\u00e1s de una gira por el pa\u00eds, la presidenta Claudia Sheinbaum Pardo adelant\u00f3 que en las conferencias de prensa matutina se presentar\u00e1 la glosa de su segundo informe de gobierno. En Palacio Nacional, dijo que el tema lo trat\u00f3 en un encuentro este martes con integrantes del gabinete legal y ampliado. \u201cAbordamos el tema del [&hellip;]","og_url":"https:\/\/www.bbmnoticias.com\/claudia-sheinbaum-pardo-presentara-la-glosa-de-su-segundo-informe-de-gobierno\/","og_site_name":"LA BRAVA RADIO","article_published_time":"2026-08-20T14:14:07+00:00","article_modified_time":"2026-08-20T14:14:10+00:00","og_image":[{"width":848,"height":477,"url":"https:\/\/www.bbmnoticias.com\/labravaradiofm\/wp-content\/uploads\/sites\/5\/2026\/08\/claudia_sheinbaum-1.webp","type":"image\/webp"}],"author":"Staff","twitter_card":"summary_large_image","twitter_misc":{"Escrito por":"Staff","Tiempo de lectura":"1 minuto"},"schema":{"@context":"https:\/\/schema.org","@graph":[{"@type":"Article","@id":"https:\/\/www.bbmnoticias.com\/claudia-sheinbaum-pardo-presentara-la-glosa-de-su-segundo-informe-de-gobierno\/#article","isPartOf":{"@id":"https:\/\/www.bbmnoticias.com\/labravaradiofm\/2026\/08\/20\/claudia-sheinbaum-pardo-presentara-la-glosa-de-su-segundo-informe-de-gobierno\/"},"author":{"name":"Staff","@id":"https:\/\/www.bbmnoticias.com\/labravaradiofm\/#\/schema\/person\/9eb037257fc48a09cdf31d9a2f45619f"},"headline":"Claudia Sheinbaum Pardo presentar\u00e1 la glosa de su segundo informe de gobierno","datePublished":"2026-08-20T14:14:07+00:00","dateModified":"2026-08-20T14:14:10+00:00","mainEntityOfPage":{"@id":"https:\/\/www.bbmnoticias.com\/labravaradiofm\/2026\/08\/20\/claudia-sheinbaum-pardo-presentara-la-glosa-de-su-segundo-informe-de-gobierno\/"},"wordCount":259,"image":{"@id":"https:\/\/www.bbmnoticias.com\/claudia-sheinbaum-pardo-presentara-la-glosa-de-su-segundo-informe-de-gobierno\/#primaryimage"},"thumbnailUrl":"https:\/\/www.bbmnoticias.com\/labravaradiofm\/wp-content\/uploads\/sites\/5\/2026\/08\/claudia_sheinbaum-1.webp","articleSection":["LOCAL","NACIONAL"],"inLanguage":"es"},{"@type":"WebPage","@id":"https:\/\/www.bbmnoticias.com\/labravaradiofm\/2026\/08\/20\/claudia-sheinbaum-pardo-presentara-la-glosa-de-su-segundo-informe-de-gobierno\/","url":"https:\/\/www.bbmnoticias.com\/claudia-sheinbaum-pardo-presentara-la-glosa-de-su-segundo-informe-de-gobierno\/","name":"Claudia Sheinbaum Pardo presentar\u00e1 la glosa de su segundo informe de gobierno - LA BRAVA RADIO","isPartOf":{"@id":"https:\/\/www.bbmnoticias.com\/labravaradiofm\/#website"},"primaryImageOfPage":{"@id":"https:\/\/www.bbmnoticias.com\/claudia-sheinbaum-pardo-presentara-la-glosa-de-su-segundo-informe-de-gobierno\/#primaryimage"},"image":{"@id":"https:\/\/www.bbmnoticias.com\/claudia-sheinbaum-pardo-presentara-la-glosa-de-su-segundo-informe-de-gobierno\/#primaryimage"},"thumbnailUrl":"https:\/\/www.bbmnoticias.com\/labravaradiofm\/wp-content\/uploads\/sites\/5\/2026\/08\/claudia_sheinbaum-1.webp","datePublished":"2026-08-20T14:14:07+00:00","dateModified":"2026-08-20T14:14:10+00:00","author":{"@id":"https:\/\/www.bbmnoticias.com\/labravaradiofm\/#\/schema\/person\/9eb037257fc48a09cdf31d9a2f45619f"},"breadcrumb":{"@id":"https:\/\/www.bbmnoticias.com\/claudia-sheinbaum-pardo-presentara-la-glosa-de-su-segundo-informe-de-gobierno\/#breadcrumb"},"inLanguage":"es","potentialAction":[{"@type":"ReadAction","target":["https:\/\/www.bbmnoticias.com\/claudia-sheinbaum-pardo-presentara-la-glosa-de-su-segundo-informe-de-gobierno\/"]}]},{"@type":"ImageObject","inLanguage":"es","@id":"https:\/\/www.bbmnoticias.com\/claudia-sheinbaum-pardo-presentara-la-glosa-de-su-segundo-informe-de-gobierno\/#primaryimage","url":"https:\/\/www.bbmnoticias.com\/labravaradiofm\/wp-content\/uploads\/sites\/5\/2026\/08\/claudia_sheinbaum-1.webp","contentUrl":"https:\/\/www.bbmnoticias.com\/labravaradiofm\/wp-content\/uploads\/sites\/5\/2026\/08\/claudia_sheinbaum-1.webp","width":848,"height":477},{"@type":"BreadcrumbList","@id":"https:\/\/www.bbmnoticias.com\/claudia-sheinbaum-pardo-presentara-la-glosa-de-su-segundo-informe-de-gobierno\/#breadcrumb","itemListElement":[{"@type":"ListItem","position":1,"name":"Inicio","item":"https:\/\/www.bbmnoticias.com\/labravaradiofm\/"},{"@type":"ListItem","position":2,"name":"Claudia Sheinbaum Pardo presentar\u00e1 la glosa de su segundo informe de gobierno"}]},{"@type":"WebSite","@id":"https:\/\/www.bbmnoticias.com\/labravaradiofm\/#website","url":"https:\/\/www.bbmnoticias.com\/labravaradiofm\/","name":"LA BRAVA RADIO","description":"Empresa productora de medios, Radiodifusi\u00f3n, Noticias, tendencias y todo lo que necesitas saber de la pol\u00edtica mexicana e internacional; entretenimiento, espect\u00e1culos, salud y mucho m\u00e1s.","potentialAction":[{"@type":"SearchAction","target":{"@type":"EntryPoint","urlTemplate":"https:\/\/www.bbmnoticias.com\/labravaradiofm\/?s={search_term_string}"},"query-input":{"@type":"PropertyValueSpecification","valueRequired":true,"valueName":"search_term_string"}}],"inLanguage":"es"},{"@type":"Person","@id":"https:\/\/www.bbmnoticias.com\/labravaradiofm\/#\/schema\/person\/9eb037257fc48a09cdf31d9a2f45619f","name":"Staff","image":{"@type":"ImageObject","inLanguage":"es","@id":"https:\/\/secure.gravatar.com\/avatar\/fdd21ad66fd8b98c407f9dee5b5e588cfe7f0d8579ec20fa6527cd59bab7f0f0?s=96&d=mm&r=g","url":"https:\/\/secure.gravatar.com\/avatar\/fdd21ad66fd8b98c407f9dee5b5e588cfe7f0d8579ec20fa6527cd59bab7f0f0?s=96&d=mm&r=g","contentUrl":"https:\/\/secure.gravatar.com\/avatar\/fdd21ad66fd8b98c407f9dee5b5e588cfe7f0d8579ec20fa6527cd59bab7f0f0?s=96&d=mm&r=g","caption":"Staff"},"url":"https:\/\/www.bbmnoticias.com\/labravaradiofm\/author\/redaccion\/"}]}},"_links":{"self":[{"href":"https:\/\/www.bbmnoticias.com\/labravaradiofm\/wp-json\/wp\/v2\/posts\/80849","targetHints":{"allow":["GET"]}}],"collection":[{"href":"https:\/\/www.bbmnoticias.com\/labravaradiofm\/wp-json\/wp\/v2\/posts"}],"about":[{"href":"https:\/\/www.bbmnoticias.com\/labravaradiofm\/wp-json\/wp\/v2\/types\/post"}],"author":[{"embeddable":true,"href":"https:\/\/www.bbmnoticias.com\/labravaradiofm\/wp-json\/wp\/v2\/users\/2"}],"replies":[{"embeddable":true,"href":"https:\/\/www.bbmnoticias.com\/labravaradiofm\/wp-json\/wp\/v2\/comments?post=80849"}],"version-history":[{"count":1,"href":"https:\/\/www.bbmnoticias.com\/labravaradiofm\/wp-json\/wp\/v2\/posts\/80849\/revisions"}],"predecessor-version":[{"id":80850,"href":"https:\/\/www.bbmnoticias.com\/labravaradiofm\/wp-json\/wp\/v2\/posts\/80849\/revisions\/80850"}],"wp:featuredmedia":[{"embeddable":true,"href":"https:\/\/www.bbmnoticias.com\/labravaradiofm\/wp-json\/wp\/v2\/media\/80851"}],"wp:attachment":[{"href":"https:\/\/www.bbmnoticias.com\/labravaradiofm\/wp-json\/wp\/v2\/media?parent=80849"}],"wp:term":[{"taxonomy":"category","embeddable":true,"href":"https:\/\/www.bbmnoticias.com\/labravaradiofm\/wp-json\/wp\/v2\/categories?post=80849"},{"taxonomy":"post_tag","embeddable":true,"href":"https:\/\/www.bbmnoticias.com\/labravaradiofm\/wp-json\/wp\/v2\/tags?post=80849"}],"curies":[{"name":"wp","href":"https:\/\/api.w.org\/{rel}","templated":true}]}}