{"id":8083,"date":"2022-01-04T08:37:40","date_gmt":"2022-01-04T14:37:40","guid":{"rendered":"https:\/\/www.bbmnoticias.com\/labravaradiofm\/?p=8083"},"modified":"2022-01-04T08:37:42","modified_gmt":"2022-01-04T14:37:42","slug":"aumentan-en-10-casos-activos-de-covid-19-en-la-entidad","status":"publish","type":"post","link":"https:\/\/www.bbmnoticias.com\/labravaradiofm\/2022\/01\/04\/aumentan-en-10-casos-activos-de-covid-19-en-la-entidad\/","title":{"rendered":"Aumentan en 10% casos activos de COVID-19 en la entidad"},"content":{"rendered":"<div style=\"margin-top: 0px; margin-bottom: 0px;\" class=\"sharethis-inline-share-buttons\" ><\/div>\n<p><strong>Oaxaca de Ju\u00e1rez, Oax. 03 de enero de 2022<\/strong>.- Al dar a conocer el informe t\u00e9cnico de este lunes, los Servicios de Salud de Oaxaca (SSO), han registrado un aumento del 10% de casos activos de COVID-19, al pasar el d\u00eda de ayer de 188 a 207, as\u00ed como 131 casos nuevos y cero defunciones.<\/p>\n\n\n\n<p>La dependencia precis\u00f3 que tomando en consideraci\u00f3n las reuniones o visitas efectuadas por los festejos en el mes de diciembre, si las personas no aplicaron las medidas sanitarias necesarias para evitar el contagio del SARS-COV-2, se presentar\u00e1 en los pr\u00f3ximos d\u00edas un aumento de casos activos, ya que el per\u00edodo de incubaci\u00f3n de la infecci\u00f3n hasta la aparici\u00f3n de s\u00edntomas es de 5 a 14 d\u00edas.<\/p>\n\n\n\n<figure class=\"wp-block-embed is-type-rich is-provider-twitter wp-block-embed-twitter\"><div class=\"wp-block-embed__wrapper\">\n<blockquote class=\"twitter-tweet\" data-width=\"550\" data-dnt=\"true\"><p lang=\"es\" dir=\"ltr\">Este 03 de enero, se contabilizaron un total de 207 casos activos de <a href=\"https:\/\/twitter.com\/hashtag\/COVID19?src=hash&amp;ref_src=twsrc%5Etfw\">#COVID19<\/a> en 44 municipios de la entidad. <br><br>\ud83d\udccc Aplica con disciplina todas las medidas sanitarias para mitigar la pandemia en <a href=\"https:\/\/twitter.com\/hashtag\/Oaxaca?src=hash&amp;ref_src=twsrc%5Etfw\">#Oaxaca<\/a>.<a href=\"https:\/\/twitter.com\/hashtag\/SiTeCuidasT%C3%BANosCuidamosTodos?src=hash&amp;ref_src=twsrc%5Etfw\">#SiTeCuidasT\u00faNosCuidamosTodos<\/a> <a href=\"https:\/\/t.co\/DBjuxcpnAA\">pic.twitter.com\/DBjuxcpnAA<\/a><\/p>&mdash; Servicios de Salud (@SSO_GobOax) <a href=\"https:\/\/twitter.com\/SSO_GobOax\/status\/1478189040096608256?ref_src=twsrc%5Etfw\">January 4, 2022<\/a><\/blockquote><script async src=\"https:\/\/platform.twitter.com\/widgets.js\" charset=\"utf-8\"><\/script>\n<\/div><\/figure>\n\n\n\n<p>En este sentido, el Sector Salud hace el llamado a la poblaci\u00f3n para que no baje la guardia, ya que la pandemia sigue activa en sus 16 variantes, por lo que es fundamental seguir con las medidas sanitarias como el uso correcto del cubrebocas, mantener la sana distancia de 1.5 metros entre personas, lavar las manos con agua y jab\u00f3n o usar gel a base de alcohol al 70%.<\/p>\n\n\n\n<p>Y es que se han contabilizado, 84 mil 226 casos acumulados desde el inicio de la pandemia, y cinco mil 659 decesos, 78 mil 360 personas se han recuperado de la enfermedad y hay seis mil 16 casos sospechosos.<\/p>\n\n\n\n<p>Los 131 casos nuevos de este lunes, afectan a 30 municipios, siendo los m\u00e1s afectados, Oaxaca de Ju\u00e1rez con 56, seguido de Santa Luc\u00eda del Camino con nueve, Santa Mar\u00eda Huatulco ocho, San Jacinto Amilpas siete, San Raymundo Jalpan cinco, Ocotl\u00e1n de Morelos, Santa Cruz Amilpas, Santa Cruz Xoxocotl\u00e1n y Santa Mar\u00eda Colotepec cuatro casos cada uno, el resto tres, dos y un solo caso.<\/p>\n\n\n\n<p>En relaci\u00f3n al panorama Jurisdiccional, Valles centrales registra 51 mil 91 casos confirmados y dos mil 512 defunciones, Istmo 11 mil 876 casos confirmados y mil 206 muertes, Mixteca seis mil 531 casos confirmados y 580 decesos, Costa cinco mil 949 casos confirmados y 473 personas perdieron la vida, Tuxtepec cinco mil 803 casos confirmados y 563 defunciones, Sierra dos mil 976 casos confirmados y 325 decesos.<\/p>\n\n\n\n<figure class=\"wp-block-embed is-type-rich is-provider-twitter wp-block-embed-twitter\"><div class=\"wp-block-embed__wrapper\">\n<blockquote class=\"twitter-tweet\" data-width=\"550\" data-dnt=\"true\"><p lang=\"es\" dir=\"ltr\">Este 03 de enero <a href=\"https:\/\/twitter.com\/hashtag\/Oaxaca?src=hash&amp;ref_src=twsrc%5Etfw\">#Oaxaca<\/a> termina registrando 84,226 casos positivos acumulados de <a href=\"https:\/\/twitter.com\/hashtag\/COVID19?src=hash&amp;ref_src=twsrc%5Etfw\">#COVID19<\/a> y se mantiene en 5,659 el n\u00famero de lamentables defunciones.<br><br>Protege a tu familia, utiliza <a href=\"https:\/\/twitter.com\/hashtag\/Cubrebocas?src=hash&amp;ref_src=twsrc%5Etfw\">#Cubrebocas<\/a>, mant\u00e9n la <a href=\"https:\/\/twitter.com\/hashtag\/SanaDistancia?src=hash&amp;ref_src=twsrc%5Etfw\">#SanaDistancia<\/a>. <a href=\"https:\/\/twitter.com\/hashtag\/SiTeCuidasT%C3%BANosCuidamosTodosYTodas?src=hash&amp;ref_src=twsrc%5Etfw\">#SiTeCuidasT\u00faNosCuidamosTodosYTodas<\/a> <a href=\"https:\/\/t.co\/sIf1vbC3YS\">pic.twitter.com\/sIf1vbC3YS<\/a><\/p>&mdash; Servicios de Salud (@SSO_GobOax) <a href=\"https:\/\/twitter.com\/SSO_GobOax\/status\/1478188775889014784?ref_src=twsrc%5Etfw\">January 4, 2022<\/a><\/blockquote><script async src=\"https:\/\/platform.twitter.com\/widgets.js\" charset=\"utf-8\"><\/script>\n<\/div><\/figure>\n\n\n\n<p>De las cinco mil 659 defunciones, por sexo tres mil 611 son hombres y dos mil 48 mujeres, el grupo de edad m\u00e1s afectado son los de 65 y m\u00e1s con dos mil 645, seguido de 50 a 59 con mil 193, y de 60 a 64 con 772, las comorbilidades asociadas son la hipertensi\u00f3n arterial con 39.1%, la diabetes con 36.5%, obesidad 21.1%, e insuficiencia renal 6.4%.<\/p>\n\n\n\n<p>En relaci\u00f3n a la ocupaci\u00f3n de la red hospitalaria para la atenci\u00f3n de pacientes con COVID-19, hay un global del 16.8%, cinco hospitales se encuentran al 100% de su capacidad, en las \u00faltimas 24 horas dos personas ingresaron a hospitalizaci\u00f3n de un total de 71 que se encuentran internados en diversos nosocomios. La Jurisdicci\u00f3n Sanitaria con mayor saturaci\u00f3n de camas es la Mixteca, con 54.1%.<\/p>\n\n\n\n<p>La instituci\u00f3n da a conocer que existen seis centros de valoraci\u00f3n de primer contacto en la zona conurbada, entre ellos; los Hospitales General de Zona 1 del IMSS, Regional \u201cPresidente Ju\u00e1rez\u201d del ISSSTE, General \u201cDoctor Aurelio Valdivieso\u201d, Regional de Alta Especialidad de Oaxaca y el Centro de Salud Urbano 1, ante cualquier emergencia pueden llamar al 911.<\/p>\n","protected":false},"excerpt":{"rendered":"<p>Oaxaca de Ju\u00e1rez, Oax. 03 de enero de 2022.- Al dar a conocer el informe t\u00e9cnico de este lunes, los Servicios de Salud de Oaxaca (SSO), han registrado un aumento del 10% de casos activos de COVID-19, al pasar el d\u00eda de ayer de 188 a 207, as\u00ed como 131 casos nuevos y cero defunciones. [&hellip;]<\/p>\n","protected":false},"author":2,"featured_media":8084,"comment_status":"closed","ping_status":"closed","sticky":false,"template":"","format":"standard","meta":{"footnotes":""},"categories":[2],"tags":[],"class_list":{"0":"post-8083","1":"post","2":"type-post","3":"status-publish","4":"format-standard","5":"has-post-thumbnail","7":"category-oaxaca"},"yoast_head":"<!-- This site is optimized with the Yoast SEO plugin v27.4 - https:\/\/yoast.com\/product\/yoast-seo-wordpress\/ -->\n<title>Aumentan en 10% casos activos de COVID-19 en la entidad - LA BRAVA RADIO<\/title>\n<meta name=\"robots\" content=\"index, follow, max-snippet:-1, max-image-preview:large, max-video-preview:-1\" \/>\n<link rel=\"canonical\" href=\"https:\/\/www.bbmnoticias.com\/labravaradiofm\/2022\/01\/04\/aumentan-en-10-casos-activos-de-covid-19-en-la-entidad\/\" \/>\n<meta property=\"og:locale\" content=\"es_MX\" \/>\n<meta property=\"og:type\" content=\"article\" \/>\n<meta property=\"og:title\" content=\"Aumentan en 10% casos activos de COVID-19 en la entidad - LA BRAVA RADIO\" \/>\n<meta property=\"og:description\" content=\"Oaxaca de Ju\u00e1rez, Oax. 03 de enero de 2022.- Al dar a conocer el informe t\u00e9cnico de este lunes, los Servicios de Salud de Oaxaca (SSO), han registrado un aumento del 10% de casos activos de COVID-19, al pasar el d\u00eda de ayer de 188 a 207, as\u00ed como 131 casos nuevos y cero defunciones. [&hellip;]\" \/>\n<meta property=\"og:url\" content=\"https:\/\/www.bbmnoticias.com\/labravaradiofm\/2022\/01\/04\/aumentan-en-10-casos-activos-de-covid-19-en-la-entidad\/\" \/>\n<meta property=\"og:site_name\" content=\"LA BRAVA RADIO\" \/>\n<meta property=\"article:published_time\" content=\"2022-01-04T14:37:40+00:00\" \/>\n<meta property=\"article:modified_time\" content=\"2022-01-04T14:37:42+00:00\" \/>\n<meta property=\"og:image\" content=\"https:\/\/www.bbmnoticias.com\/labravaradiofm\/wp-content\/uploads\/sites\/5\/2022\/01\/oaxaca-covid.jpg\" \/>\n\t<meta property=\"og:image:width\" content=\"1000\" \/>\n\t<meta property=\"og:image:height\" content=\"650\" \/>\n\t<meta property=\"og:image:type\" content=\"image\/jpeg\" \/>\n<meta name=\"author\" content=\"Staff\" \/>\n<meta name=\"twitter:card\" content=\"summary_large_image\" \/>\n<meta name=\"twitter:label1\" content=\"Escrito por\" \/>\n\t<meta name=\"twitter:data1\" content=\"Staff\" \/>\n\t<meta name=\"twitter:label2\" content=\"Tiempo de lectura\" \/>\n\t<meta name=\"twitter:data2\" content=\"3 minutos\" \/>\n<script type=\"application\/ld+json\" class=\"yoast-schema-graph\">{\"@context\":\"https:\\\/\\\/schema.org\",\"@graph\":[{\"@type\":\"Article\",\"@id\":\"https:\\\/\\\/www.bbmnoticias.com\\\/labravaradiofm\\\/2022\\\/01\\\/04\\\/aumentan-en-10-casos-activos-de-covid-19-en-la-entidad\\\/#article\",\"isPartOf\":{\"@id\":\"https:\\\/\\\/www.bbmnoticias.com\\\/labravaradiofm\\\/2022\\\/01\\\/04\\\/aumentan-en-10-casos-activos-de-covid-19-en-la-entidad\\\/\"},\"author\":{\"name\":\"Staff\",\"@id\":\"https:\\\/\\\/www.bbmnoticias.com\\\/labravaradiofm\\\/#\\\/schema\\\/person\\\/68a9e9036ef3c5b55aeb2b71dc8bab45\"},\"headline\":\"Aumentan en 10% casos activos de COVID-19 en la entidad\",\"datePublished\":\"2022-01-04T14:37:40+00:00\",\"dateModified\":\"2022-01-04T14:37:42+00:00\",\"mainEntityOfPage\":{\"@id\":\"https:\\\/\\\/www.bbmnoticias.com\\\/labravaradiofm\\\/2022\\\/01\\\/04\\\/aumentan-en-10-casos-activos-de-covid-19-en-la-entidad\\\/\"},\"wordCount\":550,\"image\":{\"@id\":\"https:\\\/\\\/www.bbmnoticias.com\\\/labravaradiofm\\\/2022\\\/01\\\/04\\\/aumentan-en-10-casos-activos-de-covid-19-en-la-entidad\\\/#primaryimage\"},\"thumbnailUrl\":\"https:\\\/\\\/www.bbmnoticias.com\\\/labravaradiofm\\\/wp-content\\\/uploads\\\/sites\\\/5\\\/2022\\\/01\\\/oaxaca-covid.jpg\",\"articleSection\":[\"LOCAL\"],\"inLanguage\":\"es\"},{\"@type\":\"WebPage\",\"@id\":\"https:\\\/\\\/www.bbmnoticias.com\\\/labravaradiofm\\\/2022\\\/01\\\/04\\\/aumentan-en-10-casos-activos-de-covid-19-en-la-entidad\\\/\",\"url\":\"https:\\\/\\\/www.bbmnoticias.com\\\/labravaradiofm\\\/2022\\\/01\\\/04\\\/aumentan-en-10-casos-activos-de-covid-19-en-la-entidad\\\/\",\"name\":\"Aumentan en 10% casos activos de COVID-19 en la entidad - LA BRAVA RADIO\",\"isPartOf\":{\"@id\":\"https:\\\/\\\/www.bbmnoticias.com\\\/labravaradiofm\\\/#website\"},\"primaryImageOfPage\":{\"@id\":\"https:\\\/\\\/www.bbmnoticias.com\\\/labravaradiofm\\\/2022\\\/01\\\/04\\\/aumentan-en-10-casos-activos-de-covid-19-en-la-entidad\\\/#primaryimage\"},\"image\":{\"@id\":\"https:\\\/\\\/www.bbmnoticias.com\\\/labravaradiofm\\\/2022\\\/01\\\/04\\\/aumentan-en-10-casos-activos-de-covid-19-en-la-entidad\\\/#primaryimage\"},\"thumbnailUrl\":\"https:\\\/\\\/www.bbmnoticias.com\\\/labravaradiofm\\\/wp-content\\\/uploads\\\/sites\\\/5\\\/2022\\\/01\\\/oaxaca-covid.jpg\",\"datePublished\":\"2022-01-04T14:37:40+00:00\",\"dateModified\":\"2022-01-04T14:37:42+00:00\",\"author\":{\"@id\":\"https:\\\/\\\/www.bbmnoticias.com\\\/labravaradiofm\\\/#\\\/schema\\\/person\\\/68a9e9036ef3c5b55aeb2b71dc8bab45\"},\"breadcrumb\":{\"@id\":\"https:\\\/\\\/www.bbmnoticias.com\\\/labravaradiofm\\\/2022\\\/01\\\/04\\\/aumentan-en-10-casos-activos-de-covid-19-en-la-entidad\\\/#breadcrumb\"},\"inLanguage\":\"es\",\"potentialAction\":[{\"@type\":\"ReadAction\",\"target\":[\"https:\\\/\\\/www.bbmnoticias.com\\\/labravaradiofm\\\/2022\\\/01\\\/04\\\/aumentan-en-10-casos-activos-de-covid-19-en-la-entidad\\\/\"]}]},{\"@type\":\"ImageObject\",\"inLanguage\":\"es\",\"@id\":\"https:\\\/\\\/www.bbmnoticias.com\\\/labravaradiofm\\\/2022\\\/01\\\/04\\\/aumentan-en-10-casos-activos-de-covid-19-en-la-entidad\\\/#primaryimage\",\"url\":\"https:\\\/\\\/www.bbmnoticias.com\\\/labravaradiofm\\\/wp-content\\\/uploads\\\/sites\\\/5\\\/2022\\\/01\\\/oaxaca-covid.jpg\",\"contentUrl\":\"https:\\\/\\\/www.bbmnoticias.com\\\/labravaradiofm\\\/wp-content\\\/uploads\\\/sites\\\/5\\\/2022\\\/01\\\/oaxaca-covid.jpg\",\"width\":1000,\"height\":650},{\"@type\":\"BreadcrumbList\",\"@id\":\"https:\\\/\\\/www.bbmnoticias.com\\\/labravaradiofm\\\/2022\\\/01\\\/04\\\/aumentan-en-10-casos-activos-de-covid-19-en-la-entidad\\\/#breadcrumb\",\"itemListElement\":[{\"@type\":\"ListItem\",\"position\":1,\"name\":\"Inicio\",\"item\":\"https:\\\/\\\/www.bbmnoticias.com\\\/labravaradiofm\\\/\"},{\"@type\":\"ListItem\",\"position\":2,\"name\":\"Aumentan en 10% casos activos de COVID-19 en la entidad\"}]},{\"@type\":\"WebSite\",\"@id\":\"https:\\\/\\\/www.bbmnoticias.com\\\/labravaradiofm\\\/#website\",\"url\":\"https:\\\/\\\/www.bbmnoticias.com\\\/labravaradiofm\\\/\",\"name\":\"LA BRAVA RADIO\",\"description\":\"Empresa productora de medios, Radiodifusi\u00f3n, Noticias, tendencias y todo lo que necesitas saber de la pol\u00edtica mexicana e internacional; entretenimiento, espect\u00e1culos, salud y mucho m\u00e1s.\",\"potentialAction\":[{\"@type\":\"SearchAction\",\"target\":{\"@type\":\"EntryPoint\",\"urlTemplate\":\"https:\\\/\\\/www.bbmnoticias.com\\\/labravaradiofm\\\/?s={search_term_string}\"},\"query-input\":{\"@type\":\"PropertyValueSpecification\",\"valueRequired\":true,\"valueName\":\"search_term_string\"}}],\"inLanguage\":\"es\"},{\"@type\":\"Person\",\"@id\":\"https:\\\/\\\/www.bbmnoticias.com\\\/labravaradiofm\\\/#\\\/schema\\\/person\\\/68a9e9036ef3c5b55aeb2b71dc8bab45\",\"name\":\"Staff\",\"image\":{\"@type\":\"ImageObject\",\"inLanguage\":\"es\",\"@id\":\"https:\\\/\\\/secure.gravatar.com\\\/avatar\\\/fdd21ad66fd8b98c407f9dee5b5e588cfe7f0d8579ec20fa6527cd59bab7f0f0?s=96&d=mm&r=g\",\"url\":\"https:\\\/\\\/secure.gravatar.com\\\/avatar\\\/fdd21ad66fd8b98c407f9dee5b5e588cfe7f0d8579ec20fa6527cd59bab7f0f0?s=96&d=mm&r=g\",\"contentUrl\":\"https:\\\/\\\/secure.gravatar.com\\\/avatar\\\/fdd21ad66fd8b98c407f9dee5b5e588cfe7f0d8579ec20fa6527cd59bab7f0f0?s=96&d=mm&r=g\",\"caption\":\"Staff\"},\"url\":\"https:\\\/\\\/www.bbmnoticias.com\\\/labravaradiofm\\\/author\\\/redaccion\\\/\"}]}<\/script>\n<!-- \/ Yoast SEO plugin. -->","yoast_head_json":{"title":"Aumentan en 10% casos activos de COVID-19 en la entidad - LA BRAVA RADIO","robots":{"index":"index","follow":"follow","max-snippet":"max-snippet:-1","max-image-preview":"max-image-preview:large","max-video-preview":"max-video-preview:-1"},"canonical":"https:\/\/www.bbmnoticias.com\/labravaradiofm\/2022\/01\/04\/aumentan-en-10-casos-activos-de-covid-19-en-la-entidad\/","og_locale":"es_MX","og_type":"article","og_title":"Aumentan en 10% casos activos de COVID-19 en la entidad - LA BRAVA RADIO","og_description":"Oaxaca de Ju\u00e1rez, Oax. 03 de enero de 2022.- Al dar a conocer el informe t\u00e9cnico de este lunes, los Servicios de Salud de Oaxaca (SSO), han registrado un aumento del 10% de casos activos de COVID-19, al pasar el d\u00eda de ayer de 188 a 207, as\u00ed como 131 casos nuevos y cero defunciones. [&hellip;]","og_url":"https:\/\/www.bbmnoticias.com\/labravaradiofm\/2022\/01\/04\/aumentan-en-10-casos-activos-de-covid-19-en-la-entidad\/","og_site_name":"LA BRAVA RADIO","article_published_time":"2022-01-04T14:37:40+00:00","article_modified_time":"2022-01-04T14:37:42+00:00","og_image":[{"width":1000,"height":650,"url":"https:\/\/www.bbmnoticias.com\/labravaradiofm\/wp-content\/uploads\/sites\/5\/2022\/01\/oaxaca-covid.jpg","type":"image\/jpeg"}],"author":"Staff","twitter_card":"summary_large_image","twitter_misc":{"Escrito por":"Staff","Tiempo de lectura":"3 minutos"},"schema":{"@context":"https:\/\/schema.org","@graph":[{"@type":"Article","@id":"https:\/\/www.bbmnoticias.com\/labravaradiofm\/2022\/01\/04\/aumentan-en-10-casos-activos-de-covid-19-en-la-entidad\/#article","isPartOf":{"@id":"https:\/\/www.bbmnoticias.com\/labravaradiofm\/2022\/01\/04\/aumentan-en-10-casos-activos-de-covid-19-en-la-entidad\/"},"author":{"name":"Staff","@id":"https:\/\/www.bbmnoticias.com\/labravaradiofm\/#\/schema\/person\/68a9e9036ef3c5b55aeb2b71dc8bab45"},"headline":"Aumentan en 10% casos activos de COVID-19 en la entidad","datePublished":"2022-01-04T14:37:40+00:00","dateModified":"2022-01-04T14:37:42+00:00","mainEntityOfPage":{"@id":"https:\/\/www.bbmnoticias.com\/labravaradiofm\/2022\/01\/04\/aumentan-en-10-casos-activos-de-covid-19-en-la-entidad\/"},"wordCount":550,"image":{"@id":"https:\/\/www.bbmnoticias.com\/labravaradiofm\/2022\/01\/04\/aumentan-en-10-casos-activos-de-covid-19-en-la-entidad\/#primaryimage"},"thumbnailUrl":"https:\/\/www.bbmnoticias.com\/labravaradiofm\/wp-content\/uploads\/sites\/5\/2022\/01\/oaxaca-covid.jpg","articleSection":["LOCAL"],"inLanguage":"es"},{"@type":"WebPage","@id":"https:\/\/www.bbmnoticias.com\/labravaradiofm\/2022\/01\/04\/aumentan-en-10-casos-activos-de-covid-19-en-la-entidad\/","url":"https:\/\/www.bbmnoticias.com\/labravaradiofm\/2022\/01\/04\/aumentan-en-10-casos-activos-de-covid-19-en-la-entidad\/","name":"Aumentan en 10% casos activos de COVID-19 en la entidad - LA BRAVA RADIO","isPartOf":{"@id":"https:\/\/www.bbmnoticias.com\/labravaradiofm\/#website"},"primaryImageOfPage":{"@id":"https:\/\/www.bbmnoticias.com\/labravaradiofm\/2022\/01\/04\/aumentan-en-10-casos-activos-de-covid-19-en-la-entidad\/#primaryimage"},"image":{"@id":"https:\/\/www.bbmnoticias.com\/labravaradiofm\/2022\/01\/04\/aumentan-en-10-casos-activos-de-covid-19-en-la-entidad\/#primaryimage"},"thumbnailUrl":"https:\/\/www.bbmnoticias.com\/labravaradiofm\/wp-content\/uploads\/sites\/5\/2022\/01\/oaxaca-covid.jpg","datePublished":"2022-01-04T14:37:40+00:00","dateModified":"2022-01-04T14:37:42+00:00","author":{"@id":"https:\/\/www.bbmnoticias.com\/labravaradiofm\/#\/schema\/person\/68a9e9036ef3c5b55aeb2b71dc8bab45"},"breadcrumb":{"@id":"https:\/\/www.bbmnoticias.com\/labravaradiofm\/2022\/01\/04\/aumentan-en-10-casos-activos-de-covid-19-en-la-entidad\/#breadcrumb"},"inLanguage":"es","potentialAction":[{"@type":"ReadAction","target":["https:\/\/www.bbmnoticias.com\/labravaradiofm\/2022\/01\/04\/aumentan-en-10-casos-activos-de-covid-19-en-la-entidad\/"]}]},{"@type":"ImageObject","inLanguage":"es","@id":"https:\/\/www.bbmnoticias.com\/labravaradiofm\/2022\/01\/04\/aumentan-en-10-casos-activos-de-covid-19-en-la-entidad\/#primaryimage","url":"https:\/\/www.bbmnoticias.com\/labravaradiofm\/wp-content\/uploads\/sites\/5\/2022\/01\/oaxaca-covid.jpg","contentUrl":"https:\/\/www.bbmnoticias.com\/labravaradiofm\/wp-content\/uploads\/sites\/5\/2022\/01\/oaxaca-covid.jpg","width":1000,"height":650},{"@type":"BreadcrumbList","@id":"https:\/\/www.bbmnoticias.com\/labravaradiofm\/2022\/01\/04\/aumentan-en-10-casos-activos-de-covid-19-en-la-entidad\/#breadcrumb","itemListElement":[{"@type":"ListItem","position":1,"name":"Inicio","item":"https:\/\/www.bbmnoticias.com\/labravaradiofm\/"},{"@type":"ListItem","position":2,"name":"Aumentan en 10% casos activos de COVID-19 en la entidad"}]},{"@type":"WebSite","@id":"https:\/\/www.bbmnoticias.com\/labravaradiofm\/#website","url":"https:\/\/www.bbmnoticias.com\/labravaradiofm\/","name":"LA BRAVA RADIO","description":"Empresa productora de medios, Radiodifusi\u00f3n, Noticias, tendencias y todo lo que necesitas saber de la pol\u00edtica mexicana e internacional; entretenimiento, espect\u00e1culos, salud y mucho m\u00e1s.","potentialAction":[{"@type":"SearchAction","target":{"@type":"EntryPoint","urlTemplate":"https:\/\/www.bbmnoticias.com\/labravaradiofm\/?s={search_term_string}"},"query-input":{"@type":"PropertyValueSpecification","valueRequired":true,"valueName":"search_term_string"}}],"inLanguage":"es"},{"@type":"Person","@id":"https:\/\/www.bbmnoticias.com\/labravaradiofm\/#\/schema\/person\/68a9e9036ef3c5b55aeb2b71dc8bab45","name":"Staff","image":{"@type":"ImageObject","inLanguage":"es","@id":"https:\/\/secure.gravatar.com\/avatar\/fdd21ad66fd8b98c407f9dee5b5e588cfe7f0d8579ec20fa6527cd59bab7f0f0?s=96&d=mm&r=g","url":"https:\/\/secure.gravatar.com\/avatar\/fdd21ad66fd8b98c407f9dee5b5e588cfe7f0d8579ec20fa6527cd59bab7f0f0?s=96&d=mm&r=g","contentUrl":"https:\/\/secure.gravatar.com\/avatar\/fdd21ad66fd8b98c407f9dee5b5e588cfe7f0d8579ec20fa6527cd59bab7f0f0?s=96&d=mm&r=g","caption":"Staff"},"url":"https:\/\/www.bbmnoticias.com\/labravaradiofm\/author\/redaccion\/"}]}},"_links":{"self":[{"href":"https:\/\/www.bbmnoticias.com\/labravaradiofm\/wp-json\/wp\/v2\/posts\/8083","targetHints":{"allow":["GET"]}}],"collection":[{"href":"https:\/\/www.bbmnoticias.com\/labravaradiofm\/wp-json\/wp\/v2\/posts"}],"about":[{"href":"https:\/\/www.bbmnoticias.com\/labravaradiofm\/wp-json\/wp\/v2\/types\/post"}],"author":[{"embeddable":true,"href":"https:\/\/www.bbmnoticias.com\/labravaradiofm\/wp-json\/wp\/v2\/users\/2"}],"replies":[{"embeddable":true,"href":"https:\/\/www.bbmnoticias.com\/labravaradiofm\/wp-json\/wp\/v2\/comments?post=8083"}],"version-history":[{"count":0,"href":"https:\/\/www.bbmnoticias.com\/labravaradiofm\/wp-json\/wp\/v2\/posts\/8083\/revisions"}],"wp:featuredmedia":[{"embeddable":true,"href":"https:\/\/www.bbmnoticias.com\/labravaradiofm\/wp-json\/wp\/v2\/media\/8084"}],"wp:attachment":[{"href":"https:\/\/www.bbmnoticias.com\/labravaradiofm\/wp-json\/wp\/v2\/media?parent=8083"}],"wp:term":[{"taxonomy":"category","embeddable":true,"href":"https:\/\/www.bbmnoticias.com\/labravaradiofm\/wp-json\/wp\/v2\/categories?post=8083"},{"taxonomy":"post_tag","embeddable":true,"href":"https:\/\/www.bbmnoticias.com\/labravaradiofm\/wp-json\/wp\/v2\/tags?post=8083"}],"curies":[{"name":"wp","href":"https:\/\/api.w.org\/{rel}","templated":true}]}}