{"id":8078,"date":"2022-01-04T08:17:33","date_gmt":"2022-01-04T14:17:33","guid":{"rendered":"https:\/\/www.bbmnoticias.com\/labravaradiofm\/?p=8078"},"modified":"2022-01-04T08:17:34","modified_gmt":"2022-01-04T14:17:34","slug":"en-menos-de-24-horas-dos-trailer-han-volcado-en-el-istmo-por-fuertes-vientos","status":"publish","type":"post","link":"https:\/\/www.bbmnoticias.com\/labravaradiofm\/2022\/01\/04\/en-menos-de-24-horas-dos-trailer-han-volcado-en-el-istmo-por-fuertes-vientos\/","title":{"rendered":"En menos de 24 horas, dos trailer han volcado en el Istmo por fuertes vientos"},"content":{"rendered":"<div style=\"margin-top: 0px; margin-bottom: 0px;\" class=\"sharethis-inline-share-buttons\" ><\/div>\n<p>La Ventosa, Juchit\u00e1n, Oaxaca. En menos de 24 horas los fuertes vientos en el Istmo han causado la volcadura de dos trailer en el tramo La Venta-La Ventosa, Juchit\u00e1n.<\/p>\n\n\n\n<p>La primer volcadura se registr\u00f3 por la ma\u00f1ana sobre la autopista La Venta &#8211; La Ventosa, a la altura del puente La Cienega.<\/p>\n\n\n\n<p><\/p>\n\n\n\n<figure class=\"wp-block-image size-full\"><img loading=\"lazy\" decoding=\"async\" width=\"673\" height=\"456\" src=\"https:\/\/www.bbmnoticias.com\/labravaradiofm\/wp-content\/uploads\/sites\/5\/2022\/01\/volcadura-istmo02.jpg\" alt=\"\" class=\"wp-image-8080\" srcset=\"https:\/\/www.bbmnoticias.com\/labravaradiofm\/wp-content\/uploads\/sites\/5\/2022\/01\/volcadura-istmo02.jpg 673w, https:\/\/www.bbmnoticias.com\/labravaradiofm\/wp-content\/uploads\/sites\/5\/2022\/01\/volcadura-istmo02-300x203.jpg 300w, https:\/\/www.bbmnoticias.com\/labravaradiofm\/wp-content\/uploads\/sites\/5\/2022\/01\/volcadura-istmo02-620x420.jpg 620w, https:\/\/www.bbmnoticias.com\/labravaradiofm\/wp-content\/uploads\/sites\/5\/2022\/01\/volcadura-istmo02-640x434.jpg 640w\" sizes=\"auto, (max-width: 673px) 100vw, 673px\" \/><\/figure>\n\n\n\n<p>Mientras que el segundo accidente ocurri\u00f3 cerca de las 17:30 horas, en el tramo La Venta-La Ventosa, as\u00ed lo reportaron autoridades de Protecci\u00f3n Civil en la zona.<\/p>\n\n\n\n<p>Pese a mantenerse activo un dispositivo de restricci\u00f3n por parte de personal de Protecci\u00f3n Civil, los operadores de unidades con caja vac\u00eda se aventuran a cruzar dicho tramo donde los vientos superan los 150 kil\u00f3metros por hora.<\/p>\n\n\n\n<p><\/p>\n\n\n\n<figure class=\"wp-block-image size-full\"><img loading=\"lazy\" decoding=\"async\" width=\"720\" height=\"405\" src=\"https:\/\/www.bbmnoticias.com\/labravaradiofm\/wp-content\/uploads\/sites\/5\/2022\/01\/volcadura-istmo03.jpg\" alt=\"\" class=\"wp-image-8081\" srcset=\"https:\/\/www.bbmnoticias.com\/labravaradiofm\/wp-content\/uploads\/sites\/5\/2022\/01\/volcadura-istmo03.jpg 720w, https:\/\/www.bbmnoticias.com\/labravaradiofm\/wp-content\/uploads\/sites\/5\/2022\/01\/volcadura-istmo03-300x169.jpg 300w, https:\/\/www.bbmnoticias.com\/labravaradiofm\/wp-content\/uploads\/sites\/5\/2022\/01\/volcadura-istmo03-640x360.jpg 640w, https:\/\/www.bbmnoticias.com\/labravaradiofm\/wp-content\/uploads\/sites\/5\/2022\/01\/volcadura-istmo03-681x383.jpg 681w\" sizes=\"auto, (max-width: 720px) 100vw, 720px\" \/><\/figure>\n\n\n\n<p>Los vientos alcanzan una velocidad de hurac\u00e1n categor\u00eda dos, derivado de los efectos del viento de Norte, originado por una masa de aire polar y por paso del frente fr\u00edo n\u00famero 19.<\/p>\n\n\n\n<p>Cabe mencionar que estos efectos persistir\u00e1n durante las pr\u00f3ximas 72 horas.<\/p>\n","protected":false},"excerpt":{"rendered":"<p>La Ventosa, Juchit\u00e1n, Oaxaca. En menos de 24 horas los fuertes vientos en el Istmo han causado la volcadura de dos trailer en el tramo La Venta-La Ventosa, Juchit\u00e1n. La primer volcadura se registr\u00f3 por la ma\u00f1ana sobre la autopista La Venta &#8211; La Ventosa, a la altura del puente La Cienega. Mientras que el [&hellip;]<\/p>\n","protected":false},"author":2,"featured_media":8079,"comment_status":"closed","ping_status":"closed","sticky":false,"template":"","format":"standard","meta":{"footnotes":""},"categories":[1],"tags":[],"class_list":{"0":"post-8078","1":"post","2":"type-post","3":"status-publish","4":"format-standard","5":"has-post-thumbnail","7":"category-sin-categoria"},"yoast_head":"<!-- This site is optimized with the Yoast SEO plugin v27.4 - https:\/\/yoast.com\/product\/yoast-seo-wordpress\/ -->\n<title>En menos de 24 horas, dos trailer han volcado en el Istmo por fuertes vientos - LA BRAVA RADIO<\/title>\n<meta name=\"robots\" content=\"index, follow, max-snippet:-1, max-image-preview:large, max-video-preview:-1\" \/>\n<link rel=\"canonical\" href=\"https:\/\/www.bbmnoticias.com\/labravaradiofm\/2022\/01\/04\/en-menos-de-24-horas-dos-trailer-han-volcado-en-el-istmo-por-fuertes-vientos\/\" \/>\n<meta property=\"og:locale\" content=\"es_MX\" \/>\n<meta property=\"og:type\" content=\"article\" \/>\n<meta property=\"og:title\" content=\"En menos de 24 horas, dos trailer han volcado en el Istmo por fuertes vientos - LA BRAVA RADIO\" \/>\n<meta property=\"og:description\" content=\"La Ventosa, Juchit\u00e1n, Oaxaca. En menos de 24 horas los fuertes vientos en el Istmo han causado la volcadura de dos trailer en el tramo La Venta-La Ventosa, Juchit\u00e1n. La primer volcadura se registr\u00f3 por la ma\u00f1ana sobre la autopista La Venta &#8211; La Ventosa, a la altura del puente La Cienega. Mientras que el [&hellip;]\" \/>\n<meta property=\"og:url\" content=\"https:\/\/www.bbmnoticias.com\/labravaradiofm\/2022\/01\/04\/en-menos-de-24-horas-dos-trailer-han-volcado-en-el-istmo-por-fuertes-vientos\/\" \/>\n<meta property=\"og:site_name\" content=\"LA BRAVA RADIO\" \/>\n<meta property=\"article:published_time\" content=\"2022-01-04T14:17:33+00:00\" \/>\n<meta property=\"article:modified_time\" content=\"2022-01-04T14:17:34+00:00\" \/>\n<meta property=\"og:image\" content=\"https:\/\/www.bbmnoticias.com\/labravaradiofm\/wp-content\/uploads\/sites\/5\/2022\/01\/volcadura-istmo01.jpg\" \/>\n\t<meta property=\"og:image:width\" content=\"720\" \/>\n\t<meta property=\"og:image:height\" content=\"405\" \/>\n\t<meta property=\"og:image:type\" content=\"image\/jpeg\" \/>\n<meta name=\"author\" content=\"Staff\" \/>\n<meta name=\"twitter:card\" content=\"summary_large_image\" \/>\n<meta name=\"twitter:label1\" content=\"Escrito por\" \/>\n\t<meta name=\"twitter:data1\" content=\"Staff\" \/>\n\t<meta name=\"twitter:label2\" content=\"Tiempo de lectura\" \/>\n\t<meta name=\"twitter:data2\" content=\"2 minutos\" \/>\n<script type=\"application\/ld+json\" class=\"yoast-schema-graph\">{\"@context\":\"https:\\\/\\\/schema.org\",\"@graph\":[{\"@type\":\"Article\",\"@id\":\"https:\\\/\\\/www.bbmnoticias.com\\\/labravaradiofm\\\/2022\\\/01\\\/04\\\/en-menos-de-24-horas-dos-trailer-han-volcado-en-el-istmo-por-fuertes-vientos\\\/#article\",\"isPartOf\":{\"@id\":\"https:\\\/\\\/www.bbmnoticias.com\\\/labravaradiofm\\\/2022\\\/01\\\/04\\\/en-menos-de-24-horas-dos-trailer-han-volcado-en-el-istmo-por-fuertes-vientos\\\/\"},\"author\":{\"name\":\"Staff\",\"@id\":\"https:\\\/\\\/www.bbmnoticias.com\\\/labravaradiofm\\\/#\\\/schema\\\/person\\\/68a9e9036ef3c5b55aeb2b71dc8bab45\"},\"headline\":\"En menos de 24 horas, dos trailer han volcado en el Istmo por fuertes vientos\",\"datePublished\":\"2022-01-04T14:17:33+00:00\",\"dateModified\":\"2022-01-04T14:17:34+00:00\",\"mainEntityOfPage\":{\"@id\":\"https:\\\/\\\/www.bbmnoticias.com\\\/labravaradiofm\\\/2022\\\/01\\\/04\\\/en-menos-de-24-horas-dos-trailer-han-volcado-en-el-istmo-por-fuertes-vientos\\\/\"},\"wordCount\":182,\"image\":{\"@id\":\"https:\\\/\\\/www.bbmnoticias.com\\\/labravaradiofm\\\/2022\\\/01\\\/04\\\/en-menos-de-24-horas-dos-trailer-han-volcado-en-el-istmo-por-fuertes-vientos\\\/#primaryimage\"},\"thumbnailUrl\":\"https:\\\/\\\/www.bbmnoticias.com\\\/labravaradiofm\\\/wp-content\\\/uploads\\\/sites\\\/5\\\/2022\\\/01\\\/volcadura-istmo01.jpg\",\"inLanguage\":\"es\"},{\"@type\":\"WebPage\",\"@id\":\"https:\\\/\\\/www.bbmnoticias.com\\\/labravaradiofm\\\/2022\\\/01\\\/04\\\/en-menos-de-24-horas-dos-trailer-han-volcado-en-el-istmo-por-fuertes-vientos\\\/\",\"url\":\"https:\\\/\\\/www.bbmnoticias.com\\\/labravaradiofm\\\/2022\\\/01\\\/04\\\/en-menos-de-24-horas-dos-trailer-han-volcado-en-el-istmo-por-fuertes-vientos\\\/\",\"name\":\"En menos de 24 horas, dos trailer han volcado en el Istmo por fuertes vientos - LA BRAVA RADIO\",\"isPartOf\":{\"@id\":\"https:\\\/\\\/www.bbmnoticias.com\\\/labravaradiofm\\\/#website\"},\"primaryImageOfPage\":{\"@id\":\"https:\\\/\\\/www.bbmnoticias.com\\\/labravaradiofm\\\/2022\\\/01\\\/04\\\/en-menos-de-24-horas-dos-trailer-han-volcado-en-el-istmo-por-fuertes-vientos\\\/#primaryimage\"},\"image\":{\"@id\":\"https:\\\/\\\/www.bbmnoticias.com\\\/labravaradiofm\\\/2022\\\/01\\\/04\\\/en-menos-de-24-horas-dos-trailer-han-volcado-en-el-istmo-por-fuertes-vientos\\\/#primaryimage\"},\"thumbnailUrl\":\"https:\\\/\\\/www.bbmnoticias.com\\\/labravaradiofm\\\/wp-content\\\/uploads\\\/sites\\\/5\\\/2022\\\/01\\\/volcadura-istmo01.jpg\",\"datePublished\":\"2022-01-04T14:17:33+00:00\",\"dateModified\":\"2022-01-04T14:17:34+00:00\",\"author\":{\"@id\":\"https:\\\/\\\/www.bbmnoticias.com\\\/labravaradiofm\\\/#\\\/schema\\\/person\\\/68a9e9036ef3c5b55aeb2b71dc8bab45\"},\"breadcrumb\":{\"@id\":\"https:\\\/\\\/www.bbmnoticias.com\\\/labravaradiofm\\\/2022\\\/01\\\/04\\\/en-menos-de-24-horas-dos-trailer-han-volcado-en-el-istmo-por-fuertes-vientos\\\/#breadcrumb\"},\"inLanguage\":\"es\",\"potentialAction\":[{\"@type\":\"ReadAction\",\"target\":[\"https:\\\/\\\/www.bbmnoticias.com\\\/labravaradiofm\\\/2022\\\/01\\\/04\\\/en-menos-de-24-horas-dos-trailer-han-volcado-en-el-istmo-por-fuertes-vientos\\\/\"]}]},{\"@type\":\"ImageObject\",\"inLanguage\":\"es\",\"@id\":\"https:\\\/\\\/www.bbmnoticias.com\\\/labravaradiofm\\\/2022\\\/01\\\/04\\\/en-menos-de-24-horas-dos-trailer-han-volcado-en-el-istmo-por-fuertes-vientos\\\/#primaryimage\",\"url\":\"https:\\\/\\\/www.bbmnoticias.com\\\/labravaradiofm\\\/wp-content\\\/uploads\\\/sites\\\/5\\\/2022\\\/01\\\/volcadura-istmo01.jpg\",\"contentUrl\":\"https:\\\/\\\/www.bbmnoticias.com\\\/labravaradiofm\\\/wp-content\\\/uploads\\\/sites\\\/5\\\/2022\\\/01\\\/volcadura-istmo01.jpg\",\"width\":720,\"height\":405},{\"@type\":\"BreadcrumbList\",\"@id\":\"https:\\\/\\\/www.bbmnoticias.com\\\/labravaradiofm\\\/2022\\\/01\\\/04\\\/en-menos-de-24-horas-dos-trailer-han-volcado-en-el-istmo-por-fuertes-vientos\\\/#breadcrumb\",\"itemListElement\":[{\"@type\":\"ListItem\",\"position\":1,\"name\":\"Inicio\",\"item\":\"https:\\\/\\\/www.bbmnoticias.com\\\/labravaradiofm\\\/\"},{\"@type\":\"ListItem\",\"position\":2,\"name\":\"En menos de 24 horas, dos trailer han volcado en el Istmo por fuertes vientos\"}]},{\"@type\":\"WebSite\",\"@id\":\"https:\\\/\\\/www.bbmnoticias.com\\\/labravaradiofm\\\/#website\",\"url\":\"https:\\\/\\\/www.bbmnoticias.com\\\/labravaradiofm\\\/\",\"name\":\"LA BRAVA RADIO\",\"description\":\"Empresa productora de medios, Radiodifusi\u00f3n, Noticias, tendencias y todo lo que necesitas saber de la pol\u00edtica mexicana e internacional; entretenimiento, espect\u00e1culos, salud y mucho m\u00e1s.\",\"potentialAction\":[{\"@type\":\"SearchAction\",\"target\":{\"@type\":\"EntryPoint\",\"urlTemplate\":\"https:\\\/\\\/www.bbmnoticias.com\\\/labravaradiofm\\\/?s={search_term_string}\"},\"query-input\":{\"@type\":\"PropertyValueSpecification\",\"valueRequired\":true,\"valueName\":\"search_term_string\"}}],\"inLanguage\":\"es\"},{\"@type\":\"Person\",\"@id\":\"https:\\\/\\\/www.bbmnoticias.com\\\/labravaradiofm\\\/#\\\/schema\\\/person\\\/68a9e9036ef3c5b55aeb2b71dc8bab45\",\"name\":\"Staff\",\"image\":{\"@type\":\"ImageObject\",\"inLanguage\":\"es\",\"@id\":\"https:\\\/\\\/secure.gravatar.com\\\/avatar\\\/fdd21ad66fd8b98c407f9dee5b5e588cfe7f0d8579ec20fa6527cd59bab7f0f0?s=96&d=mm&r=g\",\"url\":\"https:\\\/\\\/secure.gravatar.com\\\/avatar\\\/fdd21ad66fd8b98c407f9dee5b5e588cfe7f0d8579ec20fa6527cd59bab7f0f0?s=96&d=mm&r=g\",\"contentUrl\":\"https:\\\/\\\/secure.gravatar.com\\\/avatar\\\/fdd21ad66fd8b98c407f9dee5b5e588cfe7f0d8579ec20fa6527cd59bab7f0f0?s=96&d=mm&r=g\",\"caption\":\"Staff\"},\"url\":\"https:\\\/\\\/www.bbmnoticias.com\\\/labravaradiofm\\\/author\\\/redaccion\\\/\"}]}<\/script>\n<!-- \/ Yoast SEO plugin. -->","yoast_head_json":{"title":"En menos de 24 horas, dos trailer han volcado en el Istmo por fuertes vientos - LA BRAVA RADIO","robots":{"index":"index","follow":"follow","max-snippet":"max-snippet:-1","max-image-preview":"max-image-preview:large","max-video-preview":"max-video-preview:-1"},"canonical":"https:\/\/www.bbmnoticias.com\/labravaradiofm\/2022\/01\/04\/en-menos-de-24-horas-dos-trailer-han-volcado-en-el-istmo-por-fuertes-vientos\/","og_locale":"es_MX","og_type":"article","og_title":"En menos de 24 horas, dos trailer han volcado en el Istmo por fuertes vientos - LA BRAVA RADIO","og_description":"La Ventosa, Juchit\u00e1n, Oaxaca. En menos de 24 horas los fuertes vientos en el Istmo han causado la volcadura de dos trailer en el tramo La Venta-La Ventosa, Juchit\u00e1n. La primer volcadura se registr\u00f3 por la ma\u00f1ana sobre la autopista La Venta &#8211; La Ventosa, a la altura del puente La Cienega. Mientras que el [&hellip;]","og_url":"https:\/\/www.bbmnoticias.com\/labravaradiofm\/2022\/01\/04\/en-menos-de-24-horas-dos-trailer-han-volcado-en-el-istmo-por-fuertes-vientos\/","og_site_name":"LA BRAVA RADIO","article_published_time":"2022-01-04T14:17:33+00:00","article_modified_time":"2022-01-04T14:17:34+00:00","og_image":[{"width":720,"height":405,"url":"https:\/\/www.bbmnoticias.com\/labravaradiofm\/wp-content\/uploads\/sites\/5\/2022\/01\/volcadura-istmo01.jpg","type":"image\/jpeg"}],"author":"Staff","twitter_card":"summary_large_image","twitter_misc":{"Escrito por":"Staff","Tiempo de lectura":"2 minutos"},"schema":{"@context":"https:\/\/schema.org","@graph":[{"@type":"Article","@id":"https:\/\/www.bbmnoticias.com\/labravaradiofm\/2022\/01\/04\/en-menos-de-24-horas-dos-trailer-han-volcado-en-el-istmo-por-fuertes-vientos\/#article","isPartOf":{"@id":"https:\/\/www.bbmnoticias.com\/labravaradiofm\/2022\/01\/04\/en-menos-de-24-horas-dos-trailer-han-volcado-en-el-istmo-por-fuertes-vientos\/"},"author":{"name":"Staff","@id":"https:\/\/www.bbmnoticias.com\/labravaradiofm\/#\/schema\/person\/68a9e9036ef3c5b55aeb2b71dc8bab45"},"headline":"En menos de 24 horas, dos trailer han volcado en el Istmo por fuertes vientos","datePublished":"2022-01-04T14:17:33+00:00","dateModified":"2022-01-04T14:17:34+00:00","mainEntityOfPage":{"@id":"https:\/\/www.bbmnoticias.com\/labravaradiofm\/2022\/01\/04\/en-menos-de-24-horas-dos-trailer-han-volcado-en-el-istmo-por-fuertes-vientos\/"},"wordCount":182,"image":{"@id":"https:\/\/www.bbmnoticias.com\/labravaradiofm\/2022\/01\/04\/en-menos-de-24-horas-dos-trailer-han-volcado-en-el-istmo-por-fuertes-vientos\/#primaryimage"},"thumbnailUrl":"https:\/\/www.bbmnoticias.com\/labravaradiofm\/wp-content\/uploads\/sites\/5\/2022\/01\/volcadura-istmo01.jpg","inLanguage":"es"},{"@type":"WebPage","@id":"https:\/\/www.bbmnoticias.com\/labravaradiofm\/2022\/01\/04\/en-menos-de-24-horas-dos-trailer-han-volcado-en-el-istmo-por-fuertes-vientos\/","url":"https:\/\/www.bbmnoticias.com\/labravaradiofm\/2022\/01\/04\/en-menos-de-24-horas-dos-trailer-han-volcado-en-el-istmo-por-fuertes-vientos\/","name":"En menos de 24 horas, dos trailer han volcado en el Istmo por fuertes vientos - LA BRAVA RADIO","isPartOf":{"@id":"https:\/\/www.bbmnoticias.com\/labravaradiofm\/#website"},"primaryImageOfPage":{"@id":"https:\/\/www.bbmnoticias.com\/labravaradiofm\/2022\/01\/04\/en-menos-de-24-horas-dos-trailer-han-volcado-en-el-istmo-por-fuertes-vientos\/#primaryimage"},"image":{"@id":"https:\/\/www.bbmnoticias.com\/labravaradiofm\/2022\/01\/04\/en-menos-de-24-horas-dos-trailer-han-volcado-en-el-istmo-por-fuertes-vientos\/#primaryimage"},"thumbnailUrl":"https:\/\/www.bbmnoticias.com\/labravaradiofm\/wp-content\/uploads\/sites\/5\/2022\/01\/volcadura-istmo01.jpg","datePublished":"2022-01-04T14:17:33+00:00","dateModified":"2022-01-04T14:17:34+00:00","author":{"@id":"https:\/\/www.bbmnoticias.com\/labravaradiofm\/#\/schema\/person\/68a9e9036ef3c5b55aeb2b71dc8bab45"},"breadcrumb":{"@id":"https:\/\/www.bbmnoticias.com\/labravaradiofm\/2022\/01\/04\/en-menos-de-24-horas-dos-trailer-han-volcado-en-el-istmo-por-fuertes-vientos\/#breadcrumb"},"inLanguage":"es","potentialAction":[{"@type":"ReadAction","target":["https:\/\/www.bbmnoticias.com\/labravaradiofm\/2022\/01\/04\/en-menos-de-24-horas-dos-trailer-han-volcado-en-el-istmo-por-fuertes-vientos\/"]}]},{"@type":"ImageObject","inLanguage":"es","@id":"https:\/\/www.bbmnoticias.com\/labravaradiofm\/2022\/01\/04\/en-menos-de-24-horas-dos-trailer-han-volcado-en-el-istmo-por-fuertes-vientos\/#primaryimage","url":"https:\/\/www.bbmnoticias.com\/labravaradiofm\/wp-content\/uploads\/sites\/5\/2022\/01\/volcadura-istmo01.jpg","contentUrl":"https:\/\/www.bbmnoticias.com\/labravaradiofm\/wp-content\/uploads\/sites\/5\/2022\/01\/volcadura-istmo01.jpg","width":720,"height":405},{"@type":"BreadcrumbList","@id":"https:\/\/www.bbmnoticias.com\/labravaradiofm\/2022\/01\/04\/en-menos-de-24-horas-dos-trailer-han-volcado-en-el-istmo-por-fuertes-vientos\/#breadcrumb","itemListElement":[{"@type":"ListItem","position":1,"name":"Inicio","item":"https:\/\/www.bbmnoticias.com\/labravaradiofm\/"},{"@type":"ListItem","position":2,"name":"En menos de 24 horas, dos trailer han volcado en el Istmo por fuertes vientos"}]},{"@type":"WebSite","@id":"https:\/\/www.bbmnoticias.com\/labravaradiofm\/#website","url":"https:\/\/www.bbmnoticias.com\/labravaradiofm\/","name":"LA BRAVA RADIO","description":"Empresa productora de medios, Radiodifusi\u00f3n, Noticias, tendencias y todo lo que necesitas saber de la pol\u00edtica mexicana e internacional; entretenimiento, espect\u00e1culos, salud y mucho m\u00e1s.","potentialAction":[{"@type":"SearchAction","target":{"@type":"EntryPoint","urlTemplate":"https:\/\/www.bbmnoticias.com\/labravaradiofm\/?s={search_term_string}"},"query-input":{"@type":"PropertyValueSpecification","valueRequired":true,"valueName":"search_term_string"}}],"inLanguage":"es"},{"@type":"Person","@id":"https:\/\/www.bbmnoticias.com\/labravaradiofm\/#\/schema\/person\/68a9e9036ef3c5b55aeb2b71dc8bab45","name":"Staff","image":{"@type":"ImageObject","inLanguage":"es","@id":"https:\/\/secure.gravatar.com\/avatar\/fdd21ad66fd8b98c407f9dee5b5e588cfe7f0d8579ec20fa6527cd59bab7f0f0?s=96&d=mm&r=g","url":"https:\/\/secure.gravatar.com\/avatar\/fdd21ad66fd8b98c407f9dee5b5e588cfe7f0d8579ec20fa6527cd59bab7f0f0?s=96&d=mm&r=g","contentUrl":"https:\/\/secure.gravatar.com\/avatar\/fdd21ad66fd8b98c407f9dee5b5e588cfe7f0d8579ec20fa6527cd59bab7f0f0?s=96&d=mm&r=g","caption":"Staff"},"url":"https:\/\/www.bbmnoticias.com\/labravaradiofm\/author\/redaccion\/"}]}},"_links":{"self":[{"href":"https:\/\/www.bbmnoticias.com\/labravaradiofm\/wp-json\/wp\/v2\/posts\/8078","targetHints":{"allow":["GET"]}}],"collection":[{"href":"https:\/\/www.bbmnoticias.com\/labravaradiofm\/wp-json\/wp\/v2\/posts"}],"about":[{"href":"https:\/\/www.bbmnoticias.com\/labravaradiofm\/wp-json\/wp\/v2\/types\/post"}],"author":[{"embeddable":true,"href":"https:\/\/www.bbmnoticias.com\/labravaradiofm\/wp-json\/wp\/v2\/users\/2"}],"replies":[{"embeddable":true,"href":"https:\/\/www.bbmnoticias.com\/labravaradiofm\/wp-json\/wp\/v2\/comments?post=8078"}],"version-history":[{"count":0,"href":"https:\/\/www.bbmnoticias.com\/labravaradiofm\/wp-json\/wp\/v2\/posts\/8078\/revisions"}],"wp:featuredmedia":[{"embeddable":true,"href":"https:\/\/www.bbmnoticias.com\/labravaradiofm\/wp-json\/wp\/v2\/media\/8079"}],"wp:attachment":[{"href":"https:\/\/www.bbmnoticias.com\/labravaradiofm\/wp-json\/wp\/v2\/media?parent=8078"}],"wp:term":[{"taxonomy":"category","embeddable":true,"href":"https:\/\/www.bbmnoticias.com\/labravaradiofm\/wp-json\/wp\/v2\/categories?post=8078"},{"taxonomy":"post_tag","embeddable":true,"href":"https:\/\/www.bbmnoticias.com\/labravaradiofm\/wp-json\/wp\/v2\/tags?post=8078"}],"curies":[{"name":"wp","href":"https:\/\/api.w.org\/{rel}","templated":true}]}}