{"id":8067,"date":"2022-01-03T19:48:23","date_gmt":"2022-01-04T01:48:23","guid":{"rendered":"https:\/\/www.bbmnoticias.com\/labravaradiofm\/?p=8067"},"modified":"2022-01-03T20:33:20","modified_gmt":"2022-01-04T02:33:20","slug":"destaca-amh-que-relevo-pacifico-de-autoridades-municipales","status":"publish","type":"post","link":"https:\/\/www.bbmnoticias.com\/labravaradiofm\/2022\/01\/03\/destaca-amh-que-relevo-pacifico-de-autoridades-municipales\/","title":{"rendered":"Destaca AMH relevo pac\u00edfico de autoridades municipales"},"content":{"rendered":"<div style=\"margin-top: 0px; margin-bottom: 0px;\" class=\"sharethis-inline-share-buttons\" ><\/div>\n<p><strong>Oaxaca de Ju\u00e1rez, Oax. 03 de enero de 2022. <\/strong>\u201cCuando hay paz y gobernabilidad podemos enfocarnos en lo que es importante para Oaxaca, en grandes obras como hospitales y carreteras\u201d, destac\u00f3 el Gobernador Alejandro Murat luego de dar a conocer que el relevo de 218 autoridades municipales del pasado 1 de enero ocurri\u00f3 sin incidentes que obstaculizaran este proceso.<\/p>\n\n\n\n<p>Cabe destacar que, desde el pasado viernes, el Gobierno del Estado de Oaxaca mantuvo una estrecha coordinaci\u00f3n interinstitucional con las fuerzas del orden estatal y federal, con el firme compromiso de garantizar la paz social y tranquilidad durante los actos protocolarios de toma de protesta y posesi\u00f3n de autoridades municipales electas.<\/p>\n\n\n\n<p>\u201cEste fin de semana pac\u00edfico mandamos un mensaje a nivel nacional de madurez democr\u00e1tica, reflejo de una atmosfera de paz construida por todas y todos a lo largo de 5 a\u00f1os. Es prueba de que en Oaxaca hemos elegido la ruta correcta\u201d, se\u00f1al\u00f3 el Mandatario Estatal.<\/p>\n\n\n\n<p>Por su parte, la Secretar\u00eda General de Gobierno dio a conocer que el operativo de seguridad desplegado con mil 900 elementos de la Polic\u00eda Estatal, Polic\u00eda Vial Estatal, Polic\u00eda Auxiliar, Guardia Nacional y la Secretar\u00eda de la Defensa Nacional (Sedena) registr\u00f3 saldo blanco.<\/p>\n\n\n\n<p>Asismismo, la Fiscal\u00eda General del Estado de Oaxaca (FGEO), inform\u00f3 que durante el proceso no se registraron incidentes que ameritaran la integraci\u00f3n de carpetas de investigaci\u00f3n o acciones de procuraci\u00f3n de justicia. \u201cEsto marca un excelente inicio para un a\u00f1o que promete ser el a\u00f1o de Oaxaca\u201d, se\u00f1al\u00f3 el Gobernador al tiempo de dar a conocer que en los pr\u00f3ximos meses recorrer\u00e1 cada una de las m\u00e1s de 5 mil acciones y obras que ha realizado su gobierno gracias a la estrecha coordinaci\u00f3n con los tres \u00f3rdenes de gobierno que permite el ambiente de gobernabilidad que goza el estado.<\/p>\n","protected":false},"excerpt":{"rendered":"<p>Oaxaca de Ju\u00e1rez, Oax. 03 de enero de 2022. \u201cCuando hay paz y gobernabilidad podemos enfocarnos en lo que es importante para Oaxaca, en grandes obras como hospitales y carreteras\u201d, destac\u00f3 el Gobernador Alejandro Murat luego de dar a conocer que el relevo de 218 autoridades municipales del pasado 1 de enero ocurri\u00f3 sin incidentes [&hellip;]<\/p>\n","protected":false},"author":2,"featured_media":8068,"comment_status":"closed","ping_status":"closed","sticky":false,"template":"","format":"standard","meta":{"footnotes":""},"categories":[1],"tags":[],"class_list":{"0":"post-8067","1":"post","2":"type-post","3":"status-publish","4":"format-standard","5":"has-post-thumbnail","7":"category-sin-categoria"},"yoast_head":"<!-- This site is optimized with the Yoast SEO plugin v27.4 - https:\/\/yoast.com\/product\/yoast-seo-wordpress\/ -->\n<title>Destaca AMH relevo pac\u00edfico de autoridades municipales - LA BRAVA RADIO<\/title>\n<meta name=\"robots\" content=\"index, follow, max-snippet:-1, max-image-preview:large, max-video-preview:-1\" \/>\n<link rel=\"canonical\" href=\"https:\/\/www.bbmnoticias.com\/labravaradiofm\/2022\/01\/03\/destaca-amh-que-relevo-pacifico-de-autoridades-municipales\/\" \/>\n<meta property=\"og:locale\" content=\"es_MX\" \/>\n<meta property=\"og:type\" content=\"article\" \/>\n<meta property=\"og:title\" content=\"Destaca AMH relevo pac\u00edfico de autoridades municipales - LA BRAVA RADIO\" \/>\n<meta property=\"og:description\" content=\"Oaxaca de Ju\u00e1rez, Oax. 03 de enero de 2022. \u201cCuando hay paz y gobernabilidad podemos enfocarnos en lo que es importante para Oaxaca, en grandes obras como hospitales y carreteras\u201d, destac\u00f3 el Gobernador Alejandro Murat luego de dar a conocer que el relevo de 218 autoridades municipales del pasado 1 de enero ocurri\u00f3 sin incidentes [&hellip;]\" \/>\n<meta property=\"og:url\" content=\"https:\/\/www.bbmnoticias.com\/labravaradiofm\/2022\/01\/03\/destaca-amh-que-relevo-pacifico-de-autoridades-municipales\/\" \/>\n<meta property=\"og:site_name\" content=\"LA BRAVA RADIO\" \/>\n<meta property=\"article:published_time\" content=\"2022-01-04T01:48:23+00:00\" \/>\n<meta property=\"article:modified_time\" content=\"2022-01-04T02:33:20+00:00\" \/>\n<meta property=\"og:image\" content=\"https:\/\/www.bbmnoticias.com\/labravaradiofm\/wp-content\/uploads\/sites\/5\/2022\/01\/autoridades-municipales.jpg\" \/>\n\t<meta property=\"og:image:width\" content=\"1600\" \/>\n\t<meta property=\"og:image:height\" content=\"1200\" \/>\n\t<meta property=\"og:image:type\" content=\"image\/jpeg\" \/>\n<meta name=\"author\" content=\"Staff\" \/>\n<meta name=\"twitter:card\" content=\"summary_large_image\" \/>\n<meta name=\"twitter:label1\" content=\"Escrito por\" \/>\n\t<meta name=\"twitter:data1\" content=\"Staff\" \/>\n\t<meta name=\"twitter:label2\" content=\"Tiempo de lectura\" \/>\n\t<meta name=\"twitter:data2\" content=\"2 minutos\" \/>\n<script type=\"application\/ld+json\" class=\"yoast-schema-graph\">{\"@context\":\"https:\\\/\\\/schema.org\",\"@graph\":[{\"@type\":\"Article\",\"@id\":\"https:\\\/\\\/www.bbmnoticias.com\\\/labravaradiofm\\\/2022\\\/01\\\/03\\\/destaca-amh-que-relevo-pacifico-de-autoridades-municipales\\\/#article\",\"isPartOf\":{\"@id\":\"https:\\\/\\\/www.bbmnoticias.com\\\/labravaradiofm\\\/2022\\\/01\\\/03\\\/destaca-amh-que-relevo-pacifico-de-autoridades-municipales\\\/\"},\"author\":{\"name\":\"Staff\",\"@id\":\"https:\\\/\\\/www.bbmnoticias.com\\\/labravaradiofm\\\/#\\\/schema\\\/person\\\/68a9e9036ef3c5b55aeb2b71dc8bab45\"},\"headline\":\"Destaca AMH relevo pac\u00edfico de autoridades municipales\",\"datePublished\":\"2022-01-04T01:48:23+00:00\",\"dateModified\":\"2022-01-04T02:33:20+00:00\",\"mainEntityOfPage\":{\"@id\":\"https:\\\/\\\/www.bbmnoticias.com\\\/labravaradiofm\\\/2022\\\/01\\\/03\\\/destaca-amh-que-relevo-pacifico-de-autoridades-municipales\\\/\"},\"wordCount\":321,\"image\":{\"@id\":\"https:\\\/\\\/www.bbmnoticias.com\\\/labravaradiofm\\\/2022\\\/01\\\/03\\\/destaca-amh-que-relevo-pacifico-de-autoridades-municipales\\\/#primaryimage\"},\"thumbnailUrl\":\"https:\\\/\\\/www.bbmnoticias.com\\\/labravaradiofm\\\/wp-content\\\/uploads\\\/sites\\\/5\\\/2022\\\/01\\\/autoridades-municipales.jpg\",\"inLanguage\":\"es\"},{\"@type\":\"WebPage\",\"@id\":\"https:\\\/\\\/www.bbmnoticias.com\\\/labravaradiofm\\\/2022\\\/01\\\/03\\\/destaca-amh-que-relevo-pacifico-de-autoridades-municipales\\\/\",\"url\":\"https:\\\/\\\/www.bbmnoticias.com\\\/labravaradiofm\\\/2022\\\/01\\\/03\\\/destaca-amh-que-relevo-pacifico-de-autoridades-municipales\\\/\",\"name\":\"Destaca AMH relevo pac\u00edfico de autoridades municipales - LA BRAVA RADIO\",\"isPartOf\":{\"@id\":\"https:\\\/\\\/www.bbmnoticias.com\\\/labravaradiofm\\\/#website\"},\"primaryImageOfPage\":{\"@id\":\"https:\\\/\\\/www.bbmnoticias.com\\\/labravaradiofm\\\/2022\\\/01\\\/03\\\/destaca-amh-que-relevo-pacifico-de-autoridades-municipales\\\/#primaryimage\"},\"image\":{\"@id\":\"https:\\\/\\\/www.bbmnoticias.com\\\/labravaradiofm\\\/2022\\\/01\\\/03\\\/destaca-amh-que-relevo-pacifico-de-autoridades-municipales\\\/#primaryimage\"},\"thumbnailUrl\":\"https:\\\/\\\/www.bbmnoticias.com\\\/labravaradiofm\\\/wp-content\\\/uploads\\\/sites\\\/5\\\/2022\\\/01\\\/autoridades-municipales.jpg\",\"datePublished\":\"2022-01-04T01:48:23+00:00\",\"dateModified\":\"2022-01-04T02:33:20+00:00\",\"author\":{\"@id\":\"https:\\\/\\\/www.bbmnoticias.com\\\/labravaradiofm\\\/#\\\/schema\\\/person\\\/68a9e9036ef3c5b55aeb2b71dc8bab45\"},\"breadcrumb\":{\"@id\":\"https:\\\/\\\/www.bbmnoticias.com\\\/labravaradiofm\\\/2022\\\/01\\\/03\\\/destaca-amh-que-relevo-pacifico-de-autoridades-municipales\\\/#breadcrumb\"},\"inLanguage\":\"es\",\"potentialAction\":[{\"@type\":\"ReadAction\",\"target\":[\"https:\\\/\\\/www.bbmnoticias.com\\\/labravaradiofm\\\/2022\\\/01\\\/03\\\/destaca-amh-que-relevo-pacifico-de-autoridades-municipales\\\/\"]}]},{\"@type\":\"ImageObject\",\"inLanguage\":\"es\",\"@id\":\"https:\\\/\\\/www.bbmnoticias.com\\\/labravaradiofm\\\/2022\\\/01\\\/03\\\/destaca-amh-que-relevo-pacifico-de-autoridades-municipales\\\/#primaryimage\",\"url\":\"https:\\\/\\\/www.bbmnoticias.com\\\/labravaradiofm\\\/wp-content\\\/uploads\\\/sites\\\/5\\\/2022\\\/01\\\/autoridades-municipales.jpg\",\"contentUrl\":\"https:\\\/\\\/www.bbmnoticias.com\\\/labravaradiofm\\\/wp-content\\\/uploads\\\/sites\\\/5\\\/2022\\\/01\\\/autoridades-municipales.jpg\",\"width\":1600,\"height\":1200},{\"@type\":\"BreadcrumbList\",\"@id\":\"https:\\\/\\\/www.bbmnoticias.com\\\/labravaradiofm\\\/2022\\\/01\\\/03\\\/destaca-amh-que-relevo-pacifico-de-autoridades-municipales\\\/#breadcrumb\",\"itemListElement\":[{\"@type\":\"ListItem\",\"position\":1,\"name\":\"Inicio\",\"item\":\"https:\\\/\\\/www.bbmnoticias.com\\\/labravaradiofm\\\/\"},{\"@type\":\"ListItem\",\"position\":2,\"name\":\"Destaca AMH relevo pac\u00edfico de autoridades municipales\"}]},{\"@type\":\"WebSite\",\"@id\":\"https:\\\/\\\/www.bbmnoticias.com\\\/labravaradiofm\\\/#website\",\"url\":\"https:\\\/\\\/www.bbmnoticias.com\\\/labravaradiofm\\\/\",\"name\":\"LA BRAVA RADIO\",\"description\":\"Empresa productora de medios, Radiodifusi\u00f3n, Noticias, tendencias y todo lo que necesitas saber de la pol\u00edtica mexicana e internacional; entretenimiento, espect\u00e1culos, salud y mucho m\u00e1s.\",\"potentialAction\":[{\"@type\":\"SearchAction\",\"target\":{\"@type\":\"EntryPoint\",\"urlTemplate\":\"https:\\\/\\\/www.bbmnoticias.com\\\/labravaradiofm\\\/?s={search_term_string}\"},\"query-input\":{\"@type\":\"PropertyValueSpecification\",\"valueRequired\":true,\"valueName\":\"search_term_string\"}}],\"inLanguage\":\"es\"},{\"@type\":\"Person\",\"@id\":\"https:\\\/\\\/www.bbmnoticias.com\\\/labravaradiofm\\\/#\\\/schema\\\/person\\\/68a9e9036ef3c5b55aeb2b71dc8bab45\",\"name\":\"Staff\",\"image\":{\"@type\":\"ImageObject\",\"inLanguage\":\"es\",\"@id\":\"https:\\\/\\\/secure.gravatar.com\\\/avatar\\\/fdd21ad66fd8b98c407f9dee5b5e588cfe7f0d8579ec20fa6527cd59bab7f0f0?s=96&d=mm&r=g\",\"url\":\"https:\\\/\\\/secure.gravatar.com\\\/avatar\\\/fdd21ad66fd8b98c407f9dee5b5e588cfe7f0d8579ec20fa6527cd59bab7f0f0?s=96&d=mm&r=g\",\"contentUrl\":\"https:\\\/\\\/secure.gravatar.com\\\/avatar\\\/fdd21ad66fd8b98c407f9dee5b5e588cfe7f0d8579ec20fa6527cd59bab7f0f0?s=96&d=mm&r=g\",\"caption\":\"Staff\"},\"url\":\"https:\\\/\\\/www.bbmnoticias.com\\\/labravaradiofm\\\/author\\\/redaccion\\\/\"}]}<\/script>\n<!-- \/ Yoast SEO plugin. -->","yoast_head_json":{"title":"Destaca AMH relevo pac\u00edfico de autoridades municipales - LA BRAVA RADIO","robots":{"index":"index","follow":"follow","max-snippet":"max-snippet:-1","max-image-preview":"max-image-preview:large","max-video-preview":"max-video-preview:-1"},"canonical":"https:\/\/www.bbmnoticias.com\/labravaradiofm\/2022\/01\/03\/destaca-amh-que-relevo-pacifico-de-autoridades-municipales\/","og_locale":"es_MX","og_type":"article","og_title":"Destaca AMH relevo pac\u00edfico de autoridades municipales - LA BRAVA RADIO","og_description":"Oaxaca de Ju\u00e1rez, Oax. 03 de enero de 2022. \u201cCuando hay paz y gobernabilidad podemos enfocarnos en lo que es importante para Oaxaca, en grandes obras como hospitales y carreteras\u201d, destac\u00f3 el Gobernador Alejandro Murat luego de dar a conocer que el relevo de 218 autoridades municipales del pasado 1 de enero ocurri\u00f3 sin incidentes [&hellip;]","og_url":"https:\/\/www.bbmnoticias.com\/labravaradiofm\/2022\/01\/03\/destaca-amh-que-relevo-pacifico-de-autoridades-municipales\/","og_site_name":"LA BRAVA RADIO","article_published_time":"2022-01-04T01:48:23+00:00","article_modified_time":"2022-01-04T02:33:20+00:00","og_image":[{"width":1600,"height":1200,"url":"https:\/\/www.bbmnoticias.com\/labravaradiofm\/wp-content\/uploads\/sites\/5\/2022\/01\/autoridades-municipales.jpg","type":"image\/jpeg"}],"author":"Staff","twitter_card":"summary_large_image","twitter_misc":{"Escrito por":"Staff","Tiempo de lectura":"2 minutos"},"schema":{"@context":"https:\/\/schema.org","@graph":[{"@type":"Article","@id":"https:\/\/www.bbmnoticias.com\/labravaradiofm\/2022\/01\/03\/destaca-amh-que-relevo-pacifico-de-autoridades-municipales\/#article","isPartOf":{"@id":"https:\/\/www.bbmnoticias.com\/labravaradiofm\/2022\/01\/03\/destaca-amh-que-relevo-pacifico-de-autoridades-municipales\/"},"author":{"name":"Staff","@id":"https:\/\/www.bbmnoticias.com\/labravaradiofm\/#\/schema\/person\/68a9e9036ef3c5b55aeb2b71dc8bab45"},"headline":"Destaca AMH relevo pac\u00edfico de autoridades municipales","datePublished":"2022-01-04T01:48:23+00:00","dateModified":"2022-01-04T02:33:20+00:00","mainEntityOfPage":{"@id":"https:\/\/www.bbmnoticias.com\/labravaradiofm\/2022\/01\/03\/destaca-amh-que-relevo-pacifico-de-autoridades-municipales\/"},"wordCount":321,"image":{"@id":"https:\/\/www.bbmnoticias.com\/labravaradiofm\/2022\/01\/03\/destaca-amh-que-relevo-pacifico-de-autoridades-municipales\/#primaryimage"},"thumbnailUrl":"https:\/\/www.bbmnoticias.com\/labravaradiofm\/wp-content\/uploads\/sites\/5\/2022\/01\/autoridades-municipales.jpg","inLanguage":"es"},{"@type":"WebPage","@id":"https:\/\/www.bbmnoticias.com\/labravaradiofm\/2022\/01\/03\/destaca-amh-que-relevo-pacifico-de-autoridades-municipales\/","url":"https:\/\/www.bbmnoticias.com\/labravaradiofm\/2022\/01\/03\/destaca-amh-que-relevo-pacifico-de-autoridades-municipales\/","name":"Destaca AMH relevo pac\u00edfico de autoridades municipales - LA BRAVA RADIO","isPartOf":{"@id":"https:\/\/www.bbmnoticias.com\/labravaradiofm\/#website"},"primaryImageOfPage":{"@id":"https:\/\/www.bbmnoticias.com\/labravaradiofm\/2022\/01\/03\/destaca-amh-que-relevo-pacifico-de-autoridades-municipales\/#primaryimage"},"image":{"@id":"https:\/\/www.bbmnoticias.com\/labravaradiofm\/2022\/01\/03\/destaca-amh-que-relevo-pacifico-de-autoridades-municipales\/#primaryimage"},"thumbnailUrl":"https:\/\/www.bbmnoticias.com\/labravaradiofm\/wp-content\/uploads\/sites\/5\/2022\/01\/autoridades-municipales.jpg","datePublished":"2022-01-04T01:48:23+00:00","dateModified":"2022-01-04T02:33:20+00:00","author":{"@id":"https:\/\/www.bbmnoticias.com\/labravaradiofm\/#\/schema\/person\/68a9e9036ef3c5b55aeb2b71dc8bab45"},"breadcrumb":{"@id":"https:\/\/www.bbmnoticias.com\/labravaradiofm\/2022\/01\/03\/destaca-amh-que-relevo-pacifico-de-autoridades-municipales\/#breadcrumb"},"inLanguage":"es","potentialAction":[{"@type":"ReadAction","target":["https:\/\/www.bbmnoticias.com\/labravaradiofm\/2022\/01\/03\/destaca-amh-que-relevo-pacifico-de-autoridades-municipales\/"]}]},{"@type":"ImageObject","inLanguage":"es","@id":"https:\/\/www.bbmnoticias.com\/labravaradiofm\/2022\/01\/03\/destaca-amh-que-relevo-pacifico-de-autoridades-municipales\/#primaryimage","url":"https:\/\/www.bbmnoticias.com\/labravaradiofm\/wp-content\/uploads\/sites\/5\/2022\/01\/autoridades-municipales.jpg","contentUrl":"https:\/\/www.bbmnoticias.com\/labravaradiofm\/wp-content\/uploads\/sites\/5\/2022\/01\/autoridades-municipales.jpg","width":1600,"height":1200},{"@type":"BreadcrumbList","@id":"https:\/\/www.bbmnoticias.com\/labravaradiofm\/2022\/01\/03\/destaca-amh-que-relevo-pacifico-de-autoridades-municipales\/#breadcrumb","itemListElement":[{"@type":"ListItem","position":1,"name":"Inicio","item":"https:\/\/www.bbmnoticias.com\/labravaradiofm\/"},{"@type":"ListItem","position":2,"name":"Destaca AMH relevo pac\u00edfico de autoridades municipales"}]},{"@type":"WebSite","@id":"https:\/\/www.bbmnoticias.com\/labravaradiofm\/#website","url":"https:\/\/www.bbmnoticias.com\/labravaradiofm\/","name":"LA BRAVA RADIO","description":"Empresa productora de medios, Radiodifusi\u00f3n, Noticias, tendencias y todo lo que necesitas saber de la pol\u00edtica mexicana e internacional; entretenimiento, espect\u00e1culos, salud y mucho m\u00e1s.","potentialAction":[{"@type":"SearchAction","target":{"@type":"EntryPoint","urlTemplate":"https:\/\/www.bbmnoticias.com\/labravaradiofm\/?s={search_term_string}"},"query-input":{"@type":"PropertyValueSpecification","valueRequired":true,"valueName":"search_term_string"}}],"inLanguage":"es"},{"@type":"Person","@id":"https:\/\/www.bbmnoticias.com\/labravaradiofm\/#\/schema\/person\/68a9e9036ef3c5b55aeb2b71dc8bab45","name":"Staff","image":{"@type":"ImageObject","inLanguage":"es","@id":"https:\/\/secure.gravatar.com\/avatar\/fdd21ad66fd8b98c407f9dee5b5e588cfe7f0d8579ec20fa6527cd59bab7f0f0?s=96&d=mm&r=g","url":"https:\/\/secure.gravatar.com\/avatar\/fdd21ad66fd8b98c407f9dee5b5e588cfe7f0d8579ec20fa6527cd59bab7f0f0?s=96&d=mm&r=g","contentUrl":"https:\/\/secure.gravatar.com\/avatar\/fdd21ad66fd8b98c407f9dee5b5e588cfe7f0d8579ec20fa6527cd59bab7f0f0?s=96&d=mm&r=g","caption":"Staff"},"url":"https:\/\/www.bbmnoticias.com\/labravaradiofm\/author\/redaccion\/"}]}},"_links":{"self":[{"href":"https:\/\/www.bbmnoticias.com\/labravaradiofm\/wp-json\/wp\/v2\/posts\/8067","targetHints":{"allow":["GET"]}}],"collection":[{"href":"https:\/\/www.bbmnoticias.com\/labravaradiofm\/wp-json\/wp\/v2\/posts"}],"about":[{"href":"https:\/\/www.bbmnoticias.com\/labravaradiofm\/wp-json\/wp\/v2\/types\/post"}],"author":[{"embeddable":true,"href":"https:\/\/www.bbmnoticias.com\/labravaradiofm\/wp-json\/wp\/v2\/users\/2"}],"replies":[{"embeddable":true,"href":"https:\/\/www.bbmnoticias.com\/labravaradiofm\/wp-json\/wp\/v2\/comments?post=8067"}],"version-history":[{"count":0,"href":"https:\/\/www.bbmnoticias.com\/labravaradiofm\/wp-json\/wp\/v2\/posts\/8067\/revisions"}],"wp:featuredmedia":[{"embeddable":true,"href":"https:\/\/www.bbmnoticias.com\/labravaradiofm\/wp-json\/wp\/v2\/media\/8068"}],"wp:attachment":[{"href":"https:\/\/www.bbmnoticias.com\/labravaradiofm\/wp-json\/wp\/v2\/media?parent=8067"}],"wp:term":[{"taxonomy":"category","embeddable":true,"href":"https:\/\/www.bbmnoticias.com\/labravaradiofm\/wp-json\/wp\/v2\/categories?post=8067"},{"taxonomy":"post_tag","embeddable":true,"href":"https:\/\/www.bbmnoticias.com\/labravaradiofm\/wp-json\/wp\/v2\/tags?post=8067"}],"curies":[{"name":"wp","href":"https:\/\/api.w.org\/{rel}","templated":true}]}}