{"id":8057,"date":"2022-01-03T18:55:30","date_gmt":"2022-01-04T00:55:30","guid":{"rendered":"https:\/\/www.bbmnoticias.com\/labravaradiofm\/?p=8057"},"modified":"2022-01-03T18:56:09","modified_gmt":"2022-01-04T00:56:09","slug":"varada-estructura-petrolera-eb-aguas-del-golfo-dw-mexico","status":"publish","type":"post","link":"https:\/\/www.bbmnoticias.com\/labravaradiofm\/2022\/01\/03\/varada-estructura-petrolera-eb-aguas-del-golfo-dw-mexico\/","title":{"rendered":"Varada estructura petrolera en aguas del Golfo de M\u00e9xico"},"content":{"rendered":"<div style=\"margin-top: 0px; margin-bottom: 0px;\" class=\"sharethis-inline-share-buttons\" ><\/div>\n<p>El catamar\u00e1n de doble p\u00f3rtico para cargas pesadas VB-10,000 quedo a la deriva y puede varar en las costas del municipio de Carmen, los cables que conectaban el barco gr\u00faa con el remolcador que lo transportaba al puerto de Seybaplaya se reventaron, durante la tarde del martes la empresa Permaducto intento el abordaje de su personal al nav\u00edo para reconectarlo a los remolcadores, pero, hasta el cierre de la edici\u00f3n, todo indica que no lograron su objetivo.<\/p>\n\n\n\n<p>El titular de la Capitan\u00eda Regional de Puerto de Isla del Carmen, Jos\u00e9 Florentino Gallardo, confirmo que en punto de las 12:00 horas del martes se le informo de la situaci\u00f3n del nav\u00edo de doble quilla el cual quedo a la deriva por no contar con tripulaci\u00f3n ni un sistema de propulsi\u00f3n, por ello, se enviaron barcos para interceptarlo e intentar que varios tripulantes lo abordaran, sin embargo, el funcionario naval fue claro, \u201csi las condiciones clim\u00e1ticas no lo permiten y ponen en riesgo la vida, no se abordara\u201d-<\/p>\n\n\n\n<p>Fuentes al interior de Petr\u00f3leos Mexicanos se\u00f1alan que este catamar\u00e1n de grandes dimensiones est\u00e1 contratado para que la subsidiaria de Grupo Carso, Operadora Cicsa, en asociaci\u00f3n con Permaducto realicen la construcci\u00f3n de infraestructura marina Maloob-E y Maloob-I, en el Activo Integral Ku Maloob Zaap, por 2 mil 418 millones de pesos m\u00e1s 191.7 millones de d\u00f3lares, sin embargo, ignoran por que el nav\u00edo era remolcado a Seybaplaya si deb\u00eda estar en la Sonda de Campeche.<\/p>\n\n\n\n<p>Cabe destacar que las autoridades mar\u00edtimas puntualizaron que es escasa la informaci\u00f3n que proporcionan los encargados de la empresa consignataria Permaducto, adem\u00e1s, no hay remolcadores disponibles debido a las malas condiciones clim\u00e1ticas y son los barcos de la Secretar\u00eda de Marina los que intentan la maniobras para acercarse y abordar a los tripulante que coloquen nuevos cables para remolcar.<\/p>\n\n\n\n<p>Cabe destacar que cada vez que hay un frente frio fuerte se presenta un varamiento de nav\u00edos petroleros, recordando que los barcos de Oceanograf\u00eda \u201cCaballo Azteca\u201d, \u201cTit\u00e1n II\u201d, \u201cCaballo de Trabajo\u201d y \u201cCaballo Eclipse\u201d<\/p>\n\n\n\n<p>Gabriel Viche\/Cynthia Calder\u00f3n<br>Heraldo Radio Ciudad del Carmen<\/p>\n","protected":false},"excerpt":{"rendered":"<p>El catamar\u00e1n de doble p\u00f3rtico para cargas pesadas VB-10,000 quedo a la deriva y puede varar en las costas del municipio de Carmen, los cables que conectaban el barco gr\u00faa con el remolcador que lo transportaba al puerto de Seybaplaya se reventaron, durante la tarde del martes la empresa Permaducto intento el abordaje de su [&hellip;]<\/p>\n","protected":false},"author":15,"featured_media":8058,"comment_status":"closed","ping_status":"closed","sticky":false,"template":"","format":"standard","meta":{"footnotes":""},"categories":[19],"tags":[],"class_list":{"0":"post-8057","1":"post","2":"type-post","3":"status-publish","4":"format-standard","5":"has-post-thumbnail","7":"category-nacional"},"yoast_head":"<!-- This site is optimized with the Yoast SEO plugin v27.4 - https:\/\/yoast.com\/product\/yoast-seo-wordpress\/ -->\n<title>Varada estructura petrolera en aguas del Golfo de M\u00e9xico - LA BRAVA RADIO<\/title>\n<meta name=\"robots\" content=\"index, follow, max-snippet:-1, max-image-preview:large, max-video-preview:-1\" \/>\n<link rel=\"canonical\" href=\"https:\/\/www.bbmnoticias.com\/labravaradiofm\/2022\/01\/03\/varada-estructura-petrolera-eb-aguas-del-golfo-dw-mexico\/\" \/>\n<meta property=\"og:locale\" content=\"es_MX\" \/>\n<meta property=\"og:type\" content=\"article\" \/>\n<meta property=\"og:title\" content=\"Varada estructura petrolera en aguas del Golfo de M\u00e9xico - LA BRAVA RADIO\" \/>\n<meta property=\"og:description\" content=\"El catamar\u00e1n de doble p\u00f3rtico para cargas pesadas VB-10,000 quedo a la deriva y puede varar en las costas del municipio de Carmen, los cables que conectaban el barco gr\u00faa con el remolcador que lo transportaba al puerto de Seybaplaya se reventaron, durante la tarde del martes la empresa Permaducto intento el abordaje de su [&hellip;]\" \/>\n<meta property=\"og:url\" content=\"https:\/\/www.bbmnoticias.com\/labravaradiofm\/2022\/01\/03\/varada-estructura-petrolera-eb-aguas-del-golfo-dw-mexico\/\" \/>\n<meta property=\"og:site_name\" content=\"LA BRAVA RADIO\" \/>\n<meta property=\"article:published_time\" content=\"2022-01-04T00:55:30+00:00\" \/>\n<meta property=\"article:modified_time\" content=\"2022-01-04T00:56:09+00:00\" \/>\n<meta property=\"og:image\" content=\"https:\/\/www.bbmnoticias.com\/labravaradiofm\/wp-content\/uploads\/sites\/5\/2022\/01\/pemex-carmen.jpg\" \/>\n\t<meta property=\"og:image:width\" content=\"1080\" \/>\n\t<meta property=\"og:image:height\" content=\"608\" \/>\n\t<meta property=\"og:image:type\" content=\"image\/jpeg\" \/>\n<meta name=\"author\" content=\"El Heraldo\" \/>\n<meta name=\"twitter:card\" content=\"summary_large_image\" \/>\n<meta name=\"twitter:label1\" content=\"Escrito por\" \/>\n\t<meta name=\"twitter:data1\" content=\"El Heraldo\" \/>\n\t<meta name=\"twitter:label2\" content=\"Tiempo de lectura\" \/>\n\t<meta name=\"twitter:data2\" content=\"2 minutos\" \/>\n<script type=\"application\/ld+json\" class=\"yoast-schema-graph\">{\"@context\":\"https:\\\/\\\/schema.org\",\"@graph\":[{\"@type\":\"Article\",\"@id\":\"https:\\\/\\\/www.bbmnoticias.com\\\/labravaradiofm\\\/2022\\\/01\\\/03\\\/varada-estructura-petrolera-eb-aguas-del-golfo-dw-mexico\\\/#article\",\"isPartOf\":{\"@id\":\"https:\\\/\\\/www.bbmnoticias.com\\\/labravaradiofm\\\/2022\\\/01\\\/03\\\/varada-estructura-petrolera-eb-aguas-del-golfo-dw-mexico\\\/\"},\"author\":{\"name\":\"El Heraldo\",\"@id\":\"https:\\\/\\\/www.bbmnoticias.com\\\/labravaradiofm\\\/#\\\/schema\\\/person\\\/78ff63fb371c799850071f4b5feb0b7a\"},\"headline\":\"Varada estructura petrolera en aguas del Golfo de M\u00e9xico\",\"datePublished\":\"2022-01-04T00:55:30+00:00\",\"dateModified\":\"2022-01-04T00:56:09+00:00\",\"mainEntityOfPage\":{\"@id\":\"https:\\\/\\\/www.bbmnoticias.com\\\/labravaradiofm\\\/2022\\\/01\\\/03\\\/varada-estructura-petrolera-eb-aguas-del-golfo-dw-mexico\\\/\"},\"wordCount\":378,\"image\":{\"@id\":\"https:\\\/\\\/www.bbmnoticias.com\\\/labravaradiofm\\\/2022\\\/01\\\/03\\\/varada-estructura-petrolera-eb-aguas-del-golfo-dw-mexico\\\/#primaryimage\"},\"thumbnailUrl\":\"https:\\\/\\\/www.bbmnoticias.com\\\/labravaradiofm\\\/wp-content\\\/uploads\\\/sites\\\/5\\\/2022\\\/01\\\/pemex-carmen.jpg\",\"articleSection\":[\"NACIONAL\"],\"inLanguage\":\"es\"},{\"@type\":\"WebPage\",\"@id\":\"https:\\\/\\\/www.bbmnoticias.com\\\/labravaradiofm\\\/2022\\\/01\\\/03\\\/varada-estructura-petrolera-eb-aguas-del-golfo-dw-mexico\\\/\",\"url\":\"https:\\\/\\\/www.bbmnoticias.com\\\/labravaradiofm\\\/2022\\\/01\\\/03\\\/varada-estructura-petrolera-eb-aguas-del-golfo-dw-mexico\\\/\",\"name\":\"Varada estructura petrolera en aguas del Golfo de M\u00e9xico - LA BRAVA RADIO\",\"isPartOf\":{\"@id\":\"https:\\\/\\\/www.bbmnoticias.com\\\/labravaradiofm\\\/#website\"},\"primaryImageOfPage\":{\"@id\":\"https:\\\/\\\/www.bbmnoticias.com\\\/labravaradiofm\\\/2022\\\/01\\\/03\\\/varada-estructura-petrolera-eb-aguas-del-golfo-dw-mexico\\\/#primaryimage\"},\"image\":{\"@id\":\"https:\\\/\\\/www.bbmnoticias.com\\\/labravaradiofm\\\/2022\\\/01\\\/03\\\/varada-estructura-petrolera-eb-aguas-del-golfo-dw-mexico\\\/#primaryimage\"},\"thumbnailUrl\":\"https:\\\/\\\/www.bbmnoticias.com\\\/labravaradiofm\\\/wp-content\\\/uploads\\\/sites\\\/5\\\/2022\\\/01\\\/pemex-carmen.jpg\",\"datePublished\":\"2022-01-04T00:55:30+00:00\",\"dateModified\":\"2022-01-04T00:56:09+00:00\",\"author\":{\"@id\":\"https:\\\/\\\/www.bbmnoticias.com\\\/labravaradiofm\\\/#\\\/schema\\\/person\\\/78ff63fb371c799850071f4b5feb0b7a\"},\"breadcrumb\":{\"@id\":\"https:\\\/\\\/www.bbmnoticias.com\\\/labravaradiofm\\\/2022\\\/01\\\/03\\\/varada-estructura-petrolera-eb-aguas-del-golfo-dw-mexico\\\/#breadcrumb\"},\"inLanguage\":\"es\",\"potentialAction\":[{\"@type\":\"ReadAction\",\"target\":[\"https:\\\/\\\/www.bbmnoticias.com\\\/labravaradiofm\\\/2022\\\/01\\\/03\\\/varada-estructura-petrolera-eb-aguas-del-golfo-dw-mexico\\\/\"]}]},{\"@type\":\"ImageObject\",\"inLanguage\":\"es\",\"@id\":\"https:\\\/\\\/www.bbmnoticias.com\\\/labravaradiofm\\\/2022\\\/01\\\/03\\\/varada-estructura-petrolera-eb-aguas-del-golfo-dw-mexico\\\/#primaryimage\",\"url\":\"https:\\\/\\\/www.bbmnoticias.com\\\/labravaradiofm\\\/wp-content\\\/uploads\\\/sites\\\/5\\\/2022\\\/01\\\/pemex-carmen.jpg\",\"contentUrl\":\"https:\\\/\\\/www.bbmnoticias.com\\\/labravaradiofm\\\/wp-content\\\/uploads\\\/sites\\\/5\\\/2022\\\/01\\\/pemex-carmen.jpg\",\"width\":1080,\"height\":608},{\"@type\":\"BreadcrumbList\",\"@id\":\"https:\\\/\\\/www.bbmnoticias.com\\\/labravaradiofm\\\/2022\\\/01\\\/03\\\/varada-estructura-petrolera-eb-aguas-del-golfo-dw-mexico\\\/#breadcrumb\",\"itemListElement\":[{\"@type\":\"ListItem\",\"position\":1,\"name\":\"Inicio\",\"item\":\"https:\\\/\\\/www.bbmnoticias.com\\\/labravaradiofm\\\/\"},{\"@type\":\"ListItem\",\"position\":2,\"name\":\"Varada estructura petrolera en aguas del Golfo de M\u00e9xico\"}]},{\"@type\":\"WebSite\",\"@id\":\"https:\\\/\\\/www.bbmnoticias.com\\\/labravaradiofm\\\/#website\",\"url\":\"https:\\\/\\\/www.bbmnoticias.com\\\/labravaradiofm\\\/\",\"name\":\"LA BRAVA RADIO\",\"description\":\"Empresa productora de medios, Radiodifusi\u00f3n, Noticias, tendencias y todo lo que necesitas saber de la pol\u00edtica mexicana e internacional; entretenimiento, espect\u00e1culos, salud y mucho m\u00e1s.\",\"potentialAction\":[{\"@type\":\"SearchAction\",\"target\":{\"@type\":\"EntryPoint\",\"urlTemplate\":\"https:\\\/\\\/www.bbmnoticias.com\\\/labravaradiofm\\\/?s={search_term_string}\"},\"query-input\":{\"@type\":\"PropertyValueSpecification\",\"valueRequired\":true,\"valueName\":\"search_term_string\"}}],\"inLanguage\":\"es\"},{\"@type\":\"Person\",\"@id\":\"https:\\\/\\\/www.bbmnoticias.com\\\/labravaradiofm\\\/#\\\/schema\\\/person\\\/78ff63fb371c799850071f4b5feb0b7a\",\"name\":\"El Heraldo\",\"image\":{\"@type\":\"ImageObject\",\"inLanguage\":\"es\",\"@id\":\"https:\\\/\\\/secure.gravatar.com\\\/avatar\\\/463017be041288b5a196814ef7242bd62699b857f306e4b5b61b533e8a87f404?s=96&d=mm&r=g\",\"url\":\"https:\\\/\\\/secure.gravatar.com\\\/avatar\\\/463017be041288b5a196814ef7242bd62699b857f306e4b5b61b533e8a87f404?s=96&d=mm&r=g\",\"contentUrl\":\"https:\\\/\\\/secure.gravatar.com\\\/avatar\\\/463017be041288b5a196814ef7242bd62699b857f306e4b5b61b533e8a87f404?s=96&d=mm&r=g\",\"caption\":\"El Heraldo\"},\"url\":\"https:\\\/\\\/www.bbmnoticias.com\\\/labravaradiofm\\\/author\\\/heraldo\\\/\"}]}<\/script>\n<!-- \/ Yoast SEO plugin. -->","yoast_head_json":{"title":"Varada estructura petrolera en aguas del Golfo de M\u00e9xico - LA BRAVA RADIO","robots":{"index":"index","follow":"follow","max-snippet":"max-snippet:-1","max-image-preview":"max-image-preview:large","max-video-preview":"max-video-preview:-1"},"canonical":"https:\/\/www.bbmnoticias.com\/labravaradiofm\/2022\/01\/03\/varada-estructura-petrolera-eb-aguas-del-golfo-dw-mexico\/","og_locale":"es_MX","og_type":"article","og_title":"Varada estructura petrolera en aguas del Golfo de M\u00e9xico - LA BRAVA RADIO","og_description":"El catamar\u00e1n de doble p\u00f3rtico para cargas pesadas VB-10,000 quedo a la deriva y puede varar en las costas del municipio de Carmen, los cables que conectaban el barco gr\u00faa con el remolcador que lo transportaba al puerto de Seybaplaya se reventaron, durante la tarde del martes la empresa Permaducto intento el abordaje de su [&hellip;]","og_url":"https:\/\/www.bbmnoticias.com\/labravaradiofm\/2022\/01\/03\/varada-estructura-petrolera-eb-aguas-del-golfo-dw-mexico\/","og_site_name":"LA BRAVA RADIO","article_published_time":"2022-01-04T00:55:30+00:00","article_modified_time":"2022-01-04T00:56:09+00:00","og_image":[{"width":1080,"height":608,"url":"https:\/\/www.bbmnoticias.com\/labravaradiofm\/wp-content\/uploads\/sites\/5\/2022\/01\/pemex-carmen.jpg","type":"image\/jpeg"}],"author":"El Heraldo","twitter_card":"summary_large_image","twitter_misc":{"Escrito por":"El Heraldo","Tiempo de lectura":"2 minutos"},"schema":{"@context":"https:\/\/schema.org","@graph":[{"@type":"Article","@id":"https:\/\/www.bbmnoticias.com\/labravaradiofm\/2022\/01\/03\/varada-estructura-petrolera-eb-aguas-del-golfo-dw-mexico\/#article","isPartOf":{"@id":"https:\/\/www.bbmnoticias.com\/labravaradiofm\/2022\/01\/03\/varada-estructura-petrolera-eb-aguas-del-golfo-dw-mexico\/"},"author":{"name":"El Heraldo","@id":"https:\/\/www.bbmnoticias.com\/labravaradiofm\/#\/schema\/person\/78ff63fb371c799850071f4b5feb0b7a"},"headline":"Varada estructura petrolera en aguas del Golfo de M\u00e9xico","datePublished":"2022-01-04T00:55:30+00:00","dateModified":"2022-01-04T00:56:09+00:00","mainEntityOfPage":{"@id":"https:\/\/www.bbmnoticias.com\/labravaradiofm\/2022\/01\/03\/varada-estructura-petrolera-eb-aguas-del-golfo-dw-mexico\/"},"wordCount":378,"image":{"@id":"https:\/\/www.bbmnoticias.com\/labravaradiofm\/2022\/01\/03\/varada-estructura-petrolera-eb-aguas-del-golfo-dw-mexico\/#primaryimage"},"thumbnailUrl":"https:\/\/www.bbmnoticias.com\/labravaradiofm\/wp-content\/uploads\/sites\/5\/2022\/01\/pemex-carmen.jpg","articleSection":["NACIONAL"],"inLanguage":"es"},{"@type":"WebPage","@id":"https:\/\/www.bbmnoticias.com\/labravaradiofm\/2022\/01\/03\/varada-estructura-petrolera-eb-aguas-del-golfo-dw-mexico\/","url":"https:\/\/www.bbmnoticias.com\/labravaradiofm\/2022\/01\/03\/varada-estructura-petrolera-eb-aguas-del-golfo-dw-mexico\/","name":"Varada estructura petrolera en aguas del Golfo de M\u00e9xico - LA BRAVA RADIO","isPartOf":{"@id":"https:\/\/www.bbmnoticias.com\/labravaradiofm\/#website"},"primaryImageOfPage":{"@id":"https:\/\/www.bbmnoticias.com\/labravaradiofm\/2022\/01\/03\/varada-estructura-petrolera-eb-aguas-del-golfo-dw-mexico\/#primaryimage"},"image":{"@id":"https:\/\/www.bbmnoticias.com\/labravaradiofm\/2022\/01\/03\/varada-estructura-petrolera-eb-aguas-del-golfo-dw-mexico\/#primaryimage"},"thumbnailUrl":"https:\/\/www.bbmnoticias.com\/labravaradiofm\/wp-content\/uploads\/sites\/5\/2022\/01\/pemex-carmen.jpg","datePublished":"2022-01-04T00:55:30+00:00","dateModified":"2022-01-04T00:56:09+00:00","author":{"@id":"https:\/\/www.bbmnoticias.com\/labravaradiofm\/#\/schema\/person\/78ff63fb371c799850071f4b5feb0b7a"},"breadcrumb":{"@id":"https:\/\/www.bbmnoticias.com\/labravaradiofm\/2022\/01\/03\/varada-estructura-petrolera-eb-aguas-del-golfo-dw-mexico\/#breadcrumb"},"inLanguage":"es","potentialAction":[{"@type":"ReadAction","target":["https:\/\/www.bbmnoticias.com\/labravaradiofm\/2022\/01\/03\/varada-estructura-petrolera-eb-aguas-del-golfo-dw-mexico\/"]}]},{"@type":"ImageObject","inLanguage":"es","@id":"https:\/\/www.bbmnoticias.com\/labravaradiofm\/2022\/01\/03\/varada-estructura-petrolera-eb-aguas-del-golfo-dw-mexico\/#primaryimage","url":"https:\/\/www.bbmnoticias.com\/labravaradiofm\/wp-content\/uploads\/sites\/5\/2022\/01\/pemex-carmen.jpg","contentUrl":"https:\/\/www.bbmnoticias.com\/labravaradiofm\/wp-content\/uploads\/sites\/5\/2022\/01\/pemex-carmen.jpg","width":1080,"height":608},{"@type":"BreadcrumbList","@id":"https:\/\/www.bbmnoticias.com\/labravaradiofm\/2022\/01\/03\/varada-estructura-petrolera-eb-aguas-del-golfo-dw-mexico\/#breadcrumb","itemListElement":[{"@type":"ListItem","position":1,"name":"Inicio","item":"https:\/\/www.bbmnoticias.com\/labravaradiofm\/"},{"@type":"ListItem","position":2,"name":"Varada estructura petrolera en aguas del Golfo de M\u00e9xico"}]},{"@type":"WebSite","@id":"https:\/\/www.bbmnoticias.com\/labravaradiofm\/#website","url":"https:\/\/www.bbmnoticias.com\/labravaradiofm\/","name":"LA BRAVA RADIO","description":"Empresa productora de medios, Radiodifusi\u00f3n, Noticias, tendencias y todo lo que necesitas saber de la pol\u00edtica mexicana e internacional; entretenimiento, espect\u00e1culos, salud y mucho m\u00e1s.","potentialAction":[{"@type":"SearchAction","target":{"@type":"EntryPoint","urlTemplate":"https:\/\/www.bbmnoticias.com\/labravaradiofm\/?s={search_term_string}"},"query-input":{"@type":"PropertyValueSpecification","valueRequired":true,"valueName":"search_term_string"}}],"inLanguage":"es"},{"@type":"Person","@id":"https:\/\/www.bbmnoticias.com\/labravaradiofm\/#\/schema\/person\/78ff63fb371c799850071f4b5feb0b7a","name":"El Heraldo","image":{"@type":"ImageObject","inLanguage":"es","@id":"https:\/\/secure.gravatar.com\/avatar\/463017be041288b5a196814ef7242bd62699b857f306e4b5b61b533e8a87f404?s=96&d=mm&r=g","url":"https:\/\/secure.gravatar.com\/avatar\/463017be041288b5a196814ef7242bd62699b857f306e4b5b61b533e8a87f404?s=96&d=mm&r=g","contentUrl":"https:\/\/secure.gravatar.com\/avatar\/463017be041288b5a196814ef7242bd62699b857f306e4b5b61b533e8a87f404?s=96&d=mm&r=g","caption":"El Heraldo"},"url":"https:\/\/www.bbmnoticias.com\/labravaradiofm\/author\/heraldo\/"}]}},"_links":{"self":[{"href":"https:\/\/www.bbmnoticias.com\/labravaradiofm\/wp-json\/wp\/v2\/posts\/8057","targetHints":{"allow":["GET"]}}],"collection":[{"href":"https:\/\/www.bbmnoticias.com\/labravaradiofm\/wp-json\/wp\/v2\/posts"}],"about":[{"href":"https:\/\/www.bbmnoticias.com\/labravaradiofm\/wp-json\/wp\/v2\/types\/post"}],"author":[{"embeddable":true,"href":"https:\/\/www.bbmnoticias.com\/labravaradiofm\/wp-json\/wp\/v2\/users\/15"}],"replies":[{"embeddable":true,"href":"https:\/\/www.bbmnoticias.com\/labravaradiofm\/wp-json\/wp\/v2\/comments?post=8057"}],"version-history":[{"count":0,"href":"https:\/\/www.bbmnoticias.com\/labravaradiofm\/wp-json\/wp\/v2\/posts\/8057\/revisions"}],"wp:featuredmedia":[{"embeddable":true,"href":"https:\/\/www.bbmnoticias.com\/labravaradiofm\/wp-json\/wp\/v2\/media\/8058"}],"wp:attachment":[{"href":"https:\/\/www.bbmnoticias.com\/labravaradiofm\/wp-json\/wp\/v2\/media?parent=8057"}],"wp:term":[{"taxonomy":"category","embeddable":true,"href":"https:\/\/www.bbmnoticias.com\/labravaradiofm\/wp-json\/wp\/v2\/categories?post=8057"},{"taxonomy":"post_tag","embeddable":true,"href":"https:\/\/www.bbmnoticias.com\/labravaradiofm\/wp-json\/wp\/v2\/tags?post=8057"}],"curies":[{"name":"wp","href":"https:\/\/api.w.org\/{rel}","templated":true}]}}