{"id":8050,"date":"2022-01-03T15:52:49","date_gmt":"2022-01-03T21:52:49","guid":{"rendered":"https:\/\/www.bbmnoticias.com\/labravaradiofm\/?p=8050"},"modified":"2022-01-03T20:33:51","modified_gmt":"2022-01-04T02:33:51","slug":"alejandro-murat-el-quinto-gobernador-de-mexico-mejor-evaluado","status":"publish","type":"post","link":"https:\/\/www.bbmnoticias.com\/labravaradiofm\/2022\/01\/03\/alejandro-murat-el-quinto-gobernador-de-mexico-mejor-evaluado\/","title":{"rendered":"Alejandro Murat, el quinto gobernador de M\u00e9xico mejor evaluado"},"content":{"rendered":"<div style=\"margin-top: 0px; margin-bottom: 0px;\" class=\"sharethis-inline-share-buttons\" ><\/div>\n<p>A medio a\u00f1o de las pasadas elecciones 2021, los 15 candidatos electos que lograron triunfar y ganar la gubernatura de su estado han tomado protesta en su cargo, iniciando con un nuevo ciclo de gobierno. Las nuevas gobernadoras de Morena, pertenecientes de Colima y Guerrero consiguieron posicionarse como las 2 gobernantes mejor evaluadas a nivel nacional.<\/p>\n\n\n\n<p>Aqu\u00ed te presentamos los resultados de la encuesta de Arias Consultores sobre la<strong> Evaluaci\u00f3n 32 gobernadores<\/strong>. Esta encuesta fue realizada del 25 al 30 de noviembre del 2021 por redes sociales a 14,268 ciudadanos mexicanos.<\/p>\n\n\n\n<p>Indira Vizca\u00edno, nueva gobernadora del estado de Colima, a pesar de ser una de las \u00faltimas en tomar protesta el pasado 1 de noviembre del presente a\u00f1o, logr\u00f3 ubicarse con una favorable aprobaci\u00f3n de 54.2% como la gobernante con mayor aprobaci\u00f3n en M\u00e9xico. Es decir, la mitad de los colimenses creen que ha realizado un buen trabajo en su puesto desde que comenz\u00f3.<\/p>\n\n\n\n<p>La gobernadora constitucional de Guerrero, Evelyn Salgado, registr\u00f3 una aprobaci\u00f3n de 53.9%, sumando +4.5% desde la \u00faltima evaluaci\u00f3n, consigui\u00f3 subir un pelda\u00f1o y posicionarse en el top 2 de los gobernadores mejor evaluados en M\u00e9xico.<\/p>\n\n\n\n<p>Omar Fayad, gobernador de Hidalgo, se ha mantenido por m\u00e1s de un a\u00f1o entre los 5 mejores, ubic\u00e1ndose en esta nueva evaluaci\u00f3n en el tercer lugar con una aprobaci\u00f3n de 47% por parte de los ciudadanos. Respecto al mes anterior registr\u00f3 un descenso de -1.5% aun as\u00ed logr\u00f3 subir un pelda\u00f1o en el ranking adem\u00e1s de ser el abanderado del PRI con mayor aprobaci\u00f3n en M\u00e9xico.<\/p>\n\n\n\n<p>Los gobernadores de Tamaulipas y Oaxaca, Francisco J. Garc\u00eda Cabeza de Vaca y Alejandro Murat, consiguieron subir 3 pelda\u00f1os en el ranking ubic\u00e1ndose en el cuarto y quinto lugar respectivamente a nivel nacional. El abanderado del PAN y tamaulipeco registr\u00f3 una aprobaci\u00f3n de 46.9%, mientras el priista Alejandro Murat registr\u00f3 46.8%.<\/p>\n\n\n\n<p>El gobernador peor evaluado en M\u00e9xico es David Monreal del estado de Zacatecas. El abanderado de Morena present\u00f3 una ca\u00edda desfavorable de -0.4%, ubic\u00e1ndose hasta el \u00faltimo lugar dentro del ranking con solamente 12.2%. Es decir, el 77.4% de los ciudadanos creen que ha tenido un mal desempe\u00f1o en su puesto como gobernante.<\/p>\n\n\n\n<p>Lo sigue de cerca el tambi\u00e9n abanderado de Morena y gobernador de Puebla, Miguel Barbosa con una m\u00ednima aprobaci\u00f3n de 12.5% y una gran desaprobaci\u00f3n de 74.9%, mientras al otro menor porcentaje le es indiferente.<\/p>\n\n\n\n<p>Los gobernadores del PAN registraron nuevamente el mayor promedio de aprobaci\u00f3n en M\u00e9xico, con solamente 8 abanderados lograron liderar con 41.5%. Por otro lado, los gobernadores de Morena, a pesar de tener la mayor cantidad de abanderados, registraron solamente 34%, debido a que, de 16 gobernantes, 7 son aprobados por menos del 32% de sus ciudadanos.<\/p>\n\n\n\n<p>Increment\u00f3 favorablemente la confianza de los mexicanos en sus gobernadores, el 36% opina confiar en la palabra de su gobernante, mientras que la mayor parte el 64% aun los consideran unos mentirosos.<\/p>\n\n\n\n<p>La gobernadora de Guerrero, Evelyn Salgado contin\u00faa como la gobernadora con mayor porcentaje de credibilidad en M\u00e9xico, el 76.3% de los guerrerenses creen que es honesta y conf\u00edan en ella. A solo pocos meses de comenzar en su cargo al menos 3 de cada 4 ciudadanos creen en su palabra.<\/p>\n\n\n\n<p>V\u00edctor Manuel Castro Cosi\u00f3, del estado de Baja California Sur, se ubic\u00f3 tambi\u00e9n como uno de los gobernantes con mayor credibilidad a nivel nacional, 6 de cada 10 ciudadanos creen que es honesto.<\/p>\n\n\n\n<p>En el otro extremo, se coloc\u00f3 el gobernante de Puebla, Miguel Barbosa Huerta con solamente 14.1%, es decir la gran mayor\u00eda el 85.9% de los ciudadanos creen que el abanderado de Morena miente.<\/p>\n\n\n\n<p>El gobierno de Colima, regido actualmente por Indira Vizca\u00edno, se coloco como el estado con mejor percepci\u00f3n de confianza de los empresarios para invertir con 55.8%, trabajo para combatir a la corrupci\u00f3n con 56.9%, econom\u00eda y empleo en la entidad con 56.8% y seguridad con 47.8%, logrando liderar los diferentes rubros en la evaluaci\u00f3n.<\/p>\n\n\n\n<p>Yucat\u00e1n es el estado con mayor percepci\u00f3n de seguridad en M\u00e9xico, el 62.8% de los ciudadanos se sienten seguros viviendo en su estado. Mientras Zacatecas contin\u00faa como la entidad m\u00e1s insegura en el pa\u00eds, 9 de cada 10 ciudadanos aseguran sentirse inseguros viviendo su d\u00eda a d\u00eda en el estado.<\/p>\n\n\n\n<p>Para m\u00e1s informaci\u00f3n, descarga el informe completo de la evaluaci\u00f3n realizada por <strong>Arias Consultores<\/strong>, a continuaci\u00f3n. S\u00edguenos en nuestras diferentes redes sociales y no te pierdas el nuevo contenido<\/p>\n\n\n\n<iframe loading=\"lazy\" src=\"https:\/\/drive.google.com\/file\/d\/1i7ilUakscTqMkFC54wEHa8FPQ3rWuGyN\/preview\" allow=\"autoplay\" width=\"640\" height=\"480\"><\/iframe>\n","protected":false},"excerpt":{"rendered":"<p>A medio a\u00f1o de las pasadas elecciones 2021, los 15 candidatos electos que lograron triunfar y ganar la gubernatura de su estado han tomado protesta en su cargo, iniciando con un nuevo ciclo de gobierno. Las nuevas gobernadoras de Morena, pertenecientes de Colima y Guerrero consiguieron posicionarse como las 2 gobernantes mejor evaluadas a nivel [&hellip;]<\/p>\n","protected":false},"author":4,"featured_media":8051,"comment_status":"closed","ping_status":"closed","sticky":false,"template":"","format":"standard","meta":{"footnotes":""},"categories":[2],"tags":[],"class_list":{"0":"post-8050","1":"post","2":"type-post","3":"status-publish","4":"format-standard","5":"has-post-thumbnail","7":"category-oaxaca"},"yoast_head":"<!-- This site is optimized with the Yoast SEO plugin v27.4 - https:\/\/yoast.com\/product\/yoast-seo-wordpress\/ -->\n<title>Alejandro Murat, el quinto gobernador de M\u00e9xico mejor evaluado - LA BRAVA RADIO<\/title>\n<meta name=\"robots\" content=\"index, follow, max-snippet:-1, max-image-preview:large, max-video-preview:-1\" \/>\n<link rel=\"canonical\" href=\"https:\/\/www.bbmnoticias.com\/labravaradiofm\/2022\/01\/03\/alejandro-murat-el-quinto-gobernador-de-mexico-mejor-evaluado\/\" \/>\n<meta property=\"og:locale\" content=\"es_MX\" \/>\n<meta property=\"og:type\" content=\"article\" \/>\n<meta property=\"og:title\" content=\"Alejandro Murat, el quinto gobernador de M\u00e9xico mejor evaluado - LA BRAVA RADIO\" \/>\n<meta property=\"og:description\" content=\"A medio a\u00f1o de las pasadas elecciones 2021, los 15 candidatos electos que lograron triunfar y ganar la gubernatura de su estado han tomado protesta en su cargo, iniciando con un nuevo ciclo de gobierno. Las nuevas gobernadoras de Morena, pertenecientes de Colima y Guerrero consiguieron posicionarse como las 2 gobernantes mejor evaluadas a nivel [&hellip;]\" \/>\n<meta property=\"og:url\" content=\"https:\/\/www.bbmnoticias.com\/labravaradiofm\/2022\/01\/03\/alejandro-murat-el-quinto-gobernador-de-mexico-mejor-evaluado\/\" \/>\n<meta property=\"og:site_name\" content=\"LA BRAVA RADIO\" \/>\n<meta property=\"article:published_time\" content=\"2022-01-03T21:52:49+00:00\" \/>\n<meta property=\"article:modified_time\" content=\"2022-01-04T02:33:51+00:00\" \/>\n<meta property=\"og:image\" content=\"https:\/\/www.bbmnoticias.com\/labravaradiofm\/wp-content\/uploads\/sites\/5\/2022\/01\/gobernadores-evaluados-scaled.jpg\" \/>\n\t<meta property=\"og:image:width\" content=\"2560\" \/>\n\t<meta property=\"og:image:height\" content=\"1280\" \/>\n\t<meta property=\"og:image:type\" content=\"image\/jpeg\" \/>\n<meta name=\"author\" content=\"Agencias\" \/>\n<meta name=\"twitter:card\" content=\"summary_large_image\" \/>\n<meta name=\"twitter:label1\" content=\"Escrito por\" \/>\n\t<meta name=\"twitter:data1\" content=\"Agencias\" \/>\n\t<meta name=\"twitter:label2\" content=\"Tiempo de lectura\" \/>\n\t<meta name=\"twitter:data2\" content=\"4 minutos\" \/>\n<script type=\"application\/ld+json\" class=\"yoast-schema-graph\">{\"@context\":\"https:\\\/\\\/schema.org\",\"@graph\":[{\"@type\":\"Article\",\"@id\":\"https:\\\/\\\/www.bbmnoticias.com\\\/labravaradiofm\\\/2022\\\/01\\\/03\\\/alejandro-murat-el-quinto-gobernador-de-mexico-mejor-evaluado\\\/#article\",\"isPartOf\":{\"@id\":\"https:\\\/\\\/www.bbmnoticias.com\\\/labravaradiofm\\\/2022\\\/01\\\/03\\\/alejandro-murat-el-quinto-gobernador-de-mexico-mejor-evaluado\\\/\"},\"author\":{\"name\":\"Agencias\",\"@id\":\"https:\\\/\\\/www.bbmnoticias.com\\\/labravaradiofm\\\/#\\\/schema\\\/person\\\/000bdaf0a8fb5bff0d537c4d0778e33f\"},\"headline\":\"Alejandro Murat, el quinto gobernador de M\u00e9xico mejor evaluado\",\"datePublished\":\"2022-01-03T21:52:49+00:00\",\"dateModified\":\"2022-01-04T02:33:51+00:00\",\"mainEntityOfPage\":{\"@id\":\"https:\\\/\\\/www.bbmnoticias.com\\\/labravaradiofm\\\/2022\\\/01\\\/03\\\/alejandro-murat-el-quinto-gobernador-de-mexico-mejor-evaluado\\\/\"},\"wordCount\":755,\"image\":{\"@id\":\"https:\\\/\\\/www.bbmnoticias.com\\\/labravaradiofm\\\/2022\\\/01\\\/03\\\/alejandro-murat-el-quinto-gobernador-de-mexico-mejor-evaluado\\\/#primaryimage\"},\"thumbnailUrl\":\"https:\\\/\\\/www.bbmnoticias.com\\\/labravaradiofm\\\/wp-content\\\/uploads\\\/sites\\\/5\\\/2022\\\/01\\\/gobernadores-evaluados-scaled.jpg\",\"articleSection\":[\"LOCAL\"],\"inLanguage\":\"es\"},{\"@type\":\"WebPage\",\"@id\":\"https:\\\/\\\/www.bbmnoticias.com\\\/labravaradiofm\\\/2022\\\/01\\\/03\\\/alejandro-murat-el-quinto-gobernador-de-mexico-mejor-evaluado\\\/\",\"url\":\"https:\\\/\\\/www.bbmnoticias.com\\\/labravaradiofm\\\/2022\\\/01\\\/03\\\/alejandro-murat-el-quinto-gobernador-de-mexico-mejor-evaluado\\\/\",\"name\":\"Alejandro Murat, el quinto gobernador de M\u00e9xico mejor evaluado - LA BRAVA RADIO\",\"isPartOf\":{\"@id\":\"https:\\\/\\\/www.bbmnoticias.com\\\/labravaradiofm\\\/#website\"},\"primaryImageOfPage\":{\"@id\":\"https:\\\/\\\/www.bbmnoticias.com\\\/labravaradiofm\\\/2022\\\/01\\\/03\\\/alejandro-murat-el-quinto-gobernador-de-mexico-mejor-evaluado\\\/#primaryimage\"},\"image\":{\"@id\":\"https:\\\/\\\/www.bbmnoticias.com\\\/labravaradiofm\\\/2022\\\/01\\\/03\\\/alejandro-murat-el-quinto-gobernador-de-mexico-mejor-evaluado\\\/#primaryimage\"},\"thumbnailUrl\":\"https:\\\/\\\/www.bbmnoticias.com\\\/labravaradiofm\\\/wp-content\\\/uploads\\\/sites\\\/5\\\/2022\\\/01\\\/gobernadores-evaluados-scaled.jpg\",\"datePublished\":\"2022-01-03T21:52:49+00:00\",\"dateModified\":\"2022-01-04T02:33:51+00:00\",\"author\":{\"@id\":\"https:\\\/\\\/www.bbmnoticias.com\\\/labravaradiofm\\\/#\\\/schema\\\/person\\\/000bdaf0a8fb5bff0d537c4d0778e33f\"},\"breadcrumb\":{\"@id\":\"https:\\\/\\\/www.bbmnoticias.com\\\/labravaradiofm\\\/2022\\\/01\\\/03\\\/alejandro-murat-el-quinto-gobernador-de-mexico-mejor-evaluado\\\/#breadcrumb\"},\"inLanguage\":\"es\",\"potentialAction\":[{\"@type\":\"ReadAction\",\"target\":[\"https:\\\/\\\/www.bbmnoticias.com\\\/labravaradiofm\\\/2022\\\/01\\\/03\\\/alejandro-murat-el-quinto-gobernador-de-mexico-mejor-evaluado\\\/\"]}]},{\"@type\":\"ImageObject\",\"inLanguage\":\"es\",\"@id\":\"https:\\\/\\\/www.bbmnoticias.com\\\/labravaradiofm\\\/2022\\\/01\\\/03\\\/alejandro-murat-el-quinto-gobernador-de-mexico-mejor-evaluado\\\/#primaryimage\",\"url\":\"https:\\\/\\\/www.bbmnoticias.com\\\/labravaradiofm\\\/wp-content\\\/uploads\\\/sites\\\/5\\\/2022\\\/01\\\/gobernadores-evaluados-scaled.jpg\",\"contentUrl\":\"https:\\\/\\\/www.bbmnoticias.com\\\/labravaradiofm\\\/wp-content\\\/uploads\\\/sites\\\/5\\\/2022\\\/01\\\/gobernadores-evaluados-scaled.jpg\",\"width\":2560,\"height\":1280},{\"@type\":\"BreadcrumbList\",\"@id\":\"https:\\\/\\\/www.bbmnoticias.com\\\/labravaradiofm\\\/2022\\\/01\\\/03\\\/alejandro-murat-el-quinto-gobernador-de-mexico-mejor-evaluado\\\/#breadcrumb\",\"itemListElement\":[{\"@type\":\"ListItem\",\"position\":1,\"name\":\"Inicio\",\"item\":\"https:\\\/\\\/www.bbmnoticias.com\\\/labravaradiofm\\\/\"},{\"@type\":\"ListItem\",\"position\":2,\"name\":\"Alejandro Murat, el quinto gobernador de M\u00e9xico mejor evaluado\"}]},{\"@type\":\"WebSite\",\"@id\":\"https:\\\/\\\/www.bbmnoticias.com\\\/labravaradiofm\\\/#website\",\"url\":\"https:\\\/\\\/www.bbmnoticias.com\\\/labravaradiofm\\\/\",\"name\":\"LA BRAVA RADIO\",\"description\":\"Empresa productora de medios, Radiodifusi\u00f3n, Noticias, tendencias y todo lo que necesitas saber de la pol\u00edtica mexicana e internacional; entretenimiento, espect\u00e1culos, salud y mucho m\u00e1s.\",\"potentialAction\":[{\"@type\":\"SearchAction\",\"target\":{\"@type\":\"EntryPoint\",\"urlTemplate\":\"https:\\\/\\\/www.bbmnoticias.com\\\/labravaradiofm\\\/?s={search_term_string}\"},\"query-input\":{\"@type\":\"PropertyValueSpecification\",\"valueRequired\":true,\"valueName\":\"search_term_string\"}}],\"inLanguage\":\"es\"},{\"@type\":\"Person\",\"@id\":\"https:\\\/\\\/www.bbmnoticias.com\\\/labravaradiofm\\\/#\\\/schema\\\/person\\\/000bdaf0a8fb5bff0d537c4d0778e33f\",\"name\":\"Agencias\",\"image\":{\"@type\":\"ImageObject\",\"inLanguage\":\"es\",\"@id\":\"https:\\\/\\\/secure.gravatar.com\\\/avatar\\\/739e0b61adf9e398b425c36718c8752286da0e8cd90f20ce9a86678abc26aa0d?s=96&d=mm&r=g\",\"url\":\"https:\\\/\\\/secure.gravatar.com\\\/avatar\\\/739e0b61adf9e398b425c36718c8752286da0e8cd90f20ce9a86678abc26aa0d?s=96&d=mm&r=g\",\"contentUrl\":\"https:\\\/\\\/secure.gravatar.com\\\/avatar\\\/739e0b61adf9e398b425c36718c8752286da0e8cd90f20ce9a86678abc26aa0d?s=96&d=mm&r=g\",\"caption\":\"Agencias\"},\"url\":\"https:\\\/\\\/www.bbmnoticias.com\\\/labravaradiofm\\\/author\\\/agencias\\\/\"}]}<\/script>\n<!-- \/ Yoast SEO plugin. -->","yoast_head_json":{"title":"Alejandro Murat, el quinto gobernador de M\u00e9xico mejor evaluado - LA BRAVA RADIO","robots":{"index":"index","follow":"follow","max-snippet":"max-snippet:-1","max-image-preview":"max-image-preview:large","max-video-preview":"max-video-preview:-1"},"canonical":"https:\/\/www.bbmnoticias.com\/labravaradiofm\/2022\/01\/03\/alejandro-murat-el-quinto-gobernador-de-mexico-mejor-evaluado\/","og_locale":"es_MX","og_type":"article","og_title":"Alejandro Murat, el quinto gobernador de M\u00e9xico mejor evaluado - LA BRAVA RADIO","og_description":"A medio a\u00f1o de las pasadas elecciones 2021, los 15 candidatos electos que lograron triunfar y ganar la gubernatura de su estado han tomado protesta en su cargo, iniciando con un nuevo ciclo de gobierno. Las nuevas gobernadoras de Morena, pertenecientes de Colima y Guerrero consiguieron posicionarse como las 2 gobernantes mejor evaluadas a nivel [&hellip;]","og_url":"https:\/\/www.bbmnoticias.com\/labravaradiofm\/2022\/01\/03\/alejandro-murat-el-quinto-gobernador-de-mexico-mejor-evaluado\/","og_site_name":"LA BRAVA RADIO","article_published_time":"2022-01-03T21:52:49+00:00","article_modified_time":"2022-01-04T02:33:51+00:00","og_image":[{"width":2560,"height":1280,"url":"https:\/\/www.bbmnoticias.com\/labravaradiofm\/wp-content\/uploads\/sites\/5\/2022\/01\/gobernadores-evaluados-scaled.jpg","type":"image\/jpeg"}],"author":"Agencias","twitter_card":"summary_large_image","twitter_misc":{"Escrito por":"Agencias","Tiempo de lectura":"4 minutos"},"schema":{"@context":"https:\/\/schema.org","@graph":[{"@type":"Article","@id":"https:\/\/www.bbmnoticias.com\/labravaradiofm\/2022\/01\/03\/alejandro-murat-el-quinto-gobernador-de-mexico-mejor-evaluado\/#article","isPartOf":{"@id":"https:\/\/www.bbmnoticias.com\/labravaradiofm\/2022\/01\/03\/alejandro-murat-el-quinto-gobernador-de-mexico-mejor-evaluado\/"},"author":{"name":"Agencias","@id":"https:\/\/www.bbmnoticias.com\/labravaradiofm\/#\/schema\/person\/000bdaf0a8fb5bff0d537c4d0778e33f"},"headline":"Alejandro Murat, el quinto gobernador de M\u00e9xico mejor evaluado","datePublished":"2022-01-03T21:52:49+00:00","dateModified":"2022-01-04T02:33:51+00:00","mainEntityOfPage":{"@id":"https:\/\/www.bbmnoticias.com\/labravaradiofm\/2022\/01\/03\/alejandro-murat-el-quinto-gobernador-de-mexico-mejor-evaluado\/"},"wordCount":755,"image":{"@id":"https:\/\/www.bbmnoticias.com\/labravaradiofm\/2022\/01\/03\/alejandro-murat-el-quinto-gobernador-de-mexico-mejor-evaluado\/#primaryimage"},"thumbnailUrl":"https:\/\/www.bbmnoticias.com\/labravaradiofm\/wp-content\/uploads\/sites\/5\/2022\/01\/gobernadores-evaluados-scaled.jpg","articleSection":["LOCAL"],"inLanguage":"es"},{"@type":"WebPage","@id":"https:\/\/www.bbmnoticias.com\/labravaradiofm\/2022\/01\/03\/alejandro-murat-el-quinto-gobernador-de-mexico-mejor-evaluado\/","url":"https:\/\/www.bbmnoticias.com\/labravaradiofm\/2022\/01\/03\/alejandro-murat-el-quinto-gobernador-de-mexico-mejor-evaluado\/","name":"Alejandro Murat, el quinto gobernador de M\u00e9xico mejor evaluado - LA BRAVA RADIO","isPartOf":{"@id":"https:\/\/www.bbmnoticias.com\/labravaradiofm\/#website"},"primaryImageOfPage":{"@id":"https:\/\/www.bbmnoticias.com\/labravaradiofm\/2022\/01\/03\/alejandro-murat-el-quinto-gobernador-de-mexico-mejor-evaluado\/#primaryimage"},"image":{"@id":"https:\/\/www.bbmnoticias.com\/labravaradiofm\/2022\/01\/03\/alejandro-murat-el-quinto-gobernador-de-mexico-mejor-evaluado\/#primaryimage"},"thumbnailUrl":"https:\/\/www.bbmnoticias.com\/labravaradiofm\/wp-content\/uploads\/sites\/5\/2022\/01\/gobernadores-evaluados-scaled.jpg","datePublished":"2022-01-03T21:52:49+00:00","dateModified":"2022-01-04T02:33:51+00:00","author":{"@id":"https:\/\/www.bbmnoticias.com\/labravaradiofm\/#\/schema\/person\/000bdaf0a8fb5bff0d537c4d0778e33f"},"breadcrumb":{"@id":"https:\/\/www.bbmnoticias.com\/labravaradiofm\/2022\/01\/03\/alejandro-murat-el-quinto-gobernador-de-mexico-mejor-evaluado\/#breadcrumb"},"inLanguage":"es","potentialAction":[{"@type":"ReadAction","target":["https:\/\/www.bbmnoticias.com\/labravaradiofm\/2022\/01\/03\/alejandro-murat-el-quinto-gobernador-de-mexico-mejor-evaluado\/"]}]},{"@type":"ImageObject","inLanguage":"es","@id":"https:\/\/www.bbmnoticias.com\/labravaradiofm\/2022\/01\/03\/alejandro-murat-el-quinto-gobernador-de-mexico-mejor-evaluado\/#primaryimage","url":"https:\/\/www.bbmnoticias.com\/labravaradiofm\/wp-content\/uploads\/sites\/5\/2022\/01\/gobernadores-evaluados-scaled.jpg","contentUrl":"https:\/\/www.bbmnoticias.com\/labravaradiofm\/wp-content\/uploads\/sites\/5\/2022\/01\/gobernadores-evaluados-scaled.jpg","width":2560,"height":1280},{"@type":"BreadcrumbList","@id":"https:\/\/www.bbmnoticias.com\/labravaradiofm\/2022\/01\/03\/alejandro-murat-el-quinto-gobernador-de-mexico-mejor-evaluado\/#breadcrumb","itemListElement":[{"@type":"ListItem","position":1,"name":"Inicio","item":"https:\/\/www.bbmnoticias.com\/labravaradiofm\/"},{"@type":"ListItem","position":2,"name":"Alejandro Murat, el quinto gobernador de M\u00e9xico mejor evaluado"}]},{"@type":"WebSite","@id":"https:\/\/www.bbmnoticias.com\/labravaradiofm\/#website","url":"https:\/\/www.bbmnoticias.com\/labravaradiofm\/","name":"LA BRAVA RADIO","description":"Empresa productora de medios, Radiodifusi\u00f3n, Noticias, tendencias y todo lo que necesitas saber de la pol\u00edtica mexicana e internacional; entretenimiento, espect\u00e1culos, salud y mucho m\u00e1s.","potentialAction":[{"@type":"SearchAction","target":{"@type":"EntryPoint","urlTemplate":"https:\/\/www.bbmnoticias.com\/labravaradiofm\/?s={search_term_string}"},"query-input":{"@type":"PropertyValueSpecification","valueRequired":true,"valueName":"search_term_string"}}],"inLanguage":"es"},{"@type":"Person","@id":"https:\/\/www.bbmnoticias.com\/labravaradiofm\/#\/schema\/person\/000bdaf0a8fb5bff0d537c4d0778e33f","name":"Agencias","image":{"@type":"ImageObject","inLanguage":"es","@id":"https:\/\/secure.gravatar.com\/avatar\/739e0b61adf9e398b425c36718c8752286da0e8cd90f20ce9a86678abc26aa0d?s=96&d=mm&r=g","url":"https:\/\/secure.gravatar.com\/avatar\/739e0b61adf9e398b425c36718c8752286da0e8cd90f20ce9a86678abc26aa0d?s=96&d=mm&r=g","contentUrl":"https:\/\/secure.gravatar.com\/avatar\/739e0b61adf9e398b425c36718c8752286da0e8cd90f20ce9a86678abc26aa0d?s=96&d=mm&r=g","caption":"Agencias"},"url":"https:\/\/www.bbmnoticias.com\/labravaradiofm\/author\/agencias\/"}]}},"_links":{"self":[{"href":"https:\/\/www.bbmnoticias.com\/labravaradiofm\/wp-json\/wp\/v2\/posts\/8050","targetHints":{"allow":["GET"]}}],"collection":[{"href":"https:\/\/www.bbmnoticias.com\/labravaradiofm\/wp-json\/wp\/v2\/posts"}],"about":[{"href":"https:\/\/www.bbmnoticias.com\/labravaradiofm\/wp-json\/wp\/v2\/types\/post"}],"author":[{"embeddable":true,"href":"https:\/\/www.bbmnoticias.com\/labravaradiofm\/wp-json\/wp\/v2\/users\/4"}],"replies":[{"embeddable":true,"href":"https:\/\/www.bbmnoticias.com\/labravaradiofm\/wp-json\/wp\/v2\/comments?post=8050"}],"version-history":[{"count":0,"href":"https:\/\/www.bbmnoticias.com\/labravaradiofm\/wp-json\/wp\/v2\/posts\/8050\/revisions"}],"wp:featuredmedia":[{"embeddable":true,"href":"https:\/\/www.bbmnoticias.com\/labravaradiofm\/wp-json\/wp\/v2\/media\/8051"}],"wp:attachment":[{"href":"https:\/\/www.bbmnoticias.com\/labravaradiofm\/wp-json\/wp\/v2\/media?parent=8050"}],"wp:term":[{"taxonomy":"category","embeddable":true,"href":"https:\/\/www.bbmnoticias.com\/labravaradiofm\/wp-json\/wp\/v2\/categories?post=8050"},{"taxonomy":"post_tag","embeddable":true,"href":"https:\/\/www.bbmnoticias.com\/labravaradiofm\/wp-json\/wp\/v2\/tags?post=8050"}],"curies":[{"name":"wp","href":"https:\/\/api.w.org\/{rel}","templated":true}]}}