{"id":8043,"date":"2022-01-03T12:54:05","date_gmt":"2022-01-03T18:54:05","guid":{"rendered":"https:\/\/www.bbmnoticias.com\/labravaradiofm\/?p=8043"},"modified":"2022-01-03T12:54:07","modified_gmt":"2022-01-03T18:54:07","slug":"fuertes-vientos-volcaron-un-camion-en-la-venta-la-ventosa","status":"publish","type":"post","link":"https:\/\/www.bbmnoticias.com\/labravaradiofm\/2022\/01\/03\/fuertes-vientos-volcaron-un-camion-en-la-venta-la-ventosa\/","title":{"rendered":"Fuertes vientos volcaron un cami\u00f3n en La Venta-La Ventosa"},"content":{"rendered":"<div style=\"margin-top: 0px; margin-bottom: 0px;\" class=\"sharethis-inline-share-buttons\" ><\/div>\n<p>OAXACA, Oax. 3 de enero de 2022.- Los fuertes vientos originados por el frente fr\u00edo n\u00famero 19 volcaron un cami\u00f3n la ma\u00f1ana de este lunes en la regi\u00f3n del Istmo de Tehuantepec. <\/p>\n\n\n\n<p>El percance ocurri\u00f3 en la carretera federal 190 en el tramo La Venta-La Ventosa, a la altura del kil\u00f3metro 78+800. <\/p>\n\n\n\n<p>Elementos de la Guardia Nacional fueron los primeros en llegar para auxiliar al conductor y asegurar la zona. <\/p>\n\n\n\n<p>Reportaron solo da\u00f1os materiales y con el apoyo de una gr\u00faa retiraron el cami\u00f3n de los carriles que estaba obstruyendo en la carretera. <\/p>\n\n\n\n<p>Las autoridades de Protecci\u00f3n Civil reiteraron el llamado a los automovilistas que transitan por esta zona a que extremen precauciones pues las rachas de viento continuar\u00e1n.<\/p>\n\n\n\n<figure class=\"wp-block-embed is-type-rich is-provider-twitter wp-block-embed-twitter\"><div class=\"wp-block-embed__wrapper\">\n<blockquote class=\"twitter-tweet\" data-width=\"550\" data-dnt=\"true\"><p lang=\"es\" dir=\"ltr\">Derivado de las fuertes rachas de viento, en la zona del <a href=\"https:\/\/twitter.com\/hashtag\/Istmo?src=hash&amp;ref_src=twsrc%5Etfw\">#Istmo<\/a>, recomendamos a la poblaci\u00f3n a conducir con precauci\u00f3n en la carretera 185D en el tramo La Ventosa-Juchit\u00e1n. <a href=\"https:\/\/twitter.com\/hashtag\/Oaxaca?src=hash&amp;ref_src=twsrc%5Etfw\">#Oaxaca<\/a> <a href=\"https:\/\/twitter.com\/hashtag\/Juchit%C3%A1n?src=hash&amp;ref_src=twsrc%5Etfw\">#Juchit\u00e1n<\/a>.<a href=\"https:\/\/twitter.com\/GobOax?ref_src=twsrc%5Etfw\">@GobOax<\/a> <a href=\"https:\/\/twitter.com\/alejandromurat?ref_src=twsrc%5Etfw\">@alejandromurat<\/a> @SSP_GobOax <a href=\"https:\/\/twitter.com\/DAVIDANTONIOJIM?ref_src=twsrc%5Etfw\">@DAVIDANTONIOJIM<\/a> <a href=\"https:\/\/twitter.com\/CEPCO_GobOax?ref_src=twsrc%5Etfw\">@CEPCO_GobOax<\/a> <a href=\"https:\/\/t.co\/H94xUEivGf\">pic.twitter.com\/H94xUEivGf<\/a><\/p>&mdash; Polic\u00eda Vial Estatal (@PolVial_GobOax) <a href=\"https:\/\/twitter.com\/PolVial_GobOax\/status\/1478039005845504004?ref_src=twsrc%5Etfw\">January 3, 2022<\/a><\/blockquote><script async src=\"https:\/\/platform.twitter.com\/widgets.js\" charset=\"utf-8\"><\/script>\n<\/div><\/figure>\n","protected":false},"excerpt":{"rendered":"<p>OAXACA, Oax. 3 de enero de 2022.- Los fuertes vientos originados por el frente fr\u00edo n\u00famero 19 volcaron un cami\u00f3n la ma\u00f1ana de este lunes en la regi\u00f3n del Istmo de Tehuantepec. El percance ocurri\u00f3 en la carretera federal 190 en el tramo La Venta-La Ventosa, a la altura del kil\u00f3metro 78+800. Elementos de la [&hellip;]<\/p>\n","protected":false},"author":5,"featured_media":8044,"comment_status":"closed","ping_status":"closed","sticky":false,"template":"","format":"standard","meta":{"footnotes":""},"categories":[1],"tags":[],"class_list":{"0":"post-8043","1":"post","2":"type-post","3":"status-publish","4":"format-standard","5":"has-post-thumbnail","7":"category-sin-categoria"},"yoast_head":"<!-- This site is optimized with the Yoast SEO plugin v27.4 - https:\/\/yoast.com\/product\/yoast-seo-wordpress\/ -->\n<title>Fuertes vientos volcaron un cami\u00f3n en La Venta-La Ventosa - LA BRAVA RADIO<\/title>\n<meta name=\"robots\" content=\"index, follow, max-snippet:-1, max-image-preview:large, max-video-preview:-1\" \/>\n<link rel=\"canonical\" href=\"https:\/\/www.bbmnoticias.com\/labravaradiofm\/2022\/01\/03\/fuertes-vientos-volcaron-un-camion-en-la-venta-la-ventosa\/\" \/>\n<meta property=\"og:locale\" content=\"es_MX\" \/>\n<meta property=\"og:type\" content=\"article\" \/>\n<meta property=\"og:title\" content=\"Fuertes vientos volcaron un cami\u00f3n en La Venta-La Ventosa - LA BRAVA RADIO\" \/>\n<meta property=\"og:description\" content=\"OAXACA, Oax. 3 de enero de 2022.- Los fuertes vientos originados por el frente fr\u00edo n\u00famero 19 volcaron un cami\u00f3n la ma\u00f1ana de este lunes en la regi\u00f3n del Istmo de Tehuantepec. El percance ocurri\u00f3 en la carretera federal 190 en el tramo La Venta-La Ventosa, a la altura del kil\u00f3metro 78+800. Elementos de la [&hellip;]\" \/>\n<meta property=\"og:url\" content=\"https:\/\/www.bbmnoticias.com\/labravaradiofm\/2022\/01\/03\/fuertes-vientos-volcaron-un-camion-en-la-venta-la-ventosa\/\" \/>\n<meta property=\"og:site_name\" content=\"LA BRAVA RADIO\" \/>\n<meta property=\"article:published_time\" content=\"2022-01-03T18:54:05+00:00\" \/>\n<meta property=\"article:modified_time\" content=\"2022-01-03T18:54:07+00:00\" \/>\n<meta property=\"og:image\" content=\"https:\/\/www.bbmnoticias.com\/labravaradiofm\/wp-content\/uploads\/sites\/5\/2022\/01\/venta-ventosa.jpg\" \/>\n\t<meta property=\"og:image:width\" content=\"1200\" \/>\n\t<meta property=\"og:image:height\" content=\"675\" \/>\n\t<meta property=\"og:image:type\" content=\"image\/jpeg\" \/>\n<meta name=\"author\" content=\"Quadratin\" \/>\n<meta name=\"twitter:card\" content=\"summary_large_image\" \/>\n<meta name=\"twitter:label1\" content=\"Escrito por\" \/>\n\t<meta name=\"twitter:data1\" content=\"Quadratin\" \/>\n\t<meta name=\"twitter:label2\" content=\"Tiempo de lectura\" \/>\n\t<meta name=\"twitter:data2\" content=\"1 minuto\" \/>\n<script type=\"application\/ld+json\" class=\"yoast-schema-graph\">{\"@context\":\"https:\\\/\\\/schema.org\",\"@graph\":[{\"@type\":\"Article\",\"@id\":\"https:\\\/\\\/www.bbmnoticias.com\\\/labravaradiofm\\\/2022\\\/01\\\/03\\\/fuertes-vientos-volcaron-un-camion-en-la-venta-la-ventosa\\\/#article\",\"isPartOf\":{\"@id\":\"https:\\\/\\\/www.bbmnoticias.com\\\/labravaradiofm\\\/2022\\\/01\\\/03\\\/fuertes-vientos-volcaron-un-camion-en-la-venta-la-ventosa\\\/\"},\"author\":{\"name\":\"Quadratin\",\"@id\":\"https:\\\/\\\/www.bbmnoticias.com\\\/labravaradiofm\\\/#\\\/schema\\\/person\\\/c316b6f6c03640cce5d9482ba5a8e5c2\"},\"headline\":\"Fuertes vientos volcaron un cami\u00f3n en La Venta-La Ventosa\",\"datePublished\":\"2022-01-03T18:54:05+00:00\",\"dateModified\":\"2022-01-03T18:54:07+00:00\",\"mainEntityOfPage\":{\"@id\":\"https:\\\/\\\/www.bbmnoticias.com\\\/labravaradiofm\\\/2022\\\/01\\\/03\\\/fuertes-vientos-volcaron-un-camion-en-la-venta-la-ventosa\\\/\"},\"wordCount\":142,\"image\":{\"@id\":\"https:\\\/\\\/www.bbmnoticias.com\\\/labravaradiofm\\\/2022\\\/01\\\/03\\\/fuertes-vientos-volcaron-un-camion-en-la-venta-la-ventosa\\\/#primaryimage\"},\"thumbnailUrl\":\"https:\\\/\\\/www.bbmnoticias.com\\\/labravaradiofm\\\/wp-content\\\/uploads\\\/sites\\\/5\\\/2022\\\/01\\\/venta-ventosa.jpg\",\"inLanguage\":\"es\"},{\"@type\":\"WebPage\",\"@id\":\"https:\\\/\\\/www.bbmnoticias.com\\\/labravaradiofm\\\/2022\\\/01\\\/03\\\/fuertes-vientos-volcaron-un-camion-en-la-venta-la-ventosa\\\/\",\"url\":\"https:\\\/\\\/www.bbmnoticias.com\\\/labravaradiofm\\\/2022\\\/01\\\/03\\\/fuertes-vientos-volcaron-un-camion-en-la-venta-la-ventosa\\\/\",\"name\":\"Fuertes vientos volcaron un cami\u00f3n en La Venta-La Ventosa - LA BRAVA RADIO\",\"isPartOf\":{\"@id\":\"https:\\\/\\\/www.bbmnoticias.com\\\/labravaradiofm\\\/#website\"},\"primaryImageOfPage\":{\"@id\":\"https:\\\/\\\/www.bbmnoticias.com\\\/labravaradiofm\\\/2022\\\/01\\\/03\\\/fuertes-vientos-volcaron-un-camion-en-la-venta-la-ventosa\\\/#primaryimage\"},\"image\":{\"@id\":\"https:\\\/\\\/www.bbmnoticias.com\\\/labravaradiofm\\\/2022\\\/01\\\/03\\\/fuertes-vientos-volcaron-un-camion-en-la-venta-la-ventosa\\\/#primaryimage\"},\"thumbnailUrl\":\"https:\\\/\\\/www.bbmnoticias.com\\\/labravaradiofm\\\/wp-content\\\/uploads\\\/sites\\\/5\\\/2022\\\/01\\\/venta-ventosa.jpg\",\"datePublished\":\"2022-01-03T18:54:05+00:00\",\"dateModified\":\"2022-01-03T18:54:07+00:00\",\"author\":{\"@id\":\"https:\\\/\\\/www.bbmnoticias.com\\\/labravaradiofm\\\/#\\\/schema\\\/person\\\/c316b6f6c03640cce5d9482ba5a8e5c2\"},\"breadcrumb\":{\"@id\":\"https:\\\/\\\/www.bbmnoticias.com\\\/labravaradiofm\\\/2022\\\/01\\\/03\\\/fuertes-vientos-volcaron-un-camion-en-la-venta-la-ventosa\\\/#breadcrumb\"},\"inLanguage\":\"es\",\"potentialAction\":[{\"@type\":\"ReadAction\",\"target\":[\"https:\\\/\\\/www.bbmnoticias.com\\\/labravaradiofm\\\/2022\\\/01\\\/03\\\/fuertes-vientos-volcaron-un-camion-en-la-venta-la-ventosa\\\/\"]}]},{\"@type\":\"ImageObject\",\"inLanguage\":\"es\",\"@id\":\"https:\\\/\\\/www.bbmnoticias.com\\\/labravaradiofm\\\/2022\\\/01\\\/03\\\/fuertes-vientos-volcaron-un-camion-en-la-venta-la-ventosa\\\/#primaryimage\",\"url\":\"https:\\\/\\\/www.bbmnoticias.com\\\/labravaradiofm\\\/wp-content\\\/uploads\\\/sites\\\/5\\\/2022\\\/01\\\/venta-ventosa.jpg\",\"contentUrl\":\"https:\\\/\\\/www.bbmnoticias.com\\\/labravaradiofm\\\/wp-content\\\/uploads\\\/sites\\\/5\\\/2022\\\/01\\\/venta-ventosa.jpg\",\"width\":1200,\"height\":675},{\"@type\":\"BreadcrumbList\",\"@id\":\"https:\\\/\\\/www.bbmnoticias.com\\\/labravaradiofm\\\/2022\\\/01\\\/03\\\/fuertes-vientos-volcaron-un-camion-en-la-venta-la-ventosa\\\/#breadcrumb\",\"itemListElement\":[{\"@type\":\"ListItem\",\"position\":1,\"name\":\"Inicio\",\"item\":\"https:\\\/\\\/www.bbmnoticias.com\\\/labravaradiofm\\\/\"},{\"@type\":\"ListItem\",\"position\":2,\"name\":\"Fuertes vientos volcaron un cami\u00f3n en La Venta-La Ventosa\"}]},{\"@type\":\"WebSite\",\"@id\":\"https:\\\/\\\/www.bbmnoticias.com\\\/labravaradiofm\\\/#website\",\"url\":\"https:\\\/\\\/www.bbmnoticias.com\\\/labravaradiofm\\\/\",\"name\":\"LA BRAVA RADIO\",\"description\":\"Empresa productora de medios, Radiodifusi\u00f3n, Noticias, tendencias y todo lo que necesitas saber de la pol\u00edtica mexicana e internacional; entretenimiento, espect\u00e1culos, salud y mucho m\u00e1s.\",\"potentialAction\":[{\"@type\":\"SearchAction\",\"target\":{\"@type\":\"EntryPoint\",\"urlTemplate\":\"https:\\\/\\\/www.bbmnoticias.com\\\/labravaradiofm\\\/?s={search_term_string}\"},\"query-input\":{\"@type\":\"PropertyValueSpecification\",\"valueRequired\":true,\"valueName\":\"search_term_string\"}}],\"inLanguage\":\"es\"},{\"@type\":\"Person\",\"@id\":\"https:\\\/\\\/www.bbmnoticias.com\\\/labravaradiofm\\\/#\\\/schema\\\/person\\\/c316b6f6c03640cce5d9482ba5a8e5c2\",\"name\":\"Quadratin\",\"image\":{\"@type\":\"ImageObject\",\"inLanguage\":\"es\",\"@id\":\"https:\\\/\\\/secure.gravatar.com\\\/avatar\\\/34008d7d72488432d6a74f81e839efc9f754b118786ca32cf39d9d5508a68f63?s=96&d=mm&r=g\",\"url\":\"https:\\\/\\\/secure.gravatar.com\\\/avatar\\\/34008d7d72488432d6a74f81e839efc9f754b118786ca32cf39d9d5508a68f63?s=96&d=mm&r=g\",\"contentUrl\":\"https:\\\/\\\/secure.gravatar.com\\\/avatar\\\/34008d7d72488432d6a74f81e839efc9f754b118786ca32cf39d9d5508a68f63?s=96&d=mm&r=g\",\"caption\":\"Quadratin\"},\"url\":\"https:\\\/\\\/www.bbmnoticias.com\\\/labravaradiofm\\\/author\\\/quadratin\\\/\"}]}<\/script>\n<!-- \/ Yoast SEO plugin. -->","yoast_head_json":{"title":"Fuertes vientos volcaron un cami\u00f3n en La Venta-La Ventosa - LA BRAVA RADIO","robots":{"index":"index","follow":"follow","max-snippet":"max-snippet:-1","max-image-preview":"max-image-preview:large","max-video-preview":"max-video-preview:-1"},"canonical":"https:\/\/www.bbmnoticias.com\/labravaradiofm\/2022\/01\/03\/fuertes-vientos-volcaron-un-camion-en-la-venta-la-ventosa\/","og_locale":"es_MX","og_type":"article","og_title":"Fuertes vientos volcaron un cami\u00f3n en La Venta-La Ventosa - LA BRAVA RADIO","og_description":"OAXACA, Oax. 3 de enero de 2022.- Los fuertes vientos originados por el frente fr\u00edo n\u00famero 19 volcaron un cami\u00f3n la ma\u00f1ana de este lunes en la regi\u00f3n del Istmo de Tehuantepec. El percance ocurri\u00f3 en la carretera federal 190 en el tramo La Venta-La Ventosa, a la altura del kil\u00f3metro 78+800. Elementos de la [&hellip;]","og_url":"https:\/\/www.bbmnoticias.com\/labravaradiofm\/2022\/01\/03\/fuertes-vientos-volcaron-un-camion-en-la-venta-la-ventosa\/","og_site_name":"LA BRAVA RADIO","article_published_time":"2022-01-03T18:54:05+00:00","article_modified_time":"2022-01-03T18:54:07+00:00","og_image":[{"width":1200,"height":675,"url":"https:\/\/www.bbmnoticias.com\/labravaradiofm\/wp-content\/uploads\/sites\/5\/2022\/01\/venta-ventosa.jpg","type":"image\/jpeg"}],"author":"Quadratin","twitter_card":"summary_large_image","twitter_misc":{"Escrito por":"Quadratin","Tiempo de lectura":"1 minuto"},"schema":{"@context":"https:\/\/schema.org","@graph":[{"@type":"Article","@id":"https:\/\/www.bbmnoticias.com\/labravaradiofm\/2022\/01\/03\/fuertes-vientos-volcaron-un-camion-en-la-venta-la-ventosa\/#article","isPartOf":{"@id":"https:\/\/www.bbmnoticias.com\/labravaradiofm\/2022\/01\/03\/fuertes-vientos-volcaron-un-camion-en-la-venta-la-ventosa\/"},"author":{"name":"Quadratin","@id":"https:\/\/www.bbmnoticias.com\/labravaradiofm\/#\/schema\/person\/c316b6f6c03640cce5d9482ba5a8e5c2"},"headline":"Fuertes vientos volcaron un cami\u00f3n en La Venta-La Ventosa","datePublished":"2022-01-03T18:54:05+00:00","dateModified":"2022-01-03T18:54:07+00:00","mainEntityOfPage":{"@id":"https:\/\/www.bbmnoticias.com\/labravaradiofm\/2022\/01\/03\/fuertes-vientos-volcaron-un-camion-en-la-venta-la-ventosa\/"},"wordCount":142,"image":{"@id":"https:\/\/www.bbmnoticias.com\/labravaradiofm\/2022\/01\/03\/fuertes-vientos-volcaron-un-camion-en-la-venta-la-ventosa\/#primaryimage"},"thumbnailUrl":"https:\/\/www.bbmnoticias.com\/labravaradiofm\/wp-content\/uploads\/sites\/5\/2022\/01\/venta-ventosa.jpg","inLanguage":"es"},{"@type":"WebPage","@id":"https:\/\/www.bbmnoticias.com\/labravaradiofm\/2022\/01\/03\/fuertes-vientos-volcaron-un-camion-en-la-venta-la-ventosa\/","url":"https:\/\/www.bbmnoticias.com\/labravaradiofm\/2022\/01\/03\/fuertes-vientos-volcaron-un-camion-en-la-venta-la-ventosa\/","name":"Fuertes vientos volcaron un cami\u00f3n en La Venta-La Ventosa - LA BRAVA RADIO","isPartOf":{"@id":"https:\/\/www.bbmnoticias.com\/labravaradiofm\/#website"},"primaryImageOfPage":{"@id":"https:\/\/www.bbmnoticias.com\/labravaradiofm\/2022\/01\/03\/fuertes-vientos-volcaron-un-camion-en-la-venta-la-ventosa\/#primaryimage"},"image":{"@id":"https:\/\/www.bbmnoticias.com\/labravaradiofm\/2022\/01\/03\/fuertes-vientos-volcaron-un-camion-en-la-venta-la-ventosa\/#primaryimage"},"thumbnailUrl":"https:\/\/www.bbmnoticias.com\/labravaradiofm\/wp-content\/uploads\/sites\/5\/2022\/01\/venta-ventosa.jpg","datePublished":"2022-01-03T18:54:05+00:00","dateModified":"2022-01-03T18:54:07+00:00","author":{"@id":"https:\/\/www.bbmnoticias.com\/labravaradiofm\/#\/schema\/person\/c316b6f6c03640cce5d9482ba5a8e5c2"},"breadcrumb":{"@id":"https:\/\/www.bbmnoticias.com\/labravaradiofm\/2022\/01\/03\/fuertes-vientos-volcaron-un-camion-en-la-venta-la-ventosa\/#breadcrumb"},"inLanguage":"es","potentialAction":[{"@type":"ReadAction","target":["https:\/\/www.bbmnoticias.com\/labravaradiofm\/2022\/01\/03\/fuertes-vientos-volcaron-un-camion-en-la-venta-la-ventosa\/"]}]},{"@type":"ImageObject","inLanguage":"es","@id":"https:\/\/www.bbmnoticias.com\/labravaradiofm\/2022\/01\/03\/fuertes-vientos-volcaron-un-camion-en-la-venta-la-ventosa\/#primaryimage","url":"https:\/\/www.bbmnoticias.com\/labravaradiofm\/wp-content\/uploads\/sites\/5\/2022\/01\/venta-ventosa.jpg","contentUrl":"https:\/\/www.bbmnoticias.com\/labravaradiofm\/wp-content\/uploads\/sites\/5\/2022\/01\/venta-ventosa.jpg","width":1200,"height":675},{"@type":"BreadcrumbList","@id":"https:\/\/www.bbmnoticias.com\/labravaradiofm\/2022\/01\/03\/fuertes-vientos-volcaron-un-camion-en-la-venta-la-ventosa\/#breadcrumb","itemListElement":[{"@type":"ListItem","position":1,"name":"Inicio","item":"https:\/\/www.bbmnoticias.com\/labravaradiofm\/"},{"@type":"ListItem","position":2,"name":"Fuertes vientos volcaron un cami\u00f3n en La Venta-La Ventosa"}]},{"@type":"WebSite","@id":"https:\/\/www.bbmnoticias.com\/labravaradiofm\/#website","url":"https:\/\/www.bbmnoticias.com\/labravaradiofm\/","name":"LA BRAVA RADIO","description":"Empresa productora de medios, Radiodifusi\u00f3n, Noticias, tendencias y todo lo que necesitas saber de la pol\u00edtica mexicana e internacional; entretenimiento, espect\u00e1culos, salud y mucho m\u00e1s.","potentialAction":[{"@type":"SearchAction","target":{"@type":"EntryPoint","urlTemplate":"https:\/\/www.bbmnoticias.com\/labravaradiofm\/?s={search_term_string}"},"query-input":{"@type":"PropertyValueSpecification","valueRequired":true,"valueName":"search_term_string"}}],"inLanguage":"es"},{"@type":"Person","@id":"https:\/\/www.bbmnoticias.com\/labravaradiofm\/#\/schema\/person\/c316b6f6c03640cce5d9482ba5a8e5c2","name":"Quadratin","image":{"@type":"ImageObject","inLanguage":"es","@id":"https:\/\/secure.gravatar.com\/avatar\/34008d7d72488432d6a74f81e839efc9f754b118786ca32cf39d9d5508a68f63?s=96&d=mm&r=g","url":"https:\/\/secure.gravatar.com\/avatar\/34008d7d72488432d6a74f81e839efc9f754b118786ca32cf39d9d5508a68f63?s=96&d=mm&r=g","contentUrl":"https:\/\/secure.gravatar.com\/avatar\/34008d7d72488432d6a74f81e839efc9f754b118786ca32cf39d9d5508a68f63?s=96&d=mm&r=g","caption":"Quadratin"},"url":"https:\/\/www.bbmnoticias.com\/labravaradiofm\/author\/quadratin\/"}]}},"_links":{"self":[{"href":"https:\/\/www.bbmnoticias.com\/labravaradiofm\/wp-json\/wp\/v2\/posts\/8043","targetHints":{"allow":["GET"]}}],"collection":[{"href":"https:\/\/www.bbmnoticias.com\/labravaradiofm\/wp-json\/wp\/v2\/posts"}],"about":[{"href":"https:\/\/www.bbmnoticias.com\/labravaradiofm\/wp-json\/wp\/v2\/types\/post"}],"author":[{"embeddable":true,"href":"https:\/\/www.bbmnoticias.com\/labravaradiofm\/wp-json\/wp\/v2\/users\/5"}],"replies":[{"embeddable":true,"href":"https:\/\/www.bbmnoticias.com\/labravaradiofm\/wp-json\/wp\/v2\/comments?post=8043"}],"version-history":[{"count":0,"href":"https:\/\/www.bbmnoticias.com\/labravaradiofm\/wp-json\/wp\/v2\/posts\/8043\/revisions"}],"wp:featuredmedia":[{"embeddable":true,"href":"https:\/\/www.bbmnoticias.com\/labravaradiofm\/wp-json\/wp\/v2\/media\/8044"}],"wp:attachment":[{"href":"https:\/\/www.bbmnoticias.com\/labravaradiofm\/wp-json\/wp\/v2\/media?parent=8043"}],"wp:term":[{"taxonomy":"category","embeddable":true,"href":"https:\/\/www.bbmnoticias.com\/labravaradiofm\/wp-json\/wp\/v2\/categories?post=8043"},{"taxonomy":"post_tag","embeddable":true,"href":"https:\/\/www.bbmnoticias.com\/labravaradiofm\/wp-json\/wp\/v2\/tags?post=8043"}],"curies":[{"name":"wp","href":"https:\/\/api.w.org\/{rel}","templated":true}]}}