{"id":8027,"date":"2022-01-03T10:43:19","date_gmt":"2022-01-03T16:43:19","guid":{"rendered":"https:\/\/www.bbmnoticias.com\/labravaradiofm\/?p=8027"},"modified":"2022-01-03T10:43:20","modified_gmt":"2022-01-03T16:43:20","slug":"amlo-asegura-que-ya-paso-lo-mas-dificil-y-se-ve-optimista-con-el-2022","status":"publish","type":"post","link":"https:\/\/www.bbmnoticias.com\/labravaradiofm\/2022\/01\/03\/amlo-asegura-que-ya-paso-lo-mas-dificil-y-se-ve-optimista-con-el-2022\/","title":{"rendered":"AMLO asegura que \u201cya pas\u00f3 lo m\u00e1s dif\u00edcil\u201d y se ve optimista con el 2022"},"content":{"rendered":"<div style=\"margin-top: 0px; margin-bottom: 0px;\" class=\"sharethis-inline-share-buttons\" ><\/div>\n<p>El presidente Andr\u00e9s Manuel L\u00f3pez Obrador (<strong>AMLO<\/strong>) asegur\u00f3 en la primera ma\u00f1anera del a\u00f1o que se ve optimista con el 2022 y afirm\u00f3 que <strong>\u201cya pas\u00f3 lo m\u00e1s dif\u00edcil\u201d.<\/strong><\/p>\n\n\n\n<p>AMLO dijo que espera que el 2022 sea <strong>un a\u00f1o con salud <\/strong>y mucha <strong>felicidad<\/strong> porque ya hay condiciones favorables para conseguir esos prop\u00f3sitos.<\/p>\n\n\n\n<p>Durante la conferencia ma\u00f1anera del 3 de enero de 2022, AMLO dijo que durante el a\u00f1o, las condiciones del pa\u00eds podr\u00e1n favorecer la felicidad y la paz en M\u00e9xico.<\/p>\n\n\n\n<p>Asimismo, afirm\u00f3 que espera que el 2022 sea \u201cbuen\u00edsimo\u201d para todos los mexicanos y para todos los seres humanos.<\/p>\n\n\n\n<figure class=\"wp-block-pullquote\"><blockquote><p>\u201cHay condiciones favorables para conseguir esos buenos prop\u00f3sitos, estoy optimistas, creo que ya pas\u00f3 lo m\u00e1s dif\u00edcil\u201d  AMLO<\/p><\/blockquote><\/figure>\n\n\n\n<h2 class=\"wp-block-heading\"><strong>Nos va a ir muy bien en 2022: AMLO<\/strong><\/h2>\n\n\n\n<p><strong>AMLO<\/strong> record\u00f3 que el 2020 fue un a\u00f1o muy dif\u00edcil y triste debido al inicio de la pandemia por Covid-19 en M\u00e9xico.<\/p>\n\n\n\n<p>Sin embargo, se puedo salir adelante, de acuerdo con el mandatario, gracias a la gran reserva de valores culturales, morales y espirituales del pueblo.<\/p>\n\n\n\n<p>Adem\u00e1s, asegur\u00f3 que el 2021 fue un mejor a\u00f1o, por lo que durante el 2022 \u201cnos va a ir muy bien\u201d en la vida p\u00fablica.<\/p>\n\n\n\n<p>Asimismo, AMLO afirm\u00f3 que, durante este a\u00f1o desea que a M\u00e9xico le vaya bien en los terrenos de<\/p>\n\n\n\n<ul class=\"wp-block-list\"><li>Salud<\/li><li>Bienestar<\/li><li>Paz<\/li><li>Tranquilidad<\/li><li>Felicidad<\/li><\/ul>\n\n\n\n<figure class=\"wp-block-pullquote\"><blockquote><p>\u201cEl 2022 fue muy triste, dif\u00edcil; sin embargo, salimos adelante porque nuestro pueblo tiene una gran reserva de valores culturales, morales, espirituales que cuando se necesita sale toda esa fortaleza cultural que siempre nos ha salvado. El a\u00f1o pasado ya fue mejor y este apunta de que nos va a ir muy bien en todos los terrenos, en todos los campos de la vida p\u00fablica, sobre todo y es lo que m\u00e1s deseamos, en salud, bienestar, en paz y tranquilidad, en felicidad\u201d AMLO<\/p><\/blockquote><\/figure>\n\n\n\n<h2 class=\"wp-block-heading\"><strong>AMLO espera que la pandemia se termine en 2022<\/strong><\/h2>\n\n\n\n<p><strong>AMLO<\/strong> espera que la pandemia por Covid-19 termine durante el 2022, asegur\u00f3 durante la \u00faltima ma\u00f1anera del 2021.<\/p>\n\n\n\n<p>El mandatario afirm\u00f3 que ten\u00eda 3 deseos para este a\u00f1o y el m\u00e1s importante es el fin de la pandemia, que ha provocado la muerte de miles de personas alrededor del mundo desde 2020.<\/p>\n\n\n\n<p>Adem\u00e1s, dijo que espera que se acabe la pobreza en el mundo y a nadie le falte los satisfactores b\u00e1sicos como:<\/p>\n\n\n\n<ul class=\"wp-block-list\"><li>Alimentaci\u00f3n<\/li><li>Salud<\/li><li>Educaci\u00f3n<\/li><li>Trabajo<\/li><\/ul>\n\n\n\n<p>y dijo que desea que nadie padezca de hambre y tenga los ingresos suficientes para que alcancen a costear lo indispensable, como alimentos y vivienda.<\/p>\n","protected":false},"excerpt":{"rendered":"<p>El presidente Andr\u00e9s Manuel L\u00f3pez Obrador (AMLO) asegur\u00f3 en la primera ma\u00f1anera del a\u00f1o que se ve optimista con el 2022 y afirm\u00f3 que \u201cya pas\u00f3 lo m\u00e1s dif\u00edcil\u201d. AMLO dijo que espera que el 2022 sea un a\u00f1o con salud y mucha felicidad porque ya hay condiciones favorables para conseguir esos prop\u00f3sitos. Durante la [&hellip;]<\/p>\n","protected":false},"author":12,"featured_media":8028,"comment_status":"closed","ping_status":"closed","sticky":false,"template":"","format":"standard","meta":{"footnotes":""},"categories":[19],"tags":[],"class_list":{"0":"post-8027","1":"post","2":"type-post","3":"status-publish","4":"format-standard","5":"has-post-thumbnail","7":"category-nacional"},"yoast_head":"<!-- This site is optimized with the Yoast SEO plugin v27.4 - https:\/\/yoast.com\/product\/yoast-seo-wordpress\/ -->\n<title>AMLO asegura que \u201cya pas\u00f3 lo m\u00e1s dif\u00edcil\u201d y se ve optimista con el 2022 - LA BRAVA RADIO<\/title>\n<meta name=\"robots\" content=\"index, follow, max-snippet:-1, max-image-preview:large, max-video-preview:-1\" \/>\n<link rel=\"canonical\" href=\"https:\/\/www.bbmnoticias.com\/labravaradiofm\/2022\/01\/03\/amlo-asegura-que-ya-paso-lo-mas-dificil-y-se-ve-optimista-con-el-2022\/\" \/>\n<meta property=\"og:locale\" content=\"es_MX\" \/>\n<meta property=\"og:type\" content=\"article\" \/>\n<meta property=\"og:title\" content=\"AMLO asegura que \u201cya pas\u00f3 lo m\u00e1s dif\u00edcil\u201d y se ve optimista con el 2022 - LA BRAVA RADIO\" \/>\n<meta property=\"og:description\" content=\"El presidente Andr\u00e9s Manuel L\u00f3pez Obrador (AMLO) asegur\u00f3 en la primera ma\u00f1anera del a\u00f1o que se ve optimista con el 2022 y afirm\u00f3 que \u201cya pas\u00f3 lo m\u00e1s dif\u00edcil\u201d. AMLO dijo que espera que el 2022 sea un a\u00f1o con salud y mucha felicidad porque ya hay condiciones favorables para conseguir esos prop\u00f3sitos. Durante la [&hellip;]\" \/>\n<meta property=\"og:url\" content=\"https:\/\/www.bbmnoticias.com\/labravaradiofm\/2022\/01\/03\/amlo-asegura-que-ya-paso-lo-mas-dificil-y-se-ve-optimista-con-el-2022\/\" \/>\n<meta property=\"og:site_name\" content=\"LA BRAVA RADIO\" \/>\n<meta property=\"article:published_time\" content=\"2022-01-03T16:43:19+00:00\" \/>\n<meta property=\"article:modified_time\" content=\"2022-01-03T16:43:20+00:00\" \/>\n<meta property=\"og:image\" content=\"https:\/\/www.bbmnoticias.com\/labravaradiofm\/wp-content\/uploads\/sites\/5\/2022\/01\/amlo-2022.jpeg\" \/>\n\t<meta property=\"og:image:width\" content=\"640\" \/>\n\t<meta property=\"og:image:height\" content=\"360\" \/>\n\t<meta property=\"og:image:type\" content=\"image\/jpeg\" \/>\n<meta name=\"author\" content=\"SDPnoticias\" \/>\n<meta name=\"twitter:card\" content=\"summary_large_image\" \/>\n<meta name=\"twitter:label1\" content=\"Escrito por\" \/>\n\t<meta name=\"twitter:data1\" content=\"SDPnoticias\" \/>\n\t<meta name=\"twitter:label2\" content=\"Tiempo de lectura\" \/>\n\t<meta name=\"twitter:data2\" content=\"2 minutos\" \/>\n<script type=\"application\/ld+json\" class=\"yoast-schema-graph\">{\"@context\":\"https:\\\/\\\/schema.org\",\"@graph\":[{\"@type\":\"Article\",\"@id\":\"https:\\\/\\\/www.bbmnoticias.com\\\/labravaradiofm\\\/2022\\\/01\\\/03\\\/amlo-asegura-que-ya-paso-lo-mas-dificil-y-se-ve-optimista-con-el-2022\\\/#article\",\"isPartOf\":{\"@id\":\"https:\\\/\\\/www.bbmnoticias.com\\\/labravaradiofm\\\/2022\\\/01\\\/03\\\/amlo-asegura-que-ya-paso-lo-mas-dificil-y-se-ve-optimista-con-el-2022\\\/\"},\"author\":{\"name\":\"SDPnoticias\",\"@id\":\"https:\\\/\\\/www.bbmnoticias.com\\\/labravaradiofm\\\/#\\\/schema\\\/person\\\/baf240d77a345f5fbc3dc146f9161af9\"},\"headline\":\"AMLO asegura que \u201cya pas\u00f3 lo m\u00e1s dif\u00edcil\u201d y se ve optimista con el 2022\",\"datePublished\":\"2022-01-03T16:43:19+00:00\",\"dateModified\":\"2022-01-03T16:43:20+00:00\",\"mainEntityOfPage\":{\"@id\":\"https:\\\/\\\/www.bbmnoticias.com\\\/labravaradiofm\\\/2022\\\/01\\\/03\\\/amlo-asegura-que-ya-paso-lo-mas-dificil-y-se-ve-optimista-con-el-2022\\\/\"},\"wordCount\":454,\"image\":{\"@id\":\"https:\\\/\\\/www.bbmnoticias.com\\\/labravaradiofm\\\/2022\\\/01\\\/03\\\/amlo-asegura-que-ya-paso-lo-mas-dificil-y-se-ve-optimista-con-el-2022\\\/#primaryimage\"},\"thumbnailUrl\":\"https:\\\/\\\/www.bbmnoticias.com\\\/labravaradiofm\\\/wp-content\\\/uploads\\\/sites\\\/5\\\/2022\\\/01\\\/amlo-2022.jpeg\",\"articleSection\":[\"NACIONAL\"],\"inLanguage\":\"es\"},{\"@type\":\"WebPage\",\"@id\":\"https:\\\/\\\/www.bbmnoticias.com\\\/labravaradiofm\\\/2022\\\/01\\\/03\\\/amlo-asegura-que-ya-paso-lo-mas-dificil-y-se-ve-optimista-con-el-2022\\\/\",\"url\":\"https:\\\/\\\/www.bbmnoticias.com\\\/labravaradiofm\\\/2022\\\/01\\\/03\\\/amlo-asegura-que-ya-paso-lo-mas-dificil-y-se-ve-optimista-con-el-2022\\\/\",\"name\":\"AMLO asegura que \u201cya pas\u00f3 lo m\u00e1s dif\u00edcil\u201d y se ve optimista con el 2022 - LA BRAVA RADIO\",\"isPartOf\":{\"@id\":\"https:\\\/\\\/www.bbmnoticias.com\\\/labravaradiofm\\\/#website\"},\"primaryImageOfPage\":{\"@id\":\"https:\\\/\\\/www.bbmnoticias.com\\\/labravaradiofm\\\/2022\\\/01\\\/03\\\/amlo-asegura-que-ya-paso-lo-mas-dificil-y-se-ve-optimista-con-el-2022\\\/#primaryimage\"},\"image\":{\"@id\":\"https:\\\/\\\/www.bbmnoticias.com\\\/labravaradiofm\\\/2022\\\/01\\\/03\\\/amlo-asegura-que-ya-paso-lo-mas-dificil-y-se-ve-optimista-con-el-2022\\\/#primaryimage\"},\"thumbnailUrl\":\"https:\\\/\\\/www.bbmnoticias.com\\\/labravaradiofm\\\/wp-content\\\/uploads\\\/sites\\\/5\\\/2022\\\/01\\\/amlo-2022.jpeg\",\"datePublished\":\"2022-01-03T16:43:19+00:00\",\"dateModified\":\"2022-01-03T16:43:20+00:00\",\"author\":{\"@id\":\"https:\\\/\\\/www.bbmnoticias.com\\\/labravaradiofm\\\/#\\\/schema\\\/person\\\/baf240d77a345f5fbc3dc146f9161af9\"},\"breadcrumb\":{\"@id\":\"https:\\\/\\\/www.bbmnoticias.com\\\/labravaradiofm\\\/2022\\\/01\\\/03\\\/amlo-asegura-que-ya-paso-lo-mas-dificil-y-se-ve-optimista-con-el-2022\\\/#breadcrumb\"},\"inLanguage\":\"es\",\"potentialAction\":[{\"@type\":\"ReadAction\",\"target\":[\"https:\\\/\\\/www.bbmnoticias.com\\\/labravaradiofm\\\/2022\\\/01\\\/03\\\/amlo-asegura-que-ya-paso-lo-mas-dificil-y-se-ve-optimista-con-el-2022\\\/\"]}]},{\"@type\":\"ImageObject\",\"inLanguage\":\"es\",\"@id\":\"https:\\\/\\\/www.bbmnoticias.com\\\/labravaradiofm\\\/2022\\\/01\\\/03\\\/amlo-asegura-que-ya-paso-lo-mas-dificil-y-se-ve-optimista-con-el-2022\\\/#primaryimage\",\"url\":\"https:\\\/\\\/www.bbmnoticias.com\\\/labravaradiofm\\\/wp-content\\\/uploads\\\/sites\\\/5\\\/2022\\\/01\\\/amlo-2022.jpeg\",\"contentUrl\":\"https:\\\/\\\/www.bbmnoticias.com\\\/labravaradiofm\\\/wp-content\\\/uploads\\\/sites\\\/5\\\/2022\\\/01\\\/amlo-2022.jpeg\",\"width\":640,\"height\":360},{\"@type\":\"BreadcrumbList\",\"@id\":\"https:\\\/\\\/www.bbmnoticias.com\\\/labravaradiofm\\\/2022\\\/01\\\/03\\\/amlo-asegura-que-ya-paso-lo-mas-dificil-y-se-ve-optimista-con-el-2022\\\/#breadcrumb\",\"itemListElement\":[{\"@type\":\"ListItem\",\"position\":1,\"name\":\"Inicio\",\"item\":\"https:\\\/\\\/www.bbmnoticias.com\\\/labravaradiofm\\\/\"},{\"@type\":\"ListItem\",\"position\":2,\"name\":\"AMLO asegura que \u201cya pas\u00f3 lo m\u00e1s dif\u00edcil\u201d y se ve optimista con el 2022\"}]},{\"@type\":\"WebSite\",\"@id\":\"https:\\\/\\\/www.bbmnoticias.com\\\/labravaradiofm\\\/#website\",\"url\":\"https:\\\/\\\/www.bbmnoticias.com\\\/labravaradiofm\\\/\",\"name\":\"LA BRAVA RADIO\",\"description\":\"Empresa productora de medios, Radiodifusi\u00f3n, Noticias, tendencias y todo lo que necesitas saber de la pol\u00edtica mexicana e internacional; entretenimiento, espect\u00e1culos, salud y mucho m\u00e1s.\",\"potentialAction\":[{\"@type\":\"SearchAction\",\"target\":{\"@type\":\"EntryPoint\",\"urlTemplate\":\"https:\\\/\\\/www.bbmnoticias.com\\\/labravaradiofm\\\/?s={search_term_string}\"},\"query-input\":{\"@type\":\"PropertyValueSpecification\",\"valueRequired\":true,\"valueName\":\"search_term_string\"}}],\"inLanguage\":\"es\"},{\"@type\":\"Person\",\"@id\":\"https:\\\/\\\/www.bbmnoticias.com\\\/labravaradiofm\\\/#\\\/schema\\\/person\\\/baf240d77a345f5fbc3dc146f9161af9\",\"name\":\"SDPnoticias\",\"image\":{\"@type\":\"ImageObject\",\"inLanguage\":\"es\",\"@id\":\"https:\\\/\\\/secure.gravatar.com\\\/avatar\\\/015ede9175a06d999d8b2b09e108b48c9e008e4ee44a647956086b51bbce326c?s=96&d=mm&r=g\",\"url\":\"https:\\\/\\\/secure.gravatar.com\\\/avatar\\\/015ede9175a06d999d8b2b09e108b48c9e008e4ee44a647956086b51bbce326c?s=96&d=mm&r=g\",\"contentUrl\":\"https:\\\/\\\/secure.gravatar.com\\\/avatar\\\/015ede9175a06d999d8b2b09e108b48c9e008e4ee44a647956086b51bbce326c?s=96&d=mm&r=g\",\"caption\":\"SDPnoticias\"},\"url\":\"https:\\\/\\\/www.bbmnoticias.com\\\/labravaradiofm\\\/author\\\/sdpnoticias\\\/\"}]}<\/script>\n<!-- \/ Yoast SEO plugin. -->","yoast_head_json":{"title":"AMLO asegura que \u201cya pas\u00f3 lo m\u00e1s dif\u00edcil\u201d y se ve optimista con el 2022 - LA BRAVA RADIO","robots":{"index":"index","follow":"follow","max-snippet":"max-snippet:-1","max-image-preview":"max-image-preview:large","max-video-preview":"max-video-preview:-1"},"canonical":"https:\/\/www.bbmnoticias.com\/labravaradiofm\/2022\/01\/03\/amlo-asegura-que-ya-paso-lo-mas-dificil-y-se-ve-optimista-con-el-2022\/","og_locale":"es_MX","og_type":"article","og_title":"AMLO asegura que \u201cya pas\u00f3 lo m\u00e1s dif\u00edcil\u201d y se ve optimista con el 2022 - LA BRAVA RADIO","og_description":"El presidente Andr\u00e9s Manuel L\u00f3pez Obrador (AMLO) asegur\u00f3 en la primera ma\u00f1anera del a\u00f1o que se ve optimista con el 2022 y afirm\u00f3 que \u201cya pas\u00f3 lo m\u00e1s dif\u00edcil\u201d. AMLO dijo que espera que el 2022 sea un a\u00f1o con salud y mucha felicidad porque ya hay condiciones favorables para conseguir esos prop\u00f3sitos. Durante la [&hellip;]","og_url":"https:\/\/www.bbmnoticias.com\/labravaradiofm\/2022\/01\/03\/amlo-asegura-que-ya-paso-lo-mas-dificil-y-se-ve-optimista-con-el-2022\/","og_site_name":"LA BRAVA RADIO","article_published_time":"2022-01-03T16:43:19+00:00","article_modified_time":"2022-01-03T16:43:20+00:00","og_image":[{"width":640,"height":360,"url":"https:\/\/www.bbmnoticias.com\/labravaradiofm\/wp-content\/uploads\/sites\/5\/2022\/01\/amlo-2022.jpeg","type":"image\/jpeg"}],"author":"SDPnoticias","twitter_card":"summary_large_image","twitter_misc":{"Escrito por":"SDPnoticias","Tiempo de lectura":"2 minutos"},"schema":{"@context":"https:\/\/schema.org","@graph":[{"@type":"Article","@id":"https:\/\/www.bbmnoticias.com\/labravaradiofm\/2022\/01\/03\/amlo-asegura-que-ya-paso-lo-mas-dificil-y-se-ve-optimista-con-el-2022\/#article","isPartOf":{"@id":"https:\/\/www.bbmnoticias.com\/labravaradiofm\/2022\/01\/03\/amlo-asegura-que-ya-paso-lo-mas-dificil-y-se-ve-optimista-con-el-2022\/"},"author":{"name":"SDPnoticias","@id":"https:\/\/www.bbmnoticias.com\/labravaradiofm\/#\/schema\/person\/baf240d77a345f5fbc3dc146f9161af9"},"headline":"AMLO asegura que \u201cya pas\u00f3 lo m\u00e1s dif\u00edcil\u201d y se ve optimista con el 2022","datePublished":"2022-01-03T16:43:19+00:00","dateModified":"2022-01-03T16:43:20+00:00","mainEntityOfPage":{"@id":"https:\/\/www.bbmnoticias.com\/labravaradiofm\/2022\/01\/03\/amlo-asegura-que-ya-paso-lo-mas-dificil-y-se-ve-optimista-con-el-2022\/"},"wordCount":454,"image":{"@id":"https:\/\/www.bbmnoticias.com\/labravaradiofm\/2022\/01\/03\/amlo-asegura-que-ya-paso-lo-mas-dificil-y-se-ve-optimista-con-el-2022\/#primaryimage"},"thumbnailUrl":"https:\/\/www.bbmnoticias.com\/labravaradiofm\/wp-content\/uploads\/sites\/5\/2022\/01\/amlo-2022.jpeg","articleSection":["NACIONAL"],"inLanguage":"es"},{"@type":"WebPage","@id":"https:\/\/www.bbmnoticias.com\/labravaradiofm\/2022\/01\/03\/amlo-asegura-que-ya-paso-lo-mas-dificil-y-se-ve-optimista-con-el-2022\/","url":"https:\/\/www.bbmnoticias.com\/labravaradiofm\/2022\/01\/03\/amlo-asegura-que-ya-paso-lo-mas-dificil-y-se-ve-optimista-con-el-2022\/","name":"AMLO asegura que \u201cya pas\u00f3 lo m\u00e1s dif\u00edcil\u201d y se ve optimista con el 2022 - LA BRAVA RADIO","isPartOf":{"@id":"https:\/\/www.bbmnoticias.com\/labravaradiofm\/#website"},"primaryImageOfPage":{"@id":"https:\/\/www.bbmnoticias.com\/labravaradiofm\/2022\/01\/03\/amlo-asegura-que-ya-paso-lo-mas-dificil-y-se-ve-optimista-con-el-2022\/#primaryimage"},"image":{"@id":"https:\/\/www.bbmnoticias.com\/labravaradiofm\/2022\/01\/03\/amlo-asegura-que-ya-paso-lo-mas-dificil-y-se-ve-optimista-con-el-2022\/#primaryimage"},"thumbnailUrl":"https:\/\/www.bbmnoticias.com\/labravaradiofm\/wp-content\/uploads\/sites\/5\/2022\/01\/amlo-2022.jpeg","datePublished":"2022-01-03T16:43:19+00:00","dateModified":"2022-01-03T16:43:20+00:00","author":{"@id":"https:\/\/www.bbmnoticias.com\/labravaradiofm\/#\/schema\/person\/baf240d77a345f5fbc3dc146f9161af9"},"breadcrumb":{"@id":"https:\/\/www.bbmnoticias.com\/labravaradiofm\/2022\/01\/03\/amlo-asegura-que-ya-paso-lo-mas-dificil-y-se-ve-optimista-con-el-2022\/#breadcrumb"},"inLanguage":"es","potentialAction":[{"@type":"ReadAction","target":["https:\/\/www.bbmnoticias.com\/labravaradiofm\/2022\/01\/03\/amlo-asegura-que-ya-paso-lo-mas-dificil-y-se-ve-optimista-con-el-2022\/"]}]},{"@type":"ImageObject","inLanguage":"es","@id":"https:\/\/www.bbmnoticias.com\/labravaradiofm\/2022\/01\/03\/amlo-asegura-que-ya-paso-lo-mas-dificil-y-se-ve-optimista-con-el-2022\/#primaryimage","url":"https:\/\/www.bbmnoticias.com\/labravaradiofm\/wp-content\/uploads\/sites\/5\/2022\/01\/amlo-2022.jpeg","contentUrl":"https:\/\/www.bbmnoticias.com\/labravaradiofm\/wp-content\/uploads\/sites\/5\/2022\/01\/amlo-2022.jpeg","width":640,"height":360},{"@type":"BreadcrumbList","@id":"https:\/\/www.bbmnoticias.com\/labravaradiofm\/2022\/01\/03\/amlo-asegura-que-ya-paso-lo-mas-dificil-y-se-ve-optimista-con-el-2022\/#breadcrumb","itemListElement":[{"@type":"ListItem","position":1,"name":"Inicio","item":"https:\/\/www.bbmnoticias.com\/labravaradiofm\/"},{"@type":"ListItem","position":2,"name":"AMLO asegura que \u201cya pas\u00f3 lo m\u00e1s dif\u00edcil\u201d y se ve optimista con el 2022"}]},{"@type":"WebSite","@id":"https:\/\/www.bbmnoticias.com\/labravaradiofm\/#website","url":"https:\/\/www.bbmnoticias.com\/labravaradiofm\/","name":"LA BRAVA RADIO","description":"Empresa productora de medios, Radiodifusi\u00f3n, Noticias, tendencias y todo lo que necesitas saber de la pol\u00edtica mexicana e internacional; entretenimiento, espect\u00e1culos, salud y mucho m\u00e1s.","potentialAction":[{"@type":"SearchAction","target":{"@type":"EntryPoint","urlTemplate":"https:\/\/www.bbmnoticias.com\/labravaradiofm\/?s={search_term_string}"},"query-input":{"@type":"PropertyValueSpecification","valueRequired":true,"valueName":"search_term_string"}}],"inLanguage":"es"},{"@type":"Person","@id":"https:\/\/www.bbmnoticias.com\/labravaradiofm\/#\/schema\/person\/baf240d77a345f5fbc3dc146f9161af9","name":"SDPnoticias","image":{"@type":"ImageObject","inLanguage":"es","@id":"https:\/\/secure.gravatar.com\/avatar\/015ede9175a06d999d8b2b09e108b48c9e008e4ee44a647956086b51bbce326c?s=96&d=mm&r=g","url":"https:\/\/secure.gravatar.com\/avatar\/015ede9175a06d999d8b2b09e108b48c9e008e4ee44a647956086b51bbce326c?s=96&d=mm&r=g","contentUrl":"https:\/\/secure.gravatar.com\/avatar\/015ede9175a06d999d8b2b09e108b48c9e008e4ee44a647956086b51bbce326c?s=96&d=mm&r=g","caption":"SDPnoticias"},"url":"https:\/\/www.bbmnoticias.com\/labravaradiofm\/author\/sdpnoticias\/"}]}},"_links":{"self":[{"href":"https:\/\/www.bbmnoticias.com\/labravaradiofm\/wp-json\/wp\/v2\/posts\/8027","targetHints":{"allow":["GET"]}}],"collection":[{"href":"https:\/\/www.bbmnoticias.com\/labravaradiofm\/wp-json\/wp\/v2\/posts"}],"about":[{"href":"https:\/\/www.bbmnoticias.com\/labravaradiofm\/wp-json\/wp\/v2\/types\/post"}],"author":[{"embeddable":true,"href":"https:\/\/www.bbmnoticias.com\/labravaradiofm\/wp-json\/wp\/v2\/users\/12"}],"replies":[{"embeddable":true,"href":"https:\/\/www.bbmnoticias.com\/labravaradiofm\/wp-json\/wp\/v2\/comments?post=8027"}],"version-history":[{"count":0,"href":"https:\/\/www.bbmnoticias.com\/labravaradiofm\/wp-json\/wp\/v2\/posts\/8027\/revisions"}],"wp:featuredmedia":[{"embeddable":true,"href":"https:\/\/www.bbmnoticias.com\/labravaradiofm\/wp-json\/wp\/v2\/media\/8028"}],"wp:attachment":[{"href":"https:\/\/www.bbmnoticias.com\/labravaradiofm\/wp-json\/wp\/v2\/media?parent=8027"}],"wp:term":[{"taxonomy":"category","embeddable":true,"href":"https:\/\/www.bbmnoticias.com\/labravaradiofm\/wp-json\/wp\/v2\/categories?post=8027"},{"taxonomy":"post_tag","embeddable":true,"href":"https:\/\/www.bbmnoticias.com\/labravaradiofm\/wp-json\/wp\/v2\/tags?post=8027"}],"curies":[{"name":"wp","href":"https:\/\/api.w.org\/{rel}","templated":true}]}}