{"id":8024,"date":"2022-01-03T10:24:45","date_gmt":"2022-01-03T16:24:45","guid":{"rendered":"https:\/\/www.bbmnoticias.com\/labravaradiofm\/?p=8024"},"modified":"2022-01-03T12:54:35","modified_gmt":"2022-01-03T18:54:35","slug":"alerta-cepco-por-fuertes-vientos-del-norte-en-via-carretera-la-mata-la-venta","status":"publish","type":"post","link":"https:\/\/www.bbmnoticias.com\/labravaradiofm\/2022\/01\/03\/alerta-cepco-por-fuertes-vientos-del-norte-en-via-carretera-la-mata-la-venta\/","title":{"rendered":"Alerta CEPCO por fuertes vientos del norte en v\u00eda carretera La Mata-La Venta"},"content":{"rendered":"<div style=\"margin-top: 0px; margin-bottom: 0px;\" class=\"sharethis-inline-share-buttons\" ><\/div>\n<p><strong>Oaxaca de Ju\u00e1rez, Oax. 03 de enero de 2022.- <\/strong>La Coordinaci\u00f3n Estatal de Protecci\u00f3n Civil de Oaxaca (CEPCO) que encabeza Oscar Valencia Garc\u00eda informa que debido al paso del Frente Fr\u00edo n\u00famero 19 y su masa de aire fr\u00edo que lo impulsa, durante la noche y madrugada se tendr\u00e1 un marcado descenso en la temperatura, lluvias en la porci\u00f3n norte y nieblas densas en zonas serranas, as\u00ed como vientos fuertes del norte.&nbsp;<\/p>\n\n\n\n<p>Asimismo la Delegaci\u00f3n Regional de Protecci\u00f3n Civil en el Istmo, a cargo de Jes\u00fas Gonz\u00e1lez P\u00e9rez, inform\u00f3 que a partir de las 21:00 horas del d\u00eda domingo 2 de enero, se ha restringido el paso a veh\u00edculos automotores en el tramo La Mata-La Venta derivado de los efectos del viento de norte, originado por una masa de aire polar, con rachas de viento de norte de 80 a 90 kil\u00f3metros y rachas hasta de 100 kil\u00f3metros por hora en el Golfo de Tehuantepec y oleaje de dos a tres metros.<\/p>\n\n\n\n<p>Estos efectos, ocasionados por el paso del Frente Fr\u00edo n\u00famero 19, persistir\u00e1n las pr\u00f3ximas 72 horas, por lo que tambi\u00e9n se prev\u00e9 descenso en las temperaturas.<\/p>\n\n\n\n<p>Por lo anterior, la Coordinaci\u00f3n estatal de Protecci\u00f3n Civil emite las siguientes recomendaciones:<\/p>\n\n\n\n<ul class=\"wp-block-list\"><li>Se le exhorta a los pescadores ribere\u00f1os y a la pesca menor que se resguarden para evitar p\u00e9rdidas humanas y materiales por el alto oleaje y vientos del norte.<\/li><li>Abrigar a ni\u00f1as, ni\u00f1os y adultos mayores ante el marcado descenso de la temperatura.<\/li><li>Vestir con ropa gruesa, cubriendo todo el cuerpo (chamarra, abrigo, bufanda, gorro, guantes, etc.).<\/li><li>Informarse a trav\u00e9s de los medios de comunicaci\u00f3n sobre el pron\u00f3stico del tiempo.<\/li><li>Comer frutas amarillas ricas en vitamina A y C.<\/li><li>Al salir de un lugar caliente cubrir boca y nariz para evitar respirar aire fr\u00edo.<\/li><li>Los ni\u00f1os, adultos mayores, enfermos cr\u00f3nicos y personas indigentes son m\u00e1s vulnerables, por lo que se debe tener especial atenci\u00f3n con ellos y cobijarlos.<\/li><li>Al utilizar chimeneas, calentadores u hornillos, verificar que haya ventilaci\u00f3n adecuada para evitar intoxicaciones, cuidar que los ni\u00f1os no se acerquen para evitar accidentes.<\/li><li>Sellar puertas y ventanas con papel peri\u00f3dico para evitar cruces de corrientes y salida de calor acumulado en su casa.<\/li><li>No encender estufas ni anafres dentro de habitaciones que carezcan de ventilaci\u00f3n adecuada ya que pueden generar mon\u00f3xido de carbono, este es un gas que no se ve ni tiene olor y es altamente nocivo para la salud.<\/li><\/ul>\n","protected":false},"excerpt":{"rendered":"<p>Oaxaca de Ju\u00e1rez, Oax. 03 de enero de 2022.- La Coordinaci\u00f3n Estatal de Protecci\u00f3n Civil de Oaxaca (CEPCO) que encabeza Oscar Valencia Garc\u00eda informa que debido al paso del Frente Fr\u00edo n\u00famero 19 y su masa de aire fr\u00edo que lo impulsa, durante la noche y madrugada se tendr\u00e1 un marcado descenso en la temperatura, [&hellip;]<\/p>\n","protected":false},"author":2,"featured_media":8025,"comment_status":"closed","ping_status":"closed","sticky":false,"template":"","format":"standard","meta":{"footnotes":""},"categories":[2],"tags":[],"class_list":{"0":"post-8024","1":"post","2":"type-post","3":"status-publish","4":"format-standard","5":"has-post-thumbnail","7":"category-oaxaca"},"yoast_head":"<!-- This site is optimized with the Yoast SEO plugin v27.4 - https:\/\/yoast.com\/product\/yoast-seo-wordpress\/ -->\n<title>Alerta CEPCO por fuertes vientos del norte en v\u00eda carretera La Mata-La Venta - LA BRAVA RADIO<\/title>\n<meta name=\"robots\" content=\"index, follow, max-snippet:-1, max-image-preview:large, max-video-preview:-1\" \/>\n<link rel=\"canonical\" href=\"https:\/\/www.bbmnoticias.com\/labravaradiofm\/2022\/01\/03\/alerta-cepco-por-fuertes-vientos-del-norte-en-via-carretera-la-mata-la-venta\/\" \/>\n<meta property=\"og:locale\" content=\"es_MX\" \/>\n<meta property=\"og:type\" content=\"article\" \/>\n<meta property=\"og:title\" content=\"Alerta CEPCO por fuertes vientos del norte en v\u00eda carretera La Mata-La Venta - LA BRAVA RADIO\" \/>\n<meta property=\"og:description\" content=\"Oaxaca de Ju\u00e1rez, Oax. 03 de enero de 2022.- La Coordinaci\u00f3n Estatal de Protecci\u00f3n Civil de Oaxaca (CEPCO) que encabeza Oscar Valencia Garc\u00eda informa que debido al paso del Frente Fr\u00edo n\u00famero 19 y su masa de aire fr\u00edo que lo impulsa, durante la noche y madrugada se tendr\u00e1 un marcado descenso en la temperatura, [&hellip;]\" \/>\n<meta property=\"og:url\" content=\"https:\/\/www.bbmnoticias.com\/labravaradiofm\/2022\/01\/03\/alerta-cepco-por-fuertes-vientos-del-norte-en-via-carretera-la-mata-la-venta\/\" \/>\n<meta property=\"og:site_name\" content=\"LA BRAVA RADIO\" \/>\n<meta property=\"article:published_time\" content=\"2022-01-03T16:24:45+00:00\" \/>\n<meta property=\"article:modified_time\" content=\"2022-01-03T18:54:35+00:00\" \/>\n<meta property=\"og:image\" content=\"https:\/\/www.bbmnoticias.com\/labravaradiofm\/wp-content\/uploads\/sites\/5\/2022\/01\/vientos-ventosa.jpg\" \/>\n\t<meta property=\"og:image:width\" content=\"800\" \/>\n\t<meta property=\"og:image:height\" content=\"541\" \/>\n\t<meta property=\"og:image:type\" content=\"image\/jpeg\" \/>\n<meta name=\"author\" content=\"Staff\" \/>\n<meta name=\"twitter:card\" content=\"summary_large_image\" \/>\n<meta name=\"twitter:label1\" content=\"Escrito por\" \/>\n\t<meta name=\"twitter:data1\" content=\"Staff\" \/>\n\t<meta name=\"twitter:label2\" content=\"Tiempo de lectura\" \/>\n\t<meta name=\"twitter:data2\" content=\"2 minutos\" \/>\n<script type=\"application\/ld+json\" class=\"yoast-schema-graph\">{\"@context\":\"https:\\\/\\\/schema.org\",\"@graph\":[{\"@type\":\"Article\",\"@id\":\"https:\\\/\\\/www.bbmnoticias.com\\\/labravaradiofm\\\/2022\\\/01\\\/03\\\/alerta-cepco-por-fuertes-vientos-del-norte-en-via-carretera-la-mata-la-venta\\\/#article\",\"isPartOf\":{\"@id\":\"https:\\\/\\\/www.bbmnoticias.com\\\/labravaradiofm\\\/2022\\\/01\\\/03\\\/alerta-cepco-por-fuertes-vientos-del-norte-en-via-carretera-la-mata-la-venta\\\/\"},\"author\":{\"name\":\"Staff\",\"@id\":\"https:\\\/\\\/www.bbmnoticias.com\\\/labravaradiofm\\\/#\\\/schema\\\/person\\\/68a9e9036ef3c5b55aeb2b71dc8bab45\"},\"headline\":\"Alerta CEPCO por fuertes vientos del norte en v\u00eda carretera La Mata-La Venta\",\"datePublished\":\"2022-01-03T16:24:45+00:00\",\"dateModified\":\"2022-01-03T18:54:35+00:00\",\"mainEntityOfPage\":{\"@id\":\"https:\\\/\\\/www.bbmnoticias.com\\\/labravaradiofm\\\/2022\\\/01\\\/03\\\/alerta-cepco-por-fuertes-vientos-del-norte-en-via-carretera-la-mata-la-venta\\\/\"},\"wordCount\":448,\"image\":{\"@id\":\"https:\\\/\\\/www.bbmnoticias.com\\\/labravaradiofm\\\/2022\\\/01\\\/03\\\/alerta-cepco-por-fuertes-vientos-del-norte-en-via-carretera-la-mata-la-venta\\\/#primaryimage\"},\"thumbnailUrl\":\"https:\\\/\\\/www.bbmnoticias.com\\\/labravaradiofm\\\/wp-content\\\/uploads\\\/sites\\\/5\\\/2022\\\/01\\\/vientos-ventosa.jpg\",\"articleSection\":[\"LOCAL\"],\"inLanguage\":\"es\"},{\"@type\":\"WebPage\",\"@id\":\"https:\\\/\\\/www.bbmnoticias.com\\\/labravaradiofm\\\/2022\\\/01\\\/03\\\/alerta-cepco-por-fuertes-vientos-del-norte-en-via-carretera-la-mata-la-venta\\\/\",\"url\":\"https:\\\/\\\/www.bbmnoticias.com\\\/labravaradiofm\\\/2022\\\/01\\\/03\\\/alerta-cepco-por-fuertes-vientos-del-norte-en-via-carretera-la-mata-la-venta\\\/\",\"name\":\"Alerta CEPCO por fuertes vientos del norte en v\u00eda carretera La Mata-La Venta - LA BRAVA RADIO\",\"isPartOf\":{\"@id\":\"https:\\\/\\\/www.bbmnoticias.com\\\/labravaradiofm\\\/#website\"},\"primaryImageOfPage\":{\"@id\":\"https:\\\/\\\/www.bbmnoticias.com\\\/labravaradiofm\\\/2022\\\/01\\\/03\\\/alerta-cepco-por-fuertes-vientos-del-norte-en-via-carretera-la-mata-la-venta\\\/#primaryimage\"},\"image\":{\"@id\":\"https:\\\/\\\/www.bbmnoticias.com\\\/labravaradiofm\\\/2022\\\/01\\\/03\\\/alerta-cepco-por-fuertes-vientos-del-norte-en-via-carretera-la-mata-la-venta\\\/#primaryimage\"},\"thumbnailUrl\":\"https:\\\/\\\/www.bbmnoticias.com\\\/labravaradiofm\\\/wp-content\\\/uploads\\\/sites\\\/5\\\/2022\\\/01\\\/vientos-ventosa.jpg\",\"datePublished\":\"2022-01-03T16:24:45+00:00\",\"dateModified\":\"2022-01-03T18:54:35+00:00\",\"author\":{\"@id\":\"https:\\\/\\\/www.bbmnoticias.com\\\/labravaradiofm\\\/#\\\/schema\\\/person\\\/68a9e9036ef3c5b55aeb2b71dc8bab45\"},\"breadcrumb\":{\"@id\":\"https:\\\/\\\/www.bbmnoticias.com\\\/labravaradiofm\\\/2022\\\/01\\\/03\\\/alerta-cepco-por-fuertes-vientos-del-norte-en-via-carretera-la-mata-la-venta\\\/#breadcrumb\"},\"inLanguage\":\"es\",\"potentialAction\":[{\"@type\":\"ReadAction\",\"target\":[\"https:\\\/\\\/www.bbmnoticias.com\\\/labravaradiofm\\\/2022\\\/01\\\/03\\\/alerta-cepco-por-fuertes-vientos-del-norte-en-via-carretera-la-mata-la-venta\\\/\"]}]},{\"@type\":\"ImageObject\",\"inLanguage\":\"es\",\"@id\":\"https:\\\/\\\/www.bbmnoticias.com\\\/labravaradiofm\\\/2022\\\/01\\\/03\\\/alerta-cepco-por-fuertes-vientos-del-norte-en-via-carretera-la-mata-la-venta\\\/#primaryimage\",\"url\":\"https:\\\/\\\/www.bbmnoticias.com\\\/labravaradiofm\\\/wp-content\\\/uploads\\\/sites\\\/5\\\/2022\\\/01\\\/vientos-ventosa.jpg\",\"contentUrl\":\"https:\\\/\\\/www.bbmnoticias.com\\\/labravaradiofm\\\/wp-content\\\/uploads\\\/sites\\\/5\\\/2022\\\/01\\\/vientos-ventosa.jpg\",\"width\":800,\"height\":541},{\"@type\":\"BreadcrumbList\",\"@id\":\"https:\\\/\\\/www.bbmnoticias.com\\\/labravaradiofm\\\/2022\\\/01\\\/03\\\/alerta-cepco-por-fuertes-vientos-del-norte-en-via-carretera-la-mata-la-venta\\\/#breadcrumb\",\"itemListElement\":[{\"@type\":\"ListItem\",\"position\":1,\"name\":\"Inicio\",\"item\":\"https:\\\/\\\/www.bbmnoticias.com\\\/labravaradiofm\\\/\"},{\"@type\":\"ListItem\",\"position\":2,\"name\":\"Alerta CEPCO por fuertes vientos del norte en v\u00eda carretera La Mata-La Venta\"}]},{\"@type\":\"WebSite\",\"@id\":\"https:\\\/\\\/www.bbmnoticias.com\\\/labravaradiofm\\\/#website\",\"url\":\"https:\\\/\\\/www.bbmnoticias.com\\\/labravaradiofm\\\/\",\"name\":\"LA BRAVA RADIO\",\"description\":\"Empresa productora de medios, Radiodifusi\u00f3n, Noticias, tendencias y todo lo que necesitas saber de la pol\u00edtica mexicana e internacional; entretenimiento, espect\u00e1culos, salud y mucho m\u00e1s.\",\"potentialAction\":[{\"@type\":\"SearchAction\",\"target\":{\"@type\":\"EntryPoint\",\"urlTemplate\":\"https:\\\/\\\/www.bbmnoticias.com\\\/labravaradiofm\\\/?s={search_term_string}\"},\"query-input\":{\"@type\":\"PropertyValueSpecification\",\"valueRequired\":true,\"valueName\":\"search_term_string\"}}],\"inLanguage\":\"es\"},{\"@type\":\"Person\",\"@id\":\"https:\\\/\\\/www.bbmnoticias.com\\\/labravaradiofm\\\/#\\\/schema\\\/person\\\/68a9e9036ef3c5b55aeb2b71dc8bab45\",\"name\":\"Staff\",\"image\":{\"@type\":\"ImageObject\",\"inLanguage\":\"es\",\"@id\":\"https:\\\/\\\/secure.gravatar.com\\\/avatar\\\/fdd21ad66fd8b98c407f9dee5b5e588cfe7f0d8579ec20fa6527cd59bab7f0f0?s=96&d=mm&r=g\",\"url\":\"https:\\\/\\\/secure.gravatar.com\\\/avatar\\\/fdd21ad66fd8b98c407f9dee5b5e588cfe7f0d8579ec20fa6527cd59bab7f0f0?s=96&d=mm&r=g\",\"contentUrl\":\"https:\\\/\\\/secure.gravatar.com\\\/avatar\\\/fdd21ad66fd8b98c407f9dee5b5e588cfe7f0d8579ec20fa6527cd59bab7f0f0?s=96&d=mm&r=g\",\"caption\":\"Staff\"},\"url\":\"https:\\\/\\\/www.bbmnoticias.com\\\/labravaradiofm\\\/author\\\/redaccion\\\/\"}]}<\/script>\n<!-- \/ Yoast SEO plugin. -->","yoast_head_json":{"title":"Alerta CEPCO por fuertes vientos del norte en v\u00eda carretera La Mata-La Venta - LA BRAVA RADIO","robots":{"index":"index","follow":"follow","max-snippet":"max-snippet:-1","max-image-preview":"max-image-preview:large","max-video-preview":"max-video-preview:-1"},"canonical":"https:\/\/www.bbmnoticias.com\/labravaradiofm\/2022\/01\/03\/alerta-cepco-por-fuertes-vientos-del-norte-en-via-carretera-la-mata-la-venta\/","og_locale":"es_MX","og_type":"article","og_title":"Alerta CEPCO por fuertes vientos del norte en v\u00eda carretera La Mata-La Venta - LA BRAVA RADIO","og_description":"Oaxaca de Ju\u00e1rez, Oax. 03 de enero de 2022.- La Coordinaci\u00f3n Estatal de Protecci\u00f3n Civil de Oaxaca (CEPCO) que encabeza Oscar Valencia Garc\u00eda informa que debido al paso del Frente Fr\u00edo n\u00famero 19 y su masa de aire fr\u00edo que lo impulsa, durante la noche y madrugada se tendr\u00e1 un marcado descenso en la temperatura, [&hellip;]","og_url":"https:\/\/www.bbmnoticias.com\/labravaradiofm\/2022\/01\/03\/alerta-cepco-por-fuertes-vientos-del-norte-en-via-carretera-la-mata-la-venta\/","og_site_name":"LA BRAVA RADIO","article_published_time":"2022-01-03T16:24:45+00:00","article_modified_time":"2022-01-03T18:54:35+00:00","og_image":[{"width":800,"height":541,"url":"https:\/\/www.bbmnoticias.com\/labravaradiofm\/wp-content\/uploads\/sites\/5\/2022\/01\/vientos-ventosa.jpg","type":"image\/jpeg"}],"author":"Staff","twitter_card":"summary_large_image","twitter_misc":{"Escrito por":"Staff","Tiempo de lectura":"2 minutos"},"schema":{"@context":"https:\/\/schema.org","@graph":[{"@type":"Article","@id":"https:\/\/www.bbmnoticias.com\/labravaradiofm\/2022\/01\/03\/alerta-cepco-por-fuertes-vientos-del-norte-en-via-carretera-la-mata-la-venta\/#article","isPartOf":{"@id":"https:\/\/www.bbmnoticias.com\/labravaradiofm\/2022\/01\/03\/alerta-cepco-por-fuertes-vientos-del-norte-en-via-carretera-la-mata-la-venta\/"},"author":{"name":"Staff","@id":"https:\/\/www.bbmnoticias.com\/labravaradiofm\/#\/schema\/person\/68a9e9036ef3c5b55aeb2b71dc8bab45"},"headline":"Alerta CEPCO por fuertes vientos del norte en v\u00eda carretera La Mata-La Venta","datePublished":"2022-01-03T16:24:45+00:00","dateModified":"2022-01-03T18:54:35+00:00","mainEntityOfPage":{"@id":"https:\/\/www.bbmnoticias.com\/labravaradiofm\/2022\/01\/03\/alerta-cepco-por-fuertes-vientos-del-norte-en-via-carretera-la-mata-la-venta\/"},"wordCount":448,"image":{"@id":"https:\/\/www.bbmnoticias.com\/labravaradiofm\/2022\/01\/03\/alerta-cepco-por-fuertes-vientos-del-norte-en-via-carretera-la-mata-la-venta\/#primaryimage"},"thumbnailUrl":"https:\/\/www.bbmnoticias.com\/labravaradiofm\/wp-content\/uploads\/sites\/5\/2022\/01\/vientos-ventosa.jpg","articleSection":["LOCAL"],"inLanguage":"es"},{"@type":"WebPage","@id":"https:\/\/www.bbmnoticias.com\/labravaradiofm\/2022\/01\/03\/alerta-cepco-por-fuertes-vientos-del-norte-en-via-carretera-la-mata-la-venta\/","url":"https:\/\/www.bbmnoticias.com\/labravaradiofm\/2022\/01\/03\/alerta-cepco-por-fuertes-vientos-del-norte-en-via-carretera-la-mata-la-venta\/","name":"Alerta CEPCO por fuertes vientos del norte en v\u00eda carretera La Mata-La Venta - LA BRAVA RADIO","isPartOf":{"@id":"https:\/\/www.bbmnoticias.com\/labravaradiofm\/#website"},"primaryImageOfPage":{"@id":"https:\/\/www.bbmnoticias.com\/labravaradiofm\/2022\/01\/03\/alerta-cepco-por-fuertes-vientos-del-norte-en-via-carretera-la-mata-la-venta\/#primaryimage"},"image":{"@id":"https:\/\/www.bbmnoticias.com\/labravaradiofm\/2022\/01\/03\/alerta-cepco-por-fuertes-vientos-del-norte-en-via-carretera-la-mata-la-venta\/#primaryimage"},"thumbnailUrl":"https:\/\/www.bbmnoticias.com\/labravaradiofm\/wp-content\/uploads\/sites\/5\/2022\/01\/vientos-ventosa.jpg","datePublished":"2022-01-03T16:24:45+00:00","dateModified":"2022-01-03T18:54:35+00:00","author":{"@id":"https:\/\/www.bbmnoticias.com\/labravaradiofm\/#\/schema\/person\/68a9e9036ef3c5b55aeb2b71dc8bab45"},"breadcrumb":{"@id":"https:\/\/www.bbmnoticias.com\/labravaradiofm\/2022\/01\/03\/alerta-cepco-por-fuertes-vientos-del-norte-en-via-carretera-la-mata-la-venta\/#breadcrumb"},"inLanguage":"es","potentialAction":[{"@type":"ReadAction","target":["https:\/\/www.bbmnoticias.com\/labravaradiofm\/2022\/01\/03\/alerta-cepco-por-fuertes-vientos-del-norte-en-via-carretera-la-mata-la-venta\/"]}]},{"@type":"ImageObject","inLanguage":"es","@id":"https:\/\/www.bbmnoticias.com\/labravaradiofm\/2022\/01\/03\/alerta-cepco-por-fuertes-vientos-del-norte-en-via-carretera-la-mata-la-venta\/#primaryimage","url":"https:\/\/www.bbmnoticias.com\/labravaradiofm\/wp-content\/uploads\/sites\/5\/2022\/01\/vientos-ventosa.jpg","contentUrl":"https:\/\/www.bbmnoticias.com\/labravaradiofm\/wp-content\/uploads\/sites\/5\/2022\/01\/vientos-ventosa.jpg","width":800,"height":541},{"@type":"BreadcrumbList","@id":"https:\/\/www.bbmnoticias.com\/labravaradiofm\/2022\/01\/03\/alerta-cepco-por-fuertes-vientos-del-norte-en-via-carretera-la-mata-la-venta\/#breadcrumb","itemListElement":[{"@type":"ListItem","position":1,"name":"Inicio","item":"https:\/\/www.bbmnoticias.com\/labravaradiofm\/"},{"@type":"ListItem","position":2,"name":"Alerta CEPCO por fuertes vientos del norte en v\u00eda carretera La Mata-La Venta"}]},{"@type":"WebSite","@id":"https:\/\/www.bbmnoticias.com\/labravaradiofm\/#website","url":"https:\/\/www.bbmnoticias.com\/labravaradiofm\/","name":"LA BRAVA RADIO","description":"Empresa productora de medios, Radiodifusi\u00f3n, Noticias, tendencias y todo lo que necesitas saber de la pol\u00edtica mexicana e internacional; entretenimiento, espect\u00e1culos, salud y mucho m\u00e1s.","potentialAction":[{"@type":"SearchAction","target":{"@type":"EntryPoint","urlTemplate":"https:\/\/www.bbmnoticias.com\/labravaradiofm\/?s={search_term_string}"},"query-input":{"@type":"PropertyValueSpecification","valueRequired":true,"valueName":"search_term_string"}}],"inLanguage":"es"},{"@type":"Person","@id":"https:\/\/www.bbmnoticias.com\/labravaradiofm\/#\/schema\/person\/68a9e9036ef3c5b55aeb2b71dc8bab45","name":"Staff","image":{"@type":"ImageObject","inLanguage":"es","@id":"https:\/\/secure.gravatar.com\/avatar\/fdd21ad66fd8b98c407f9dee5b5e588cfe7f0d8579ec20fa6527cd59bab7f0f0?s=96&d=mm&r=g","url":"https:\/\/secure.gravatar.com\/avatar\/fdd21ad66fd8b98c407f9dee5b5e588cfe7f0d8579ec20fa6527cd59bab7f0f0?s=96&d=mm&r=g","contentUrl":"https:\/\/secure.gravatar.com\/avatar\/fdd21ad66fd8b98c407f9dee5b5e588cfe7f0d8579ec20fa6527cd59bab7f0f0?s=96&d=mm&r=g","caption":"Staff"},"url":"https:\/\/www.bbmnoticias.com\/labravaradiofm\/author\/redaccion\/"}]}},"_links":{"self":[{"href":"https:\/\/www.bbmnoticias.com\/labravaradiofm\/wp-json\/wp\/v2\/posts\/8024","targetHints":{"allow":["GET"]}}],"collection":[{"href":"https:\/\/www.bbmnoticias.com\/labravaradiofm\/wp-json\/wp\/v2\/posts"}],"about":[{"href":"https:\/\/www.bbmnoticias.com\/labravaradiofm\/wp-json\/wp\/v2\/types\/post"}],"author":[{"embeddable":true,"href":"https:\/\/www.bbmnoticias.com\/labravaradiofm\/wp-json\/wp\/v2\/users\/2"}],"replies":[{"embeddable":true,"href":"https:\/\/www.bbmnoticias.com\/labravaradiofm\/wp-json\/wp\/v2\/comments?post=8024"}],"version-history":[{"count":0,"href":"https:\/\/www.bbmnoticias.com\/labravaradiofm\/wp-json\/wp\/v2\/posts\/8024\/revisions"}],"wp:featuredmedia":[{"embeddable":true,"href":"https:\/\/www.bbmnoticias.com\/labravaradiofm\/wp-json\/wp\/v2\/media\/8025"}],"wp:attachment":[{"href":"https:\/\/www.bbmnoticias.com\/labravaradiofm\/wp-json\/wp\/v2\/media?parent=8024"}],"wp:term":[{"taxonomy":"category","embeddable":true,"href":"https:\/\/www.bbmnoticias.com\/labravaradiofm\/wp-json\/wp\/v2\/categories?post=8024"},{"taxonomy":"post_tag","embeddable":true,"href":"https:\/\/www.bbmnoticias.com\/labravaradiofm\/wp-json\/wp\/v2\/tags?post=8024"}],"curies":[{"name":"wp","href":"https:\/\/api.w.org\/{rel}","templated":true}]}}